{"id":2087127,"date":"2026-08-01T00:00:00","date_gmt":"2026-07-31T21:00:00","guid":{"rendered":"https:\/\/analyse.optim.biz\/?p=2087127"},"modified":"2026-08-01T00:00:00","modified_gmt":"2026-07-31T21:00:00","slug":"mozaic-stiri-nationale-nu-ne-fura-nimeni-dunarea","status":"publish","type":"post","link":"https:\/\/analyse.optim.biz\/?p=2087127","title":{"rendered":"MOZAIC \u0218TIRI NA\u021aIONALE: Nu ne \u201efur\u0103\u201d nimeni Dun\u0103rea"},"content":{"rendered":"<p>[analyse_image type=&#8221;featured&#8221; src=&#8221;https:\/\/zdvi.cname.ro\/_\/mozaic-stiri-nationale-nu-ne-fura-nimeni-dunarea\/mediaPool\/uNkTk8Q.jpeg&#8221;]<\/p>\n<div class=\"main-content detaliu-articol\"><a class=\"titlu-cat-list\" href=\"https:\/\/ziaruldevrancea.ro\/actualitatea\/national\">Na\u021bional<\/a><\/p>\n<h1>MOZAIC \u0218TIRI NA\u021aIONALE: Nu ne \u201efur\u0103\u201d nimeni Dun\u0103rea<\/h1>\n<div class=\"date-articol clearfix\">\n<div class=\"distribuie-articol dropdown\">\n    Distribuie: \u00a0<br \/>\n    <em>|<\/em><\/div>\n<div class=\"autor-articol\"><a href=\"https:\/\/ziaruldevrancea.ro\/autor\/rodica-condurache\/\"><img decoding=\"async\" class=\"img-circle\" src=\"https:\/\/zdvi.cname.ro\/50_50\/articleAuthor\/rodica-condurache\/articleAuthor\/uy6Kz5r.jpg\" alt><\/a><\/p>\n<h5><a href=\"https:\/\/ziaruldevrancea.ro\/autor\/rodica-condurache\/\">Rodica Condurache<\/a><\/h5>\n<div class=\"grup-spatiere\"><span class=\"cu-spatiere\"> 1 aug 2026<\/span><span class=\"cu-spatiere\">595 vizualiz\u0103ri<\/span><\/div>\n<\/div>\n<\/div>\n<div class=\"poza-mare\"><a href class=\"openGallery\"><img decoding=\"async\" class=\"img-responsive\" src=\"https:\/\/zdvi.cname.ro\/850_530\/mozaic-stiri-nationale-nu-ne-fura-nimeni-dunarea\/article\/mediaPool\/uNkTk8Q.jpeg\" alt><\/a><\/div>\n<p>De ce scade nivelul apei, de\u0219i \u00een Rom\u00e2nia a plouat abundent<\/p>\n<p>Nivelul Dun\u0103rii continu\u0103 s\u0103 se apropie de minime istorice, \u00een ciuda ploilor abundente \u00eenregistrate \u00een Rom\u00e2nia \u00een luna iulie. Explica\u021bia este c\u0103 debitul fluviului depinde de \u00eentregul bazin hidrografic european, iar \u00een \u021b\u0103rile aflate \u00een amonte seceta persist\u0103, arat\u0103 o analiz\u0103 publicat\u0103 de Meteoplus, care citeaz\u0103 date ale Institutului Na\u021bional de Hidrologie \u0219i Gospod\u0103rire a Apelor (INHGA).<\/p>\n<p>Potrivit sursei citate, Dun\u0103rea, al doilea cel mai lung fluviu din Europa dup\u0103 Volga, traverseaz\u0103 sau delimiteaz\u0103 teritoriul a 10 \u021b\u0103ri \u0219i colecteaz\u0103 apele unui bazin hidrografic de aproape 820.000 de kilometri p\u0103tra\u021bi, \u00eentins pe teritoriul a 19 state europene. Debitul s\u0103u este alimentat de numero\u0219i afluen\u021bi importan\u021bi, precum Inn, Drava, Sava, Tisa, Morava, Prut, Olt, Siret \u0219i Jiu, care adun\u0103 apa din Alpi, Carpa\u021bi, Balcani \u0219i c\u00e2mpiile Europei Centrale.<\/p>\n<p>Meteoplus explic\u0103 faptul c\u0103, \u00een ultimele luni, cea mai mare parte a bazinului hidrografic al Dun\u0103rii a fost afectat\u0103 de un deficit sever de precipita\u021bii. Germania, Austria, Slovacia, Ungaria, Croa\u021bia \u0219i Serbia s-au confruntat cu valuri repetate de canicul\u0103 \u0219i perioade \u00eendelungate f\u0103r\u0103 ploi semnificative, ceea ce a redus considerabil aportul de ap\u0103 al principalilor afluen\u021bi ai fluviului.<\/p>\n<p>\u00cen schimb, \u00een Rom\u00e2nia, luna iulie a fost una dintre cele mai ploioase din ultimii ani, \u00een multe zone din sudul \u021b\u0103rii acumul\u00e2ndu-se peste 100-150 de litri pe metrul p\u0103trat. Totu\u0219i, aceste precipita\u021bii nu pot compensa lipsa apei din \u00eentregul bazin hidrografic al Dun\u0103rii.<\/p>\n<p>\u201eDebitul Dun\u0103rii la intrarea \u00een Rom\u00e2nia este determinat \u00een principal de apa care vine din amonte, din Germania, Austria, Slovacia, Ungaria \u0219i Serbia. Dac\u0103 \u00een aceste \u021b\u0103ri precipita\u021biile sunt reduse, iar afluen\u021bii transport\u0103 tot mai pu\u021bin\u0103 ap\u0103, nivelul Dun\u0103rii continu\u0103 s\u0103 scad\u0103, chiar dac\u0103 \u00een Rom\u00e2nia plou\u0103 abundent\u201d, explic\u0103 Meteoplus.<\/p>\n<p>Conform prognozei hidrologice a INHGA pentru perioada 31 iulie &#8211; 6 august, debitul Dun\u0103rii la intrarea \u00een \u021bar\u0103, \u00een sec\u021biunea Bazia\u0219, va sc\u0103dea u\u0219or p\u00e2n\u0103 la 1.450 de metri cubi pe secund\u0103. Valoarea este de aproape trei ori mai mic\u0103 dec\u00e2t media multianual\u0103 a lunii iulie, de 4.750 mc\/s, \u0219i foarte apropiat\u0103 de minimul istoric \u00eenregistrat \u00een 1985, c\u00e2nd debitul a fost de 1.400 mc\/s.<\/p>\n<p>Hidrologii estimeaz\u0103 c\u0103 debitul se va men\u021bine \u00een jurul valorii de 1.450 mc\/s p\u00e2n\u0103 \u00een intervalul 10-12 august, pe fondul precipita\u021biilor prognozate \u00een bazinul superior al Dun\u0103rii, \u00een special \u00een Austria. Dup\u0103 12 august este a\u0219teptat\u0103 o cre\u0219tere treptat\u0103 a debitelor, cu \u0219anse mai mari de refacere dup\u0103 24 august.<\/p>\n<p>P\u00e2n\u0103 atunci \u00eens\u0103, nivelul foarte sc\u0103zut al Dun\u0103rii continu\u0103 s\u0103 afecteze naviga\u021bia, ecosistemele acvatice \u0219i produc\u021bia de energie, iar pe unele sectoare au ap\u0103rut bancuri de nisip care reduc ad\u00e2ncimea \u0219enalului navigabil.<\/p>\n<p>Meteoplus subliniaz\u0103 c\u0103 situa\u021bia actual\u0103 demonstreaz\u0103 caracterul european al sistemului hidrologic al Dun\u0103rii: evolu\u021bia fluviului depinde de condi\u021biile meteorologice din \u00eentregul bazin hidrografic, nu doar de vremea din Rom\u00e2nia. Chiar dac\u0103 \u00een \u021bara noastr\u0103 vor mai c\u0103dea ploi \u00een perioada urm\u0103toare, acestea nu sunt suficiente pentru a compensa deficitul de precipita\u021bii din statele aflate \u00een amonte.<\/p>\n<p><strong>Ungaria anun\u0163\u0103 oprirea f\u0103r\u0103 precedent a centralei sale nucleare din cauza caniculei<\/strong><\/p>\n<p>Prim-ministrul ungar Peter Magyar a anun\u0163at duminic\u0103 oprirea singurei centrale nucleare din \u0163ara sa, o \u201epremier\u0103 \u00een ultimii 44 de ani\u201d, din cauza nivelului prea sc\u0103zut al apelor din Dun\u0103re. \u201eDin cauza unei noi sc\u0103deri a nivelului apelor Dun\u0103rii, una dintre cele dou\u0103 ultime unit\u0103\u0163i de produc\u0163ie ale centralei nucleare de la Paks va fi oprit\u0103 la ora 1:30 diminea\u0163a\u201d duminic\u0103 (adic\u0103 s\u00e2mb\u0103t\u0103 la ora 23:30 GMT), a scris el pe contul s\u0103u de X cu pu\u0163in \u00eenainte de oprirea programat\u0103. \u201eProduc\u0163ia centralei va sc\u0103dea astfel la doar 240 de megawa\u0163i\u201d, a completat directorul, preciz\u00e2nd c\u0103 centrala \u201eva fi oprit\u0103 complet pentru prima dat\u0103 \u00een 44 de ani\u201d.<\/p>\n<p>Situat\u0103 la aproximativ o sut\u0103 de kilometri sud de Budapesta, centrala de la Paks asigur\u0103 aproximativ 40% din produc\u0163ia anual\u0103 de energie electric\u0103 a \u0163\u0103rii.<\/p>\n<p>Vineri, operatorul centralei, ale c\u0103rei patru reactoare construite cu tehnologie din era sovietic\u0103 sunt r\u0103cite cu ap\u0103 pompat\u0103 din Dun\u0103re, a avertizat c\u0103 sc\u0103derea nivelului r\u00e2ului ar putea obliga centrala s\u0103 fie oprit\u0103 complet spre mijlocul s\u0103pt\u0103m\u00e2nii viitoare. \u00cens\u0103 guvernul a avertizat c\u0103 opera\u0163iunea ar putea avea loc \u00eenc\u0103 din weekend.<\/p>\n<p><strong>Canicul\u0103 p\u00e2n\u0103 joi<\/strong><\/p>\n<p>Meteorologii anun\u0163\u0103 c\u0103 valul de c\u0103ldur\u0103 va persista, cel pu\u0163in p\u00e2n\u0103 joi, \u00een vestul, sud-vestul, centrul \u015fi nordul \u0163\u0103rii, se va extinde \u00een sud \u015fi est \u015fi se va intensifica, temperaturile urm\u00e2nd a atinge 40 de grade \u00een C\u00e2mpia de Vest. Nop\u0163ile vor fi tropicale, iar disconfortul termic accentuat. Avertizarea Cod ro\u015fu a fost prelungit\u0103 ieri \u00een jude\u0163ele Arad, Bihor \u015fi Satu Mare, unde se vor \u00eenregistra temperaturi extreme, comparabile cu recordurile absolute ale primei decade ale lunii august. Alte 24 de jude\u0163e sunt vizate de codurile portocaliu \u015fi galben de canicul\u0103. \u00cen Bucure\u015fti, disconfortul termic este deja ridicat, iar de mar\u0163i vremea va fi canicular\u0103.<\/p>\n<p><strong>O mam\u0103 de 36 de ani cu patru copii \u0219i alte patru vie\u021bi au fost salvate cu organele unui b\u0103rbat de 54 de ani, aflat \u00een moarte cerebral\u0103<\/strong><\/p>\n<p>Medicii din Ia\u015fi au reu\u015fit s\u0103 salveze via\u0163a a cinci persoane, dup\u0103 ce familia unui b\u0103rbat, \u00een v\u00e2rst\u0103 de 54 de ani, aflat \u00een moarte cerebral\u0103 la Spitalul de Neurochirurgie din Ia\u015fi, a fost de acord ca organele sale s\u0103 fie prelevate \u015fi transplantate, transmite Agerpres.<\/p>\n<p>Coordonatorul Centrului Regional de Transplant, dr. Raluca Neagu, a declarat c\u0103 echipa medical\u0103 a \u00eenceput interven\u0163ia de prelevare s\u00e2mb\u0103t\u0103 diminea\u0163a. \u201eDonatorul este un b\u0103rbat de 54 de ani, cu encefalopatie post anoxic\u0103 post resuscitare, cu un stop cardiorespirator resuscitat. S-au prelevat ficatul, rinichii \u015fi cele dou\u0103 cornee. Ficatul a fost transplantat \u00een cursul dimine\u0163ii unei paciente de 36 de ani, cu ciroz\u0103 hepatic\u0103 toxic\u0103, mam\u0103 a patru copii. Rinichii au fost transplanta\u0163i la Spitalul \u201eDr. C.I. Parhon\u201d tot \u00een cursul acestei zile. Corneea urmeaz\u0103 s\u0103 fie transplantat\u0103 zilele urm\u0103toare la Spitalul \u201eSf. Spiridon\u201d. Mul\u0163umim familiei donatorului care \u00een aceste momente de suferin\u0163\u0103 a avut generozitatea de a salva alte vie\u0163i\u201d, a declarat dr. Raluca Neagu.<\/p>\n<p><strong>Pompierii rom\u00e2ni disloca\u0163i \u00een Grecia au intervenit la un incendiu de vegeta\u0163ie \u015fi fond forestier din regiunea Attica<\/strong><\/p>\n<p>Pompierii rom\u00e2ni trimi\u015fi \u00een Grecia au intervenit, al\u0103turi de pompierii eleni, pentru a lichida un incendiu de vegeta\u0163ie \u015fi p\u0103dure izbucnit \u00een zona localit\u0103\u0163ii Veniza, regiunea Attica. Misiunea a fost una foarte dificil\u0103, din cauza schmb\u0103rilor repetate ale direc\u0163iei v\u00e2ntului, principalul scop fiind de a \u00eempiedica fl\u0103c\u0103rile s\u0103 ajung\u0103 la locuin\u0163e. \u201dPe parcursul \u00eentregii nop\u0163i, modulul na\u0163ional specializat de stins incendii de p\u0103dure a intervenit, al\u0103turi de pompierii eleni, pentru limitarea \u015fi lichidarea incendiului de vegeta\u0163ie \u015fi fond forestier izbucnit \u00een zona localit\u0103\u0163ii Veniza, regiunea Attica. Misiunea pompierilor rom\u00e2ni a avut ca obiectiv principal protejarea localit\u0103\u0163ilor \u015fi a zonelor aflate pe direc\u0163ia de propagare a incendiului. Interven\u0163ia s-a desf\u0103\u015furat \u00een imediata apropiere a frontului de foc, echipajele ac\u0163ion\u00e2nd pentru limitarea extinderii fl\u0103c\u0103rilor c\u0103tre locuin\u0163e \u015fi alte obiective expuse riscului. Totodat\u0103, salvatorii rom\u00e2ni au contribuit la evacuarea \u015fi salvarea animalelor surprinse \u00een zona afectat\u0103\u201d, a anun\u0163at, duminic\u0103 diminea\u0163\u0103, IGSU.<\/p>\n<p>Potrivit sursei citate, condi\u0163iile de interven\u0163ie au fost deosebit de dificile, din cauza schimb\u0103rilor repetate ale direc\u0163iei \u015fi intensit\u0103\u0163ii v\u00e2ntului, care au modificat \u00een permanen\u0163\u0103 comportamentul incendiului. \u00cen aceste condi\u0163ii, echipajele au fost nevoite s\u0103 \u00ee\u015fi adapteze continuu dispozitivul de interven\u0163ie \u015fi s\u0103 se repozi\u0163ioneze pentru a ac\u0163iona \u00een siguran\u0163\u0103 \u015fi cu eficien\u0163\u0103. Opera\u0163iunile s-au desf\u0103\u015furat \u00een str\u00e2ns\u0103 cooperare cu pompierii eleni \u015fi cu serviciile voluntare pentru situa\u0163ii de urgen\u0163\u0103, interven\u0163ia coordonat\u0103 contribuind la limitarea propag\u0103rii incendiului \u015fi la protejarea comunit\u0103\u0163ilor aflate \u00een pericol.<\/p>\n<p>Dup\u0103 o misiune desf\u0103\u015furat\u0103 f\u0103r\u0103 \u00eentrerupere pe timpul nop\u0163ii, modulul s-a retras \u00een baza de opera\u0163ii pentru refacerea capacit\u0103\u0163ii de interven\u0163ie \u015fi preg\u0103tirea tehnicii. Pompierii rom\u00e2ni r\u0103m\u00e2n \u00een continuare preg\u0103ti\u0163i s\u0103 intervin\u0103 \u00een sprijinul autorit\u0103\u0163ilor elene, \u00een func\u0163ie de evolu\u0163ia situa\u0163iei operative \u015fi de solicit\u0103rile primite, a precizat IGSU.<\/p>\n<p>Pompierii rom\u00e2ni specializa\u0163i \u00een stingerea incendiilor de p\u0103dure se vor afla \u00een Grecia, \u00eentre 1 august \u015fi 15 septembrie, pentru a veni \u00een sprijinul autorit\u0103\u0163ilor elene, \u00een contextul incendiilor declan\u015fate \u00een Grecia, pe fondul temperaturilor foarte ridicate din ultima perioad\u0103. Primul contingent de 40 de pompieri a plecat joi spre o localitate din regiunea Attica, situat\u0103 la aproximativ 25 de kilometri nord-est de Atena.<\/p>\n<p><strong>Buz\u0103u: Dou\u0103 persoane au murit \u0219i alte dou\u0103 au fost r\u0103nite dup\u0103 ce o ma\u0219in\u0103 a intrat \u00eentr-un copac<\/strong><\/p>\n<p>Dou\u0103 persoane au murit, iar alte dou\u0103 au fost r\u0103nite \u00een urma unui accident rutier produs, s\u00e2mb\u0103t\u0103, pe un drum din jude\u021bul Buz\u0103u, dup\u0103 ce un autoturism a p\u0103r\u0103sit partea carosabil\u0103 \u0219i a intrat \u00een coliziune cu un copac, potrivit Inspectoratului de Poli\u021bie Jude\u021bean (IPJ).<\/p>\n<p>&#8216;Din primele date de la fa\u021ba locului a reie\u0219it c\u0103 autoturismul condus dinspre S\u0103rata Monteoru c\u0103tre intersec\u021bia cu DN1B, de c\u0103tre un \u0219ofer de 37 de ani, din Buz\u0103u, ar fi pierdut controlul asupra direc\u021biei, ar fi ie\u0219it \u00een afara p\u0103r\u021bii carosabile, \u00eemprejurare \u00een care a intrat \u00een coliziune cu un copac&#8217;, informeaz\u0103 IPJ Buz\u0103u.<\/p>\n<p>Potrivit sursei citate, \u00een urma impactului, \u0219oferul \u0219i unul dintre pasageri au decedat.<\/p>\n<p>De asemenea, \u00een accident au fost r\u0103ni\u021bi al\u021bi doi pasageri, o femeie \u0219i un b\u0103rbat, ambii \u00een v\u00e2rst\u0103 de 33 de ani, din municipiul Buz\u0103u. Ace\u0219tia au fost prelua\u021bi de echipajele medicale \u0219i transporta\u021bi la spital pentru \u00eengrijiri de specialitate.<\/p>\n<p>Poli\u021bi\u0219tii au deschis un dosar penal \u0219i continu\u0103 cercet\u0103rile pentru stabilirea tuturor \u00eemprejur\u0103rilor \u00een care s-a produs accidentul.<\/p>\n<p><strong>Accident mortal la Ia\u0219i \u2013 Un \u0219ofer \u0219i-a pierdut via\u021ba dup\u0103 ce a intrat cu ma\u0219ina \u00eentr-un st\u00e2lp<\/strong><\/p>\n<p>Un b\u0103rbat \u00een v\u00e2rst\u0103 de 50 de ani \u0219i-a pierdut via\u021ba \u00een noaptea de s\u00e2mb\u0103t\u0103 spre duminic\u0103, dup\u0103 ce autoturismul pe care \u00eel conducea a ie\u0219it de pe carosabil \u0219i s-a izbit frontal de un st\u00e2lp de electricitate, \u00een ora\u0219ul T\u00e2rgu Frumos, jude\u021bul Ia\u0219i.<\/p>\n<p>Accidentul s-a produs \u00een jurul orei 02:30. Ajun\u0219i la fa\u021ba locului, poli\u021bi\u0219tii au stabilit c\u0103 victima, un b\u0103rbat din comuna Stolniceni-Pr\u0103jescu, conducea un autoturism pe raza ora\u0219ului T\u00e2rgu Frumos, iar la un moment dat ar fi pierdut controlul direc\u021biei de deplasare, p\u0103r\u0103sind partea carosabil\u0103 \u0219i intr\u00e2nd \u00een coliziune frontal\u0103 cu un st\u00e2lp de electricitate.<\/p>\n<p>Impactul a fost fatal, iar \u0219oferul a fost declarat decedat.<\/p>\n<p>Poli\u021bi\u0219tii au deschis un dosar penal pentru ucidere din culp\u0103 \u0219i continu\u0103 cercet\u0103rile pentru a stabili cu exactitate cauzele \u0219i \u00eemprejur\u0103rile \u00een care s-a produs accidentul.<\/p>\n<p><strong>Timi\u015f: Paznic \u00eenjunghiat, dup\u0103 ce nu a permis accesul a doi b\u0103rba\u0163i la un eveniment public<\/strong><\/p>\n<p>Un b\u0103rbat care p\u0103zea intrarea pe stadionul din localitatea Igri\u015f, jude\u0163ul Timi\u015f, acolo unde se derula un eveniment public, a fost \u00eenjunghiat. El nu a permis p\u0103trunderea a doi b\u0103rba\u0163i \u00een incint\u0103, iar unul dintre ei a devenit agresiv \u015fi i-a aplicat mai multe lovituri cu un cu\u0163it. Ambii agresori au fost du\u015fi la audieri, scrie news.ro.<\/p>\n<p>\u201dLa data de 2 august 2026, \u00een jurul orei 01:02, poli\u0163i\u015ftii au fost sesiza\u0163i prin SNUAU 112 cu privire la faptul c\u0103, la un eveniment organizat pe stadionul din localitatea Igri\u015f, a izbucnit un conflict \u00eentre mai multe persoane. \u00cen urma primelor verific\u0103ri efectuate la fa\u0163a locului, s-a stabilit faptul c\u0103 incidentul ar fi izbucnit pe fondul interzicerii accesului la eveniment a dou\u0103 persoane, context \u00een care un agent de paz\u0103 ar fi fost \u00eenjunghiat cu un obiect t\u0103ietor-\u00een\u0163ep\u0103tor de c\u0103tre una dintre acestea\u201d, a transmis IPJ Timi\u015f.\u00a0\u00a0La scurt timp, doi b\u0103rba\u0163i suspecta\u0163i de comiterea faptei au fost identifica\u0163i \u015fi depista\u0163i. Ei au fost du\u015fi la audieri.<\/p>\n<p>\u00a0<\/p>\n<hr>\n<div class=\"bloc-widget widget-rosu\">\n<p>\u00cen lipsa unui acord scris din partea Ziarului de Vrancea, pute\u0163i prelua maxim 500 de caractere din acest articol dac\u0103 preciza\u0163i sursa \u015fi insera\u0163i vizibil link-ul articolului:\u00a0<span>#insertcurrentlinkhere<\/span><\/p>\n<\/div>\n<div class=\"extra-articol listing-anunturi\">\n<h6>Anun\u021buri <span class=\"text-primary\">ZdV<\/span> Premium<\/h6>\n<div class=\"row\">\n<div class=\"col-lg-4 col-md-6 bloc-egal\"><a class=\"card-anunt\" href=\"https:\/\/ziaruldevrancea.ro\/anunturi\/inchirieri\/locuinte-oferte\/primesc-in-gazda-elevi-anunt-72832\"><strong class=\"titlu\">Locuin\u021be oferte<\/strong><span class=\"text-anunt\">Primesc \u00een gazd\u0103 elevi la cas\u0103-vil\u0103,&#8230;<\/span><span class=\"data-anunt\">07.08.2026  <\/span><\/a><\/div>\n<div class=\"col-lg-4 col-md-6 bloc-egal\"><a class=\"card-anunt\" href=\"https:\/\/ziaruldevrancea.ro\/anunturi\/altele\/matrimoniale\/Imi-caut-sufletul-pereche-anunt-72833\"><strong class=\"titlu\">Matrimoniale<\/strong><span class=\"text-anunt\">Domn serios caut doamn\u0103 serioas\u0103, v\u00e2rsta&#8230;<\/span><span class=\"data-anunt\">07.08.2026  <\/span><\/a><\/div>\n<div class=\"col-lg-4 col-md-6 bloc-egal\"><a class=\"card-anunt\" href=\"https:\/\/ziaruldevrancea.ro\/anunturi\/angajari\/oferte-angajari\/angajare-anunt-72830\"><strong class=\"titlu\">Oferte<\/strong><span class=\"text-anunt\">ECOSISTEM SRL cu sediul in localitatea Jorasti,&#8230;<\/span><span class=\"data-anunt\">05.08.2026  <\/span><\/a><\/div>\n<\/div>\n<\/div>\n<div class=\"extra-articol alte-articole\">\n<div class=\"row\">\n<div class=\"col-lg-6 bloc-egal\">\n<div class=\"card articol-listing\">\n<h6>\u00cen categoria <a href=\"https:\/\/ziaruldevrancea.ro\/actualitatea\/national\">Na\u021bional<\/a><\/h6>\n<div class=\"grup-articol-listing\">\n<div class=\"cont-pils\"><a href=\"https:\/\/ziaruldevrancea.ro\/actualitatea\/national\/mozaic-Stiri-naTionale-ambulanta-atacata-la-cluj---Sapte-persoane-arestate-preventiv\"><img decoding=\"async\" src=\"https:\/\/zdvi.cname.ro\/180_135\/actualitatea\/national\/mozaic-Stiri-naTionale-ambulanta-atacata-la-cluj---Sapte-persoane-arestate-preventiv\/mediaPool\/uMBiRKR.jpeg\" class=\"img-responsive img-180\" alt><\/a><\/div>\n<h2><a class=\"link-titlu\" href=\"https:\/\/ziaruldevrancea.ro\/actualitatea\/national\/mozaic-Stiri-naTionale-ambulanta-atacata-la-cluj---Sapte-persoane-arestate-preventiv\">MOZAIC \u0218TIRI NA\u021aIONALE:  Ambulan\u0163\u0103 atacat\u0103 la Cluj &#8211; \u015eapte persoane, arestate preventiv<\/a><\/h2>\n<div class=\"date-post\"><a href=\"https:\/\/ziaruldevrancea.ro\/autor\/rodica-condurache\">Rodica Condurache<\/a>,  9 aug 2026  <\/div>\n<\/div>\n<div class=\"grup-articol-listing\">\n<div class=\"cont-pils\"><a href=\"https:\/\/ziaruldevrancea.ro\/actualitatea\/national\/mozaic-Stiri-naTionale-salvamontistii-germani-recuperati-din-bucegi-le-au-spus-colegilor-lor-prahoveni-ca-nu-au-crezut-ca-e-posibila-o-astfel-de-salvare-in-romania-ci-doar-in-elvetia\"><img decoding=\"async\" src=\"https:\/\/zdvi.cname.ro\/180_135\/actualitatea\/national\/mozaic-Stiri-naTionale-salvamontistii-germani-recuperati-din-bucegi-le-au-spus-colegilor-lor-prahoveni-ca-nu-au-crezut-ca-e-posibila-o-astfel-de-salvare-in-romania-ci-doar-in-elvetia\/mediaPool\/ucSc7z0.jpg\" class=\"img-responsive img-180\" alt><\/a><\/div>\n<h2><a class=\"link-titlu\" href=\"https:\/\/ziaruldevrancea.ro\/actualitatea\/national\/mozaic-Stiri-naTionale-salvamontistii-germani-recuperati-din-bucegi-le-au-spus-colegilor-lor-prahoveni-ca-nu-au-crezut-ca-e-posibila-o-astfel-de-salvare-in-romania-ci-doar-in-elvetia\">MOZAIC \u0218TIRI NA\u021aIONALE: Salvamonti\u015ftii germani recupera\u0163i din Bucegi le-au spus colegilor lor prahoveni c\u0103 nu au crezut c\u0103 e posibil\u0103 o astfel de salvare \u00een Rom\u00e2nia, ci doar \u00een Elve\u0163ia<\/a><\/h2>\n<div class=\"date-post\"><a href=\"https:\/\/ziaruldevrancea.ro\/autor\/rodica-condurache\">Rodica Condurache<\/a>,  8 aug 2026  <\/div>\n<\/div>\n<div class=\"grup-articol-listing\">\n<div class=\"cont-pils\"><a href=\"https:\/\/ziaruldevrancea.ro\/actualitatea\/national\/mozaic-Stiri-naTionale-nu-exista-solutii-magice-avertizeaza-maia-sandu-vorbind-despre-criza-energetica\"><img decoding=\"async\" src=\"https:\/\/zdvi.cname.ro\/180_135\/actualitatea\/national\/mozaic-Stiri-naTionale-nu-exista-solutii-magice-avertizeaza-maia-sandu-vorbind-despre-criza-energetica\/mediaPool\/uy8Z8Qu.jpg\" class=\"img-responsive img-180\" alt><\/a><\/div>\n<h2><a class=\"link-titlu\" href=\"https:\/\/ziaruldevrancea.ro\/actualitatea\/national\/mozaic-Stiri-naTionale-nu-exista-solutii-magice-avertizeaza-maia-sandu-vorbind-despre-criza-energetica\">MOZAIC \u0218TIRI NA\u021aIONALE:  \u201eNu exist\u0103 solu\u0163ii magice\u201d, avertizeaz\u0103 Maia Sandu vorbind despre criza energetic\u0103<\/a><\/h2>\n<div class=\"date-post\"><a href=\"https:\/\/ziaruldevrancea.ro\/autor\/rodica-condurache\">Rodica Condurache<\/a>,  5 aug 2026  <\/div>\n<\/div>\n<\/div>\n<\/div>\n<div class=\"col-lg-6 bloc-egal\">\n<div class=\"card articol-listing\">\n<h6>De acela\u0219i <a href=\"https:\/\/ziaruldevrancea.ro\/autor\/rodica-condurache\/\">autor<\/a><\/h6>\n<div class=\"grup-articol-listing\">\n<div class=\"cont-pils\"><a href=\"https:\/\/ziaruldevrancea.ro\/timp-liber\/horoscop-11-august-2026\"><img decoding=\"async\" src=\"https:\/\/zdvi.cname.ro\/180_135\/timp-liber\/horoscop-11-august-2026\/mediaPool\/uA8enxT.jpg\" class=\"img-responsive img-180\" alt><\/a><\/div>\n<h2><a class=\"link-titlu\" href=\"https:\/\/ziaruldevrancea.ro\/timp-liber\/horoscop-11-august-2026\">Horoscop 11 august 2026 <\/a><\/h2>\n<div class=\"date-post\"><a href=\"https:\/\/ziaruldevrancea.ro\/autor\/rodica-condurache\">Rodica Condurache<\/a>, 11 aug 2026  <\/div>\n<\/div>\n<div class=\"grup-articol-listing\">\n<div class=\"cont-pils\"><a href=\"https:\/\/ziaruldevrancea.ro\/actualitatea\/stiri-locale\/prima-pagina-a-editiei-tiparite-a-ziarului-de-vrancea-de-astazi-10-august-2026\"><img decoding=\"async\" src=\"https:\/\/zdvi.cname.ro\/180_135\/actualitatea\/stiri-locale\/prima-pagina-a-editiei-tiparite-a-ziarului-de-vrancea-de-astazi-10-august-2026\/mediaPool\/uSSr629.jpg\" class=\"img-responsive img-180\" alt><\/a><\/div>\n<h2><a class=\"link-titlu\" href=\"https:\/\/ziaruldevrancea.ro\/actualitatea\/stiri-locale\/prima-pagina-a-editiei-tiparite-a-ziarului-de-vrancea-de-astazi-10-august-2026\">Prima pagin\u0103 a edi\u021biei tip\u0103rite a Ziarului de Vrancea de ast\u0103zi, 10 august 2026: copil filmat la volan, c\u0103ut\u0103ri \u00een apele Siretului, apel umanitar pentru Anais \u0219i problemele insulelor ecologice din Foc\u0219ani<\/a><\/h2>\n<div class=\"date-post\"><a href=\"https:\/\/ziaruldevrancea.ro\/autor\/rodica-condurache\">Rodica Condurache<\/a>, 10 aug 2026  <\/div>\n<\/div>\n<div class=\"grup-articol-listing\">\n<div class=\"cont-pils\"><a href=\"https:\/\/ziaruldevrancea.ro\/timp-liber\/horoscop-10-august-2026-articol-1688876483\"><img decoding=\"async\" src=\"https:\/\/zdvi.cname.ro\/180_135\/timp-liber\/horoscop-10-august-2026-articol-1688876483\/mediaPool\/uA8enxT.jpg\" class=\"img-responsive img-180\" alt><\/a><\/div>\n<h2><a class=\"link-titlu\" href=\"https:\/\/ziaruldevrancea.ro\/timp-liber\/horoscop-10-august-2026-articol-1688876483\">Horoscop 10 august 2026 <\/a><\/h2>\n<div class=\"date-post\"><a href=\"https:\/\/ziaruldevrancea.ro\/#comentarii\" class=\"pull-right\"> 4<\/a><a href=\"https:\/\/ziaruldevrancea.ro\/autor\/rodica-condurache\">Rodica Condurache<\/a>, 10 aug 2026  <\/div>\n<\/div>\n<\/div>\n<\/div>\n<\/div>\n<\/div>\n<div class=\"extra-articol listing-anunturi\">\n<h6>Anun\u021buri <span class=\"text-primary\">ZdV<\/span> Premium<\/h6>\n<div class=\"row\">\n<div class=\"col-lg-4 col-md-6 bloc-egal\"><a class=\"card-anunt\" href=\"https:\/\/ziaruldevrancea.ro\/anunturi\/altele\/servicii\/caut-o-persoana-sau-o-familie-pentru-ingrijirea-unei-batrane\"><strong class=\"titlu\">Servicii<\/strong><span class=\"text-anunt\">Caut o persoan\u0103\u00a0sau o familie serioas\u0103&#8230;<\/span><span class=\"data-anunt\">04.08.2026  <\/span><\/a><\/div>\n<div class=\"col-lg-4 col-md-6 bloc-egal\"><a class=\"card-anunt\" href=\"https:\/\/ziaruldevrancea.ro\/anunturi\/imobiliare\/vanzari-ap-2-camere\/vand-apartament-2-camere-in-focsani-anunt-72825\"><strong class=\"titlu\">V\u00e2nz\u0103ri ap 2 camere<\/strong><span class=\"text-anunt\">V\u00e2nd apartament 2 camere, hol p\u0103trat,&#8230;<\/span><span class=\"data-anunt\">04.08.2026  <\/span><\/a><\/div>\n<div class=\"col-lg-4 col-md-6 bloc-egal\"><a class=\"card-anunt\" href=\"https:\/\/ziaruldevrancea.ro\/anunturi\/angajari\/oferte-angajari\/caut-femeie-pt-supraveghere-batrana-paralizata-focsani-fara-menaj-program-de-la-9la-17-de-luni-pana-vineri-salariu-2600\"><strong class=\"titlu\">Oferte<\/strong><span class=\"text-anunt\">Caut femeie pentru\u00a0supraveghere&#8230;<\/span><span class=\"data-anunt\">05.08.2026 , Vrancea , Foc\u0219ani<\/span><\/a><\/div>\n<\/div>\n<\/div>\n<div class=\"bloc-widget widget-albastru\">\n    Ziarul de Vrancea \u00a0nu este responsabil juridic pentru con\u0163inutul textelor din comentariile de mai jos. Responsabilitatea pentru mesajele dumneavoastra v\u0103 revine \u00een exclusivitate.\n<\/div>\n<div class=\"comentarii-articol\" id=\"comentarii\">\n<h3>Comentarii: <span class=\"text-primary\">0<\/span><\/h3>\n<p><a href=\"https:\/\/ziaruldevrancea.ro\/actualitatea\/national\/mozaic-stiri-nationale-nu-ne-fura-nimeni-dunarea\" class=\"btn btn-success btn-adauga-com\" data-toggle=\"modal\" data-parent=\"0\" data-target=\"#commentModal\">Adaug\u0103 comentariu<\/a><\/p>\n<div class=\"loadMask comments-mask\"><img decoding=\"async\" src=\"https:\/\/zdvs.cname.ro\/images\/loader_40.gif\"><\/div>\n<div class=\"comenteaza-jos\">Trebuie s\u0103 fii <a href=\"https:\/\/ziaruldevrancea.ro\/account\">autentificat<\/a> pentru a putea <a href=\"https:\/\/ziaruldevrancea.ro\/actualitatea\/national\/mozaic-stiri-nationale-nu-ne-fura-nimeni-dunarea\" class data-toggle=\"modal\" data-parent=\"0\" data-target=\"#commentModal\">posta un comentariu<\/a>.<\/div>\n<\/div>\n<div class=\"modal fade\" id=\"commentModal\" role=\"dialog\" aria-labelledby=\"commentModalLabel\">\n<div class=\"modal-dialog modal-lg\" role=\"document\">\n<div class=\"modal-content\">\n<div class=\"modal-header\">\n<h3 class=\"modal-title\" id=\"commentModalLabel\">Comenteaz\u0103<\/h3>\n<\/div>\n<div class=\"modal-body\">\n<div class=\"tabel tabel-full\">\n<div class=\"celula\">\n              Trebuie s\u0103 fii <a href=\"https:\/\/ziaruldevrancea.ro\/account\">autentificat<\/a> pentru a putea posta un comentariu.\n            <\/div>\n<\/div>\n<\/div>\n<div class=\"modal-footer\">\n<div id=\"commentPending\" class=\"formPending pull-left\"><img decoding=\"async\" src=\"https:\/\/zdvs.cname.ro\/images\/loader_40.gif\"> In curs de procesare&#8230;<\/div>\n<p><a href=\"https:\/\/ziaruldevrancea.ro\/actualitatea\/national\/mozaic-stiri-nationale-nu-ne-fura-nimeni-dunarea\" class=\"btn btn-default\" data-dismiss=\"modal\">Anuleaz\u0103<\/a><\/div>\n<\/div>\n<\/div>\n<\/div>\n<div class=\"modal fade\" id=\"commentReportModal\" role=\"dialog\" aria-labelledby=\"commentReportModalLabel\">\n<div class=\"modal-dialog modal-lg\" role=\"document\">\n<div class=\"modal-content\">\n<div class=\"modal-header\">\n<h3 class=\"modal-title\" id=\"commentReportModalLabel\">Raporteaza comentariu<\/h3>\n<\/div>\n<div class=\"modal-body\">\n<div class=\"tabel tabel-full\">\n<div class=\"celula\">\n              Trebuie s\u0103 fii <a href=\"https:\/\/ziaruldevrancea.ro\/account\">autentificat<\/a> pentru a putea raporta un comentariu.\n            <\/div>\n<\/div>\n<\/div>\n<div class=\"modal-footer\">\n<div id=\"commentReportPending\" class=\"formPending pull-left\"><img decoding=\"async\" src=\"https:\/\/zdvs.cname.ro\/images\/loader_40.gif\"> In curs de procesare&#8230;<\/div>\n<p><a href=\"https:\/\/ziaruldevrancea.ro\/actualitatea\/national\/mozaic-stiri-nationale-nu-ne-fura-nimeni-dunarea\" class=\"btn btn-default\" data-dismiss=\"modal\">Anuleaz\u0103<\/a><\/div>\n<\/div>\n<\/div>\n<\/div>\n<div class=\"modal fade\" id=\"commentLikeModal\" role=\"dialog\" aria-labelledby=\"commentLikeModalLabel\">\n<div class=\"modal-dialog modal-lg\" role=\"document\">\n<div class=\"modal-content\">\n<div class=\"modal-header\">\n<h3 class=\"modal-title\" id=\"commentReportModalLabel\">Apreciaza comentariu<\/h3>\n<\/div>\n<div class=\"modal-body\">\n<div class=\"tabel tabel-full\">\n<div class=\"celula\">\n            Trebuie s\u0103 fii <a href=\"https:\/\/ziaruldevrancea.ro\/account\">autentificat<\/a> pentru a putea aprecia un comentariu.\n          <\/div>\n<\/div>\n<\/div>\n<div class=\"modal-footer\"><a href=\"https:\/\/ziaruldevrancea.ro\/actualitatea\/national\/mozaic-stiri-nationale-nu-ne-fura-nimeni-dunarea\" class=\"btn btn-default\" data-dismiss=\"modal\">Anuleaz\u0103<\/a><\/div>\n<\/div>\n<\/div>\n<\/div>\n<div class=\"bloc-widget widget-rosu\"><span><small>Ziarul de Vrancea doreste ca acest site sa fie un spatiu al discutiilor civilizate, al comentariilor de bun simt. Din acest motiv, cei care posteaza comentarii la articole trebuie sa respecte urmatoarele reguli:<br \/>\n1. Sa se refere doar la articolul la care posteaza comentarii.<br \/>\n2. Sa foloseasca un limbaj civilizat, fara injurii, calomnii, comentarii antisemite, xenofobe sau rasiste.<br \/>\n3. Sunt interzise atacurile la adresa autorilor, daca acestea nu au legatura cu textul.<br \/>\n4. Username-ul sa nu fie nume de personalitati ale vietii publice sau parodieri ale acestora.<br \/>\nAutorul unui articol poate fi criticat pentru eventuale greseli, incoerenta, lipsa de documentare etc.<br \/>\nNerespectarea regulilor mentionate mai sus va duce la stergerea comentariilor, fara avertisment si fara explicatii.<br \/>\nAbaterile repetate vor avea drept consecinta interdictia accesului la aceasta facilitate a site-ului.<\/small><\/span><\/div>\n<\/div>\n<p>[analyse_source url=&#8221;https:\/\/ziaruldevrancea.ro\/actualitatea\/national\/mozaic-stiri-nationale-nu-ne-fura-nimeni-dunarea&#8221;]<\/p>\n","protected":false},"excerpt":{"rendered":"<p>[analyse_image type=&#8221;featured&#8221; src=&#8221;https:\/\/zdvi.cname.ro\/_\/mozaic-stiri-nationale-nu-ne-fura-nimeni-dunarea\/mediaPool\/uNkTk8Q.jpeg&#8221;] Na\u021bional MOZAIC \u0218TIRI NA\u021aIONALE: Nu ne \u201efur\u0103\u201d nimeni Dun\u0103rea Distribuie: \u00a0 | Rodica Condurache 1 aug 2026595 vizualiz\u0103ri De ce scade nivelul apei, de\u0219i \u00een Rom\u00e2nia a plouat abundent Nivelul Dun\u0103rii continu\u0103 s\u0103 se apropie de minime istorice, \u00een ciuda ploilor abundente \u00eenregistrate \u00een Rom\u00e2nia \u00een luna iulie. Explica\u021bia este c\u0103 debitul [&hellip;]<\/p>\n","protected":false},"author":1,"featured_media":0,"comment_status":"open","ping_status":"","sticky":false,"template":"","format":"standard","meta":{"footnotes":""},"categories":[89],"tags":[226,208],"class_list":["post-2087127","post","type-post","status-publish","format-standard","hentry","category-romania","tag-crawlmanager","tag-ziaruldevrancea-ro"],"_links":{"self":[{"href":"https:\/\/analyse.optim.biz\/index.php?rest_route=\/wp\/v2\/posts\/2087127","targetHints":{"allow":["GET"]}}],"collection":[{"href":"https:\/\/analyse.optim.biz\/index.php?rest_route=\/wp\/v2\/posts"}],"about":[{"href":"https:\/\/analyse.optim.biz\/index.php?rest_route=\/wp\/v2\/types\/post"}],"author":[{"embeddable":true,"href":"https:\/\/analyse.optim.biz\/index.php?rest_route=\/wp\/v2\/users\/1"}],"replies":[{"embeddable":true,"href":"https:\/\/analyse.optim.biz\/index.php?rest_route=%2Fwp%2Fv2%2Fcomments&post=2087127"}],"version-history":[{"count":0,"href":"https:\/\/analyse.optim.biz\/index.php?rest_route=\/wp\/v2\/posts\/2087127\/revisions"}],"wp:attachment":[{"href":"https:\/\/analyse.optim.biz\/index.php?rest_route=%2Fwp%2Fv2%2Fmedia&parent=2087127"}],"wp:term":[{"taxonomy":"category","embeddable":true,"href":"https:\/\/analyse.optim.biz\/index.php?rest_route=%2Fwp%2Fv2%2Fcategories&post=2087127"},{"taxonomy":"post_tag","embeddable":true,"href":"https:\/\/analyse.optim.biz\/index.php?rest_route=%2Fwp%2Fv2%2Ftags&post=2087127"}],"curies":[{"name":"wp","href":"https:\/\/api.w.org\/{rel}","templated":true}]}}