{"id":2087100,"date":"2026-08-10T11:49:00","date_gmt":"2026-08-10T08:49:00","guid":{"rendered":"https:\/\/analyse.optim.biz\/?p=2087100"},"modified":"2026-08-10T11:49:00","modified_gmt":"2026-08-10T08:49:00","slug":"designer-la-curtea-domneasca-din-suceava-ateliere-creative-de-colaje-textile-pentru-familii-pe-29-si-30-august-la-muzeul-de-istorie","status":"publish","type":"post","link":"https:\/\/analyse.optim.biz\/?p=2087100","title":{"rendered":"\u201eDesigner la Curtea Domneasc\u0103 din Suceava\u201d: ateliere creative de colaje textile pentru familii, pe 29 \u0219i 30 august, la Muzeul de Istorie"},"content":{"rendered":"<p>[analyse_image type=&#8221;featured&#8221; src=&#8221;https:\/\/www.newsbucovina.ro\/wp-content\/uploads\/2026\/08\/afis-Designer-la-Curtea-Domneasca-2-1.pnghttps:\/\/cdn.newsbucovina.ro\/wp-content\/uploads\/2026\/08\/afis-Designer-la-Curtea-Domneasca-2-1.png&#8221;]<\/p>\n<div class=\"td-post-content tagdiv-type\">\n<div class=\"td-a-rec td-a-rec-id-content_top  tdi_3 td_block_template_1\"><strong>Intr\u0103 acum \u0219i \u00een grupul de <\/p>\n<div class=\"wp-block-button\"><a class=\"wp-block-button__link wp-element-button\" href=\"https:\/\/t.me\/+TH8wcfnp8fw5NWI0\">Telegram News Bucovina<\/a><\/div>\n<p><\/strong><\/div>\n<p class=\"wp-block-paragraph\">Muzeul Na\u021bional al Bucovinei invit\u0103 copiii, p\u0103rin\u021bii \u0219i bunicii s\u0103 devin\u0103, pentru o zi, designeri ai Cur\u021bii Domne\u0219ti din Suceava. Proiectul de educa\u021bie muzeal\u0103 \u201eDesigner la Curtea Domneasc\u0103 din Suceava\u201d se va desf\u0103\u0219ura s\u00e2mb\u0103t\u0103 \u0219i duminic\u0103, 29 \u0219i 30 august 2026, la Muzeul de Istorie Suceava.<\/p>\n<div class=\"wp-block-image\">\n<figure class=\"aligncenter size-large\"><a href=\"https:\/\/cdn.newsbucovina.ro\/wp-content\/uploads\/2026\/08\/afis-Designer-la-Curtea-Domneasca-2.png\"><img loading=\"lazy\" decoding=\"async\" width=\"724\" height=\"1024\" src=\"https:\/\/cdn.newsbucovina.ro\/wp-content\/uploads\/2026\/08\/afis-Designer-la-Curtea-Domneasca-2-724x1024.png\" alt class=\"wp-image-446123\"><\/a><\/figure>\n<\/div>\n<p class=\"wp-block-paragraph\">Atelierele propun o incursiune interactiv\u0103 \u00een moda Evului Mediu. Participan\u021bii vor afla cum ar\u0103tau ve\u0219mintele domni\u021belor \u0219i boierilor, ce materiale se foloseau, ce rol aveau ornamentele \u0219i simbolurile \u0219i \u00een ce fel \u00eembr\u0103c\u0103mintea putea vorbi despre rangul \u0219i statutul celui care o purta.<\/p>\n<p class=\"wp-block-paragraph\">Dup\u0103 partea de informare istoric\u0103, \u00eencepe activitatea creativ\u0103. \u00cen echipe adult\u2013copil, cei prezen\u021bi vor realiza colaje vestimentare inspirate de elegan\u021ba Cur\u021bii Domne\u0219ti, folosind catifea, brocart, blan\u0103 sintetic\u0103, dantel\u0103, perle, fir auriu, plas\u0103 decorativ\u0103 \u0219i alte materiale. Fiecare crea\u021bie va putea fi luat\u0103 acas\u0103 ca amintire.<\/p>\n<p class=\"wp-block-paragraph\">Tema se realizeaz\u0103 integral \u00een cadrul unui singur atelier. Prin acest proiect, Muzeul Na\u021bional al Bucovinei \u00ee\u0219i propune s\u0103 aduc\u0103 patrimoniul \u0219i istoria mai aproape de publicul t\u00e2n\u0103r, \u00eentr-o manier\u0103 accesibil\u0103 \u0219i atractiv\u0103, stimul\u00e2nd creativitatea, lucrul \u00een echip\u0103 \u0219i curiozitatea fa\u021b\u0103 de trecut.<\/p>\n<p class=\"wp-block-paragraph\"><strong>\u00censcrieri \u0219i detalii practice<\/strong><\/p>\n<p class=\"wp-block-paragraph\">Participarea se face pe baza fi\u0219ei de \u00eenscriere, disponibil\u0103 pe pagina de Facebook Muzeul de Istorie Suceava \u2013 History Museum. Fi\u0219a completat\u0103 poate fi depus\u0103 la Muzeul de Istorie Suceava (str. \u0218tefan cel Mare nr. 33, Serviciul Istorie Natural\u0103, Marketing \u0219i Educa\u021bie Muzeal\u0103) sau transmis\u0103 pe e-mail la <a href=\"https:\/\/www.newsbucovina.ro\/cdn-cgi\/l\/email-protection#0865697a636d7c61666f48657d726d7d646a7d6b677e61666d61267a67\" target=\"_blank\" rel=\"noreferrer noopener\"><span class=\"__cf_email__\" data-cfemail=\"cea3afbca5abbaa7a0a98ea3bbb4abbba2acbbada1b8a7a0aba7e0bca1\">[email\u00a0protected]<\/span><\/a>.<\/p>\n<p class=\"wp-block-paragraph\">Data-limit\u0103 pentru \u00eenscriere este 27 august 2026. Locurile sunt limitate \u2013 maximum 20 de participan\u021bi (copii \u0219i adul\u021bi) pentru fiecare atelier \u2013 \u0219i se ocup\u0103 \u00een ordinea \u00eenscrierii. Taxa de participare este de 10 lei\/persoan\u0103 \u0219i se achit\u0103 la casa de bilete a muzeului, \u00een ziua atelierului.<\/p>\n<p class=\"wp-block-paragraph\">Pentru informa\u021bii suplimentare, organizatorii pot fi contacta\u021bi la 0230 216 439, interior 116. Orice modificare de program va fi anun\u021bat\u0103 \u00een timp util.<\/p>\n<p class=\"wp-block-paragraph\">Proiectul este aprobat \u0219i finan\u021bat de Consiliul Jude\u021bean Suceava.<\/p>\n<figure class=\"wp-block-embed is-type-video is-provider-youtube wp-block-embed-youtube wp-embed-aspect-16-9 wp-has-aspect-ratio\">\n<div class=\"wp-block-embed__wrapper\">\n<div class=\"youtube-embed\" data-video_id=\"FXMfPr8aPlU\"><iframe loading=\"lazy\" title=\"\u0218i FRECAT - \u0219i cu banii lua\u021bi din cont! La Suceava Justi\u021bia e OARB\u0102 pentru unii! Povestea Hummerului\" width=\"696\" height=\"392\" src=\"https:\/\/www.youtube.com\/embed\/FXMfPr8aPlU?feature=oembed&amp;enablejsapi=1\" frameborder allow=\"accelerometer; autoplay; clipboard-write; encrypted-media; gyroscope; picture-in-picture; web-share\" referrerpolicy=\"strict-origin-when-cross-origin\" allowfullscreen><\/iframe><\/div>\n<\/div>\n<\/figure>\n<div class=\"td-a-rec td-a-rec-id-content_bottom  tdi_4 td_block_template_1\"><strong>Intr\u0103 acum \u0219i \u00een grupul de <\/p>\n<div class=\"wp-block-button\"><a class=\"wp-block-button__link wp-element-button\" href=\"https:\/\/t.me\/+TH8wcfnp8fw5NWI0\">Telegram News Bucovina<\/a><\/div>\n<p><\/strong><\/div>\n<\/div>\n<div class=\"td-post-content tagdiv-type\">\n<div class=\"td-a-rec td-a-rec-id-content_top  tdi_3 td_block_template_1\"><strong>Intr\u0103 acum \u0219i \u00een grupul de <\/p>\n<div class=\"wp-block-button\"><a class=\"wp-block-button__link wp-element-button\" href=\"https:\/\/t.me\/+TH8wcfnp8fw5NWI0\">Telegram News Bucovina<\/a><\/div>\n<p><\/strong><\/div>\n<p class=\"wp-block-paragraph\">Muzeul Na\u021bional al Bucovinei invit\u0103 copiii, p\u0103rin\u021bii \u0219i bunicii s\u0103 devin\u0103, pentru o zi, designeri ai Cur\u021bii Domne\u0219ti din Suceava. Proiectul de educa\u021bie muzeal\u0103 \u201eDesigner la Curtea Domneasc\u0103 din Suceava\u201d se va desf\u0103\u0219ura s\u00e2mb\u0103t\u0103 \u0219i duminic\u0103, 29 \u0219i 30 august 2026, la Muzeul de Istorie Suceava.<\/p>\n<div class=\"wp-block-image\">\n<figure class=\"aligncenter size-large\"><a href=\"https:\/\/cdn.newsbucovina.ro\/wp-content\/uploads\/2026\/08\/afis-Designer-la-Curtea-Domneasca-2.png\"><img loading=\"lazy\" decoding=\"async\" width=\"724\" height=\"1024\" src=\"https:\/\/cdn.newsbucovina.ro\/wp-content\/uploads\/2026\/08\/afis-Designer-la-Curtea-Domneasca-2-724x1024.png\" alt class=\"wp-image-446123\"><\/a><\/figure>\n<\/div>\n<p class=\"wp-block-paragraph\">Atelierele propun o incursiune interactiv\u0103 \u00een moda Evului Mediu. Participan\u021bii vor afla cum ar\u0103tau ve\u0219mintele domni\u021belor \u0219i boierilor, ce materiale se foloseau, ce rol aveau ornamentele \u0219i simbolurile \u0219i \u00een ce fel \u00eembr\u0103c\u0103mintea putea vorbi despre rangul \u0219i statutul celui care o purta.<\/p>\n<p class=\"wp-block-paragraph\">Dup\u0103 partea de informare istoric\u0103, \u00eencepe activitatea creativ\u0103. \u00cen echipe adult\u2013copil, cei prezen\u021bi vor realiza colaje vestimentare inspirate de elegan\u021ba Cur\u021bii Domne\u0219ti, folosind catifea, brocart, blan\u0103 sintetic\u0103, dantel\u0103, perle, fir auriu, plas\u0103 decorativ\u0103 \u0219i alte materiale. Fiecare crea\u021bie va putea fi luat\u0103 acas\u0103 ca amintire.<\/p>\n<p class=\"wp-block-paragraph\">Tema se realizeaz\u0103 integral \u00een cadrul unui singur atelier. Prin acest proiect, Muzeul Na\u021bional al Bucovinei \u00ee\u0219i propune s\u0103 aduc\u0103 patrimoniul \u0219i istoria mai aproape de publicul t\u00e2n\u0103r, \u00eentr-o manier\u0103 accesibil\u0103 \u0219i atractiv\u0103, stimul\u00e2nd creativitatea, lucrul \u00een echip\u0103 \u0219i curiozitatea fa\u021b\u0103 de trecut.<\/p>\n<p class=\"wp-block-paragraph\"><strong>\u00censcrieri \u0219i detalii practice<\/strong><\/p>\n<p class=\"wp-block-paragraph\">Participarea se face pe baza fi\u0219ei de \u00eenscriere, disponibil\u0103 pe pagina de Facebook Muzeul de Istorie Suceava \u2013 History Museum. Fi\u0219a completat\u0103 poate fi depus\u0103 la Muzeul de Istorie Suceava (str. \u0218tefan cel Mare nr. 33, Serviciul Istorie Natural\u0103, Marketing \u0219i Educa\u021bie Muzeal\u0103) sau transmis\u0103 pe e-mail la <a href=\"https:\/\/www.newsbucovina.ro\/cdn-cgi\/l\/email-protection#0865697a636d7c61666f48657d726d7d646a7d6b677e61666d61267a67\" target=\"_blank\" rel=\"noreferrer noopener\"><span class=\"__cf_email__\" data-cfemail=\"cea3afbca5abbaa7a0a98ea3bbb4abbba2acbbada1b8a7a0aba7e0bca1\">[email\u00a0protected]<\/span><\/a>.<\/p>\n<p class=\"wp-block-paragraph\">Data-limit\u0103 pentru \u00eenscriere este 27 august 2026. Locurile sunt limitate \u2013 maximum 20 de participan\u021bi (copii \u0219i adul\u021bi) pentru fiecare atelier \u2013 \u0219i se ocup\u0103 \u00een ordinea \u00eenscrierii. Taxa de participare este de 10 lei\/persoan\u0103 \u0219i se achit\u0103 la casa de bilete a muzeului, \u00een ziua atelierului.<\/p>\n<p class=\"wp-block-paragraph\">Pentru informa\u021bii suplimentare, organizatorii pot fi contacta\u021bi la 0230 216 439, interior 116. Orice modificare de program va fi anun\u021bat\u0103 \u00een timp util.<\/p>\n<p class=\"wp-block-paragraph\">Proiectul este aprobat \u0219i finan\u021bat de Consiliul Jude\u021bean Suceava.<\/p>\n<figure class=\"wp-block-embed is-type-video is-provider-youtube wp-block-embed-youtube wp-embed-aspect-16-9 wp-has-aspect-ratio\">\n<div class=\"wp-block-embed__wrapper\">\n<div class=\"youtube-embed\" data-video_id=\"FXMfPr8aPlU\"><iframe loading=\"lazy\" title=\"\u0218i FRECAT - \u0219i cu banii lua\u021bi din cont! La Suceava Justi\u021bia e OARB\u0102 pentru unii! Povestea Hummerului\" width=\"696\" height=\"392\" src=\"https:\/\/www.youtube.com\/embed\/FXMfPr8aPlU?feature=oembed&amp;enablejsapi=1\" frameborder allow=\"accelerometer; autoplay; clipboard-write; encrypted-media; gyroscope; picture-in-picture; web-share\" referrerpolicy=\"strict-origin-when-cross-origin\" allowfullscreen><\/iframe><\/div>\n<\/div>\n<\/figure>\n<div class=\"td-a-rec td-a-rec-id-content_bottom  tdi_4 td_block_template_1\"><strong>Intr\u0103 acum \u0219i \u00een grupul de <\/p>\n<div class=\"wp-block-button\"><a class=\"wp-block-button__link wp-element-button\" href=\"https:\/\/t.me\/+TH8wcfnp8fw5NWI0\">Telegram News Bucovina<\/a><\/div>\n<p><\/strong><\/div>\n<\/div>\n<p>[analyse_source url=&#8221;https:\/\/www.newsbucovina.ro\/evenimente\/446122\/designer-la-curtea-domneasca-din-suceava-ateliere-creative-de-colaje-textile-pentru-familii-pe-29-si-30-august-la-muzeul-de-istorie&#8221;]<\/p>\n","protected":false},"excerpt":{"rendered":"<p>[analyse_image type=&#8221;featured&#8221; src=&#8221;https:\/\/www.newsbucovina.ro\/wp-content\/uploads\/2026\/08\/afis-Designer-la-Curtea-Domneasca-2-1.pnghttps:\/\/cdn.newsbucovina.ro\/wp-content\/uploads\/2026\/08\/afis-Designer-la-Curtea-Domneasca-2-1.png&#8221;] Intr\u0103 acum \u0219i \u00een grupul de Telegram News Bucovina Muzeul Na\u021bional al Bucovinei invit\u0103 copiii, p\u0103rin\u021bii \u0219i bunicii s\u0103 devin\u0103, pentru o zi, designeri ai Cur\u021bii Domne\u0219ti din Suceava. Proiectul de educa\u021bie muzeal\u0103 \u201eDesigner la Curtea Domneasc\u0103 din Suceava\u201d se va desf\u0103\u0219ura s\u00e2mb\u0103t\u0103 \u0219i duminic\u0103, 29 \u0219i 30 august 2026, la Muzeul [&hellip;]<\/p>\n","protected":false},"author":1,"featured_media":0,"comment_status":"open","ping_status":"","sticky":false,"template":"","format":"standard","meta":{"footnotes":""},"categories":[89],"tags":[226,165],"class_list":["post-2087100","post","type-post","status-publish","format-standard","hentry","category-romania","tag-crawlmanager","tag-newsbucovina-ro"],"_links":{"self":[{"href":"https:\/\/analyse.optim.biz\/index.php?rest_route=\/wp\/v2\/posts\/2087100","targetHints":{"allow":["GET"]}}],"collection":[{"href":"https:\/\/analyse.optim.biz\/index.php?rest_route=\/wp\/v2\/posts"}],"about":[{"href":"https:\/\/analyse.optim.biz\/index.php?rest_route=\/wp\/v2\/types\/post"}],"author":[{"embeddable":true,"href":"https:\/\/analyse.optim.biz\/index.php?rest_route=\/wp\/v2\/users\/1"}],"replies":[{"embeddable":true,"href":"https:\/\/analyse.optim.biz\/index.php?rest_route=%2Fwp%2Fv2%2Fcomments&post=2087100"}],"version-history":[{"count":0,"href":"https:\/\/analyse.optim.biz\/index.php?rest_route=\/wp\/v2\/posts\/2087100\/revisions"}],"wp:attachment":[{"href":"https:\/\/analyse.optim.biz\/index.php?rest_route=%2Fwp%2Fv2%2Fmedia&parent=2087100"}],"wp:term":[{"taxonomy":"category","embeddable":true,"href":"https:\/\/analyse.optim.biz\/index.php?rest_route=%2Fwp%2Fv2%2Fcategories&post=2087100"},{"taxonomy":"post_tag","embeddable":true,"href":"https:\/\/analyse.optim.biz\/index.php?rest_route=%2Fwp%2Fv2%2Ftags&post=2087100"}],"curies":[{"name":"wp","href":"https:\/\/api.w.org\/{rel}","templated":true}]}}