{"id":2086980,"date":"2026-08-10T15:02:32","date_gmt":"2026-08-10T12:02:32","guid":{"rendered":"https:\/\/analyse.optim.biz\/?p=2086980"},"modified":"2026-08-10T15:02:32","modified_gmt":"2026-08-10T12:02:32","slug":"s-a-rasturnat-cu-masina-in-timp-ce-se-uita-la-copiii-de-pe-bancheta-din-spate-stiri-suceava","status":"publish","type":"post","link":"https:\/\/analyse.optim.biz\/?p=2086980","title":{"rendered":"S-a r\u0103sturnat cu ma\u0219ina \u00een timp ce se uita la copiii de pe bancheta din spate &#8211; Stiri Suceava"},"content":{"rendered":"<p>[analyse_image type=&#8221;featured&#8221; src=&#8221;https:\/\/www.informatiata.ro\/wp-content\/uploads\/2026\/08\/accidentullll-1024&#215;706.png&#8221;]<\/p>\n<div class=\"td-post-content tagdiv-type\">\n<div class=\"td-post-featured-image\"><a href=\"https:\/\/www.informatiata.ro\/wp-content\/uploads\/2026\/08\/accidentullll-scaled.png\" data-caption><img loading=\"lazy\" decoding=\"async\" width=\"696\" height=\"480\" class=\"entry-thumb td-modal-image\" src=\"https:\/\/www.informatiata.ro\/wp-content\/uploads\/2026\/08\/accidentullll-696x480.png\" alt title=\"accidentullll\"><img loading=\"lazy\" decoding=\"async\" width=\"696\" height=\"480\" class=\"entry-thumb td-modal-image\" src=\"https:\/\/www.informatiata.ro\/wp-content\/uploads\/2026\/08\/accidentullll-696x480.png\" alt title=\"accidentullll\"><\/a><\/div>\n<p>S-a r\u0103sturnat cu ma\u0219ina \u00een timp ce se uita la copiii de pe bancheta din spate. Accidentul rutier s-a petrecut duminic\u0103 dup\u0103-amiaz\u0103, la Pojor\u00e2ta, \u00een jude\u021bul Suceava.<\/p>\n<p>La data de 09.08.2026, \u00een jurul orei 16:00, \u00een timp ce un b\u0103rbat din ora\u0219ul Cajvana, jude\u021bul Suceava, conducea autovehiculul marca Kia pe DN 17, \u00een interiorul localit\u0103\u021bii Pojor\u00e2ta, din cauz\u0103 c\u0103 a desf\u0103\u0219urat alte activit\u0103\u021bi pe timpul condusului, \u00een spe\u021b\u0103 c\u0103 s-a uitat la copiii de pe bancheta din spate, a fost distras \u0219i a pierdut controlul asupra direc\u021biei de deplasare.<\/p>\n<div class=\"td-a-rec td-a-rec-id-content_inlineright  tdi_7 td_block_template_1\"><img loading=\"lazy\" decoding=\"async\" class=\"aligncenter size-full wp-image-65755\" src=\"https:\/\/www.informatiata.ro\/wp-content\/uploads\/2026\/08\/FACOS-3-2.gif\" alt width=\"300\" height=\"250\"><img loading=\"lazy\" decoding=\"async\" class=\"aligncenter size-full wp-image-65755\" src=\"https:\/\/www.informatiata.ro\/wp-content\/uploads\/2026\/08\/FACOS-3-2.gif\" alt width=\"300\" height=\"250\"><img loading=\"lazy\" decoding=\"async\" class=\"aligncenter size-full wp-image-65754\" src=\"https:\/\/www.informatiata.ro\/wp-content\/uploads\/2026\/08\/SAVCOM-4-3.gif\" alt width=\"299\" height=\"250\"><img loading=\"lazy\" decoding=\"async\" class=\"aligncenter size-full wp-image-65754\" src=\"https:\/\/www.informatiata.ro\/wp-content\/uploads\/2026\/08\/SAVCOM-4-3.gif\" alt width=\"299\" height=\"250\"><\/div>\n<p>Ma\u0219ina b\u0103rbatului a acro\u0219at bordura din partea dreapt\u0103, fiind ulterior proiectat\u0103 pe cupol\u0103, \u00een afara p\u0103r\u021bii carosabile.<\/p>\n<p>\u00cen urma producerii accidentului, o feti\u021b\u0103\u00a0 \u00een v\u00e2rst\u0103 de 13 ani, fiica \u0219oferului, pasager\u0103 pe locul din dreapta fa\u021b\u0103, a fost r\u0103nit\u0103.<\/p>\n<p>Aceasta a fost transportat\u0103 cu o ambulan\u021b\u0103 SMURD la Spitalul Municipal C\u00e2mpulung Moldovenesc, fiind ulterior transferat\u0103 la Spitalul Clinic Jude\u021bean de Urgen\u021be ,,Sf. Ioan cel Nou\u201d Suceava pentru investiga\u021bii am\u0103nun\u021bite.<\/p>\n<p>\u00cen urma evenimentului rutier au rezultat \u0219i alte pagube materiale, respectiv avarierea cutiei de gaz inactive apar\u021bin\u00e2nd Delgaz Grid, precum \u0219i a st\u00e2lpului cu panouri succesive av\u00e2nd semnifica\u021bia ,,curb\u0103 deosebit de periculoas\u0103 la st\u00e2nga\u201d.<\/p>\n<p>Conduc\u0103torul auto a fost testat cu aparatul etilometru, rezultatul fiind negativ.<\/p>\n<p>A fost \u00eentocmit dosar penal, sub aspectul s\u0103v\u00e2r\u015firii infrac\u0163iunii de ,,v\u0103t\u0103mare corporal\u0103 din culp\u0103\u201d.<\/p>\n<p>\u00a0<\/p>\n<div class=\"td-a-rec td-a-rec-id-content_bottom  td-rec-hide-on-m tdi_8 td_block_template_1\"><img loading=\"lazy\" decoding=\"async\" class=\"aligncenter size-full wp-image-65603\" src=\"https:\/\/www.informatiata.ro\/wp-content\/uploads\/2026\/07\/SAVCOM-19.gif\" alt width=\"299\" height=\"250\"><img loading=\"lazy\" decoding=\"async\" class=\"aligncenter size-full wp-image-65603\" src=\"https:\/\/www.informatiata.ro\/wp-content\/uploads\/2026\/07\/SAVCOM-19.gif\" alt width=\"299\" height=\"250\"><img loading=\"lazy\" decoding=\"async\" class=\"aligncenter size-full wp-image-65604\" src=\"https:\/\/www.informatiata.ro\/wp-content\/uploads\/2026\/07\/FACOS-16.gif\" alt width=\"300\" height=\"250\"><img loading=\"lazy\" decoding=\"async\" class=\"aligncenter size-full wp-image-65604\" src=\"https:\/\/www.informatiata.ro\/wp-content\/uploads\/2026\/07\/FACOS-16.gif\" alt width=\"300\" height=\"250\"><\/div>\n<\/div>\n<p>[analyse_source url=&#8221;https:\/\/www.informatiata.ro\/accident-rasturnat-cu-masina-pojorata\/&#8221;]<\/p>\n","protected":false},"excerpt":{"rendered":"<p>[analyse_image type=&#8221;featured&#8221; src=&#8221;https:\/\/www.informatiata.ro\/wp-content\/uploads\/2026\/08\/accidentullll-1024&#215;706.png&#8221;] S-a r\u0103sturnat cu ma\u0219ina \u00een timp ce se uita la copiii de pe bancheta din spate. Accidentul rutier s-a petrecut duminic\u0103 dup\u0103-amiaz\u0103, la Pojor\u00e2ta, \u00een jude\u021bul Suceava. La data de 09.08.2026, \u00een jurul orei 16:00, \u00een timp ce un b\u0103rbat din ora\u0219ul Cajvana, jude\u021bul Suceava, conducea autovehiculul marca Kia pe DN 17, [&hellip;]<\/p>\n","protected":false},"author":1,"featured_media":0,"comment_status":"open","ping_status":"","sticky":false,"template":"","format":"standard","meta":{"footnotes":""},"categories":[89],"tags":[226,167],"class_list":["post-2086980","post","type-post","status-publish","format-standard","hentry","category-romania","tag-crawlmanager","tag-informatiata-ro"],"_links":{"self":[{"href":"https:\/\/analyse.optim.biz\/index.php?rest_route=\/wp\/v2\/posts\/2086980","targetHints":{"allow":["GET"]}}],"collection":[{"href":"https:\/\/analyse.optim.biz\/index.php?rest_route=\/wp\/v2\/posts"}],"about":[{"href":"https:\/\/analyse.optim.biz\/index.php?rest_route=\/wp\/v2\/types\/post"}],"author":[{"embeddable":true,"href":"https:\/\/analyse.optim.biz\/index.php?rest_route=\/wp\/v2\/users\/1"}],"replies":[{"embeddable":true,"href":"https:\/\/analyse.optim.biz\/index.php?rest_route=%2Fwp%2Fv2%2Fcomments&post=2086980"}],"version-history":[{"count":0,"href":"https:\/\/analyse.optim.biz\/index.php?rest_route=\/wp\/v2\/posts\/2086980\/revisions"}],"wp:attachment":[{"href":"https:\/\/analyse.optim.biz\/index.php?rest_route=%2Fwp%2Fv2%2Fmedia&parent=2086980"}],"wp:term":[{"taxonomy":"category","embeddable":true,"href":"https:\/\/analyse.optim.biz\/index.php?rest_route=%2Fwp%2Fv2%2Fcategories&post=2086980"},{"taxonomy":"post_tag","embeddable":true,"href":"https:\/\/analyse.optim.biz\/index.php?rest_route=%2Fwp%2Fv2%2Ftags&post=2086980"}],"curies":[{"name":"wp","href":"https:\/\/api.w.org\/{rel}","templated":true}]}}