{"id":2086970,"date":"2026-08-10T14:22:49","date_gmt":"2026-08-10T11:22:49","guid":{"rendered":"https:\/\/analyse.optim.biz\/?p=2086970"},"modified":"2026-08-10T14:22:49","modified_gmt":"2026-08-10T11:22:49","slug":"chiar-nu-au-fost-rapiti-copii-in-romania-ce-se-omite-in-cazul-ambulanta-atacata-la-recea-cristur","status":"publish","type":"post","link":"https:\/\/analyse.optim.biz\/?p=2086970","title":{"rendered":"Chiar nu au fost r\u0103pi\u021bi copii \u00een Rom\u00e2nia? Ce se omite \u00een cazul \u201eAmbulan\u021ba atacat\u0103\u201d la Recea-Cristur"},"content":{"rendered":"<p>[analyse_image type=&#8221;featured&#8221; src=&#8221;https:\/\/r3media.ro\/wp-content\/uploads\/2020\/10\/alexandra-macesanu-mihai-gheorghiu.pnghttps:\/\/r3media.ro\/wp-content\/uploads\/2020\/10\/alexandra-macesanu-mihai-gheorghiu.png&#8221;]<\/p>\n<article id=\"template-id-109\" class=\"post-109 tdb_templates type-tdb_templates status-publish post\">\n<div id=\"tdi_2\" class=\"tdc-zone\">\n<div class=\"tdc_zone tdi_3  wpb_row td-pb-row\">\n<div id=\"tdi_4\" class=\"tdc-row\">\n<div class=\"vc_row tdi_5  wpb_row td-pb-row\">\n<div class=\"vc_column tdi_7  wpb_column vc_column_container tdc-column td-pb-span8\">\n<div class=\"wpb_wrapper\">\n<div class=\"td_block_wrap tdb_breadcrumbs tdi_8 td-pb-border-top td_block_template_1 tdb-breadcrumbs \" data-td-block-uid=\"tdi_8\">\n<div class=\"tdb-block-inner td-fix-index\"><span><a title=\"Vede\u021bi toate articolele \u00een FEATURED\" class=\"tdb-entry-crumb\" href=\"https:\/\/r3media.ro\/category\/featured\/\">FEATURED<\/a><\/span><span class=\"tdb-bred-no-url-last\">Chiar nu au fost r\u0103pi\u021bi copii \u00een Rom\u00e2nia? Ce se omite \u00een&#8230;<\/span><\/div>\n<\/div>\n<div class=\"td_block_wrap tdb_single_categories tdi_9 td-pb-border-top td_block_template_1 \" data-td-block-uid=\"tdi_9\">\n<div class=\"tdb-category td-fix-index\"><a class=\"tdb-entry-category\" href=\"https:\/\/r3media.ro\/category\/featured\/\">FEATURED<\/a><a class=\"tdb-entry-category\" href=\"https:\/\/r3media.ro\/category\/stiri\/\">\u0218TIRI<\/a><\/div>\n<\/div>\n<div class=\"td_block_wrap tdb_title tdi_10 tdb-single-title td-pb-border-top td_block_template_1\" data-td-block-uid=\"tdi_10\">\n<div class=\"tdb-block-inner td-fix-index\">\n<h1 class=\"tdb-title-text\">Chiar nu au fost r\u0103pi\u021bi copii \u00een Rom\u00e2nia? Ce se omite \u00een cazul \u201eAmbulan\u021ba atacat\u0103\u201d la Recea-Cristur<\/h1>\n<\/div>\n<\/div>\n<div class=\"vc_row_inner tdi_12  vc_row vc_inner wpb_row td-pb-row\">\n<div class=\"vc_column_inner tdi_14  wpb_column vc_column_container tdc-inner-column td-pb-span12\">\n<div class=\"vc_column-inner\">\n<div class=\"wpb_wrapper\">\n<div class=\"td_block_wrap tdb_single_author tdi_15 td-pb-border-top td_block_template_1 tdb-post-meta\" data-td-block-uid=\"tdi_15\">\n<div class=\"tdb-block-inner td-fix-index\">\n<div class=\"tdb-author-name-wrap\"><a class=\"tdb-author-name\" href=\"https:\/\/r3media.ro\/author\/teodor_stan\/\">Teodor Stan<\/a><\/div>\n<\/div>\n<\/div>\n<div class=\"td_block_wrap tdb_single_date tdi_16 td-pb-border-top td_block_template_1 tdb-post-meta\" data-td-block-uid=\"tdi_16\">\n<div class=\"tdb-block-inner td-fix-index\"><time class=\"entry-date updated td-module-date\" datetime=\"2026-08-10T17:22:49+03:00\">10\/08\/2026<\/time><\/div>\n<\/div>\n<\/div>\n<\/div>\n<\/div>\n<\/div>\n<div class=\"td_block_wrap tdb_single_featured_image tdi_17 tdb-content-horiz-left td-pb-border-top td_block_template_1\" data-td-block-uid=\"tdi_17\">\n<div class=\"tdb-block-inner td-fix-index\">\n<figure><figcaption class=\"tdb-caption-text\">Sursa foto: Adev\u0103rul.ro<\/figcaption><\/figure>\n<\/div>\n<\/div>\n<div class=\"td_block_wrap tdb_single_content tdi_18 td-pb-border-top td_block_template_1 td-post-content tagdiv-type\" data-td-block-uid=\"tdi_18\">\n<div class=\"tdb-block-inner td-fix-index\">\n<p><strong>O ambulan\u021b\u0103 a fost atacat\u0103, s\u00e2mb\u0103t\u0103 noaptea, \u00een localitatea Recea-Cristur, din jude\u021bul Cluj, autorit\u0103\u021bile afirm\u00e2nd c\u0103 motivul a fost un zvon r\u0103sp\u00e2ndit pe re\u021belele sociale potrivit c\u0103ruia vehiculul r\u0103pea copii.<\/strong><\/p>\n<p>\u00cen urma atacului, \u0219oferul autosanitarei a fost r\u0103nit la ochi de cioburile geamului spart \u0219i a fost operat.<\/p>\n<p>Incidentul a declan\u0219at o adev\u0103rat\u0103 furtun\u0103 de \u00eendemnuri la adoptarea unor legi \u201e\u00eempotriva dezinform\u0103rii online\u201d.<\/p>\n<p>Primul a fost chiar \u0219eful DSU, Raed Arafat.<\/p>\n<p>\u201eViolen\u021ba \u00eempotriva salvatorilor este inacceptabil\u0103. Iar dezinformarea care poate conduce la asemenea acte trebuie tratat\u0103 cu maxim\u0103 seriozitate de autorit\u0103\u021bi, de platformele de socializare \u015fi de fiecare dintre noi. O ambulan\u021b\u0103 care vine s\u0103 salveze nu poate deveni \u021binta violen\u021bei din cauza unei minciuni r\u0103sp\u00e2ndite online!\u201d, a spus Arafat, citat de <a href=\"https:\/\/www.news.ro\/eveniment\/ambulanta-atacata-in-judetul-cluj-arafat-o-ambulanta-care-vine-sa-salveze-nu-poate-deveni-tinta-violentei-din-cauza-unei-minciuni-raspandite-online-1922403509002026081122607485\" target=\"_blank\" rel=\"noopener\">News.ro<\/a>.<\/p>\n<p>A urmat Ministrul interimar al Ap\u0103r\u0103rii, Radu Miru\u021b\u0103. Acesta a cerut adoptarea legii privind limitarea r\u0103sp\u00e2ndirii pe re\u021belele sociale a con\u021binutului manipulator \u0219i ilegal, adoptat\u0103 tacit de Senat \u0219i aflat\u0103 la Camera Deputa\u021bilor, a scris <a href=\"https:\/\/tvrinfo.ro\/radu-miruta-ii-cere-lui-sorin-grindeanu-sa-deblocheze-legea-impotriva-dezinformarii-dupa-atacul-asupra-unei-ambulante-din-cluj\/\" target=\"_blank\" rel=\"noopener\">TVR Info.<\/a><\/p>\n<p>Vicepremierul Oana Gheorghiu <a href=\"https:\/\/www.facebook.com\/oana.gheorghiu.58\/posts\/pfbid02Aq24dRUsjyB1D8bguTzKeQ1DZP7j5AQC13wvwoK1aydfd3ep2UTYDdTsKnYfqkxAl\" target=\"_blank\" rel=\"noopener\">a sus\u021binut<\/a> \u0219i ea c\u0103: \u201eAvem nevoie de o lege puternic\u0103 \u00eempotriv\u0103 dezinform\u0103rii \u0219i manipul\u0103rii online\u201d.<\/p>\n<p>Remarcabil este c\u0103 majoritatea absolut\u0103 a celor care cer o lege \u00eempotriva dezinform\u0103rii sunt politicieni afla\u021bi \u00een Guvern sau la putere.<\/p>\n<p>\u00a0<\/p>\n<h2><strong>\u0218i totu\u0219i, nu dispar copii \u00een Rom\u00e2nia?<\/strong><\/h2>\n<p>\u00cen avalan\u0219a luptei \u00eempotriva dezinform\u0103rii, se trece cu vederea o \u00eentrebare esen\u021bial\u0103: de ce se tem oamenii c\u0103 le vor fi r\u0103pi\u021bi copiii?<\/p>\n<p>Publica\u021bia <a href=\"https:\/\/www.news.ro\/social\/documentar-anatomia-unei-frici-colective-furtul-copii-romania-1928-incoace-intre-senzationalism-jurnalistic-antisemitism-propaganda-politica-comunista-impotriva-vestului-decadent-psihoza-digitala-1922401509002026081622608443\" target=\"_blank\" rel=\"noopener\">News.ro<\/a> a scris un text\u00a0privind istoricul temerii \u201efurtului de copii\u201d \u00een Rom\u00e2nia, \u00een care a inventariat diferite situa\u021bii ap\u0103rute de-a lungul ultimilor zeci de ani.<\/p>\n<p>Cu toate acestea, materialul nu precizeaz\u0103 dac\u0103 exist\u0103 adev\u0103r \u00een afirma\u021bia c\u0103 \u00een Rom\u00e2nia \u201ese fur\u0103 copii\u201d.<\/p>\n<p>Realitatea cifrelor este, \u00eens\u0103, clar\u0103 \u0219i \u00eenfior\u0103toare: aproximativ 3.000 de copii dispar, anual, din Rom\u00e2nia \u0219i dispar f\u0103r\u0103 urm\u0103.<\/p>\n<p>Cifra este oferit\u0103 de specialistul num\u0103rul 1 \u00een acest domeniu, jurnalista Adriana Oprea Popescu.<\/p>\n<p>Ziarista care se ocup\u0103 de peste 20 de ani de copii disp\u0103ru\u021bi <a href=\"https:\/\/www.libertatea.ro\/opinii\/opinie-tara-din-care-dispar-copiii-disparuti-jurnalista-adriana-oprea-va-propune-o-incursiune-in-realitate-cat-le-pasa-cu-adevarat-si-ce-au-facut-autorititatile-romane-pentru-copii-pierduti-sau-rap-2644574\" target=\"_blank\" rel=\"noopener\">a scris<\/a> c\u0103 majoritatea acestor copii ajung \u00een m\u00e2inile re\u021belelor de trafic de persoane.<\/p>\n<p>Sunt copii fugi\u0163i de acas\u0103, care r\u0103t\u0103cesc pe str\u0103zi, vulnerabili, devenind de multe ori victime ale re\u0163elelor de trafic de carne vie. Sunt copii r\u0103t\u0103ci\u0163i, care noaptea caut\u0103 singuri drumul spre acas\u0103, pe c\u00e2mp sau prin p\u0103dure, pentru c\u0103 la noi c\u0103ut\u0103rile se opresc odat\u0103 cu l\u0103sarea \u00eentunericului. Sunt copii r\u0103pi\u0163i \u015fi nemaig\u0103si\u0163i niciodat\u0103\u201d, a remarcat ea.<\/p>\n<p>\u00cen acela\u0219i articol, jurnalista scria c\u0103 statul abandoneaz\u0103 relativ repede c\u0103ut\u0103rile dup\u0103 copiii disp\u0103ru\u021bi \u0219i c\u0103, \u00een general, activit\u0103\u021bile se reduc la \u201epreven\u021bie \u0219i bifarea unei ac\u021biuni\u201d.<\/p>\n<h2><strong>De Alexandra M\u0103ce\u0219anu v\u0103 mai aminti\u021bi?<\/strong><\/h2>\n<p>De\u0219i deciden\u021bii par uimi\u021bi de sensibilitatea oamenilor cu privire la r\u0103pirea copiilor, realitatea este c\u0103 una dintre cele mai traumatizate evenimente petrecute dup\u0103 1989 a fost r\u0103pirea \u0219i uciderea Alexandrei M\u0103ce\u0219anu, un copil \u00een v\u00e2rst\u0103 de 15 ani.<\/p>\n<p><a href=\"https:\/\/r3media.ro\/video-pe-1-aprilie-se-lanseaza-filmul-alexandra-bazat-pe-viata-alexandrei-macesanu-din-caracal\/\" target=\"_blank\" rel=\"noopener\">Alexandra M\u0103ce\u0219anu<\/a> (foto) a fost r\u0103pit\u0103 de pe strad\u0103, \u00een comuna Dobrosloveni, \u00een plin\u0103 zi, \u00een data de 24 iulie 2019.<\/p>\n<p>Mai mult, feti\u021ba a apucat s\u0103 sune la 112, dar sistemul de urgen\u021b\u0103 din care f\u0103cea parte \u0219i atunci, Raed Arafat, nu a f\u0103cut nimic pentru a o ajuta.<\/p>\n<p>Acest caz traumatizant nu a fost, \u00eens\u0103, singular. Dispari\u021bia Alexandrei a scos la iveal\u0103 c\u0103 o alt\u0103 fat\u0103, Luiza Melencu, disp\u0103ruse de peste trei luni, f\u0103r\u0103 ca autorit\u0103\u021bile s\u0103 fac\u0103 nimic.<\/p>\n<h2><strong>Rom\u00e2nia, pe primele locuri \u00een UE la copii trafica\u021bi<\/strong><\/h2>\n<p>Potrivit <a href=\"https:\/\/eur-lex.europa.eu\/legal-content\/EN\/TXT\/HTML\/?uri=CELEX:52025SC0004\" target=\"_blank\" rel=\"noopener\">Eurostat<\/a>, \u00eentre 2021-2022, Rom\u00e2nia se afla pe locul 2 \u00een Uniunea European\u0103, la num\u0103rul de copii trafica\u021bi \u00een scopul exploat\u0103rii sexuale, fiind dep\u0103\u0219it\u0103 doar de Fran\u021ba.<\/p>\n<p>Rom\u00e2nia este pe locul 1 \u00een ceea ce prive\u0219te cet\u0103\u021benia victimelor acestei exploat\u0103ri. Cu alte cuvinte, dac\u0103 \u00een Fran\u021ba se mai traficheaz\u0103 \u0219i copii de alte na\u021bionalit\u0103\u021bi, \u00een Rom\u00e2nia se traficheaz\u0103 doar rom\u00e2ni.<\/p>\n<p>Pe scurt: pentru copii, Rom\u00e2nia este de regul\u0103 pe locul 1 ca \u021bar\u0103 de origine \u00een UE \u0219i \u00een top 2\u20133 ca num\u0103r absolut de victime minore \u00eenregistrate.<\/p>\n<p>Cei mai vulnerabili sunt, a\u0219a cum a ar\u0103tat-o \u0219i cazul Alexandrei M\u0103ce\u0219anu,<a href=\"https:\/\/www.g4media.ro\/studiu-despre-traficul-de-copii-in-romania-victimele-sunt-in-general-fete-de-14-15-ani-din-mediul-rural-cu-nivel-de-trai-scazut-din-familii-care-inchid-ochii-capacitatea-de-int.html\" target=\"_blank\" rel=\"noopener\"> copiii din mediul rural<\/a>.<\/p>\n<p>\u00cen aceste condi\u021bii, ne mir\u0103m c\u0103 un incident precum cel de s\u00e2mb\u0103t\u0103 a avut loc\u2026\u00een mediul rural?<\/p>\n<h2><strong>Legea pentru protec\u021bia cadrelor medicale<\/strong><\/h2>\n<p>Apelurile privind necesitatea unei legi privind dezinformarea vin \u00een contextul \u00een care, recent, Parlamentul a adoptat<a href=\"https:\/\/www.cdep.ro\/ords\/pls\/proiecte\/upl_pck2015.proiect?idp=23318\" target=\"_blank\" rel=\"noopener\"> legea nr.166\/2026.<\/a><\/p>\n<p>Este vorba despre un act normativ care prevede \u00een\u0103sprirea pedepselor pentru cei care agreseaz\u0103 personalul medico-sanitar, respectiv asupra personalului medical \u015fi auxiliar, indiferent de forma de exercitare a profesiei \u015fi de unitatea medical\u0103 \u00een care \u00ee\u015fi desf\u0103\u015foar\u0103 activitatea.<\/p>\n<p>Cu alte cuvinte, gravul, dar singularul,\u00a0 incident din jude\u021bul Cluj are un cadru legal de rezolvare. De ce mai este nevoie de \u00eenc\u0103 o lege, care afecteaz\u0103 un cadru mult mai larg, inclusiv al libert\u0103\u021bii de exprimare?<\/p>\n<p>Nu cumva ar trebui, mai \u00eent\u00e2i, s\u0103 se opreasc\u0103 dispari\u021bia a mii de copii, anual, din Rom\u00e2nia?<\/p>\n<\/div>\n<\/div>\n<div class=\"td_block_wrap tdb_single_tags tdi_19 td-pb-border-top td_block_template_1\" data-td-block-uid=\"tdi_19\">\n<div class=\"tdb-block-inner td-fix-index\">\n<ul class=\"tdb-tags\">\n<li><span>SUBIECTE FIERBIN\u021aI<\/span><\/li>\n<li><a href=\"https:\/\/r3media.ro\/tag\/trafic-copii\/\">trafic copii<\/a><\/li>\n<li><a href=\"https:\/\/r3media.ro\/tag\/trafic-de-minori\/\">trafic de minori<\/a><\/li>\n<li><a href=\"https:\/\/r3media.ro\/tag\/traficul-de-persoane\/\">traficul de persoane<\/a><\/li>\n<\/ul>\n<\/div>\n<\/div>\n<div class=\"td_block_wrap td_block_9 tdi_20 td_with_ajax_pagination td-pb-border-top td_block_template_1 td-column-2 td_block_padding td_block_bot_line\" data-td-block-uid=\"tdi_20\">\n<div class=\"td-block-title-wrap\">\n<h4 class=\"block-title td-block-title\"><span class=\"td-pulldown-size\">CITE\u0218TE MAI MULT<\/span><\/h4>\n<\/div>\n<div id=\"tdi_20\" class=\"td_block_inner\">\n<div class=\"td-block-row\">\n<div class=\"td-block-span6\">\n<div class=\"td_module_8 td_module_wrap\">\n<div class=\"item-details\">\n<h3 class=\"entry-title td-module-title\"><a href=\"https:\/\/r3media.ro\/show-iluzie-si-realitate-de-la-the-truman-show-la-son-of-a-rich\/\" rel=\"bookmark\" title=\"Show, iluzie \u0219i realitate: de la The Truman Show la Son of a Rich\">Show, iluzie \u0219i realitate: de la The Truman Show la Son of a Rich<\/a><\/h3>\n<div class=\"td-module-meta-info\"><a href=\"https:\/\/r3media.ro\/category\/actualitate\/\" class=\"td-post-category\">ACTUALITATE<\/a><span class=\"td-post-author-name\"><a href=\"https:\/\/r3media.ro\/author\/costi_balasoiu\/\">Constantin B\u0103l\u0103\u0219oiu<\/a><span>&#8211;<\/span><\/span><span class=\"td-post-date\"><time class=\"entry-date updated td-module-date\" datetime=\"2026-08-08T15:30:25+03:00\">08\/08\/2026<\/time><\/span><\/div>\n<\/div>\n<\/div>\n<\/div>\n<div class=\"td-block-span6\">\n<div class=\"td_module_8 td_module_wrap\">\n<div class=\"item-details\">\n<h3 class=\"entry-title td-module-title\"><a href=\"https:\/\/r3media.ro\/fani-stapanul-inelelor-surpriza-sezonul-3-sauron\/\" rel=\"bookmark\" title=\"Fanii \u201eSt\u0103p\u00e2nul Inelelor\u201c ar putea avea o surpriz\u0103 \u00een sezonul 3 din serialul \u201eInelele Puterii\u201c. Sauron se va confrunta cu o creatur\u0103 de temut\">Fanii \u201eSt\u0103p\u00e2nul Inelelor\u201c ar putea avea o surpriz\u0103 \u00een sezonul 3 din serialul \u201eInelele&#8230;<\/a><\/h3>\n<div class=\"td-module-meta-info\"><a href=\"https:\/\/r3media.ro\/category\/actualitate\/\" class=\"td-post-category\">ACTUALITATE<\/a><span class=\"td-post-author-name\"><a href=\"https:\/\/r3media.ro\/author\/oana\/\">Oana Ivan<\/a><span>&#8211;<\/span><\/span><span class=\"td-post-date\"><time class=\"entry-date updated td-module-date\" datetime=\"2026-08-08T00:19:31+03:00\">08\/08\/2026<\/time><\/span><\/div>\n<\/div>\n<\/div>\n<\/div>\n<\/div>\n<div class=\"td-block-row\">\n<div class=\"td-block-span6\">\n<div class=\"td_module_8 td_module_wrap\">\n<div class=\"item-details\">\n<h3 class=\"entry-title td-module-title\"><a href=\"https:\/\/r3media.ro\/david-popovici-fair-play-sportivi-rusi-competitii\/\" rel=\"bookmark\" title=\"David Popovici, fair-play la revenirea sportivilor ru\u0219i \u00een competi\u021bii: Le urez succes, sper s\u0103 fiu mai bun dec\u00e2t ei\">David Popovici, fair-play la revenirea sportivilor ru\u0219i \u00een competi\u021bii: Le urez succes, sper s\u0103&#8230;<\/a><\/h3>\n<div class=\"td-module-meta-info\"><a href=\"https:\/\/r3media.ro\/category\/actualitate\/\" class=\"td-post-category\">ACTUALITATE<\/a><span class=\"td-post-author-name\"><a href=\"https:\/\/r3media.ro\/author\/redactia\/\">Redac\u021bia<\/a><span>&#8211;<\/span><\/span><span class=\"td-post-date\"><time class=\"entry-date updated td-module-date\" datetime=\"2026-08-07T15:07:51+03:00\">07\/08\/2026<\/time><\/span><\/div>\n<\/div>\n<\/div>\n<\/div>\n<div class=\"td-block-span6\">\n<div class=\"td_module_8 td_module_wrap\">\n<div class=\"item-details\">\n<h3 class=\"entry-title td-module-title\"><a href=\"https:\/\/r3media.ro\/kia-recheama-service-prima-generatie-masini-electrice-e-niro-risc-incendiu\/\" rel=\"bookmark\" title=\"Kia recheam\u0103 \u00een service prima genera\u021bie de ma\u0219ini electrice e-Niro din cauza riscului de incendiu\">Kia recheam\u0103 \u00een service prima genera\u021bie de ma\u0219ini electrice e-Niro din cauza riscului de&#8230;<\/a><\/h3>\n<div class=\"td-module-meta-info\"><a href=\"https:\/\/r3media.ro\/category\/actualitate\/\" class=\"td-post-category\">ACTUALITATE<\/a><span class=\"td-post-author-name\"><a href=\"https:\/\/r3media.ro\/author\/oana\/\">Oana Ivan<\/a><span>&#8211;<\/span><\/span><span class=\"td-post-date\"><time class=\"entry-date updated td-module-date\" datetime=\"2026-08-06T17:07:42+03:00\">06\/08\/2026<\/time><\/span><\/div>\n<\/div>\n<\/div>\n<\/div>\n<\/div>\n<div class=\"td-block-row\">\n<div class=\"td-block-span6\">\n<div class=\"td_module_8 td_module_wrap\">\n<div class=\"item-details\">\n<h3 class=\"entry-title td-module-title\"><a href=\"https:\/\/r3media.ro\/drona-gasita-mare-mamaia-zona-loft-video\/\" rel=\"bookmark\" title=\"VIDEO | O dron\u0103 a fost g\u0103sit\u0103 \u00een mare, \u00een Mamaia, \u00een zona Loft\">VIDEO | O dron\u0103 a fost g\u0103sit\u0103 \u00een mare, \u00een Mamaia, \u00een zona Loft<\/a><\/h3>\n<div class=\"td-module-meta-info\"><a href=\"https:\/\/r3media.ro\/category\/actualitate\/\" class=\"td-post-category\">ACTUALITATE<\/a><span class=\"td-post-author-name\"><a href=\"https:\/\/r3media.ro\/author\/oana\/\">Oana Ivan<\/a><span>&#8211;<\/span><\/span><span class=\"td-post-date\"><time class=\"entry-date updated td-module-date\" datetime=\"2026-08-05T21:48:11+03:00\">05\/08\/2026<\/time><\/span><\/div>\n<\/div>\n<\/div>\n<\/div>\n<div class=\"td-block-span6\">\n<div class=\"td_module_8 td_module_wrap\">\n<div class=\"item-details\">\n<h3 class=\"entry-title td-module-title\"><a href=\"https:\/\/r3media.ro\/cand-incepe-scoala-in-2026-structura-an-nou-scolar\/\" rel=\"bookmark\" title=\"C\u00e2nd \u00eencepe \u0219coala \u00een 2026: Structura noului an \u0219colar, vacan\u021bele \u0219i zilele libere\">C\u00e2nd \u00eencepe \u0219coala \u00een 2026: Structura noului an \u0219colar, vacan\u021bele \u0219i zilele libere<\/a><\/h3>\n<div class=\"td-module-meta-info\"><a href=\"https:\/\/r3media.ro\/category\/actualitate\/\" class=\"td-post-category\">ACTUALITATE<\/a><span class=\"td-post-author-name\"><a href=\"https:\/\/r3media.ro\/author\/oana\/\">Oana Ivan<\/a><span>&#8211;<\/span><\/span><span class=\"td-post-date\"><time class=\"entry-date updated td-module-date\" datetime=\"2026-08-03T22:23:20+03:00\">03\/08\/2026<\/time><\/span><\/div>\n<\/div>\n<\/div>\n<\/div>\n<\/div>\n<div class=\"td-block-row\">\n<div class=\"td-block-span6\">\n<div class=\"td_module_8 td_module_wrap\">\n<div class=\"item-details\">\n<h3 class=\"entry-title td-module-title\"><a href=\"https:\/\/r3media.ro\/tara-europa-norvegia-masini-electrice-inmatriculate-cota-ridicata\/\" rel=\"bookmark\" title=\"\u021aara din Europa unde aproape toate ma\u0219inile \u00eenmatriculate sune electrice. Cota a ajuns la 97,6% \u00een iulie\">\u021aara din Europa unde aproape toate ma\u0219inile \u00eenmatriculate sune electrice. Cota a ajuns la&#8230;<\/a><\/h3>\n<div class=\"td-module-meta-info\"><a href=\"https:\/\/r3media.ro\/category\/actualitate\/\" class=\"td-post-category\">ACTUALITATE<\/a><span class=\"td-post-author-name\"><a href=\"https:\/\/r3media.ro\/author\/oana\/\">Oana Ivan<\/a><span>&#8211;<\/span><\/span><span class=\"td-post-date\"><time class=\"entry-date updated td-module-date\" datetime=\"2026-08-03T17:01:21+03:00\">03\/08\/2026<\/time><\/span><\/div>\n<\/div>\n<\/div>\n<\/div>\n<div class=\"td-block-span6\">\n<div class=\"td_module_8 td_module_wrap\">\n<div class=\"item-details\">\n<h3 class=\"entry-title td-module-title\"><a href=\"https:\/\/r3media.ro\/puterea-mitologica-instalata-a-romaniei\/\" rel=\"bookmark\" title=\"Puterea mitologic\u0103 instalat\u0103 a Rom\u00e2niei\">Puterea mitologic\u0103 instalat\u0103 a Rom\u00e2niei<\/a><\/h3>\n<div class=\"td-module-meta-info\"><a href=\"https:\/\/r3media.ro\/category\/opinii\/\" class=\"td-post-category\">OPINII<\/a><span class=\"td-post-author-name\"><a href=\"https:\/\/r3media.ro\/author\/tru\/\">TRU (Traian Ungureanu)<\/a><span>&#8211;<\/span><\/span><span class=\"td-post-date\"><time class=\"entry-date updated td-module-date\" datetime=\"2026-08-02T22:08:04+03:00\">02\/08\/2026<\/time><\/span><\/div>\n<\/div>\n<\/div>\n<\/div>\n<\/div>\n<div class=\"td-block-row\">\n<div class=\"td-block-span6\">\n<div class=\"td_module_8 td_module_wrap\">\n<div class=\"item-details\">\n<h3 class=\"entry-title td-module-title\"><a href=\"https:\/\/r3media.ro\/hyundai-recheama-service-masini-electrice-inster-risc-incendiu\/\" rel=\"bookmark\" title=\"Hyundai recheam\u0103 \u00een service zeci de mii de ma\u0219ini electrice din cauza riscului de incendiu\">Hyundai recheam\u0103 \u00een service zeci de mii de ma\u0219ini electrice din cauza riscului de&#8230;<\/a><\/h3>\n<div class=\"td-module-meta-info\"><a href=\"https:\/\/r3media.ro\/category\/actualitate\/\" class=\"td-post-category\">ACTUALITATE<\/a><span class=\"td-post-author-name\"><a href=\"https:\/\/r3media.ro\/author\/oana\/\">Oana Ivan<\/a><span>&#8211;<\/span><\/span><span class=\"td-post-date\"><time class=\"entry-date updated td-module-date\" datetime=\"2026-08-02T08:34:05+03:00\">02\/08\/2026<\/time><\/span><\/div>\n<\/div>\n<\/div>\n<\/div>\n<div class=\"td-block-span6\">\n<div class=\"td_module_8 td_module_wrap\">\n<div class=\"item-details\">\n<h3 class=\"entry-title td-module-title\"><a href=\"https:\/\/r3media.ro\/dragostea-care-transcende-epoci-descult-in-parc-1967\/\" rel=\"bookmark\" title=\"Dragostea care transcende epoci \u2014 Descul\u021b \u00een parc (1967)\">Dragostea care transcende epoci \u2014 Descul\u021b \u00een parc (1967)<\/a><\/h3>\n<div class=\"td-module-meta-info\"><a href=\"https:\/\/r3media.ro\/category\/opinii\/\" class=\"td-post-category\">OPINII<\/a><span class=\"td-post-author-name\"><a href=\"https:\/\/r3media.ro\/author\/costi_balasoiu\/\">Constantin B\u0103l\u0103\u0219oiu<\/a><span>&#8211;<\/span><\/span><span class=\"td-post-date\"><time class=\"entry-date updated td-module-date\" datetime=\"2026-08-01T13:45:14+03:00\">01\/08\/2026<\/time><\/span><\/div>\n<\/div>\n<\/div>\n<\/div>\n<\/div>\n<div class=\"td-block-row\">\n<div class=\"td-block-span6\">\n<div class=\"td_module_8 td_module_wrap\">\n<div class=\"item-details\">\n<h3 class=\"entry-title td-module-title\"><a href=\"https:\/\/r3media.ro\/masina-electrica-foc-turcia-incarcat-vehicul-explozie-pompieri-stingere-incendiu-video\/\" rel=\"bookmark\" title=\"VIDEO | O ma\u0219in\u0103 electric\u0103 a luat foc \u00een timp ce se afla la \u00eenc\u0103rcat. Vehiculul a explodat chiar c\u00e2nd pompierii \u00eencercau s\u0103 sting\u0103 incendiul folosind o p\u0103tur\u0103 ignifug\u0103\">VIDEO | O ma\u0219in\u0103 electric\u0103 a luat foc \u00een timp ce se afla la&#8230;<\/a><\/h3>\n<div class=\"td-module-meta-info\"><a href=\"https:\/\/r3media.ro\/category\/actualitate\/\" class=\"td-post-category\">ACTUALITATE<\/a><span class=\"td-post-author-name\"><a href=\"https:\/\/r3media.ro\/author\/oana\/\">Oana Ivan<\/a><span>&#8211;<\/span><\/span><span class=\"td-post-date\"><time class=\"entry-date updated td-module-date\" datetime=\"2026-07-31T13:33:48+03:00\">31\/07\/2026<\/time><\/span><\/div>\n<\/div>\n<\/div>\n<\/div>\n<div class=\"td-block-span6\">\n<div class=\"td_module_8 td_module_wrap\">\n<div class=\"item-details\">\n<h3 class=\"entry-title td-module-title\"><a href=\"https:\/\/r3media.ro\/spania-asediu-migranti-exclava-ceuta-africa-madrid-trupe-securitate-video\/\" rel=\"bookmark\" title=\"VIDEO | Spania se afl\u0103 sub asediu: Mii de migran\u021bi au luat cu asalt exclava Ceuta din Africa. Madridul a trimis trupe pentru a consolida securitatea\">VIDEO | Spania se afl\u0103 sub asediu: Mii de migran\u021bi au luat cu asalt&#8230;<\/a><\/h3>\n<div class=\"td-module-meta-info\"><a href=\"https:\/\/r3media.ro\/category\/actualitate\/\" class=\"td-post-category\">ACTUALITATE<\/a><span class=\"td-post-author-name\"><a href=\"https:\/\/r3media.ro\/author\/oana\/\">Oana Ivan<\/a><span>&#8211;<\/span><\/span><span class=\"td-post-date\"><time class=\"entry-date updated td-module-date\" datetime=\"2026-07-31T12:39:57+03:00\">31\/07\/2026<\/time><\/span><\/div>\n<\/div>\n<\/div>\n<\/div>\n<\/div>\n<\/div>\n<div class=\"td-load-more-wrap td-load-more-infinite-wrap\" id=\"infinite-lm-tdi_20\"><a href=\"https:\/\/r3media.ro\/rapire-copii-romania-ambuanta-atacata-recea-cristur\/\" class=\"td_ajax_load_more td_ajax_load_more_js\" aria-label=\"\u00cenc\u0103rca\u021bi mai multe\" id=\"next-page-tdi_20\" data-td_block_id=\"tdi_20\">\u00cenc\u0103rca\u021bi mai multe<\/a><\/div>\n<\/div>\n<div class=\"td_block_wrap tdb_single_comments tdi_21 tdb-comm-layout2 td-pb-border-top td_block_template_1\" data-td-block-uid=\"tdi_21\">\n<div class=\"tdb-block-inner td-fix-index\">\n<div class=\"comments\" id=\"comments\">\n<div class=\"td-comments-title-wrap td_block_template_1\">\n<h4 class=\"td-comments-title block-title\"><span>1 COMENTARIU<\/span><\/h4>\n<\/div>\n<ol class=\"comment-list\">\n<li class=\"comment \" id=\"comment-40370\">\n<article>\n<footer><cite>Nicu<\/cite><a class=\"comment-link\" href=\"https:\/\/r3media.ro\/rapire-copii-romania-ambuanta-atacata-recea-cristur\/#comment-40370\"><time><br \/>\n10\/08\/2026\t\t\t\t\t\t    La\t\t\t\t\t\t    18:45<\/time><\/a><\/footer>\n<div class=\"comment-content\">\n<p>Aici e vorba de afaceri: <a href=\"https:\/\/youtu.be\/xpDzQPAabqM?is=ZrwnqYRQicpnmUaw\" rel=\"nofollow ugc\">https:\/\/youtu.be\/xpDzQPAabqM?is=ZrwnqYRQicpnmUaw<\/a><\/p>\n<\/div>\n<div class=\"comment-meta\" id=\"comment-40370\"><a rel=\"nofollow\" class=\"comment-reply-link\" href=\"https:\/\/r3media.ro\/rapire-copii-romania-ambuanta-atacata-recea-cristur\/#comment-40370\" data-commentid=\"40370\" data-postid=\"121093\" data-belowelement=\"comment-40370\" data-respondelement=\"respond\" data-replyto=\"R\u0103spunde-i lui Nicu\" aria-label=\"R\u0103spunde-i lui Nicu\">R\u0103spund<\/a><\/div>\n<\/article>\n<\/li>\n<\/ol>\n<div id=\"respond\" class=\"comment-respond\">\n<h3 id=\"reply-title\" class=\"comment-reply-title\">AI CEVA DE SPUS? <small><a rel=\"nofollow\" id=\"cancel-comment-reply-link\" href=\"https:\/\/r3media.ro\/rapire-copii-romania-ambuanta-atacata-recea-cristur\/#respond\">Renun\u021ba\u021bi la r\u0103spuns<\/a><\/small><\/h3>\n<div class=\"comment-form-input-wrap td-form-comment\">\n<div class=\"td-warning-comment\">V\u0103 rug\u0103m s\u0103 introduce\u021bi comentariul dvs.!<\/div>\n<\/div>\n<div class=\"comment-form-input-wrap td-form-author\">\n<div class=\"td-warning-author\">Introduce\u021bi aici numele dvs.<\/div>\n<\/div>\n<div class=\"comment-form-input-wrap td-form-email\">\n<div class=\"td-warning-email-error\">A\u021bi introdus o adres\u0103 de e-mail incorect\u0103!<\/div>\n<div class=\"td-warning-email\">V\u0103 rug\u0103m s\u0103 introduce\u021bi adresa dvs. de e-mail aici<\/div>\n<\/div>\n<\/div>\n<\/div>\n<\/div>\n<\/div>\n<\/div>\n<\/div>\n<div class=\"vc_column tdi_23  wpb_column vc_column_container tdc-column td-pb-span4 td-is-sticky\">\n<div class=\"wpb_wrapper\" data-sticky-enabled-on=\"W3RydWUsdHJ1ZSx0cnVlLHRydWVd\" data-sticky-offset=\"20\" data-sticky-is-width-auto=\"W2ZhbHNlLGZhbHNlLGZhbHNlLGZhbHNlXQ==\">\n<div class=\"wpb_wrapper td_block_wrap vc_widget_sidebar tdi_25 \">\n<div class=\"td_block_wrap td_block_7 td_block_widget tdi_26 td-pb-border-top td_block_template_1 td-column-1 td_block_padding\" data-td-block-uid=\"tdi_26\">\n<div class=\"td-block-title-wrap\">\n<h4 class=\"block-title td-block-title\"><span class=\"td-pulldown-size\">Articole RELA\u021aIONATE<\/span><\/h4>\n<\/div>\n<div id=\"tdi_26\" class=\"td_block_inner\">\n<div class=\"td-block-span12\">\n<div class=\"td_module_6 td_module_wrap td-animation-stack\">\n<div class=\"td-module-thumb\"><a href=\"https:\/\/r3media.ro\/presedintele-serbiei-razboiul-din-ucraina\/\" rel=\"bookmark\" class=\"td-image-wrap \" title=\"Pre\u0219edintele Serbiei nu crede c\u0103 r\u0103zboiul din Ucraina se termin\u0103 cur\u00e2nd: Cred c\u0103 ne afl\u0103m la \u00eenceputul unui r\u0103zboi mult, mult mai mare\"><img loading=\"lazy\" decoding=\"async\" class=\"entry-thumb\" src=\"https:\/\/r3media.ro\/wp-content\/uploads\/2022\/10\/vucic-serbia-kosovo-100x70.jpg\" alt title=\"Pre\u0219edintele Serbiei nu crede c\u0103 r\u0103zboiul din Ucraina se termin\u0103 cur\u00e2nd: Cred c\u0103 ne afl\u0103m la \u00eenceputul unui r\u0103zboi mult, mult mai mare\" width=\"100\" height=\"70\"><\/a><\/div>\n<div class=\"item-details\">\n<h3 class=\"entry-title td-module-title\"><a href=\"https:\/\/r3media.ro\/presedintele-serbiei-razboiul-din-ucraina\/\" rel=\"bookmark\" title=\"Pre\u0219edintele Serbiei nu crede c\u0103 r\u0103zboiul din Ucraina se termin\u0103 cur\u00e2nd: Cred c\u0103 ne afl\u0103m la \u00eenceputul unui r\u0103zboi mult, mult mai mare\">Pre\u0219edintele Serbiei nu crede c\u0103 r\u0103zboiul din Ucraina se termin\u0103 cur\u00e2nd:&#8230;<\/a><\/h3>\n<div class=\"td-module-meta-info\"><span class=\"td-post-date\"><time class=\"entry-date updated td-module-date\" datetime=\"2026-08-10T12:22:44+03:00\">10\/08\/2026<\/time><\/span><\/div>\n<\/div>\n<\/div>\n<\/div>\n<div class=\"td-block-span12\">\n<div class=\"td_module_6 td_module_wrap td-animation-stack\">\n<div class=\"td-module-thumb\"><a href=\"https:\/\/r3media.ro\/masina-electrica-zeekr-7x-foc-statie-incarcare-china-video\/\" rel=\"bookmark\" class=\"td-image-wrap \" title=\"VIDEO | O ma\u0219in\u0103 electric\u0103 Zeekr 7X a luat foc din senin \u00een timp ce se afla \u00eentr-o sta\u021bie de \u00eenc\u0103rcare din China\"><img loading=\"lazy\" decoding=\"async\" class=\"entry-thumb\" src=\"https:\/\/r3media.ro\/wp-content\/uploads\/2026\/08\/masina-electrica-zeekr-7x-a-luat-foc-in-statia-de-incarcare-100x70.png\" alt title=\"VIDEO | O ma\u0219in\u0103 electric\u0103 Zeekr 7X a luat foc din senin \u00een timp ce se afla \u00eentr-o sta\u021bie de \u00eenc\u0103rcare din China\" width=\"100\" height=\"70\"><\/a><\/div>\n<div class=\"item-details\">\n<h3 class=\"entry-title td-module-title\"><a href=\"https:\/\/r3media.ro\/masina-electrica-zeekr-7x-foc-statie-incarcare-china-video\/\" rel=\"bookmark\" title=\"VIDEO | O ma\u0219in\u0103 electric\u0103 Zeekr 7X a luat foc din senin \u00een timp ce se afla \u00eentr-o sta\u021bie de \u00eenc\u0103rcare din China\">VIDEO | O ma\u0219in\u0103 electric\u0103 Zeekr 7X a luat foc din&#8230;<\/a><\/h3>\n<div class=\"td-module-meta-info\"><span class=\"td-post-date\"><time class=\"entry-date updated td-module-date\" datetime=\"2026-08-10T12:20:30+03:00\">10\/08\/2026<\/time><\/span><\/div>\n<\/div>\n<\/div>\n<\/div>\n<div class=\"td-block-span12\">\n<div class=\"td_module_6 td_module_wrap td-animation-stack\">\n<div class=\"td-module-thumb\"><a href=\"https:\/\/r3media.ro\/pis-propune-deportare-polonia-ucraineni-someri\/\" rel=\"bookmark\" class=\"td-image-wrap \" title=\"PiS propune deportarea din Polonia a tuturor ucrainenilor \u0219omeri de v\u00e2rst\u0103 militar\u0103\"><img loading=\"lazy\" decoding=\"async\" class=\"entry-thumb\" src=\"https:\/\/r3media.ro\/wp-content\/uploads\/2023\/03\/Jaroslaw-Kaczynski-100x70.png\" alt title=\"PiS propune deportarea din Polonia a tuturor ucrainenilor \u0219omeri de v\u00e2rst\u0103 militar\u0103\" width=\"100\" height=\"70\"><\/a><\/div>\n<div class=\"item-details\">\n<h3 class=\"entry-title td-module-title\"><a href=\"https:\/\/r3media.ro\/pis-propune-deportare-polonia-ucraineni-someri\/\" rel=\"bookmark\" title=\"PiS propune deportarea din Polonia a tuturor ucrainenilor \u0219omeri de v\u00e2rst\u0103 militar\u0103\">PiS propune deportarea din Polonia a tuturor ucrainenilor \u0219omeri de v\u00e2rst\u0103&#8230;<\/a><\/h3>\n<div class=\"td-module-meta-info\"><span class=\"td-post-date\"><time class=\"entry-date updated td-module-date\" datetime=\"2026-08-10T12:02:26+03:00\">10\/08\/2026<\/time><\/span><\/div>\n<\/div>\n<\/div>\n<\/div>\n<div class=\"td-block-span12\">\n<div class=\"td_module_6 td_module_wrap td-animation-stack\">\n<div class=\"td-module-thumb\"><a href=\"https:\/\/r3media.ro\/serbia-candidatura-ucrainei-aderare-ue-kosovo\/\" rel=\"bookmark\" class=\"td-image-wrap \" title=\"Serbia sus\u021bine candidatura Ucrainei pentru aderarea la UE, Kievul nu recunoa\u0219te Kosovo\"><img loading=\"lazy\" decoding=\"async\" class=\"entry-thumb\" src=\"https:\/\/r3media.ro\/wp-content\/uploads\/2026\/08\/zelenski-vucic-100x70.webp\" alt title=\"Serbia sus\u021bine candidatura Ucrainei pentru aderarea la UE, Kievul nu recunoa\u0219te Kosovo\" width=\"100\" height=\"70\"><\/a><\/div>\n<div class=\"item-details\">\n<h3 class=\"entry-title td-module-title\"><a href=\"https:\/\/r3media.ro\/serbia-candidatura-ucrainei-aderare-ue-kosovo\/\" rel=\"bookmark\" title=\"Serbia sus\u021bine candidatura Ucrainei pentru aderarea la UE, Kievul nu recunoa\u0219te Kosovo\">Serbia sus\u021bine candidatura Ucrainei pentru aderarea la UE, Kievul nu recunoa\u0219te&#8230;<\/a><\/h3>\n<div class=\"td-module-meta-info\"><span class=\"td-post-date\"><time class=\"entry-date updated td-module-date\" datetime=\"2026-08-10T11:20:44+03:00\">10\/08\/2026<\/time><\/span><\/div>\n<\/div>\n<\/div>\n<\/div>\n<div class=\"td-block-span12\">\n<div class=\"td_module_6 td_module_wrap td-animation-stack\">\n<div class=\"td-module-thumb\"><a href=\"https:\/\/r3media.ro\/calin-georgescu-mihai-viteazul\/\" rel=\"bookmark\" class=\"td-image-wrap \" title=\"C\u0103lin Georgescu a declarat c\u0103 \u201eacelea\u0219i interese imperiale\u201d care l-au asasinat pe Mihai Viteazul ac\u021bioneaz\u0103 \u0219i \u00een prezent\"><img loading=\"lazy\" decoding=\"async\" class=\"entry-thumb\" src=\"https:\/\/r3media.ro\/wp-content\/uploads\/2024\/12\/calin-georgescu-ccr-100x70.jpg\" alt title=\"C\u0103lin Georgescu a declarat c\u0103 \u201eacelea\u0219i interese imperiale\u201d care l-au asasinat pe Mihai Viteazul ac\u021bioneaz\u0103 \u0219i \u00een prezent\" width=\"100\" height=\"70\"><\/a><\/div>\n<div class=\"item-details\">\n<h3 class=\"entry-title td-module-title\"><a href=\"https:\/\/r3media.ro\/calin-georgescu-mihai-viteazul\/\" rel=\"bookmark\" title=\"C\u0103lin Georgescu a declarat c\u0103 \u201eacelea\u0219i interese imperiale\u201d care l-au asasinat pe Mihai Viteazul ac\u021bioneaz\u0103 \u0219i \u00een prezent\">C\u0103lin Georgescu a declarat c\u0103 \u201eacelea\u0219i interese imperiale\u201d care l-au asasinat&#8230;<\/a><\/h3>\n<div class=\"td-module-meta-info\"><span class=\"td-post-date\"><time class=\"entry-date updated td-module-date\" datetime=\"2026-08-10T09:49:08+03:00\">10\/08\/2026<\/time><\/span><\/div>\n<\/div>\n<\/div>\n<\/div>\n<div class=\"td-block-span12\">\n<div class=\"td_module_6 td_module_wrap td-animation-stack\">\n<div class=\"td-module-thumb\"><a href=\"https:\/\/r3media.ro\/fara-apa-fara-curent-fara-viitor-cum-au-sacrificat-pro-europenii-romania-pe-altarul-ecologiei-ieftine\/\" rel=\"bookmark\" class=\"td-image-wrap \" title=\"F\u0103r\u0103 ap\u0103, f\u0103r\u0103 curent, f\u0103r\u0103 viitor: cum au sacrificat pro-europenii Rom\u00e2nia pe altarul ecologiei ieftine\"><img loading=\"lazy\" decoding=\"async\" class=\"entry-thumb\" src=\"https:\/\/r3media.ro\/wp-content\/uploads\/2026\/02\/energie-articol-100x70.jpg\" alt title=\"F\u0103r\u0103 ap\u0103, f\u0103r\u0103 curent, f\u0103r\u0103 viitor: cum au sacrificat pro-europenii Rom\u00e2nia pe altarul ecologiei ieftine\" width=\"100\" height=\"70\"><\/a><\/div>\n<div class=\"item-details\">\n<h3 class=\"entry-title td-module-title\"><a href=\"https:\/\/r3media.ro\/fara-apa-fara-curent-fara-viitor-cum-au-sacrificat-pro-europenii-romania-pe-altarul-ecologiei-ieftine\/\" rel=\"bookmark\" title=\"F\u0103r\u0103 ap\u0103, f\u0103r\u0103 curent, f\u0103r\u0103 viitor: cum au sacrificat pro-europenii Rom\u00e2nia pe altarul ecologiei ieftine\">F\u0103r\u0103 ap\u0103, f\u0103r\u0103 curent, f\u0103r\u0103 viitor: cum au sacrificat pro-europenii Rom\u00e2nia&#8230;<\/a><\/h3>\n<div class=\"td-module-meta-info\"><span class=\"td-post-date\"><time class=\"entry-date updated td-module-date\" datetime=\"2026-08-08T22:30:54+03:00\">08\/08\/2026<\/time><\/span><\/div>\n<\/div>\n<\/div>\n<\/div>\n<div class=\"td-block-span12\">\n<div class=\"td_module_6 td_module_wrap td-animation-stack\">\n<div class=\"td-module-thumb\"><a href=\"https:\/\/r3media.ro\/9-august-moartea-lui-mihai-viteazu-primul-unificator-al-romanilor\/\" rel=\"bookmark\" class=\"td-image-wrap \" title=\"Calendarul zilei 9 august: 425 de ani de la moartea lui Mihai Viteazul. Primul unificator al rom\u00e2nilor a fost ucis mi\u0219ele\u0219te chiar de alia\u021bii s\u0103i\"><img loading=\"lazy\" decoding=\"async\" class=\"entry-thumb\" src=\"https:\/\/r3media.ro\/wp-content\/uploads\/2021\/08\/Asasinarea-lui-Mihai-Viteazul-1024x715-1-100x70.jpg\" alt title=\"Calendarul zilei 9 august: 425 de ani de la moartea lui Mihai Viteazul. Primul unificator al rom\u00e2nilor a fost ucis mi\u0219ele\u0219te chiar de alia\u021bii s\u0103i\" width=\"100\" height=\"70\"><\/a><\/div>\n<div class=\"item-details\">\n<h3 class=\"entry-title td-module-title\"><a href=\"https:\/\/r3media.ro\/9-august-moartea-lui-mihai-viteazu-primul-unificator-al-romanilor\/\" rel=\"bookmark\" title=\"Calendarul zilei 9 august: 425 de ani de la moartea lui Mihai Viteazul. Primul unificator al rom\u00e2nilor a fost ucis mi\u0219ele\u0219te chiar de alia\u021bii s\u0103i\">Calendarul zilei 9 august: 425 de ani de la moartea lui&#8230;<\/a><\/h3>\n<div class=\"td-module-meta-info\"><span class=\"td-post-date\"><time class=\"entry-date updated td-module-date\" datetime=\"2026-08-08T22:20:24+03:00\">08\/08\/2026<\/time><\/span><\/div>\n<\/div>\n<\/div>\n<\/div>\n<\/div>\n<\/div>\n<aside class=\"td_block_template_1 widget widget_recent_comments\">\n<h4 class=\"block-title\"><span>INTR\u0102 \u00ceN DISCU\u021aIE!<\/span><\/h4>\n<ul id=\"recentcomments\">\n<li class=\"recentcomments\"><span class=\"comment-author-link\">Nicu<\/span> la <a href=\"https:\/\/r3media.ro\/rapire-copii-romania-ambuanta-atacata-recea-cristur\/#comment-40370\">Chiar nu au fost r\u0103pi\u021bi copii \u00een Rom\u00e2nia? Ce se omite \u00een cazul \u201eAmbulan\u021ba atacat\u0103\u201d la Recea-Cristur<\/a><\/li>\n<li class=\"recentcomments\"><span class=\"comment-author-link\">Nicu<\/span> la <a href=\"https:\/\/r3media.ro\/presedintele-serbiei-razboiul-din-ucraina\/#comment-40369\">Pre\u0219edintele Serbiei nu crede c\u0103 r\u0103zboiul din Ucraina se termin\u0103 cur\u00e2nd: Cred c\u0103 ne afl\u0103m la \u00eenceputul unui r\u0103zboi mult, mult mai mare<\/a><\/li>\n<li class=\"recentcomments\"><span class=\"comment-author-link\">B<\/span> la <a href=\"https:\/\/r3media.ro\/papi-si-conclavuri-traditie-si-anticlericalism-in-cinema-cei-doi-papi-si-conclavul\/#comment-40368\">Papi \u0219i conclavuri, tradi\u021bie \u0219i anticlericalism \u00een cinema: Cei doi papi \u0219i Conclavul<\/a><\/li>\n<li class=\"recentcomments\"><span class=\"comment-author-link\">Cet\u0103\u021bean<\/span> la <a href=\"https:\/\/r3media.ro\/bulgaria-drona-ucraineana-kiev-ucraina\/#comment-40367\">Bulgaria anun\u0163\u0103 c\u0103 drona explodat\u0103 l\u00e2ng\u0103 gazoductul transbalcanic e ucrainean\u0103 \u015fi a convocat-o pe ambasadoarea Kievului. Ucraina transmite c\u0103 nu vizeaz\u0103 \u201e\u00een mod deliberat\u201d Bulgaria<\/a><\/li>\n<li class=\"recentcomments\"><span class=\"comment-author-link\">B<\/span> la <a href=\"https:\/\/r3media.ro\/papi-si-conclavuri-traditie-si-anticlericalism-in-cinema-cei-doi-papi-si-conclavul\/#comment-40365\">Papi \u0219i conclavuri, tradi\u021bie \u0219i anticlericalism \u00een cinema: Cei doi papi \u0219i Conclavul<\/a><\/li>\n<li class=\"recentcomments\"><span class=\"comment-author-link\">E.T.<\/span> la <a href=\"https:\/\/r3media.ro\/papi-si-conclavuri-traditie-si-anticlericalism-in-cinema-cei-doi-papi-si-conclavul\/#comment-40364\">Papi \u0219i conclavuri, tradi\u021bie \u0219i anticlericalism \u00een cinema: Cei doi papi \u0219i Conclavul<\/a><\/li>\n<li class=\"recentcomments\"><span class=\"comment-author-link\">M&#8230; CG<\/span> la <a href=\"https:\/\/r3media.ro\/fara-apa-fara-curent-fara-viitor-cum-au-sacrificat-pro-europenii-romania-pe-altarul-ecologiei-ieftine\/#comment-40363\">F\u0103r\u0103 ap\u0103, f\u0103r\u0103 curent, f\u0103r\u0103 viitor: cum au sacrificat pro-europenii Rom\u00e2nia pe altarul ecologiei ieftine<\/a><\/li>\n<\/ul>\n<\/aside>\n<aside class=\"td_block_template_1 widget widget_search\">\n<h4 class=\"block-title\"><span>CAUT\u0102 \u0218I VEI G\u0102SI<\/span><\/h4>\n<\/aside>\n<\/div>\n<\/div>\n<\/div>\n<\/div>\n<\/div>\n<\/div>\n<\/div>\n<p><span class=\"td-page-meta\"><\/span><span class=\"td-page-meta\"><span class=\"td-page-meta\"><\/span><\/span><span class=\"td-page-meta\"><\/span><\/article>\n<\/p>\n<div class=\"td_block_wrap tdb_single_content tdi_18 td-pb-border-top td_block_template_1 td-post-content tagdiv-type\" data-td-block-uid=\"tdi_18\">\n<div class=\"tdb-block-inner td-fix-index\">\n<p><strong>O ambulan\u021b\u0103 a fost atacat\u0103, s\u00e2mb\u0103t\u0103 noaptea, \u00een localitatea Recea-Cristur, din jude\u021bul Cluj, autorit\u0103\u021bile afirm\u00e2nd c\u0103 motivul a fost un zvon r\u0103sp\u00e2ndit pe re\u021belele sociale potrivit c\u0103ruia vehiculul r\u0103pea copii.<\/strong><\/p>\n<p>\u00cen urma atacului, \u0219oferul autosanitarei a fost r\u0103nit la ochi de cioburile geamului spart \u0219i a fost operat.<\/p>\n<p>Incidentul a declan\u0219at o adev\u0103rat\u0103 furtun\u0103 de \u00eendemnuri la adoptarea unor legi \u201e\u00eempotriva dezinform\u0103rii online\u201d.<\/p>\n<p>Primul a fost chiar \u0219eful DSU, Raed Arafat.<\/p>\n<p>\u201eViolen\u021ba \u00eempotriva salvatorilor este inacceptabil\u0103. Iar dezinformarea care poate conduce la asemenea acte trebuie tratat\u0103 cu maxim\u0103 seriozitate de autorit\u0103\u021bi, de platformele de socializare \u015fi de fiecare dintre noi. O ambulan\u021b\u0103 care vine s\u0103 salveze nu poate deveni \u021binta violen\u021bei din cauza unei minciuni r\u0103sp\u00e2ndite online!\u201d, a spus Arafat, citat de <a href=\"https:\/\/www.news.ro\/eveniment\/ambulanta-atacata-in-judetul-cluj-arafat-o-ambulanta-care-vine-sa-salveze-nu-poate-deveni-tinta-violentei-din-cauza-unei-minciuni-raspandite-online-1922403509002026081122607485\" target=\"_blank\" rel=\"noopener\">News.ro<\/a>.<\/p>\n<p>A urmat Ministrul interimar al Ap\u0103r\u0103rii, Radu Miru\u021b\u0103. Acesta a cerut adoptarea legii privind limitarea r\u0103sp\u00e2ndirii pe re\u021belele sociale a con\u021binutului manipulator \u0219i ilegal, adoptat\u0103 tacit de Senat \u0219i aflat\u0103 la Camera Deputa\u021bilor, a scris <a href=\"https:\/\/tvrinfo.ro\/radu-miruta-ii-cere-lui-sorin-grindeanu-sa-deblocheze-legea-impotriva-dezinformarii-dupa-atacul-asupra-unei-ambulante-din-cluj\/\" target=\"_blank\" rel=\"noopener\">TVR Info.<\/a><\/p>\n<p>Vicepremierul Oana Gheorghiu <a href=\"https:\/\/www.facebook.com\/oana.gheorghiu.58\/posts\/pfbid02Aq24dRUsjyB1D8bguTzKeQ1DZP7j5AQC13wvwoK1aydfd3ep2UTYDdTsKnYfqkxAl\" target=\"_blank\" rel=\"noopener\">a sus\u021binut<\/a> \u0219i ea c\u0103: \u201eAvem nevoie de o lege puternic\u0103 \u00eempotriv\u0103 dezinform\u0103rii \u0219i manipul\u0103rii online\u201d.<\/p>\n<p>Remarcabil este c\u0103 majoritatea absolut\u0103 a celor care cer o lege \u00eempotriva dezinform\u0103rii sunt politicieni afla\u021bi \u00een Guvern sau la putere.<\/p>\n<p>\u00a0<\/p>\n<h2><strong>\u0218i totu\u0219i, nu dispar copii \u00een Rom\u00e2nia?<\/strong><\/h2>\n<p>\u00cen avalan\u0219a luptei \u00eempotriva dezinform\u0103rii, se trece cu vederea o \u00eentrebare esen\u021bial\u0103: de ce se tem oamenii c\u0103 le vor fi r\u0103pi\u021bi copiii?<\/p>\n<p>Publica\u021bia <a href=\"https:\/\/www.news.ro\/social\/documentar-anatomia-unei-frici-colective-furtul-copii-romania-1928-incoace-intre-senzationalism-jurnalistic-antisemitism-propaganda-politica-comunista-impotriva-vestului-decadent-psihoza-digitala-1922401509002026081622608443\" target=\"_blank\" rel=\"noopener\">News.ro<\/a> a scris un text\u00a0privind istoricul temerii \u201efurtului de copii\u201d \u00een Rom\u00e2nia, \u00een care a inventariat diferite situa\u021bii ap\u0103rute de-a lungul ultimilor zeci de ani.<\/p>\n<p>Cu toate acestea, materialul nu precizeaz\u0103 dac\u0103 exist\u0103 adev\u0103r \u00een afirma\u021bia c\u0103 \u00een Rom\u00e2nia \u201ese fur\u0103 copii\u201d.<\/p>\n<p>Realitatea cifrelor este, \u00eens\u0103, clar\u0103 \u0219i \u00eenfior\u0103toare: aproximativ 3.000 de copii dispar, anual, din Rom\u00e2nia \u0219i dispar f\u0103r\u0103 urm\u0103.<\/p>\n<p>Cifra este oferit\u0103 de specialistul num\u0103rul 1 \u00een acest domeniu, jurnalista Adriana Oprea Popescu.<\/p>\n<p>Ziarista care se ocup\u0103 de peste 20 de ani de copii disp\u0103ru\u021bi <a href=\"https:\/\/www.libertatea.ro\/opinii\/opinie-tara-din-care-dispar-copiii-disparuti-jurnalista-adriana-oprea-va-propune-o-incursiune-in-realitate-cat-le-pasa-cu-adevarat-si-ce-au-facut-autorititatile-romane-pentru-copii-pierduti-sau-rap-2644574\" target=\"_blank\" rel=\"noopener\">a scris<\/a> c\u0103 majoritatea acestor copii ajung \u00een m\u00e2inile re\u021belelor de trafic de persoane.<\/p>\n<p>Sunt copii fugi\u0163i de acas\u0103, care r\u0103t\u0103cesc pe str\u0103zi, vulnerabili, devenind de multe ori victime ale re\u0163elelor de trafic de carne vie. Sunt copii r\u0103t\u0103ci\u0163i, care noaptea caut\u0103 singuri drumul spre acas\u0103, pe c\u00e2mp sau prin p\u0103dure, pentru c\u0103 la noi c\u0103ut\u0103rile se opresc odat\u0103 cu l\u0103sarea \u00eentunericului. Sunt copii r\u0103pi\u0163i \u015fi nemaig\u0103si\u0163i niciodat\u0103\u201d, a remarcat ea.<\/p>\n<p>\u00cen acela\u0219i articol, jurnalista scria c\u0103 statul abandoneaz\u0103 relativ repede c\u0103ut\u0103rile dup\u0103 copiii disp\u0103ru\u021bi \u0219i c\u0103, \u00een general, activit\u0103\u021bile se reduc la \u201epreven\u021bie \u0219i bifarea unei ac\u021biuni\u201d.<\/p>\n<h2><strong>De Alexandra M\u0103ce\u0219anu v\u0103 mai aminti\u021bi?<\/strong><\/h2>\n<p>De\u0219i deciden\u021bii par uimi\u021bi de sensibilitatea oamenilor cu privire la r\u0103pirea copiilor, realitatea este c\u0103 una dintre cele mai traumatizate evenimente petrecute dup\u0103 1989 a fost r\u0103pirea \u0219i uciderea Alexandrei M\u0103ce\u0219anu, un copil \u00een v\u00e2rst\u0103 de 15 ani.<\/p>\n<p><a href=\"https:\/\/r3media.ro\/video-pe-1-aprilie-se-lanseaza-filmul-alexandra-bazat-pe-viata-alexandrei-macesanu-din-caracal\/\" target=\"_blank\" rel=\"noopener\">Alexandra M\u0103ce\u0219anu<\/a> (foto) a fost r\u0103pit\u0103 de pe strad\u0103, \u00een comuna Dobrosloveni, \u00een plin\u0103 zi, \u00een data de 24 iulie 2019.<\/p>\n<p>Mai mult, feti\u021ba a apucat s\u0103 sune la 112, dar sistemul de urgen\u021b\u0103 din care f\u0103cea parte \u0219i atunci, Raed Arafat, nu a f\u0103cut nimic pentru a o ajuta.<\/p>\n<p>Acest caz traumatizant nu a fost, \u00eens\u0103, singular. Dispari\u021bia Alexandrei a scos la iveal\u0103 c\u0103 o alt\u0103 fat\u0103, Luiza Melencu, disp\u0103ruse de peste trei luni, f\u0103r\u0103 ca autorit\u0103\u021bile s\u0103 fac\u0103 nimic.<\/p>\n<h2><strong>Rom\u00e2nia, pe primele locuri \u00een UE la copii trafica\u021bi<\/strong><\/h2>\n<p>Potrivit <a href=\"https:\/\/eur-lex.europa.eu\/legal-content\/EN\/TXT\/HTML\/?uri=CELEX:52025SC0004\" target=\"_blank\" rel=\"noopener\">Eurostat<\/a>, \u00eentre 2021-2022, Rom\u00e2nia se afla pe locul 2 \u00een Uniunea European\u0103, la num\u0103rul de copii trafica\u021bi \u00een scopul exploat\u0103rii sexuale, fiind dep\u0103\u0219it\u0103 doar de Fran\u021ba.<\/p>\n<p>Rom\u00e2nia este pe locul 1 \u00een ceea ce prive\u0219te cet\u0103\u021benia victimelor acestei exploat\u0103ri. Cu alte cuvinte, dac\u0103 \u00een Fran\u021ba se mai traficheaz\u0103 \u0219i copii de alte na\u021bionalit\u0103\u021bi, \u00een Rom\u00e2nia se traficheaz\u0103 doar rom\u00e2ni.<\/p>\n<p>Pe scurt: pentru copii, Rom\u00e2nia este de regul\u0103 pe locul 1 ca \u021bar\u0103 de origine \u00een UE \u0219i \u00een top 2\u20133 ca num\u0103r absolut de victime minore \u00eenregistrate.<\/p>\n<p>Cei mai vulnerabili sunt, a\u0219a cum a ar\u0103tat-o \u0219i cazul Alexandrei M\u0103ce\u0219anu,<a href=\"https:\/\/www.g4media.ro\/studiu-despre-traficul-de-copii-in-romania-victimele-sunt-in-general-fete-de-14-15-ani-din-mediul-rural-cu-nivel-de-trai-scazut-din-familii-care-inchid-ochii-capacitatea-de-int.html\" target=\"_blank\" rel=\"noopener\"> copiii din mediul rural<\/a>.<\/p>\n<p>\u00cen aceste condi\u021bii, ne mir\u0103m c\u0103 un incident precum cel de s\u00e2mb\u0103t\u0103 a avut loc\u2026\u00een mediul rural?<\/p>\n<h2><strong>Legea pentru protec\u021bia cadrelor medicale<\/strong><\/h2>\n<p>Apelurile privind necesitatea unei legi privind dezinformarea vin \u00een contextul \u00een care, recent, Parlamentul a adoptat<a href=\"https:\/\/www.cdep.ro\/ords\/pls\/proiecte\/upl_pck2015.proiect?idp=23318\" target=\"_blank\" rel=\"noopener\"> legea nr.166\/2026.<\/a><\/p>\n<p>Este vorba despre un act normativ care prevede \u00een\u0103sprirea pedepselor pentru cei care agreseaz\u0103 personalul medico-sanitar, respectiv asupra personalului medical \u015fi auxiliar, indiferent de forma de exercitare a profesiei \u015fi de unitatea medical\u0103 \u00een care \u00ee\u015fi desf\u0103\u015foar\u0103 activitatea.<\/p>\n<p>Cu alte cuvinte, gravul, dar singularul,\u00a0 incident din jude\u021bul Cluj are un cadru legal de rezolvare. De ce mai este nevoie de \u00eenc\u0103 o lege, care afecteaz\u0103 un cadru mult mai larg, inclusiv al libert\u0103\u021bii de exprimare?<\/p>\n<p>Nu cumva ar trebui, mai \u00eent\u00e2i, s\u0103 se opreasc\u0103 dispari\u021bia a mii de copii, anual, din Rom\u00e2nia?<\/p>\n<\/div>\n<\/div>\n<p>[analyse_source url=&#8221;https:\/\/r3media.ro\/rapire-copii-romania-ambuanta-atacata-recea-cristur\/&#8221;]<\/p>\n","protected":false},"excerpt":{"rendered":"<p>[analyse_image type=&#8221;featured&#8221; src=&#8221;https:\/\/r3media.ro\/wp-content\/uploads\/2020\/10\/alexandra-macesanu-mihai-gheorghiu.pnghttps:\/\/r3media.ro\/wp-content\/uploads\/2020\/10\/alexandra-macesanu-mihai-gheorghiu.png&#8221;] FEATUREDChiar nu au fost r\u0103pi\u021bi copii \u00een Rom\u00e2nia? Ce se omite \u00een&#8230; FEATURED\u0218TIRI Chiar nu au fost r\u0103pi\u021bi copii \u00een Rom\u00e2nia? Ce se omite \u00een cazul \u201eAmbulan\u021ba atacat\u0103\u201d la Recea-Cristur Teodor Stan 10\/08\/2026 Sursa foto: Adev\u0103rul.ro O ambulan\u021b\u0103 a fost atacat\u0103, s\u00e2mb\u0103t\u0103 noaptea, \u00een localitatea Recea-Cristur, din jude\u021bul Cluj, autorit\u0103\u021bile afirm\u00e2nd c\u0103 [&hellip;]<\/p>\n","protected":false},"author":1,"featured_media":0,"comment_status":"open","ping_status":"","sticky":false,"template":"","format":"standard","meta":{"footnotes":""},"categories":[89],"tags":[226,93],"class_list":["post-2086970","post","type-post","status-publish","format-standard","hentry","category-romania","tag-crawlmanager","tag-r3media-ro"],"_links":{"self":[{"href":"https:\/\/analyse.optim.biz\/index.php?rest_route=\/wp\/v2\/posts\/2086970","targetHints":{"allow":["GET"]}}],"collection":[{"href":"https:\/\/analyse.optim.biz\/index.php?rest_route=\/wp\/v2\/posts"}],"about":[{"href":"https:\/\/analyse.optim.biz\/index.php?rest_route=\/wp\/v2\/types\/post"}],"author":[{"embeddable":true,"href":"https:\/\/analyse.optim.biz\/index.php?rest_route=\/wp\/v2\/users\/1"}],"replies":[{"embeddable":true,"href":"https:\/\/analyse.optim.biz\/index.php?rest_route=%2Fwp%2Fv2%2Fcomments&post=2086970"}],"version-history":[{"count":0,"href":"https:\/\/analyse.optim.biz\/index.php?rest_route=\/wp\/v2\/posts\/2086970\/revisions"}],"wp:attachment":[{"href":"https:\/\/analyse.optim.biz\/index.php?rest_route=%2Fwp%2Fv2%2Fmedia&parent=2086970"}],"wp:term":[{"taxonomy":"category","embeddable":true,"href":"https:\/\/analyse.optim.biz\/index.php?rest_route=%2Fwp%2Fv2%2Fcategories&post=2086970"},{"taxonomy":"post_tag","embeddable":true,"href":"https:\/\/analyse.optim.biz\/index.php?rest_route=%2Fwp%2Fv2%2Ftags&post=2086970"}],"curies":[{"name":"wp","href":"https:\/\/api.w.org\/{rel}","templated":true}]}}