{"id":208682,"date":"2014-03-23T14:21:29","date_gmt":"2014-03-23T11:21:29","guid":{"rendered":"https:\/\/analyse.optim.biz\/?p=208682"},"modified":"2014-03-23T14:21:29","modified_gmt":"2014-03-23T11:21:29","slug":"crin-antonescu-victor-ponta-este-doar-un-emil-boc-mult-mai-inalt","status":"publish","type":"post","link":"https:\/\/analyse.optim.biz\/?p=208682","title":{"rendered":"Crin Antonescu: Victor Ponta este doar un Emil Boc mult mai \u00eenalt"},"content":{"rendered":"<div class=\"entry data-app-meta data-app-meta-article\" data-embed-base-url-canonical=\"https:\/\/www.digi24.ro\/embed\/stiri\/actualitate\/politica\/crin-antonescu-victor-ponta-este-doar-un-emil-boc-mult-mai-inalt-218678\">\n<p data-index=\"1\">Crin Antonescu \u00eel compar\u0103 acum pe Victor Ponta cu fostul premier PDL Emil Boc \u015fi \u00eencearc\u0103 s\u0103 minimalizeze efectul trecerii ale\u015filor liberali \u00een barca puterii.<\/p>\n<p data-index=\"2\">\u201eAsta s-a mai \u00eent\u00e2mplat de aceea am spus la un moment dat c\u0103 sub anumite aspecte domnul Victor Ponta este doar un Emil Boc mult mai \u00eenalt. Nu s-au \u00eent\u00e2mplat astfel de plec\u0103ri doar la Dolj, doar acum, este un obicei \u00een Rom\u00e2nia. Nu se opre\u015fte lumea \u00een plecarea unor parlamentari \u015fi primari\u201d, a declarat Crin Antonescu.<\/p>\n<\/div>\n<p> Source URL: https:\/\/www.digi24.ro\/stiri\/actualitate\/politica\/crin-antonescu-victor-ponta-este-doar-un-emil-boc-mult-mai-inalt-218678<\/p>\n","protected":false},"excerpt":{"rendered":"<p>Crin Antonescu \u00eel compar\u0103 acum pe Victor Ponta cu fostul premier PDL Emil Boc \u015fi \u00eencearc\u0103 s\u0103 minimalizeze efectul trecerii ale\u015filor liberali \u00een barca puterii. \u201eAsta s-a mai \u00eent\u00e2mplat de aceea am spus la un moment dat c\u0103 sub anumite aspecte domnul Victor Ponta este doar un Emil Boc mult mai \u00eenalt. Nu s-au \u00eent\u00e2mplat [&hellip;]<\/p>\n","protected":false},"author":1,"featured_media":208683,"comment_status":"open","ping_status":"","sticky":false,"template":"","format":"standard","meta":{"footnotes":""},"categories":[2],"tags":[11],"class_list":["post-208682","post","type-post","status-publish","format-standard","has-post-thumbnail","hentry","category-politics","tag-digi24"],"_links":{"self":[{"href":"https:\/\/analyse.optim.biz\/index.php?rest_route=\/wp\/v2\/posts\/208682","targetHints":{"allow":["GET"]}}],"collection":[{"href":"https:\/\/analyse.optim.biz\/index.php?rest_route=\/wp\/v2\/posts"}],"about":[{"href":"https:\/\/analyse.optim.biz\/index.php?rest_route=\/wp\/v2\/types\/post"}],"author":[{"embeddable":true,"href":"https:\/\/analyse.optim.biz\/index.php?rest_route=\/wp\/v2\/users\/1"}],"replies":[{"embeddable":true,"href":"https:\/\/analyse.optim.biz\/index.php?rest_route=%2Fwp%2Fv2%2Fcomments&post=208682"}],"version-history":[{"count":0,"href":"https:\/\/analyse.optim.biz\/index.php?rest_route=\/wp\/v2\/posts\/208682\/revisions"}],"wp:featuredmedia":[{"embeddable":true,"href":"https:\/\/analyse.optim.biz\/index.php?rest_route=\/wp\/v2\/media\/208683"}],"wp:attachment":[{"href":"https:\/\/analyse.optim.biz\/index.php?rest_route=%2Fwp%2Fv2%2Fmedia&parent=208682"}],"wp:term":[{"taxonomy":"category","embeddable":true,"href":"https:\/\/analyse.optim.biz\/index.php?rest_route=%2Fwp%2Fv2%2Fcategories&post=208682"},{"taxonomy":"post_tag","embeddable":true,"href":"https:\/\/analyse.optim.biz\/index.php?rest_route=%2Fwp%2Fv2%2Ftags&post=208682"}],"curies":[{"name":"wp","href":"https:\/\/api.w.org\/{rel}","templated":true}]}}