{"id":208679,"date":"2014-03-30T12:37:41","date_gmt":"2014-03-30T09:37:41","guid":{"rendered":"https:\/\/analyse.optim.biz\/?p=208679"},"modified":"2014-03-30T12:37:41","modified_gmt":"2014-03-30T09:37:41","slug":"psd-foloseste-la-europarlamentare-sistemul-informatic-care-i-a-adus-un-dosar-penal-lui-liviu-dragnea","status":"publish","type":"post","link":"https:\/\/analyse.optim.biz\/?p=208679","title":{"rendered":"PSD folose\u0219te la europarlamentare sistemul informatic care i-a adus un dosar penal lui Liviu Dragnea"},"content":{"rendered":"<div class=\"entry data-app-meta data-app-meta-article\" data-embed-base-url-canonical=\"https:\/\/www.digi24.ro\/embed\/stiri\/actualitate\/politica\/psd-foloseste-la-europarlamentare-sistemul-informatic-care-i-a-adus-un-dosar-penal-lui-liviu-dragnea-221766\">\n<p data-index=\"1\"><img decoding=\"async\" src=\"https:\/\/analyse.optim.biz\/wp-content\/uploads\/2024\/09\/ptrlm2mzytuwyzqxnzkzyji3ywmyntgzzjfjyju2mmi2-thumb_.jpg\" data-skip-htmlfix=\"1\" title=\"ptrlm2mzytuwyzqxnzkzyji3ywmyntgzzjfjyju2mmi2-thumb_\"><\/p>\n<p data-index=\"2\">\u00centr-o <a href=\"http:\/\/stirileprotv.ro\/emisiuni\/dupa-20-de-ani\" target=\"_blank\" data-skip-linkfix=\"1\" rel=\"noopener\"><strong>emisiune televizat\u0103<\/strong><\/a>, vicepremierul Liviu Dragnea a declarat c\u0103 nu vede o problem\u0103 \u00een utilizarea acestui sistem. <strong>Liviu Dragnea<\/strong> a \u015fi glumit pe seama acuza\u0163iilor care \u00eei sunt aduse de procurorii DNA.<\/p>\n<p data-index=\"3\">\u201eAcel sistem a fost folosit \u015fi la alegerile locale \u015fi la parlamentare. Nu am avut nicio problem\u0103, pentru c\u0103 nu a candidat B\u0103sescu. Toat\u0103 lumea \u00eel folose\u015fte. <strong>Unii dau telefon, al\u0163ii prin porumbelul c\u0103l\u0103tor, al\u0163ii prin email. Eu am auzit c\u0103 a ap\u0103rut o solicitare ca din alea dou\u0103 milioane de voturi furate de mine s\u0103 le dau \u0219i lor un milion \u0219i am zis c\u0103 nu, c\u0103 ne mai trebuie \u0219i nou\u0103 aici. Dac\u0103 m\u0103 solicitau acolo s\u0103-i ajut, nu m\u0103 l\u0103sa Victor Ponta.<\/strong>\u201d, a precizat vicepremierul.<\/p>\n<\/div>\n<p> Source URL: https:\/\/www.digi24.ro\/stiri\/actualitate\/politica\/psd-foloseste-la-europarlamentare-sistemul-informatic-care-i-a-adus-un-dosar-penal-lui-liviu-dragnea-221766<\/p>\n","protected":false},"excerpt":{"rendered":"<p>\u00centr-o emisiune televizat\u0103, vicepremierul Liviu Dragnea a declarat c\u0103 nu vede o problem\u0103 \u00een utilizarea acestui sistem. Liviu Dragnea a \u015fi glumit pe seama acuza\u0163iilor care \u00eei sunt aduse de procurorii DNA. \u201eAcel sistem a fost folosit \u015fi la alegerile locale \u015fi la parlamentare. Nu am avut nicio problem\u0103, pentru c\u0103 nu a candidat B\u0103sescu. [&hellip;]<\/p>\n","protected":false},"author":1,"featured_media":208680,"comment_status":"open","ping_status":"","sticky":false,"template":"","format":"standard","meta":{"footnotes":""},"categories":[2],"tags":[11],"class_list":["post-208679","post","type-post","status-publish","format-standard","has-post-thumbnail","hentry","category-politics","tag-digi24"],"_links":{"self":[{"href":"https:\/\/analyse.optim.biz\/index.php?rest_route=\/wp\/v2\/posts\/208679","targetHints":{"allow":["GET"]}}],"collection":[{"href":"https:\/\/analyse.optim.biz\/index.php?rest_route=\/wp\/v2\/posts"}],"about":[{"href":"https:\/\/analyse.optim.biz\/index.php?rest_route=\/wp\/v2\/types\/post"}],"author":[{"embeddable":true,"href":"https:\/\/analyse.optim.biz\/index.php?rest_route=\/wp\/v2\/users\/1"}],"replies":[{"embeddable":true,"href":"https:\/\/analyse.optim.biz\/index.php?rest_route=%2Fwp%2Fv2%2Fcomments&post=208679"}],"version-history":[{"count":0,"href":"https:\/\/analyse.optim.biz\/index.php?rest_route=\/wp\/v2\/posts\/208679\/revisions"}],"wp:featuredmedia":[{"embeddable":true,"href":"https:\/\/analyse.optim.biz\/index.php?rest_route=\/wp\/v2\/media\/208680"}],"wp:attachment":[{"href":"https:\/\/analyse.optim.biz\/index.php?rest_route=%2Fwp%2Fv2%2Fmedia&parent=208679"}],"wp:term":[{"taxonomy":"category","embeddable":true,"href":"https:\/\/analyse.optim.biz\/index.php?rest_route=%2Fwp%2Fv2%2Fcategories&post=208679"},{"taxonomy":"post_tag","embeddable":true,"href":"https:\/\/analyse.optim.biz\/index.php?rest_route=%2Fwp%2Fv2%2Ftags&post=208679"}],"curies":[{"name":"wp","href":"https:\/\/api.w.org\/{rel}","templated":true}]}}