{"id":2086778,"date":"2026-08-10T18:52:05","date_gmt":"2026-08-10T15:52:05","guid":{"rendered":"https:\/\/analyse.optim.biz\/?p=2086778"},"modified":"2026-08-10T18:52:05","modified_gmt":"2026-08-10T15:52:05","slug":"cainii-pot-face-diferenta-intre-frica-si-tristetea-resimtite-de-oameni","status":"publish","type":"post","link":"https:\/\/analyse.optim.biz\/?p=2086778","title":{"rendered":"C\u00e2inii pot face diferen\u021ba \u00eentre frica \u0219i triste\u021bea resim\u021bite de oameni"},"content":{"rendered":"<p>[analyse_image type=&#8221;featured&#8221; src=&#8221;https:\/\/www.tion.ro\/wp-content\/uploads\/2026\/08\/+otf\/1200&#215;630\/KWpFGT__IqlKLVPieksdeA05PVF9WRVJZX1NFQ+Oh2JzDlAQRCleDuFmUEgh357aiMqz31YTAB0CO2kVCc26f71mVsfqJDDEN__O1yKF6KIYwiVwpHKv+Z+F6u0go=\/6387908pexelsneslihanercan581341018093682.jpg&#8221;]<\/p>\n<article id=\"post-2331678\" class>\n<div class=\"entry-content clearfix\">\n<div class=\"enewsArticleContent\">\n<p>Studiul, publicat \u00een revista \u201eiScience\u201d, a inclus patrupede care au fost supuse unor scan\u0103ri RMN \u00een timp ce priveau fotografii cu oameni exprim\u00e2nd bucurie, furie, fric\u0103 sau triste\u021be. Animalele au r\u0103mas treze \u00een timpul investiga\u021biilor.<\/p>\n<p>Cercet\u0103torii au observat c\u0103 fe\u021bele z\u00e2mbitoare activau anumite regiuni ale creierului asociate cu procesele cognitive \u0219i ideea de recompens\u0103. Reac\u021bia cerebral\u0103 la bucurie era diferit\u0103 de cea provocat\u0103 de cele trei expresii negative.<\/p>\n<p>Analiza \u00eentregului creier a ar\u0103tat \u00eens\u0103 c\u0103 animalele puteau face diferen\u021ba \u0219i \u00eentre emo\u021biile negative. Activitatea cerebral\u0103 asociat\u0103 fricii avea un tipar distinct fa\u021b\u0103 de cea observat\u0103 \u00een cazul furiei sau triste\u021bii.<\/p>\n<blockquote>\n<p>\u201eOamenii sunt foarte buni c\u00e2nd vine vorba s\u0103 observe mici detalii \u0219i nuan\u021be pe fe\u021bele celorlal\u021bi, iar c\u00e2inii sunt la fel. Acest lucru \u00eei face foarte interesan\u021bi. Studiindu-le creierul, putem \u00een\u021belege ce adapt\u0103ri s-au dezvoltat pentru a sus\u021bine capacitatea lor remarcabil\u0103 de a \u00een\u021belege oamenii din punct de vedere social \u0219i emo\u021bional\u201d, a explicat Ra\u00fal Hern\u00e1ndez-P\u00e9rez, de la Universitatea din Viena, autorul principal al studiului.<\/p>\n<\/blockquote>\n<p>Cercet\u0103torii spun c\u0103 abilitatea c\u00e2inilor de a interpreta emo\u021biile umane s-a dezvoltat \u00een timpul procesului de domesticire, pe parcursul c\u0103ruia cele dou\u0103 specii au ajuns s\u0103 comunice \u0219i s\u0103 coopereze tot mai str\u00e2ns. \u00cen plus, \u00een via\u021ba de zi cu zi, c\u00e2inii folosesc pentru a interpreta starea oamenilor \u0219i alte indicii, precum limbajul corpului, vocea \u0219i mirosul.<\/p>\n<blockquote>\n<p>\u201eMi-a\u0219 dori ca oamenii s\u0103 vad\u0103 c\u00e2inii ca pe ni\u0219te fiin\u021be capabile s\u0103 simt\u0103 emo\u021bii. Au evoluat al\u0103turi de noi pentru a ne \u00een\u021belege expresiile \u0219i pentru a coopera cu noi, iar recunoa\u0219terea acestui lucru poate schimba modul \u00een care comunic\u0103m cu ei \u0219i avem grij\u0103 de ei\u201d, a spus Laura Cuaya, cercet\u0103toare la Universitatea din Viena \u0219i co-autoare a studiului.<\/p>\n<\/blockquote>\n<div class=\"fbShareLikeTwitterAndEmailContainer\">\n<div class=\"wrapper\">\n<div class=\"email\">\n<div id=\"mailto-pop\" class=\"pop-form pop-form-mailto\">\n<div class=\"pop-form-header\">\n<h4>Trimite articolul<\/h4>\n<p><a class=\"pop-form-close\">X<\/a><\/div>\n<\/div>\n<\/div>\n<\/div>\n<\/div>\n<div class=\"comments\">\n<div class=\"top\">\n<div class=\"commentsNumber\"><span class=\"number\">0<\/span><span class=\"text\">Comentarii<\/span><\/div>\n<\/div>\n<div class=\"center\">\n<div id=\"respond\" class=\"comment-respond\">\n<h3 id=\"reply-title\" class=\"comment-reply-title\"><small><a rel=\"nofollow\" id=\"cancel-comment-reply-link\" href=\"https:\/\/www.tion.ro\/mapamond\/cainii-pot-face-diferenta-intre-frica-si-tristetea-resimtite-de-oameni-2331678\/#respond\">Cancel reply<\/a><\/small><\/h3>\n<p class=\"comment-notes\"><span id=\"email-notes\">Your email address will not be published.<\/span><span class=\"required-field-message\">Required fields are marked <span class=\"required\">*<\/span><\/span><\/p>\n<p class=\"commentFormComment\"><span id=\"commentFormCount\"><br \/>\n                            inca<br \/>\n                            <span id=\"countCommentText\">1000<\/span><br \/>\n                            caractere ramase<br \/>\n                        <\/span><\/p>\n<\/div>\n<\/div>\n<div class=\"bottom\">\n<p class=\"forumDisclaimerHuRo\">\n            Citi\u021bi principiile noastre de moderare <a href=\"https:\/\/www.tion.ro\/reguli-postare-comentarii\/\" target=\"_blank\">aici<\/a>!\n        <\/p>\n<\/div>\n<\/div>\n<\/div>\n<\/div>\n<\/article>\n<div class=\"entry-content clearfix\">\n<div class=\"enewsArticleContent\">\n<p>Studiul, publicat \u00een revista \u201eiScience\u201d, a inclus patrupede care au fost supuse unor scan\u0103ri RMN \u00een timp ce priveau fotografii cu oameni exprim\u00e2nd bucurie, furie, fric\u0103 sau triste\u021be. Animalele au r\u0103mas treze \u00een timpul investiga\u021biilor.<\/p>\n<p>Cercet\u0103torii au observat c\u0103 fe\u021bele z\u00e2mbitoare activau anumite regiuni ale creierului asociate cu procesele cognitive \u0219i ideea de recompens\u0103. Reac\u021bia cerebral\u0103 la bucurie era diferit\u0103 de cea provocat\u0103 de cele trei expresii negative.<\/p>\n<p>Analiza \u00eentregului creier a ar\u0103tat \u00eens\u0103 c\u0103 animalele puteau face diferen\u021ba \u0219i \u00eentre emo\u021biile negative. Activitatea cerebral\u0103 asociat\u0103 fricii avea un tipar distinct fa\u021b\u0103 de cea observat\u0103 \u00een cazul furiei sau triste\u021bii.<\/p>\n<blockquote>\n<p>\u201eOamenii sunt foarte buni c\u00e2nd vine vorba s\u0103 observe mici detalii \u0219i nuan\u021be pe fe\u021bele celorlal\u021bi, iar c\u00e2inii sunt la fel. Acest lucru \u00eei face foarte interesan\u021bi. Studiindu-le creierul, putem \u00een\u021belege ce adapt\u0103ri s-au dezvoltat pentru a sus\u021bine capacitatea lor remarcabil\u0103 de a \u00een\u021belege oamenii din punct de vedere social \u0219i emo\u021bional\u201d, a explicat Ra\u00fal Hern\u00e1ndez-P\u00e9rez, de la Universitatea din Viena, autorul principal al studiului.<\/p>\n<\/blockquote>\n<p>Cercet\u0103torii spun c\u0103 abilitatea c\u00e2inilor de a interpreta emo\u021biile umane s-a dezvoltat \u00een timpul procesului de domesticire, pe parcursul c\u0103ruia cele dou\u0103 specii au ajuns s\u0103 comunice \u0219i s\u0103 coopereze tot mai str\u00e2ns. \u00cen plus, \u00een via\u021ba de zi cu zi, c\u00e2inii folosesc pentru a interpreta starea oamenilor \u0219i alte indicii, precum limbajul corpului, vocea \u0219i mirosul.<\/p>\n<blockquote>\n<p>\u201eMi-a\u0219 dori ca oamenii s\u0103 vad\u0103 c\u00e2inii ca pe ni\u0219te fiin\u021be capabile s\u0103 simt\u0103 emo\u021bii. Au evoluat al\u0103turi de noi pentru a ne \u00een\u021belege expresiile \u0219i pentru a coopera cu noi, iar recunoa\u0219terea acestui lucru poate schimba modul \u00een care comunic\u0103m cu ei \u0219i avem grij\u0103 de ei\u201d, a spus Laura Cuaya, cercet\u0103toare la Universitatea din Viena \u0219i co-autoare a studiului.<\/p>\n<\/blockquote>\n<div class=\"fbShareLikeTwitterAndEmailContainer\">\n<div class=\"wrapper\">\n<div class=\"email\">\n<div id=\"mailto-pop\" class=\"pop-form pop-form-mailto\">\n<div class=\"pop-form-header\">\n<h4>Trimite articolul<\/h4>\n<p><a class=\"pop-form-close\">X<\/a><\/div>\n<\/div>\n<\/div>\n<\/div>\n<\/div>\n<div class=\"comments\">\n<div class=\"top\">\n<div class=\"commentsNumber\"><span class=\"number\">0<\/span><span class=\"text\">Comentarii<\/span><\/div>\n<\/div>\n<div class=\"center\">\n<div id=\"respond\" class=\"comment-respond\">\n<h3 id=\"reply-title\" class=\"comment-reply-title\"><small><a rel=\"nofollow\" id=\"cancel-comment-reply-link\" href=\"https:\/\/www.tion.ro\/mapamond\/cainii-pot-face-diferenta-intre-frica-si-tristetea-resimtite-de-oameni-2331678\/#respond\">Cancel reply<\/a><\/small><\/h3>\n<p class=\"comment-notes\"><span id=\"email-notes\">Your email address will not be published.<\/span><span class=\"required-field-message\">Required fields are marked <span class=\"required\">*<\/span><\/span><\/p>\n<p class=\"commentFormComment\"><span id=\"commentFormCount\"><br \/>\n                            inca<br \/>\n                            <span id=\"countCommentText\">1000<\/span><br \/>\n                            caractere ramase<br \/>\n                        <\/span><\/p>\n<\/div>\n<\/div>\n<div class=\"bottom\">\n<p class=\"forumDisclaimerHuRo\">\n            Citi\u021bi principiile noastre de moderare <a href=\"https:\/\/www.tion.ro\/reguli-postare-comentarii\/\" target=\"_blank\">aici<\/a>!\n        <\/p>\n<\/div>\n<\/div>\n<\/div>\n<\/div>\n<p>[analyse_source url=&#8221;https:\/\/www.tion.ro\/mapamond\/cainii-pot-face-diferenta-intre-frica-si-tristetea-resimtite-de-oameni-2331678\/&#8221;]<\/p>\n","protected":false},"excerpt":{"rendered":"<p>[analyse_image type=&#8221;featured&#8221; src=&#8221;https:\/\/www.tion.ro\/wp-content\/uploads\/2026\/08\/+otf\/1200&#215;630\/KWpFGT__IqlKLVPieksdeA05PVF9WRVJZX1NFQ+Oh2JzDlAQRCleDuFmUEgh357aiMqz31YTAB0CO2kVCc26f71mVsfqJDDEN__O1yKF6KIYwiVwpHKv+Z+F6u0go=\/6387908pexelsneslihanercan581341018093682.jpg&#8221;] Studiul, publicat \u00een revista \u201eiScience\u201d, a inclus patrupede care au fost supuse unor scan\u0103ri RMN \u00een timp ce priveau fotografii cu oameni exprim\u00e2nd bucurie, furie, fric\u0103 sau triste\u021be. Animalele au r\u0103mas treze \u00een timpul investiga\u021biilor. Cercet\u0103torii au observat c\u0103 fe\u021bele z\u00e2mbitoare activau anumite regiuni ale creierului asociate cu procesele cognitive \u0219i ideea [&hellip;]<\/p>\n","protected":false},"author":1,"featured_media":0,"comment_status":"open","ping_status":"","sticky":false,"template":"","format":"standard","meta":{"footnotes":""},"categories":[89],"tags":[226,191],"class_list":["post-2086778","post","type-post","status-publish","format-standard","hentry","category-romania","tag-crawlmanager","tag-tion-ro"],"_links":{"self":[{"href":"https:\/\/analyse.optim.biz\/index.php?rest_route=\/wp\/v2\/posts\/2086778","targetHints":{"allow":["GET"]}}],"collection":[{"href":"https:\/\/analyse.optim.biz\/index.php?rest_route=\/wp\/v2\/posts"}],"about":[{"href":"https:\/\/analyse.optim.biz\/index.php?rest_route=\/wp\/v2\/types\/post"}],"author":[{"embeddable":true,"href":"https:\/\/analyse.optim.biz\/index.php?rest_route=\/wp\/v2\/users\/1"}],"replies":[{"embeddable":true,"href":"https:\/\/analyse.optim.biz\/index.php?rest_route=%2Fwp%2Fv2%2Fcomments&post=2086778"}],"version-history":[{"count":0,"href":"https:\/\/analyse.optim.biz\/index.php?rest_route=\/wp\/v2\/posts\/2086778\/revisions"}],"wp:attachment":[{"href":"https:\/\/analyse.optim.biz\/index.php?rest_route=%2Fwp%2Fv2%2Fmedia&parent=2086778"}],"wp:term":[{"taxonomy":"category","embeddable":true,"href":"https:\/\/analyse.optim.biz\/index.php?rest_route=%2Fwp%2Fv2%2Fcategories&post=2086778"},{"taxonomy":"post_tag","embeddable":true,"href":"https:\/\/analyse.optim.biz\/index.php?rest_route=%2Fwp%2Fv2%2Ftags&post=2086778"}],"curies":[{"name":"wp","href":"https:\/\/api.w.org\/{rel}","templated":true}]}}