{"id":2086775,"date":"2026-08-10T18:57:17","date_gmt":"2026-08-10T15:57:17","guid":{"rendered":"https:\/\/analyse.optim.biz\/?p=2086775"},"modified":"2026-08-10T18:57:17","modified_gmt":"2026-08-10T15:57:17","slug":"cutremur-in-columbia-cel-putin-100-de-oameni-au-murit","status":"publish","type":"post","link":"https:\/\/analyse.optim.biz\/?p=2086775","title":{"rendered":"Cutremur \u00een Columbia. Cel pu\u021bin 100 de oameni au murit"},"content":{"rendered":"<p>[analyse_image type=&#8221;featured&#8221; src=&#8221;https:\/\/www.tion.ro\/wp-content\/uploads\/2026\/08\/+otf\/1200&#215;630\/JKKynvqeDmfo__l4+thFeDE5PVF9WRVJZX1NFQ1KtL02zyxWQgpcDY64FWhJLq__IQehoMZ5GYrtiQVtDZfJeB29eh6XcZ03o__TSzU7HMkEboQ8pEP7U7__BvwMnmw=\/6388204kiki.png&#8221;]<\/p>\n<article id=\"post-2331687\" class>\n<div class=\"entry-content clearfix\">\n<div class=\"enewsArticleContent\">\n<p>Autorit\u0103\u021bile columbiene spun c\u0103 este cel mai puternic cutremur \u00eenregistrat \u00een \u021bar\u0103 \u00een ultimii 10 ani. P\u00e2n\u0103 la ora 10:00 local\u0103 au fost \u00eenregistrate dou\u0103 replici, cu magnitudini de 2,8 \u0219i 4,8.<\/p>\n<p>Cele mai afectate zone sunt \u00een vestul \u021b\u0103rii. Au fost raportate cel pu\u021bin 42 de decese \u00een provincia Risaralda, iar alte victime au fost \u00eenregistrate \u00een Valle del Cauca \u0219i Caldas. \u00cen Cali, cel pu\u021bin 20 de cl\u0103diri s-au pr\u0103bu\u0219it, iar \u00een Manizales, 12 cl\u0103diri \u0219i 20 de case au fost par\u021bial sau complet distruse.<\/p>\n<p>Mai multe aeroporturi au fost afectate, iar autorit\u0103\u021bile \u00eei avertizeaz\u0103 pe oameni s\u0103 fie preg\u0103ti\u021bi pentru noi replici \u0219i s\u0103 nu intre \u00een cl\u0103dirile deteriorate.<\/p>\n<p>Noul pre\u0219edinte al Columbiei \u0219i-a suspendat programul \u0219i coordoneaz\u0103 r\u0103spunsul autorit\u0103\u021bilor la dezastru. SUA, prin secretarul de stat Marco Rubio, a transmis c\u0103 monitorizeaz\u0103 situa\u021bia \u0219i este preg\u0103tit\u0103 s\u0103 ofere ajutor.<\/p>\n<div class=\"fbShareLikeTwitterAndEmailContainer\">\n<div class=\"wrapper\">\n<div class=\"email\">\n<div id=\"mailto-pop\" class=\"pop-form pop-form-mailto\">\n<div class=\"pop-form-header\">\n<h4>Trimite articolul<\/h4>\n<p><a class=\"pop-form-close\">X<\/a><\/div>\n<\/div>\n<\/div>\n<\/div>\n<\/div>\n<div class=\"comments\">\n<div class=\"top\">\n<div class=\"commentsNumber\"><span class=\"number\">0<\/span><span class=\"text\">Comentarii<\/span><\/div>\n<\/div>\n<div class=\"center\">\n<div id=\"respond\" class=\"comment-respond\">\n<h3 id=\"reply-title\" class=\"comment-reply-title\"><small><a rel=\"nofollow\" id=\"cancel-comment-reply-link\" href=\"https:\/\/www.tion.ro\/mapamond\/cutremur-cu-peste-100-de-morti-in-columbia-2331687\/#respond\">Cancel reply<\/a><\/small><\/h3>\n<p class=\"comment-notes\"><span id=\"email-notes\">Your email address will not be published.<\/span><span class=\"required-field-message\">Required fields are marked <span class=\"required\">*<\/span><\/span><\/p>\n<p class=\"commentFormComment\"><span id=\"commentFormCount\"><br \/>\n                            inca<br \/>\n                            <span id=\"countCommentText\">1000<\/span><br \/>\n                            caractere ramase<br \/>\n                        <\/span><\/p>\n<\/div>\n<\/div>\n<div class=\"bottom\">\n<p class=\"forumDisclaimerHuRo\">\n            Citi\u021bi principiile noastre de moderare <a href=\"https:\/\/www.tion.ro\/reguli-postare-comentarii\/\" target=\"_blank\">aici<\/a>!\n        <\/p>\n<\/div>\n<\/div>\n<\/div>\n<\/div>\n<\/article>\n<div class=\"entry-content clearfix\">\n<div class=\"enewsArticleContent\">\n<p>Autorit\u0103\u021bile columbiene spun c\u0103 este cel mai puternic cutremur \u00eenregistrat \u00een \u021bar\u0103 \u00een ultimii 10 ani. P\u00e2n\u0103 la ora 10:00 local\u0103 au fost \u00eenregistrate dou\u0103 replici, cu magnitudini de 2,8 \u0219i 4,8.<\/p>\n<p>Cele mai afectate zone sunt \u00een vestul \u021b\u0103rii. Au fost raportate cel pu\u021bin 42 de decese \u00een provincia Risaralda, iar alte victime au fost \u00eenregistrate \u00een Valle del Cauca \u0219i Caldas. \u00cen Cali, cel pu\u021bin 20 de cl\u0103diri s-au pr\u0103bu\u0219it, iar \u00een Manizales, 12 cl\u0103diri \u0219i 20 de case au fost par\u021bial sau complet distruse.<\/p>\n<p>Mai multe aeroporturi au fost afectate, iar autorit\u0103\u021bile \u00eei avertizeaz\u0103 pe oameni s\u0103 fie preg\u0103ti\u021bi pentru noi replici \u0219i s\u0103 nu intre \u00een cl\u0103dirile deteriorate.<\/p>\n<p>Noul pre\u0219edinte al Columbiei \u0219i-a suspendat programul \u0219i coordoneaz\u0103 r\u0103spunsul autorit\u0103\u021bilor la dezastru. SUA, prin secretarul de stat Marco Rubio, a transmis c\u0103 monitorizeaz\u0103 situa\u021bia \u0219i este preg\u0103tit\u0103 s\u0103 ofere ajutor.<\/p>\n<div class=\"fbShareLikeTwitterAndEmailContainer\">\n<div class=\"wrapper\">\n<div class=\"email\">\n<div id=\"mailto-pop\" class=\"pop-form pop-form-mailto\">\n<div class=\"pop-form-header\">\n<h4>Trimite articolul<\/h4>\n<p><a class=\"pop-form-close\">X<\/a><\/div>\n<\/div>\n<\/div>\n<\/div>\n<\/div>\n<div class=\"comments\">\n<div class=\"top\">\n<div class=\"commentsNumber\"><span class=\"number\">0<\/span><span class=\"text\">Comentarii<\/span><\/div>\n<\/div>\n<div class=\"center\">\n<div id=\"respond\" class=\"comment-respond\">\n<h3 id=\"reply-title\" class=\"comment-reply-title\"><small><a rel=\"nofollow\" id=\"cancel-comment-reply-link\" href=\"https:\/\/www.tion.ro\/mapamond\/cutremur-cu-peste-100-de-morti-in-columbia-2331687\/#respond\">Cancel reply<\/a><\/small><\/h3>\n<p class=\"comment-notes\"><span id=\"email-notes\">Your email address will not be published.<\/span><span class=\"required-field-message\">Required fields are marked <span class=\"required\">*<\/span><\/span><\/p>\n<p class=\"commentFormComment\"><span id=\"commentFormCount\"><br \/>\n                            inca<br \/>\n                            <span id=\"countCommentText\">1000<\/span><br \/>\n                            caractere ramase<br \/>\n                        <\/span><\/p>\n<\/div>\n<\/div>\n<div class=\"bottom\">\n<p class=\"forumDisclaimerHuRo\">\n            Citi\u021bi principiile noastre de moderare <a href=\"https:\/\/www.tion.ro\/reguli-postare-comentarii\/\" target=\"_blank\">aici<\/a>!\n        <\/p>\n<\/div>\n<\/div>\n<\/div>\n<\/div>\n<p>[analyse_source url=&#8221;https:\/\/www.tion.ro\/mapamond\/cutremur-cu-peste-100-de-morti-in-columbia-2331687\/&#8221;]<\/p>\n","protected":false},"excerpt":{"rendered":"<p>[analyse_image type=&#8221;featured&#8221; src=&#8221;https:\/\/www.tion.ro\/wp-content\/uploads\/2026\/08\/+otf\/1200&#215;630\/JKKynvqeDmfo__l4+thFeDE5PVF9WRVJZX1NFQ1KtL02zyxWQgpcDY64FWhJLq__IQehoMZ5GYrtiQVtDZfJeB29eh6XcZ03o__TSzU7HMkEboQ8pEP7U7__BvwMnmw=\/6388204kiki.png&#8221;] Autorit\u0103\u021bile columbiene spun c\u0103 este cel mai puternic cutremur \u00eenregistrat \u00een \u021bar\u0103 \u00een ultimii 10 ani. P\u00e2n\u0103 la ora 10:00 local\u0103 au fost \u00eenregistrate dou\u0103 replici, cu magnitudini de 2,8 \u0219i 4,8. Cele mai afectate zone sunt \u00een vestul \u021b\u0103rii. Au fost raportate cel pu\u021bin 42 de decese \u00een provincia Risaralda, iar [&hellip;]<\/p>\n","protected":false},"author":1,"featured_media":0,"comment_status":"open","ping_status":"","sticky":false,"template":"","format":"standard","meta":{"footnotes":""},"categories":[89],"tags":[226,191],"class_list":["post-2086775","post","type-post","status-publish","format-standard","hentry","category-romania","tag-crawlmanager","tag-tion-ro"],"_links":{"self":[{"href":"https:\/\/analyse.optim.biz\/index.php?rest_route=\/wp\/v2\/posts\/2086775","targetHints":{"allow":["GET"]}}],"collection":[{"href":"https:\/\/analyse.optim.biz\/index.php?rest_route=\/wp\/v2\/posts"}],"about":[{"href":"https:\/\/analyse.optim.biz\/index.php?rest_route=\/wp\/v2\/types\/post"}],"author":[{"embeddable":true,"href":"https:\/\/analyse.optim.biz\/index.php?rest_route=\/wp\/v2\/users\/1"}],"replies":[{"embeddable":true,"href":"https:\/\/analyse.optim.biz\/index.php?rest_route=%2Fwp%2Fv2%2Fcomments&post=2086775"}],"version-history":[{"count":0,"href":"https:\/\/analyse.optim.biz\/index.php?rest_route=\/wp\/v2\/posts\/2086775\/revisions"}],"wp:attachment":[{"href":"https:\/\/analyse.optim.biz\/index.php?rest_route=%2Fwp%2Fv2%2Fmedia&parent=2086775"}],"wp:term":[{"taxonomy":"category","embeddable":true,"href":"https:\/\/analyse.optim.biz\/index.php?rest_route=%2Fwp%2Fv2%2Fcategories&post=2086775"},{"taxonomy":"post_tag","embeddable":true,"href":"https:\/\/analyse.optim.biz\/index.php?rest_route=%2Fwp%2Fv2%2Ftags&post=2086775"}],"curies":[{"name":"wp","href":"https:\/\/api.w.org\/{rel}","templated":true}]}}