{"id":208664,"date":"2014-03-30T20:32:38","date_gmt":"2014-03-30T17:32:38","guid":{"rendered":"https:\/\/analyse.optim.biz\/?p=208664"},"modified":"2014-03-30T20:32:38","modified_gmt":"2014-03-30T17:32:38","slug":"pdl-si-a-lansat-candidatii-pentru-alegerile-europarlamentare-in-acorduri-de-muzica-populara","status":"publish","type":"post","link":"https:\/\/analyse.optim.biz\/?p=208664","title":{"rendered":"PDL \u0219i-a lansat candida\u021bii pentru alegerile europarlamentare \u00een acorduri de muzic\u0103 popular\u0103"},"content":{"rendered":"<div class=\"entry data-app-meta data-app-meta-article\" data-embed-base-url-canonical=\"https:\/\/www.digi24.ro\/embed\/stiri\/actualitate\/politica\/pdl-si-a-lansat-candidatii-pentru-alegerile-europarlamentare-in-acorduri-de-muzica-populara-221863\">\n<p data-index=\"1\"><img decoding=\"async\" src=\"https:\/\/analyse.optim.biz\/wp-content\/uploads\/2024\/09\/mdamagfzad02nme3yjy2mwzmm2fkyzm3othmzdy0owq5mzu2mtdlzg-thumb_.jpg\" data-skip-htmlfix=\"1\" title=\"mdamagfzad02nme3yjy2mwzmm2fkyzm3othmzdy0owq5mzu2mtdlzg-thumb_\">Democrat-liberalii spun c\u0103 \u0219i-ar dori cel pu\u021bin \u0219apte mandate de europarlamentar.<\/p>\n<p data-index=\"2\">Muzica popular\u0103 a \u00eensufle\u0163it discursurile electorale ale candidatilor \u015fi i-a \u00eenviorat brusc pe cei 4.000 de simpatizan\u0163i democrat-liberali veni\u0163i din toate col\u0163urile \u0163\u0103rii.<\/p>\n<p data-index=\"3\">\u00centr-o atmosfer\u0103 mai degrab\u0103 de spectacol dec\u00e2t de reuniune politic\u0103, singurii care \u015fi-au adus aminte de ce s-au str\u00e2ns la Sala Palatului au fost liderii partidului.<\/p>\n<p data-index=\"4\"><strong><img decoding=\"async\" src=\"https:\/\/analyse.optim.biz\/wp-content\/uploads\/2024\/09\/nme0zdjlymiwytk1zgqzztmwmjewyzy2za-thumb_.jpg\" data-skip-htmlfix=\"1\" title=\"nme0zdjlymiwytk1zgqzztmwmjewyzy2za-thumb_\">C\u0103t\u0103lin Predoiu<\/strong>, prim-vicepresedinte PDL: <em>\u201eAvem o list\u0103 care este mai bun\u0103 dec\u00e2t a st\u00e2ngii, avem o list\u0103 care este o speran\u021b\u0103 pentru Rom\u00e2nia. S\u0103-i sus\u021binem cu toat\u0103 energia!&#8221;<\/em><\/p>\n<p data-index=\"5\"><strong><img decoding=\"async\" src=\"https:\/\/analyse.optim.biz\/wp-content\/uploads\/2024\/09\/mdamagfzad05ndjkmdnhntgxmjjkyjqwnjgxzjkzztc0ywqwmjzlna-thumb_.jpg\" data-skip-htmlfix=\"1\" title=\"mdamagfzad05ndjkmdnhntgxmjjkyjqwnjgxzjkzztc0ywqwmjzlna-thumb_\">Monica Macovei<\/strong>, europarlamentar PDL: \u201e<em>Dragi prieteni, suntem mul\u021bi, suntem puternici, \u0219ti\u021bi vorba aceea, ce nu te omoar\u0103 te \u00eent\u0103re\u0219te!\u201d<\/em><\/p>\n<p data-index=\"6\">Unul cate unul au fost prezentan\u021bi to\u021bi candida\u021bii \u00een frunte cu <strong>Theodor Stolojan, Monica Macovei, Traian Ungureanu \u0219i Marian Jean Marinescu<\/strong>.<\/p>\n<p data-index=\"7\">Nu au lipsit \u00eens\u0103 nici atacurile la adresa fo\u0219tilor colegi \u00eenscri\u0219i acum \u00een Mi\u0219carea Popular\u0103.<\/p>\n<p data-index=\"8\"><strong>Cezar Preda<\/strong>, deputat PDL: <em>\u201eRom\u00e2nia poate fi \u0219i altfel dec\u00e2t mincinoas\u0103, Rom\u00e2nia nu trebuie neap\u0103rat s\u0103 fie \u00een blugi sau \u00een i\u021bari, Rom\u00e2nia trebuie s\u0103 fie demn\u0103 \u0219i Europa s\u0103-i fie \u00een fiecare cas\u0103, iar \u00een privin\u021ba costumului pe care Blaga l-a \u00eembr\u0103cat, cel de pre\u0219edinte, s\u0103 \u0219ti\u021bi c\u0103 buldogii nu au murit, sunt \u0219i vor ap\u0103ra PDL!&#8221;<\/em><\/p>\n<p data-index=\"9\">\u00cens\u0103, pentru pre\u015fedintele partidului, <strong>Vasile Blaga<\/strong>, adversarii sunt social-democra\u0163ii \u015fi liberalii. Mitingurile anti-USL, organizate \u00een trecut de PDL, par strategia stategia de mobilizare pe care mizezaz\u0103 \u015fi acum liderul democrat-liberal.<\/p>\n<p data-index=\"10\"><strong><img decoding=\"async\" src=\"https:\/\/analyse.optim.biz\/wp-content\/uploads\/2024\/09\/mdamagfzad0xnzflzdm0zdu4mwvhmdzkmgm5mwzhztjmmzawmdllzg-thumb_.jpg\" data-skip-htmlfix=\"1\" title=\"mdamagfzad0xnzflzdm0zdu4mwvhmdzkmgm5mwzhztjmmzawmdllzg-thumb_\">Vasile Blaga<\/strong>, pre\u015fedintele PDL: <em>\u201eAu transmis puterii USL-iste de atunci c\u0103 exist\u0103 alternativ\u0103 la acea guvernare p\u0103c\u0103toas\u0103 \u0219i nenorocit\u0103: PDL. Tr\u0103iasc\u0103 PDL, iubi\u021bi-l, cine-l tr\u0103deaz\u0103 \u00ee\u0219i tr\u0103deaz\u0103 inima. Iubi\u021bi PDL c\u0103 merit\u0103. Doamne ajut\u0103, mult succes!\u201d<\/em><\/p>\n<p data-index=\"11\"><em><br \/><\/em><\/p>\n<\/div>\n<p> Source URL: https:\/\/www.digi24.ro\/stiri\/actualitate\/politica\/pdl-si-a-lansat-candidatii-pentru-alegerile-europarlamentare-in-acorduri-de-muzica-populara-221863<\/p>\n","protected":false},"excerpt":{"rendered":"<p>Democrat-liberalii spun c\u0103 \u0219i-ar dori cel pu\u021bin \u0219apte mandate de europarlamentar. Muzica popular\u0103 a \u00eensufle\u0163it discursurile electorale ale candidatilor \u015fi i-a \u00eenviorat brusc pe cei 4.000 de simpatizan\u0163i democrat-liberali veni\u0163i din toate col\u0163urile \u0163\u0103rii. \u00centr-o atmosfer\u0103 mai degrab\u0103 de spectacol dec\u00e2t de reuniune politic\u0103, singurii care \u015fi-au adus aminte de ce s-au str\u00e2ns la Sala [&hellip;]<\/p>\n","protected":false},"author":1,"featured_media":208665,"comment_status":"open","ping_status":"","sticky":false,"template":"","format":"standard","meta":{"footnotes":""},"categories":[2],"tags":[11],"class_list":["post-208664","post","type-post","status-publish","format-standard","has-post-thumbnail","hentry","category-politics","tag-digi24"],"_links":{"self":[{"href":"https:\/\/analyse.optim.biz\/index.php?rest_route=\/wp\/v2\/posts\/208664","targetHints":{"allow":["GET"]}}],"collection":[{"href":"https:\/\/analyse.optim.biz\/index.php?rest_route=\/wp\/v2\/posts"}],"about":[{"href":"https:\/\/analyse.optim.biz\/index.php?rest_route=\/wp\/v2\/types\/post"}],"author":[{"embeddable":true,"href":"https:\/\/analyse.optim.biz\/index.php?rest_route=\/wp\/v2\/users\/1"}],"replies":[{"embeddable":true,"href":"https:\/\/analyse.optim.biz\/index.php?rest_route=%2Fwp%2Fv2%2Fcomments&post=208664"}],"version-history":[{"count":0,"href":"https:\/\/analyse.optim.biz\/index.php?rest_route=\/wp\/v2\/posts\/208664\/revisions"}],"wp:featuredmedia":[{"embeddable":true,"href":"https:\/\/analyse.optim.biz\/index.php?rest_route=\/wp\/v2\/media\/208665"}],"wp:attachment":[{"href":"https:\/\/analyse.optim.biz\/index.php?rest_route=%2Fwp%2Fv2%2Fmedia&parent=208664"}],"wp:term":[{"taxonomy":"category","embeddable":true,"href":"https:\/\/analyse.optim.biz\/index.php?rest_route=%2Fwp%2Fv2%2Fcategories&post=208664"},{"taxonomy":"post_tag","embeddable":true,"href":"https:\/\/analyse.optim.biz\/index.php?rest_route=%2Fwp%2Fv2%2Ftags&post=208664"}],"curies":[{"name":"wp","href":"https:\/\/api.w.org\/{rel}","templated":true}]}}