{"id":2086480,"date":"2026-08-10T16:17:24","date_gmt":"2026-08-10T13:17:24","guid":{"rendered":"https:\/\/analyse.optim.biz\/?p=2086480"},"modified":"2026-08-10T16:17:24","modified_gmt":"2026-08-10T13:17:24","slug":"noua-lege-ani-atacata-la-ccr-de-presedintele-nicusor-dan","status":"publish","type":"post","link":"https:\/\/analyse.optim.biz\/?p=2086480","title":{"rendered":"Noua lege ANI, atacat\u0103 la CCR de pre\u015fedintele Nicu\u015for Dan"},"content":{"rendered":"<p>[analyse_image type=&#8221;featured&#8221; src=&#8221;http:\/\/www.banatulmeu.ro\/wp-content\/uploads\/2025\/05\/fritz-si-nicusor-dan-e1746427012559.jpg&#8221;]<\/p>\n<div class=\"post-content-bd\">\n<p>Pre\u0219edintele Nicu\u0219or Dan a atacat la Curtea Constitu\u021bional\u0103 Legea privind integritatea, care l-ar putea l\u0103sa f\u0103r\u0103 mandatul de primar al Timi\u015foarei pe Dominic Fritz. Concret, pre\u015fedintele Rom\u00e2niei a contestat mai multe prevederi pe care le consider\u0103 neconstitu\u021bionale, \u00eentre care extinderea obliga\u021biei de declarare a averii \u0219i intereselor la partenerii de via\u021b\u0103 \u0219i \u00eencetarea unor mandate aflate deja \u00een exercitare.<\/p>\n<p><em>\u201cNoua prevedere inclus\u0103 \u00een legea ANI a\u0219a cum a fost votat\u0103 de Parlament extinde obliga\u021bia de completare \u0219i depunere a declara\u021biilor de avere \u0219i de interese de la titularul func\u021biei publice la \u201eso\u021bul, so\u021bia sau persoana care are rela\u021bii asem\u0103n\u0103toare acelora dintre so\u021bi\u201d. Modul \u00een care Parlamentul a decis s\u0103 rescrie acest articol din lege nu respect\u0103 criteriile constitu\u021bionale. Dimpotriv\u0103, extinderea direct\u0103 a r\u0103spunderii contraven\u021bionale asupra unor persoane pentru simpla lor leg\u0103tur\u0103 afectiv\u0103 cu un demnitar reprezint\u0103 o form\u0103 agravat\u0103 a viciului de constitu\u021bionalitate deja constatat de Curte \u00een 2025, pentru c\u0103 se extinde o r\u0103spundere specific\u0103 demnitarilor asupra unor persoane care nu de\u021bin nicio func\u021bie public\u0103 \u0219i nu exercit\u0103 nicio prerogativ\u0103 de autoritate. Aceast\u0103 form\u0103 de ingerin\u021b\u0103 \u00een via\u021ba privat\u0103 excede inclusiv limitele trasate de instan\u021ba european\u0103 \u00een domeniul conflictelor de interese. \u00cen plus, formularea \u201epersoana care are rela\u021bii asem\u0103n\u0103toare acelora dintre so\u021bi\u201d este lipsit\u0103 de orice reper obiectiv \u0219i conduce la o posibil\u0103 aplicare inegal\u0103, bazat\u0103 pe aprecieri subiective. Publicarea averii partenerilor de via\u021b\u0103 poate fi o decizie personal\u0103, a\u0219a cum Pre\u0219edintele Rom\u00e2niei \u0219i doamna Mirabela Gr\u0103dinaru au considerat c\u0103 este firesc. \u00cens\u0103 introducerea unei prevederi legislative \u00een acest sens nu se poate face dac\u0103 nu sunt respectate ni\u0219te criterii care s\u0103 o fac\u0103 aplicabil\u0103\u201d<\/em>, a transmis Administra\u0163ia Preziden\u0163ial\u0103.<\/p>\n<p>Totodat\u0103, pre\u015fedintele Rom\u00e2niei consider\u0103 c\u0103 un alt articol neconstitu\u021bional introdus \u00een legea ANI transform\u0103 interdic\u021bia de 3 ani de a ocupa o func\u021bie public\u0103, care se aplica p\u00e2n\u0103 acum doar pentru viitor, \u00eentr-o \u00eencetare automat\u0103 a unei func\u021bii sau a unui mandat aflat deja \u00een exercitare.<\/p>\n<p><em>\u201cAceast\u0103 prevedere \u00eencalc\u0103 principiul neretroactivit\u0103\u021bii prev\u0103zut \u00een Constitu\u021bie, conform c\u0103ruia ac\u021biunea unei noi legi se aplic\u0103 exclusiv \u00een viitor. \u00cen plus, pentru func\u021biile ob\u021binute \u00een urma unui scrutin, sanc\u021biunea anuleaz\u0103 retroactiv voin\u021ba suveran\u0103 a cet\u0103\u021benilor, care a fost exprimat\u0103 \u00een acord cu regulile valabile la data alegerilor electorale. Rom\u00e2nia are nevoie de o solu\u021bie solid\u0103 din punct de vedere constitu\u021bional, nu de un text vulnerabil, construit pe calcule \u0219i interese politice conjuncturale, care risc\u0103 s\u0103 fie desfiin\u021bat mai t\u00e2rziu \u0219i s\u0103 creeze un vid legislativ \u00een zona integrit\u0103\u021bii\u201d<\/em>, a informat Administra\u0163ia Preziden\u0163ial\u0103.<\/p>\n<\/div>\n<p>[analyse_source url=&#8221;https:\/\/www.banatulmeu.ro\/noua-lege-ani-atacata-la-ccr-de-presedintele-nicusor-dan\/&#8221;]<\/p>\n","protected":false},"excerpt":{"rendered":"<p>[analyse_image type=&#8221;featured&#8221; src=&#8221;http:\/\/www.banatulmeu.ro\/wp-content\/uploads\/2025\/05\/fritz-si-nicusor-dan-e1746427012559.jpg&#8221;] Pre\u0219edintele Nicu\u0219or Dan a atacat la Curtea Constitu\u021bional\u0103 Legea privind integritatea, care l-ar putea l\u0103sa f\u0103r\u0103 mandatul de primar al Timi\u015foarei pe Dominic Fritz. Concret, pre\u015fedintele Rom\u00e2niei a contestat mai multe prevederi pe care le consider\u0103 neconstitu\u021bionale, \u00eentre care extinderea obliga\u021biei de declarare a averii \u0219i intereselor la partenerii de via\u021b\u0103 \u0219i [&hellip;]<\/p>\n","protected":false},"author":1,"featured_media":0,"comment_status":"open","ping_status":"","sticky":false,"template":"","format":"standard","meta":{"footnotes":""},"categories":[89],"tags":[204,226],"class_list":["post-2086480","post","type-post","status-publish","format-standard","hentry","category-romania","tag-banatulmeu-ro","tag-crawlmanager"],"_links":{"self":[{"href":"https:\/\/analyse.optim.biz\/index.php?rest_route=\/wp\/v2\/posts\/2086480","targetHints":{"allow":["GET"]}}],"collection":[{"href":"https:\/\/analyse.optim.biz\/index.php?rest_route=\/wp\/v2\/posts"}],"about":[{"href":"https:\/\/analyse.optim.biz\/index.php?rest_route=\/wp\/v2\/types\/post"}],"author":[{"embeddable":true,"href":"https:\/\/analyse.optim.biz\/index.php?rest_route=\/wp\/v2\/users\/1"}],"replies":[{"embeddable":true,"href":"https:\/\/analyse.optim.biz\/index.php?rest_route=%2Fwp%2Fv2%2Fcomments&post=2086480"}],"version-history":[{"count":0,"href":"https:\/\/analyse.optim.biz\/index.php?rest_route=\/wp\/v2\/posts\/2086480\/revisions"}],"wp:attachment":[{"href":"https:\/\/analyse.optim.biz\/index.php?rest_route=%2Fwp%2Fv2%2Fmedia&parent=2086480"}],"wp:term":[{"taxonomy":"category","embeddable":true,"href":"https:\/\/analyse.optim.biz\/index.php?rest_route=%2Fwp%2Fv2%2Fcategories&post=2086480"},{"taxonomy":"post_tag","embeddable":true,"href":"https:\/\/analyse.optim.biz\/index.php?rest_route=%2Fwp%2Fv2%2Ftags&post=2086480"}],"curies":[{"name":"wp","href":"https:\/\/api.w.org\/{rel}","templated":true}]}}