{"id":2086478,"date":"2026-08-08T10:21:48","date_gmt":"2026-08-08T07:21:48","guid":{"rendered":"https:\/\/analyse.optim.biz\/?p=2086478"},"modified":"2026-08-08T10:21:48","modified_gmt":"2026-08-08T07:21:48","slug":"lucrari-aquatim-probleme-cu-apa-la-inceput-de-saptamana-in-timisoara-si-herendesti","status":"publish","type":"post","link":"https:\/\/analyse.optim.biz\/?p=2086478","title":{"rendered":"Lucr\u0103ri Aquatim. Probleme cu apa la \u00eenceput de s\u0103pt\u0103m\u00e2n\u0103 \u00een Timi\u0219oara \u0219i Herende\u0219ti"},"content":{"rendered":"<p>[analyse_image type=&#8221;featured&#8221; src=&#8221;http:\/\/www.banatulmeu.ro\/wp-content\/uploads\/2024\/05\/aquatim-lucrari.jpg&#8221;]<\/p>\n<div class=\"post-content-bd\">\n<p>Aquatim anun\u021b\u0103 c\u0103, luni, 10 august, \u00eentre orele 8-17, la intersec\u021bia str\u0103zilor Ana Ip\u0103tescu \u0219i Gr\u0103dinii se va executa o conectare de conducte.<\/p>\n<p>Lucr\u0103rile fac parte din \u201eCL 13: Execu\u021bie re\u021bele de ap\u0103 \u0219i canalizare Timi\u0219oara Sud\u00a0 \u2013 Lot 1\u201d \u0219i pe durata lor se va \u00eentrerupe furnizarea apei pe str\u0103zile Ana Ip\u0103tescu, Gr\u0103dinii \u0219i Fructelor.<\/p>\n<p>Tot luni, 10 august, \u00eentre orele 8-10, se va \u00eentrerupe furnizarea apei \u00een Herende\u0219ti pentru lucr\u0103ri de mentenan\u021b\u0103 la Gospod\u0103ria de Ap\u0103.<\/p>\n<p>Mar\u021bi, 11 august, \u00eentre orele 9-18, la intersec\u021bia bulevardelor Mihai Viteazu \u0219i Vasile P\u00e2rvan se va monta un c\u0103min de sectorizare.<\/p>\n<p>Lucr\u0103rile fac parte din contractul \u201eSectorizarea re\u021belei de distribu\u021bie a apei potabile din municipiul Timi\u0219oara, etapa 2 \u2013 sector 1, 4, 5, 6, 7, 8, 9\u201d, iar pe durata lor se va \u00eentrerupe furnizarea apei pe bulevardele Mihai Viteazu \u0219i Vasile P\u00e2rvan \u0219i pe strada Virgil Madgearu.<\/p>\n<p>\u201c<em>La reluarea aliment\u0103rii cu ap\u0103 \u00een regim normal este posibil ca la robinete s\u0103 curg\u0103 ap\u0103 tulbure. Deoarece aceast\u0103 perturbare va fi de scurt\u0103 durat\u0103, recomand\u0103m clien\u021bilor s\u0103 nu foloseasc\u0103 apa \u00een scopuri menajere, p\u00e2n\u0103 la limpezirea complet\u0103. Rug\u0103m, de asemenea, consumatorii s\u0103 ia m\u0103suri de stocare a unor cantit\u0103\u021bi de ap\u0103 care s\u0103 le acopere necesarul pe perioada anun\u021bat\u0103<\/em>\u201c, a transmis Aquatim.<\/p>\n<\/div>\n<p>[analyse_source url=&#8221;https:\/\/www.banatulmeu.ro\/lucrari-aquatim-probleme-cu-apa-la-inceput-de-saptamana-in-timisoara-si-herendesti\/&#8221;]<\/p>\n","protected":false},"excerpt":{"rendered":"<p>[analyse_image type=&#8221;featured&#8221; src=&#8221;http:\/\/www.banatulmeu.ro\/wp-content\/uploads\/2024\/05\/aquatim-lucrari.jpg&#8221;] Aquatim anun\u021b\u0103 c\u0103, luni, 10 august, \u00eentre orele 8-17, la intersec\u021bia str\u0103zilor Ana Ip\u0103tescu \u0219i Gr\u0103dinii se va executa o conectare de conducte. Lucr\u0103rile fac parte din \u201eCL 13: Execu\u021bie re\u021bele de ap\u0103 \u0219i canalizare Timi\u0219oara Sud\u00a0 \u2013 Lot 1\u201d \u0219i pe durata lor se va \u00eentrerupe furnizarea apei pe str\u0103zile Ana [&hellip;]<\/p>\n","protected":false},"author":1,"featured_media":0,"comment_status":"open","ping_status":"","sticky":false,"template":"","format":"standard","meta":{"footnotes":""},"categories":[89],"tags":[204,226],"class_list":["post-2086478","post","type-post","status-publish","format-standard","hentry","category-romania","tag-banatulmeu-ro","tag-crawlmanager"],"_links":{"self":[{"href":"https:\/\/analyse.optim.biz\/index.php?rest_route=\/wp\/v2\/posts\/2086478","targetHints":{"allow":["GET"]}}],"collection":[{"href":"https:\/\/analyse.optim.biz\/index.php?rest_route=\/wp\/v2\/posts"}],"about":[{"href":"https:\/\/analyse.optim.biz\/index.php?rest_route=\/wp\/v2\/types\/post"}],"author":[{"embeddable":true,"href":"https:\/\/analyse.optim.biz\/index.php?rest_route=\/wp\/v2\/users\/1"}],"replies":[{"embeddable":true,"href":"https:\/\/analyse.optim.biz\/index.php?rest_route=%2Fwp%2Fv2%2Fcomments&post=2086478"}],"version-history":[{"count":0,"href":"https:\/\/analyse.optim.biz\/index.php?rest_route=\/wp\/v2\/posts\/2086478\/revisions"}],"wp:attachment":[{"href":"https:\/\/analyse.optim.biz\/index.php?rest_route=%2Fwp%2Fv2%2Fmedia&parent=2086478"}],"wp:term":[{"taxonomy":"category","embeddable":true,"href":"https:\/\/analyse.optim.biz\/index.php?rest_route=%2Fwp%2Fv2%2Fcategories&post=2086478"},{"taxonomy":"post_tag","embeddable":true,"href":"https:\/\/analyse.optim.biz\/index.php?rest_route=%2Fwp%2Fv2%2Ftags&post=2086478"}],"curies":[{"name":"wp","href":"https:\/\/api.w.org\/{rel}","templated":true}]}}