{"id":2086472,"date":"2026-08-10T16:21:18","date_gmt":"2026-08-10T13:21:18","guid":{"rendered":"https:\/\/analyse.optim.biz\/?p=2086472"},"modified":"2026-08-10T16:21:18","modified_gmt":"2026-08-10T13:21:18","slug":"incendiu-de-vegetatie-la-lugoj-vacute-salvate-si-mai-multe-pierderi-materiale","status":"publish","type":"post","link":"https:\/\/analyse.optim.biz\/?p=2086472","title":{"rendered":"Incendiu de vegeta\u021bie la Lugoj. V\u0103cu\u021be salvate \u0219i mai multe pierderi materiale"},"content":{"rendered":"<p>[analyse_image type=&#8221;featured&#8221; src=&#8221;https:\/\/www.tion.ro\/wp-content\/uploads\/2026\/08\/+otf\/1200&#215;630\/inSsyHQg2suT6rl2WVdiTk5PVF9WRVJZX1NFQwVD97nwG+KAnY72UcgN5ed24IPN7tXpFX0KdBc3ISGwpd462PNBGnwtwmxFA82OBU0t9TSyrGWCHKswDADCH3M=\/6378794WhatsAppImage20260810at191525.jpeg&#8221;]<\/p>\n<article id=\"post-2331654\" class>\n<div class=\"entry-content clearfix\">\n<div class=\"enewsArticleContent\">\n<p class=\"isSelectedEnd\">Pompierii au intervenit cu trei autospeciale de stingere \u0219i au reu\u0219it s\u0103 limiteze incendiul \u00eenainte ca acesta s\u0103 se extind\u0103 la locuin\u021bele din zon\u0103.<\/p>\n<p class=\"isSelectedEnd\">Au ars trei \u0219oproane \u00een care era depozitat material lemnos, o anex\u0103 cu mobilier, dar \u0219i un autoturism abandonat aflat pe c\u00e2mp.<\/p>\n<p>\u00cen timpul interven\u021biei, pompierii au salvat \u0219i cinci vite.<\/p>\n<p>Din fericire, nu au fost \u00eenregistrate victime.<\/p>\n<div class=\"fbShareLikeTwitterAndEmailContainer\">\n<div class=\"wrapper\">\n<div class=\"email\">\n<div id=\"mailto-pop\" class=\"pop-form pop-form-mailto\">\n<div class=\"pop-form-header\">\n<h4>Trimite articolul<\/h4>\n<p><a class=\"pop-form-close\">X<\/a><\/div>\n<\/div>\n<\/div>\n<\/div>\n<\/div>\n<div class=\"comments\">\n<div class=\"top\">\n<div class=\"commentsNumber\"><span class=\"number\">0<\/span><span class=\"text\">Comentarii<\/span><\/div>\n<\/div>\n<div class=\"center\">\n<div id=\"respond\" class=\"comment-respond\">\n<h3 id=\"reply-title\" class=\"comment-reply-title\"><small><a rel=\"nofollow\" id=\"cancel-comment-reply-link\" href=\"https:\/\/www.tion.ro\/stirile-judetului-timis\/incendiu-de-vegetatie-la-lugoj-vacute-salvate-si-pierderi-materiale-2331654\/#respond\">Cancel reply<\/a><\/small><\/h3>\n<p class=\"comment-notes\"><span id=\"email-notes\">Your email address will not be published.<\/span><span class=\"required-field-message\">Required fields are marked <span class=\"required\">*<\/span><\/span><\/p>\n<p class=\"commentFormComment\"><span id=\"commentFormCount\"><br \/>\n                            inca<br \/>\n                            <span id=\"countCommentText\">1000<\/span><br \/>\n                            caractere ramase<br \/>\n                        <\/span><\/p>\n<\/div>\n<\/div>\n<div class=\"bottom\">\n<p class=\"forumDisclaimerHuRo\">\n            Citi\u021bi principiile noastre de moderare <a href=\"https:\/\/www.tion.ro\/reguli-postare-comentarii\/\" target=\"_blank\">aici<\/a>!\n        <\/p>\n<\/div>\n<\/div>\n<\/div>\n<\/div>\n<\/article>\n<div class=\"entry-content clearfix\">\n<div class=\"enewsArticleContent\">\n<p class=\"isSelectedEnd\">Pompierii au intervenit cu trei autospeciale de stingere \u0219i au reu\u0219it s\u0103 limiteze incendiul \u00eenainte ca acesta s\u0103 se extind\u0103 la locuin\u021bele din zon\u0103.<\/p>\n<p class=\"isSelectedEnd\">Au ars trei \u0219oproane \u00een care era depozitat material lemnos, o anex\u0103 cu mobilier, dar \u0219i un autoturism abandonat aflat pe c\u00e2mp.<\/p>\n<p>\u00cen timpul interven\u021biei, pompierii au salvat \u0219i cinci vite.<\/p>\n<p>Din fericire, nu au fost \u00eenregistrate victime.<\/p>\n<div class=\"fbShareLikeTwitterAndEmailContainer\">\n<div class=\"wrapper\">\n<div class=\"email\">\n<div id=\"mailto-pop\" class=\"pop-form pop-form-mailto\">\n<div class=\"pop-form-header\">\n<h4>Trimite articolul<\/h4>\n<p><a class=\"pop-form-close\">X<\/a><\/div>\n<\/div>\n<\/div>\n<\/div>\n<\/div>\n<div class=\"comments\">\n<div class=\"top\">\n<div class=\"commentsNumber\"><span class=\"number\">0<\/span><span class=\"text\">Comentarii<\/span><\/div>\n<\/div>\n<div class=\"center\">\n<div id=\"respond\" class=\"comment-respond\">\n<h3 id=\"reply-title\" class=\"comment-reply-title\"><small><a rel=\"nofollow\" id=\"cancel-comment-reply-link\" href=\"https:\/\/www.tion.ro\/stirile-judetului-timis\/incendiu-de-vegetatie-la-lugoj-vacute-salvate-si-pierderi-materiale-2331654\/#respond\">Cancel reply<\/a><\/small><\/h3>\n<p class=\"comment-notes\"><span id=\"email-notes\">Your email address will not be published.<\/span><span class=\"required-field-message\">Required fields are marked <span class=\"required\">*<\/span><\/span><\/p>\n<p class=\"commentFormComment\"><span id=\"commentFormCount\"><br \/>\n                            inca<br \/>\n                            <span id=\"countCommentText\">1000<\/span><br \/>\n                            caractere ramase<br \/>\n                        <\/span><\/p>\n<\/div>\n<\/div>\n<div class=\"bottom\">\n<p class=\"forumDisclaimerHuRo\">\n            Citi\u021bi principiile noastre de moderare <a href=\"https:\/\/www.tion.ro\/reguli-postare-comentarii\/\" target=\"_blank\">aici<\/a>!\n        <\/p>\n<\/div>\n<\/div>\n<\/div>\n<\/div>\n<p>[analyse_source url=&#8221;https:\/\/www.tion.ro\/stirile-judetului-timis\/incendiu-de-vegetatie-la-lugoj-vacute-salvate-si-pierderi-materiale-2331654\/&#8221;]<\/p>\n","protected":false},"excerpt":{"rendered":"<p>[analyse_image type=&#8221;featured&#8221; src=&#8221;https:\/\/www.tion.ro\/wp-content\/uploads\/2026\/08\/+otf\/1200&#215;630\/inSsyHQg2suT6rl2WVdiTk5PVF9WRVJZX1NFQwVD97nwG+KAnY72UcgN5ed24IPN7tXpFX0KdBc3ISGwpd462PNBGnwtwmxFA82OBU0t9TSyrGWCHKswDADCH3M=\/6378794WhatsAppImage20260810at191525.jpeg&#8221;] Pompierii au intervenit cu trei autospeciale de stingere \u0219i au reu\u0219it s\u0103 limiteze incendiul \u00eenainte ca acesta s\u0103 se extind\u0103 la locuin\u021bele din zon\u0103. Au ars trei \u0219oproane \u00een care era depozitat material lemnos, o anex\u0103 cu mobilier, dar \u0219i un autoturism abandonat aflat pe c\u00e2mp. \u00cen timpul interven\u021biei, pompierii au salvat [&hellip;]<\/p>\n","protected":false},"author":1,"featured_media":0,"comment_status":"open","ping_status":"","sticky":false,"template":"","format":"standard","meta":{"footnotes":""},"categories":[89],"tags":[226,191],"class_list":["post-2086472","post","type-post","status-publish","format-standard","hentry","category-romania","tag-crawlmanager","tag-tion-ro"],"_links":{"self":[{"href":"https:\/\/analyse.optim.biz\/index.php?rest_route=\/wp\/v2\/posts\/2086472","targetHints":{"allow":["GET"]}}],"collection":[{"href":"https:\/\/analyse.optim.biz\/index.php?rest_route=\/wp\/v2\/posts"}],"about":[{"href":"https:\/\/analyse.optim.biz\/index.php?rest_route=\/wp\/v2\/types\/post"}],"author":[{"embeddable":true,"href":"https:\/\/analyse.optim.biz\/index.php?rest_route=\/wp\/v2\/users\/1"}],"replies":[{"embeddable":true,"href":"https:\/\/analyse.optim.biz\/index.php?rest_route=%2Fwp%2Fv2%2Fcomments&post=2086472"}],"version-history":[{"count":0,"href":"https:\/\/analyse.optim.biz\/index.php?rest_route=\/wp\/v2\/posts\/2086472\/revisions"}],"wp:attachment":[{"href":"https:\/\/analyse.optim.biz\/index.php?rest_route=%2Fwp%2Fv2%2Fmedia&parent=2086472"}],"wp:term":[{"taxonomy":"category","embeddable":true,"href":"https:\/\/analyse.optim.biz\/index.php?rest_route=%2Fwp%2Fv2%2Fcategories&post=2086472"},{"taxonomy":"post_tag","embeddable":true,"href":"https:\/\/analyse.optim.biz\/index.php?rest_route=%2Fwp%2Fv2%2Ftags&post=2086472"}],"curies":[{"name":"wp","href":"https:\/\/api.w.org\/{rel}","templated":true}]}}