{"id":2086471,"date":"2026-08-09T16:50:54","date_gmt":"2026-08-09T13:50:54","guid":{"rendered":"https:\/\/analyse.optim.biz\/?p=2086471"},"modified":"2026-08-09T16:50:54","modified_gmt":"2026-08-09T13:50:54","slug":"noi-intreruperi-de-apa-in-timisoara-pe-10-si-11-august-strazile-afectate","status":"publish","type":"post","link":"https:\/\/analyse.optim.biz\/?p=2086471","title":{"rendered":"Noi \u00eentreruperi de ap\u0103 \u00een Timi\u0219oara pe 10 \u0219i 11 august. Str\u0103zile afectate"},"content":{"rendered":"<p>[analyse_image type=&#8221;featured&#8221; src=&#8221;https:\/\/orasul-timisoara.ro\/wp-content\/uploads\/2026\/07\/femeie-bea-apa-4-1.jpg&#8221;]<\/p>\n<article id=\"post-40157\" class=\"td-post-template-7 post-40157 post type-post status-publish format-standard has-post-thumbnail category-featured category-investitii-in-timisoara category-stiri-timisoara tag-ana-ipatescu tag-apa-timisoara-3 tag-aquatim tag-fructelor tag-gradinii tag-herendesti tag-intrerupere-apa-2 tag-judetul-timis-2 tag-lucrari-aquatim-2 tag-mihai-viteazu tag-retea-de-apa-2 tag-timisoara-2 tag-vasile-parvan tag-virgil-madgearu td-container-wrap\">\n<div class=\"td-full-screen-header-image-wrap\">\n<div class=\"td-container td-post-header\">\n<div class=\"td-crumb-container\">\n<div class=\"entry-crumbs\"><span><a title=\"Vede\u021bi toate articolele \u00een Investitii in Timisoara\" class=\"entry-crumb\" href=\"https:\/\/orasul-timisoara.ro\/local-category\/investitii-in-timisoara\/\">Investitii in Timisoara<\/a><\/span><span class=\"td-bred-no-url-last\">Noi \u00eentreruperi de ap\u0103 \u00een Timi\u0219oara pe 10 \u0219i 11 august. Str\u0103zile&#8230;<\/span><\/div>\n<\/div>\n<div class=\"td-post-header-holder\">\n<div class=\"td-parallax-header\">\n<header class=\"td-post-title\">\n<ul class=\"td-category\">\n<li class=\"entry-category\"><a href=\"https:\/\/orasul-timisoara.ro\/local-category\/investitii-in-timisoara\/\">Investitii in Timisoara<\/a><\/li>\n<li class=\"entry-category\"><a href=\"https:\/\/orasul-timisoara.ro\/local-category\/stiri-timisoara\/\">\u0218tiri Locale<\/a><\/li>\n<\/ul>\n<h1 class=\"entry-title\">Noi \u00eentreruperi de ap\u0103 \u00een Timi\u0219oara pe 10 \u0219i 11 august. Str\u0103zile afectate<\/h1>\n<div class=\"td-module-meta-info\">\n<div class=\"td-post-author-name\">\n<div class=\"td-author-by\">De c\u0103tre<\/div>\n<p><a href=\"https:\/\/orasul-timisoara.ro\/author\/timisoara\/\">redactia<\/a><\/p>\n<div class=\"td-author-line\"> &#8211; <\/div>\n<\/div>\n<p><span class=\"td-post-date\"><time class=\"entry-date updated td-module-date\" datetime=\"2026-08-09T19:50:54+03:00\">09\/08\/2026<\/time><\/span><\/div>\n<\/header>\n<\/div>\n<\/div>\n<\/div>\n<div id=\"td-full-screen-header-image\" class=\"td-image-gradient-style7\"><img decoding=\"async\" class=\"td-backstretch\" src=\"https:\/\/orasul-timisoara.ro\/wp-content\/uploads\/2026\/07\/femeie-bea-apa-4-1.jpg\"><\/div>\n<\/div>\n<div class=\"td-container\">\n<div class=\"td-pb-row\">\n<div class=\"td-pb-span8 td-main-content\" role=\"main\">\n<div class=\"td-ss-main-content\">\n<div class=\"td-post-sharing-top\">\n<div class=\"td-post-sharing-classic\"><iframe title=\"topFacebookLike\" frameborder src=\"https:\/\/www.facebook.com\/plugins\/like.php?href=https:\/\/orasul-timisoara.ro\/local-40157\/&amp;layout=button_count&amp;show_faces=false&amp;width=105&amp;action=like&amp;colorscheme=light&amp;height=21\"><\/iframe><\/div>\n<div id=\"td_social_sharing_article_top\" class=\"td-post-sharing td-ps-bg td-ps-notext td-post-sharing-style1 \">\n<div class=\"td-post-sharing-visible\"><a class=\"td-social-sharing-button td-social-sharing-button-js td-social-network td-social-facebook\" href=\"https:\/\/www.facebook.com\/sharer.php?u=https%3A%2F%2Forasul-timisoara.ro%2Flocal-40157%2F\" title=\"Facebook\"><\/p>\n<div class=\"td-social-but-text\">Facebook<\/div>\n<p><\/a><a class=\"td-social-sharing-button td-social-sharing-button-js td-social-network td-social-twitter\" href=\"https:\/\/twitter.com\/intent\/tweet?text=Noi+%C3%AEntreruperi+de+ap%C4%83+%C3%AEn+Timi%C8%99oara+pe+10+%C8%99i+11+august.+Str%C4%83zile+afectate&amp;url=https%3A%2F%2Forasul-timisoara.ro%2Flocal-40157%2F&amp;via=orasultm\" title=\"Twitter\"><\/p>\n<div class=\"td-social-but-text\">Twitter<\/div>\n<p><\/a><a class=\"td-social-sharing-button td-social-sharing-button-js td-social-network td-social-whatsapp\" href=\"https:\/\/api.whatsapp.com\/send?text=Noi+%C3%AEntreruperi+de+ap%C4%83+%C3%AEn+Timi%C8%99oara+pe+10+%C8%99i+11+august.+Str%C4%83zile+afectate%20%0A%0A%20https:\/\/orasul-timisoara.ro\/local-40157\/\" title=\"WhatsApp\"><\/p>\n<div class=\"td-social-but-text\">WhatsApp<\/div>\n<p><\/a><a class=\"td-social-sharing-button td-social-sharing-button-js td-social-network td-social-linkedin\" href=\"https:\/\/www.linkedin.com\/shareArticle?mini=true&amp;url=https:\/\/orasul-timisoara.ro\/local-40157\/&amp;title=Noi+%C3%AEntreruperi+de+ap%C4%83+%C3%AEn+Timi%C8%99oara+pe+10+%C8%99i+11+august.+Str%C4%83zile+afectate\" title=\"Linkedin\"><\/p>\n<div class=\"td-social-but-text\">Linkedin<\/div>\n<p><\/a><a class=\"td-social-sharing-button td-social-sharing-button-js td-social-network td-social-reddit\" href=\"https:\/\/reddit.com\/submit?url=https:\/\/orasul-timisoara.ro\/local-40157\/&amp;title=Noi+%C3%AEntreruperi+de+ap%C4%83+%C3%AEn+Timi%C8%99oara+pe+10+%C8%99i+11+august.+Str%C4%83zile+afectate\" title=\"ReddIt\"><\/p>\n<div class=\"td-social-but-text\">ReddIt<\/div>\n<p><\/a><a class=\"td-social-sharing-button td-social-sharing-button-js td-social-network td-social-mail\" href=\"mailto:?subject=Noi%20%C3%AEntreruperi%20de%20ap%C4%83%20%C3%AEn%20Timi%C8%99oara%20pe%2010%20%C8%99i%2011%20august.%20Str%C4%83zile%20afectate&amp;body=https:\/\/orasul-timisoara.ro\/local-40157\/\" title=\"Email\"><\/p>\n<div class=\"td-social-but-text\">Email<\/div>\n<p><\/a><a class=\"td-social-sharing-button td-social-sharing-button-js td-social-network td-social-print\" href=\"https:\/\/orasul-timisoara.ro\/local-40157\/\" title=\"Imprimare\"><\/p>\n<div class=\"td-social-but-text\">Imprimare<\/div>\n<p><\/a><\/div>\n<\/div>\n<\/div>\n<div class=\"td-post-content tagdiv-type\">\n<p class=\"wp-block-paragraph\">Aquatim anun\u021b\u0103 noi \u00eentreruperi ale furniz\u0103rii apei \u00een Timi\u0219oara \u0219i Herende\u0219ti, programate pentru luni, 10 august, \u0219i mar\u021bi, 11 august 2026. Interven\u021biile sunt necesare pentru lucr\u0103ri la re\u021belele de alimentare cu ap\u0103, iar \u00een zonele afectate furnizarea va fi oprit\u0103 temporar pe durata opera\u021biunilor.<\/p>\n<p class=\"wp-block-paragraph\">Prima interven\u021bie va avea loc luni, la intersec\u021bia str\u0103zilor Ana Ip\u0103tescu \u0219i Gr\u0103dinii, unde echipele vor executa o conectare de conducte. \u00cen aceea\u0219i zi, o oprire a apei este programat\u0103 \u0219i \u00een localitatea Herende\u0219ti, pentru lucr\u0103ri de mentenan\u021b\u0103 la Gospod\u0103ria de Ap\u0103.<\/p>\n<h2 class=\"wp-block-heading\">Oprire a apei pe trei str\u0103zi din Timi\u0219oara<\/h2>\n<p class=\"wp-block-paragraph\">Luni, 10 august, \u00eentre orele 8:00 \u0219i 17:00, Aquatim va executa lucr\u0103ri la intersec\u021bia str\u0103zilor Ana Ip\u0103tescu \u0219i Gr\u0103dinii din Timi\u0219oara.<\/p>\n<p class=\"wp-block-paragraph\">Interven\u021bia const\u0103 \u00een conectarea unor conducte \u0219i face parte din contractul \u201eCL 13: Execu\u021bie re\u021bele de ap\u0103 \u0219i canalizare Timi\u0219oara Sud \u2013 Lot 1\u201d.<\/p>\n<p class=\"wp-block-paragraph\">Pe durata lucr\u0103rilor, furnizarea apei va fi \u00eentrerupt\u0103 pe str\u0103zile Ana Ip\u0103tescu, Gr\u0103dinii \u0219i Fructelor. Consumatorii din aceste zone sunt sf\u0103tui\u021bi s\u0103 \u00ee\u0219i asigure din timp cantitatea de ap\u0103 necesar\u0103 pentru intervalul \u00een care alimentarea va fi oprit\u0103.<\/p>\n<h2 class=\"wp-block-heading\">Lucr\u0103ri \u0219i pe bulevardele Mihai Viteazu \u0219i Vasile P\u00e2rvan<\/h2>\n<p class=\"wp-block-paragraph\">O alt\u0103 interven\u021bie este programat\u0103 mar\u021bi, 11 august, \u00een zona intersec\u021biei bulevardelor Mihai Viteazu \u0219i Vasile P\u00e2rvan.<\/p>\n<p class=\"wp-block-paragraph\">\u00centre orele 9:00 \u0219i 18:00, echipele Aquatim vor monta un c\u0103min de sectorizare. Lucrarea este inclus\u0103 \u00een contractul \u201eSectorizarea re\u021belei de distribu\u021bie a apei potabile din municipiul Timi\u0219oara, etapa 2 \u2013 sector 1, 4, 5, 6, 7, 8, 9\u201d.<\/p>\n<p class=\"wp-block-paragraph\">\u00cen timpul interven\u021biei, furnizarea apei va fi oprit\u0103 pe bulevardele Mihai Viteazu \u0219i Vasile P\u00e2rvan, precum \u0219i pe strada Virgil Madgearu.<\/p>\n<h2 class=\"wp-block-heading\">Herende\u0219ti r\u0103m\u00e2ne f\u0103r\u0103 ap\u0103 luni diminea\u021ba<\/h2>\n<p class=\"wp-block-paragraph\">\u0218i consumatorii din Herende\u0219ti vor avea parte de o \u00eentrerupere temporar\u0103 a aliment\u0103rii cu ap\u0103 luni, 10 august.<\/p>\n<p class=\"wp-block-paragraph\">Potrivit Aquatim, furnizarea va fi oprit\u0103 \u00eentre orele 8:00 \u0219i 10:00 pentru efectuarea unor lucr\u0103ri de mentenan\u021b\u0103 la Gospod\u0103ria de Ap\u0103 din localitate.<\/p>\n<p class=\"wp-block-paragraph\">Interven\u021bia are o durat\u0103 estimat\u0103 de dou\u0103 ore, iar compania recomand\u0103 consumatorilor s\u0103 \u00ee\u0219i preg\u0103teasc\u0103 \u00een avans o rezerv\u0103 de ap\u0103 pentru perioada anun\u021bat\u0103.<\/p>\n<h2 class=\"wp-block-heading\">Apa poate fi tulbure dup\u0103 reluarea aliment\u0103rii<\/h2>\n<p class=\"wp-block-paragraph\">Aquatim avertizeaz\u0103 c\u0103, dup\u0103 reluarea furniz\u0103rii apei \u00een regim normal, este posibil ca la robinete s\u0103 curg\u0103 temporar ap\u0103 tulbure.<\/p>\n<p class=\"wp-block-paragraph\">Compania precizeaz\u0103 c\u0103 aceast\u0103 perturbare este de scurt\u0103 durat\u0103 \u0219i recomand\u0103 consumatorilor s\u0103 nu utilizeze apa \u00een scopuri menajere p\u00e2n\u0103 c\u00e2nd aceasta se limpeze\u0219te complet.<\/p>\n<p class=\"wp-block-paragraph\">Apari\u021bia temporar\u0103 a apei tulburi poate fi asociat\u0103 cu interven\u021biile efectuate asupra re\u021belei \u0219i cu reluarea aliment\u0103rii dup\u0103 oprirea programat\u0103.<\/p>\n<h2 class=\"wp-block-heading\">Aquatim recomand\u0103 stocarea unei rezerve de ap\u0103<\/h2>\n<p class=\"wp-block-paragraph\">Pentru a limita disconfortul provocat de opririle temporare, Aquatim le recomand\u0103 consumatorilor din zonele vizate s\u0103 \u00ee\u0219i asigure din timp cantit\u0103\u021bi suficiente de ap\u0103 pentru perioada \u00een care lucr\u0103rile sunt programate.<\/p>\n<p class=\"wp-block-paragraph\">Recomandarea este valabil\u0103 \u00een special pentru gospod\u0103riile \u0219i consumatorii care depind de alimentarea direct\u0103 din re\u021beaua public\u0103 \u0219i care au nevoie de ap\u0103 pe durata interven\u021biilor.<\/p>\n<p class=\"wp-block-paragraph\">Lucr\u0103rile programate \u00een Timi\u0219oara \u0219i Herende\u0219ti fac parte din interven\u021biile de dezvoltare, sectorizare \u0219i mentenan\u021b\u0103 a infrastructurii de alimentare cu ap\u0103, iar furnizarea va fi reluat\u0103 dup\u0103 finalizarea opera\u021biunilor \u0219i repunerea re\u021belelor \u00een func\u021biune.<\/p>\n<\/div>\n<footer>\n<div class=\"td-post-source-tags\">\n<ul class=\"td-tags td-post-small-box clearfix\">\n<li><span>ETICHETE<\/span><\/li>\n<li><a href=\"https:\/\/orasul-timisoara.ro\/local-tag\/ana-ipatescu\/\">Ana Ip\u0103tescu<\/a><\/li>\n<li><a href=\"https:\/\/orasul-timisoara.ro\/local-tag\/apa-timisoara-3\/\">ap\u0103 Timi\u0219oara<\/a><\/li>\n<li><a href=\"https:\/\/orasul-timisoara.ro\/local-tag\/aquatim\/\">aquatim<\/a><\/li>\n<li><a href=\"https:\/\/orasul-timisoara.ro\/local-tag\/fructelor\/\">Fructelor<\/a><\/li>\n<li><a href=\"https:\/\/orasul-timisoara.ro\/local-tag\/gradinii\/\">Gr\u0103dinii<\/a><\/li>\n<li><a href=\"https:\/\/orasul-timisoara.ro\/local-tag\/herendesti\/\">Herende\u0219ti<\/a><\/li>\n<li><a href=\"https:\/\/orasul-timisoara.ro\/local-tag\/intrerupere-apa-2\/\">\u00eentrerupere ap\u0103<\/a><\/li>\n<li><a href=\"https:\/\/orasul-timisoara.ro\/local-tag\/judetul-timis-2\/\">jude\u021bul Timi\u0219<\/a><\/li>\n<li><a href=\"https:\/\/orasul-timisoara.ro\/local-tag\/lucrari-aquatim-2\/\">lucr\u0103ri Aquatim<\/a><\/li>\n<li><a href=\"https:\/\/orasul-timisoara.ro\/local-tag\/mihai-viteazu\/\">Mihai Viteazu<\/a><\/li>\n<li><a href=\"https:\/\/orasul-timisoara.ro\/local-tag\/retea-de-apa-2\/\">re\u021bea de ap\u0103<\/a><\/li>\n<li><a href=\"https:\/\/orasul-timisoara.ro\/local-tag\/timisoara-2\/\">timi\u0219oara<\/a><\/li>\n<li><a href=\"https:\/\/orasul-timisoara.ro\/local-tag\/vasile-parvan\/\">Vasile P\u00e2rvan<\/a><\/li>\n<li><a href=\"https:\/\/orasul-timisoara.ro\/local-tag\/virgil-madgearu\/\">Virgil Madgearu<\/a><\/li>\n<\/ul>\n<\/div>\n<div class=\"td-post-sharing-bottom\">\n<div class=\"td-post-sharing-classic\"><iframe title=\"bottomFacebookLike\" frameborder src=\"https:\/\/www.facebook.com\/plugins\/like.php?href=https:\/\/orasul-timisoara.ro\/local-40157\/&amp;layout=button_count&amp;show_faces=false&amp;width=105&amp;action=like&amp;colorscheme=light&amp;height=21\"><\/iframe><\/div>\n<div id=\"td_social_sharing_article_bottom\" class=\"td-post-sharing td-ps-bg td-ps-notext td-post-sharing-style1 \">\n<div class=\"td-post-sharing-visible\"><a class=\"td-social-sharing-button td-social-sharing-button-js td-social-network td-social-facebook\" href=\"https:\/\/www.facebook.com\/sharer.php?u=https%3A%2F%2Forasul-timisoara.ro%2Flocal-40157%2F\" title=\"Facebook\"><\/p>\n<div class=\"td-social-but-text\">Facebook<\/div>\n<p><\/a><a class=\"td-social-sharing-button td-social-sharing-button-js td-social-network td-social-twitter\" href=\"https:\/\/twitter.com\/intent\/tweet?text=Noi+%C3%AEntreruperi+de+ap%C4%83+%C3%AEn+Timi%C8%99oara+pe+10+%C8%99i+11+august.+Str%C4%83zile+afectate&amp;url=https%3A%2F%2Forasul-timisoara.ro%2Flocal-40157%2F&amp;via=orasultm\" title=\"Twitter\"><\/p>\n<div class=\"td-social-but-text\">Twitter<\/div>\n<p><\/a><a class=\"td-social-sharing-button td-social-sharing-button-js td-social-network td-social-whatsapp\" href=\"https:\/\/api.whatsapp.com\/send?text=Noi+%C3%AEntreruperi+de+ap%C4%83+%C3%AEn+Timi%C8%99oara+pe+10+%C8%99i+11+august.+Str%C4%83zile+afectate%20%0A%0A%20https:\/\/orasul-timisoara.ro\/local-40157\/\" title=\"WhatsApp\"><\/p>\n<div class=\"td-social-but-text\">WhatsApp<\/div>\n<p><\/a><a class=\"td-social-sharing-button td-social-sharing-button-js td-social-network td-social-linkedin\" href=\"https:\/\/www.linkedin.com\/shareArticle?mini=true&amp;url=https:\/\/orasul-timisoara.ro\/local-40157\/&amp;title=Noi+%C3%AEntreruperi+de+ap%C4%83+%C3%AEn+Timi%C8%99oara+pe+10+%C8%99i+11+august.+Str%C4%83zile+afectate\" title=\"Linkedin\"><\/p>\n<div class=\"td-social-but-text\">Linkedin<\/div>\n<p><\/a><a class=\"td-social-sharing-button td-social-sharing-button-js td-social-network td-social-reddit\" href=\"https:\/\/reddit.com\/submit?url=https:\/\/orasul-timisoara.ro\/local-40157\/&amp;title=Noi+%C3%AEntreruperi+de+ap%C4%83+%C3%AEn+Timi%C8%99oara+pe+10+%C8%99i+11+august.+Str%C4%83zile+afectate\" title=\"ReddIt\"><\/p>\n<div class=\"td-social-but-text\">ReddIt<\/div>\n<p><\/a><a class=\"td-social-sharing-button td-social-sharing-button-js td-social-network td-social-mail\" href=\"mailto:?subject=Noi%20%C3%AEntreruperi%20de%20ap%C4%83%20%C3%AEn%20Timi%C8%99oara%20pe%2010%20%C8%99i%2011%20august.%20Str%C4%83zile%20afectate&amp;body=https:\/\/orasul-timisoara.ro\/local-40157\/\" title=\"Email\"><\/p>\n<div class=\"td-social-but-text\">Email<\/div>\n<p><\/a><a class=\"td-social-sharing-button td-social-sharing-button-js td-social-network td-social-print\" href=\"https:\/\/orasul-timisoara.ro\/local-40157\/\" title=\"Imprimare\"><\/p>\n<div class=\"td-social-but-text\">Imprimare<\/div>\n<p><\/a><\/div>\n<\/div>\n<\/div>\n<div class=\"td-block-row td-post-next-prev\">\n<div class=\"td-block-span6 td-post-prev-post\">\n<div class=\"td-post-next-prev-content\"><span>Articolul precedent<\/span><a href=\"https:\/\/orasul-timisoara.ro\/local-40153\/\">Noi construc\u021bii ilegale desfiin\u021bate la baza sportiv\u0103 de pe Amforei din Timi\u0219oara<\/a><\/div>\n<\/div>\n<div class=\"td-block-span6 td-post-next-post\">\n<div class=\"td-post-next-prev-content\"><span>Articolul urm\u0103tor<\/span><a href=\"https:\/\/orasul-timisoara.ro\/local-40159\/\">Rom\u00e2nia, campioan\u0103 la medalii la Mondialele U19 de canotaj de la Plovdiv<\/a><\/div>\n<\/div>\n<\/div>\n<div class=\"td-author-name vcard author\"><span class=\"fn\"><a href=\"https:\/\/orasul-timisoara.ro\/author\/timisoara\/\">redactia<\/a><\/span><\/div>\n<p><span class=\"td-page-meta\"><\/span><span class=\"td-page-meta\"><span class=\"td-page-meta\"><\/span><\/span><span class=\"td-page-meta\"><\/span><\/footer>\n<div class=\"td_block_wrap td_block_related_posts tdi_3 td_with_ajax_pagination td-pb-border-top td_block_template_8\" data-td-block-uid=\"tdi_3\">\n<h4 class=\"td-related-title td-block-title\"><a id=\"tdi_4\" class=\"td-related-left td-cur-simple-item\" data-td_filter_value data-td_block_id=\"tdi_3\" href=\"https:\/\/orasul-timisoara.ro\/local-40157\/\">ARTICOLE SIMILARE<\/a><a id=\"tdi_5\" class=\"td-related-right\" data-td_filter_value=\"td_related_more_from_author\" data-td_block_id=\"tdi_3\" href=\"https:\/\/orasul-timisoara.ro\/local-40157\/\">DE LA ACELA\u0218I AUTOR<\/a><\/h4>\n<div id=\"tdi_3\" class=\"td_block_inner\">\n<div class=\"td-related-row\">\n<div class=\"td-related-span4\">\n<div class=\"td_module_related_posts td-animation-stack td_mod_related_posts\">\n<div class=\"td-module-image\">\n<div class=\"td-module-thumb\"><a href=\"https:\/\/orasul-timisoara.ro\/local-40147\/\" rel=\"bookmark\" class=\"td-image-wrap \" title=\"Consum record de ap\u0103 \u00een Timi\u0219oara. Aquatim a distribuit peste 2,5 milioane de metri cubi \u00een iulie\"><img loading=\"lazy\" decoding=\"async\" class=\"entry-thumb\" src=\"https:\/\/orasul-timisoara.ro\/wp-content\/uploads\/2026\/07\/femeie-bea-apa-4-436x300.jpg\" alt title=\"Consum record de ap\u0103 \u00een Timi\u0219oara. Aquatim a distribuit peste 2,5 milioane de metri cubi \u00een iulie\" width=\"218\" height=\"150\"><\/a><\/div>\n<\/div>\n<div class=\"item-details\">\n<h3 class=\"entry-title td-module-title\"><a href=\"https:\/\/orasul-timisoara.ro\/local-40147\/\" rel=\"bookmark\" title=\"Consum record de ap\u0103 \u00een Timi\u0219oara. Aquatim a distribuit peste 2,5 milioane de metri cubi \u00een iulie\">Consum record de ap\u0103 \u00een Timi\u0219oara. Aquatim a distribuit peste 2,5 milioane de metri cubi \u00een iulie<\/a><\/h3>\n<\/div>\n<\/div>\n<\/div>\n<div class=\"td-related-span4\">\n<div class=\"td_module_related_posts td-animation-stack td_mod_related_posts\">\n<div class=\"td-module-image\">\n<div class=\"td-module-thumb\"><a href=\"https:\/\/orasul-timisoara.ro\/local-40085\/\" rel=\"bookmark\" class=\"td-image-wrap \" title=\"Casieria Aquatim de pe strada Oituz se \u00eenchide definitiv din 10 august\"><img loading=\"lazy\" decoding=\"async\" class=\"entry-thumb\" src=\"https:\/\/orasul-timisoara.ro\/wp-content\/uploads\/2026\/08\/Screenshot-2026-08-06-180357-436x300.jpg\" alt title=\"Casieria Aquatim de pe strada Oituz se \u00eenchide definitiv din 10 august\" width=\"218\" height=\"150\"><\/a><\/div>\n<\/div>\n<div class=\"item-details\">\n<h3 class=\"entry-title td-module-title\"><a href=\"https:\/\/orasul-timisoara.ro\/local-40085\/\" rel=\"bookmark\" title=\"Casieria Aquatim de pe strada Oituz se \u00eenchide definitiv din 10 august\">Casieria Aquatim de pe strada Oituz se \u00eenchide definitiv din 10 august<\/a><\/h3>\n<\/div>\n<\/div>\n<\/div>\n<div class=\"td-related-span4\">\n<div class=\"td_module_related_posts td-animation-stack td_mod_related_posts\">\n<div class=\"td-module-image\">\n<div class=\"td-module-thumb\"><a href=\"https:\/\/orasul-timisoara.ro\/local-40073\/\" rel=\"bookmark\" class=\"td-image-wrap \" title=\"Lucr\u0103ri Aquatim vineri, 7 august. Patru localit\u0103\u021bi din Timi\u0219 vor avea presiune redus\u0103 la ap\u0103\"><img loading=\"lazy\" decoding=\"async\" class=\"entry-thumb\" src=\"https:\/\/orasul-timisoara.ro\/wp-content\/uploads\/2026\/07\/femeie-bea-apa-3-436x300.jpg\" alt title=\"Lucr\u0103ri Aquatim vineri, 7 august. Patru localit\u0103\u021bi din Timi\u0219 vor avea presiune redus\u0103 la ap\u0103\" width=\"218\" height=\"150\"><\/a><\/div>\n<\/div>\n<div class=\"item-details\">\n<h3 class=\"entry-title td-module-title\"><a href=\"https:\/\/orasul-timisoara.ro\/local-40073\/\" rel=\"bookmark\" title=\"Lucr\u0103ri Aquatim vineri, 7 august. Patru localit\u0103\u021bi din Timi\u0219 vor avea presiune redus\u0103 la ap\u0103\">Lucr\u0103ri Aquatim vineri, 7 august. Patru localit\u0103\u021bi din Timi\u0219 vor avea presiune redus\u0103 la ap\u0103<\/a><\/h3>\n<\/div>\n<\/div>\n<\/div>\n<\/div>\n<\/div>\n<\/div>\n<div class=\"comments\" id=\"comments\">\n<div id=\"respond\" class=\"comment-respond\">\n<h3 id=\"reply-title\" class=\"comment-reply-title\">L\u0102SA\u021aI UN MESAJ<\/h3>\n<div class=\"comment-form-input-wrap td-form-comment\">\n<div class=\"td-warning-comment\">V\u0103 rug\u0103m s\u0103 introduce\u021bi comentariul dvs.!<\/div>\n<\/div>\n<div class=\"comment-form-input-wrap td-form-author\">\n<div class=\"td-warning-author\">Introduce\u021bi aici numele dvs.<\/div>\n<\/div>\n<div class=\"comment-form-input-wrap td-form-email\">\n<div class=\"td-warning-email-error\">A\u021bi introdus o adres\u0103 de e-mail incorect\u0103!<\/div>\n<div class=\"td-warning-email\">V\u0103 rug\u0103m s\u0103 introduce\u021bi adresa dvs. de e-mail aici<\/div>\n<\/div>\n<\/div>\n<p class=\"akismet_comment_form_privacy_notice\">Acest site folose\u0219te Akismet pentru a reduce spamul. <a href=\"https:\/\/akismet.com\/privacy\/\" target=\"_blank\" rel=\"nofollow noopener\">Afl\u0103 cum sunt procesate datele comentariilor tale<\/a>.<\/p>\n<\/div>\n<\/div>\n<\/div>\n<div class=\"td-pb-span4 td-main-sidebar\" role=\"complementary\">\n<div class=\"td-ss-main-sidebar\">\n<aside id=\"block-4\" class=\"td_block_template_8 widget block-4 widget_block widget_media_image\">\n<figure class=\"wp-block-image size-full\"><img loading=\"lazy\" decoding=\"async\" width=\"336\" height=\"280\" src=\"https:\/\/orasul-timisoara.ro\/wp-content\/uploads\/2024\/11\/ReTIM-Abonamentul-Verde-Google-Ads-336x280px.gif\" alt class=\"wp-image-29257\"><\/figure>\n<\/aside>\n<div class=\"td_block_wrap td_block_social_counter td_block_widget tdi_6 td-social-style5 td-social-boxed td-pb-border-top td_block_template_8\">\n<div class=\"td-block-title-wrap\">\n<h4 class=\"td-block-title\"><span>Urm\u0103re\u0219te-ne pe Social Media<\/span><\/h4>\n<\/div>\n<div class=\"td-social-list\">\n<div class=\"td_social_type td-pb-margin-side td_social_facebook\">\n<div class=\"td-social-box\"><span class=\"td_social_info td_social_info_counter\">344,595<\/span><span class=\"td_social_info td_social_info_name\">Fani<\/span><span class=\"td_social_button\"><a href=\"https:\/\/www.facebook.com\/247timisoara\" target=\"_blank\" rel=\"nofollow\">\u00cemi place<\/a><\/span><\/div>\n<\/div>\n<div class=\"td_social_type td-pb-margin-side td_social_instagram\">\n<div class=\"td-social-box\"><span class=\"td_social_info td_social_info_counter\">4,416<\/span><span class=\"td_social_info td_social_info_name\">Cititori<\/span><span class=\"td_social_button\"><a href=\"https:\/\/instagram.com\/orasultimisoararo\/\" target=\"_blank\" rel=\"nofollow\">Conecta\u021bi-v\u0103<\/a><\/span><\/div>\n<\/div>\n<div class=\"td_social_type td-pb-margin-side td_social_rss\">\n<div class=\"td-social-box\"><span class=\"td_social_info td_social_info_counter\">12,506<\/span><span class=\"td_social_info td_social_info_name\">Cititori<\/span><span class=\"td_social_button\"><a href=\"https:\/\/orasul-timisoara.ro\/feed\/\" target=\"_blank\" rel=\"nofollow\">Conecta\u021bi-v\u0103<\/a><\/span><\/div>\n<\/div>\n<div class=\"td_social_type td-pb-margin-side td_social_tiktok\">\n<div class=\"td-social-box\"><span class=\"td_social_info td_social_info_counter\">1,500<\/span><span class=\"td_social_info td_social_info_name\">Cititori<\/span><span class=\"td_social_button\"><a href=\"https:\/\/www.tiktok.com\/@orasultimisoara\" target=\"_blank\" rel=\"nofollow\">Conecta\u021bi-v\u0103<\/a><\/span><\/div>\n<\/div>\n<div class=\"td_social_type td-pb-margin-side td_social_twitter\">\n<div class=\"td-social-box\"><span class=\"td_social_info td_social_info_counter\">1,595<\/span><span class=\"td_social_info td_social_info_name\">Cititori<\/span><span class=\"td_social_button\"><a href=\"https:\/\/twitter.com\/orasultm\" target=\"_blank\" rel=\"nofollow\">Conecta\u021bi-v\u0103<\/a><\/span><\/div>\n<\/div>\n<div class=\"td_social_type td-pb-margin-side td_social_youtube\">\n<div class=\"td-social-box\"><span class=\"td_social_info td_social_info_counter\">3,506<\/span><span class=\"td_social_info td_social_info_name\">Abona\u021bi<\/span><span class=\"td_social_button\"><a href=\"https:\/\/www.youtube.com\/channel\/UCQNsQvs2XCSIm1Z-AHRturw?sub_confirmation=1\" target=\"_blank\" rel=\"nofollow\">Abona\u021bi-v\u0103<\/a><\/span><\/div>\n<\/div>\n<\/div>\n<\/div>\n<aside id=\"text-7\" class=\"td_block_template_8 widget text-7 widget_text\">\n<h4 class=\"td-block-title\"><span>C\u0103ut\u0103ri populare pe OTM<\/span><\/h4>\n<div class=\"textwidget\"><a href=\"https:\/\/orasul-timisoara.ro\/?s=timisoara\"><span>Timisoara<\/span><\/a><a href=\"https:\/\/orasul-timisoara.ro\/?s=calin+dobra\"><span>Calin Dobra<\/span><\/a><a href=\"https:\/\/orasul-timisoara.ro\/?s=primaria+timisoara\"><span>Primaria Timisoara<\/span><\/a><a href=\"https:\/\/orasul-timisoara.ro\/?s=dominic+fritz\"><span>Dominic Fritz<\/span><\/a><a href=\"https:\/\/orasul-timisoara.ro\/?s=nicolae+robu\"><span>Nicolae Robu<\/span><\/a><a href=\"https:\/\/orasul-timisoara.ro\/?s=consiliul+local+timisoara\">Consiliul Local Timisoara<\/a><a href=\"https:\/\/orasul-timisoara.ro\/?s=consiliul+judetean+timis\"><span>Consiliul Judetean Timis<\/span><\/a><a href=\"https:\/\/orasul-timisoara.ro\/?s=cjt\"><span>CJT<\/span><\/a><a href=\"https:\/\/orasul-timisoara.ro\/?s=Alfred+Simonis\"><span>Alfred Simonis<\/span><\/a><a href=\"https:\/\/orasul-timisoara.ro\/?s=PNL\"><span>PNL<\/span><\/a><a href=\"https:\/\/orasul-timisoara.ro\/?s=coronavirus\"><span>coronavirus<\/span><\/a><a href=\"https:\/\/orasul-timisoara.ro\/?s=teatru+timisoara\">teatru Timisoara<\/a><a href=\"https:\/\/orasul-timisoara.ro\/?s=restaurante\"><span>restaurante Timisoara<\/span><\/a><a href=\"https:\/\/orasul-timisoara.ro\/?s=diskoteka\"><span>Diskoteka<\/span><\/a><a href=\"https:\/\/orasul-timisoara.ro\/?s=iulius+town\"><span>Iulius Town<\/span><\/a><a href=\"https:\/\/orasul-timisoara.ro\/?s=iulius+mall\"><span>Iulius Mall<\/span><\/a><a href=\"https:\/\/orasul-timisoara.ro\/?s=stpt\"><span>STPT<\/span><\/a><a href=\"https:\/\/orasul-timisoara.ro\/?s=alin+nica\"><span>Alin Nica<\/span><\/a><a href=\"https:\/\/orasul-timisoara.ro\/?s=psd\"><span>PSD<\/span><\/a><a href=\"https:\/\/orasul-timisoara.ro\/?s=aeroport\"><span>Aeroportul International Timisoara<\/span><\/a><a href=\"https:\/\/orasul-timisoara.ro\/?s=babes\"><span>Spitalul Victor Babes Timisoara<\/span><\/a><a href=\"https:\/\/orasul-timisoara.ro\/?s=poli\"><span>Poli Timi\u0219oara<\/span><\/a><a href=\"https:\/\/orasul-timisoara.ro\/?s=carantina\"><span>carantina<\/span><\/a><a href=\"https:\/\/orasul-timisoara.ro\/?s=aquatim\"><span>Aquatim<\/span><\/a><a href=\"https:\/\/orasul-timisoara.ro\/local-category\/stiri-timisoara\/\"><span>Stiri Timisoara<\/span><\/a><a href=\"https:\/\/orasul-timisoara.ro\/local-category\/investitii-in-timisoara\/\"><span>Investi\u021bii in Timi\u0219oara<\/span><\/a><a href=\"https:\/\/orasul-timisoara.ro\/local-9463\/\"><span>shaorma<\/span><\/a><a href=\"https:\/\/orasul-timisoara.ro\/?s=trafic\"><span>trafic rutier<\/span><\/a><a href=\"https:\/\/orasul-timisoara.ro\/?s=politia\"><span>politia locala timisoara<\/span><\/a><a href=\"https:\/\/orasul-timisoara.ro\/?s=roxana\"><span>Roxana Iliescu<\/span><\/a><a href=\"https:\/\/orasul-timisoara.ro\/?s=colterm\"><span>Colterm<\/span><\/a><a href=\"https:\/\/orasul-timisoara.ro\/?s=latcau\"><span>Ruben La\u021bc\u0103u<\/span><\/a><a href=\"https:\/\/orasul-timisoara.ro\/?s=timis\"><span>\u0218tiri din Timi\u0219<\/span><\/a><a href=\"https:\/\/orasul-timisoara.ro\/?s=spital\"><span>Spitale din Timi\u0219oara<\/span><\/a><a href=\"https:\/\/orasul-timisoara.ro\/?s=tabara\"><span>Cosmin Tab\u0103r\u0103<\/span><\/a><\/div>\n<\/aside>\n<aside id=\"rss-2\" class=\"td_block_template_8 widget rss-2 widget_rss\">\n<h4 class=\"td-block-title\"><span><a class=\"rsswidget rss-widget-feed\" href=\"https:\/\/fashionfridays.ro\/feed\"><img decoding=\"async\" class=\"rss-widget-icon\" width=\"14\" height=\"14\" src=\"https:\/\/orasul-timisoara.ro\/wp-includes\/images\/rss.png\" alt=\"RSS\" loading=\"lazy\"><\/a><a class=\"rsswidget rss-widget-title\" href=\"https:\/\/fashionfridays.ro\/\">Fashion Fridays<\/a><\/span><\/h4>\n<ul>\n<li><a class=\"rsswidget\" href=\"https:\/\/fashionfridays.ro\/romania-devine-a-29-a-piata-vogue-o-noua-era-pentru-industria-locala-de-moda\/\">Rom\u00e2nia devine a 29-a pia\u021b\u0103 Vogue: o nou\u0103 er\u0103 pentru industria local\u0103 de mod\u0103<\/a>\n<div class=\"rssSummary\">Revista Vogue \u00ee\u0219i extinde prezen\u021ba global\u0103 \u0219i va fi lansat\u0103 oficial \u00een Rom\u00e2nia \u00een prim\u0103vara anului 2027, marc\u00e2nd intrarea pe cea de-a 29-a pia\u021b\u0103 interna\u021bional\u0103. Proiectul este realizat \u00een parteneriat cu AEMME Publishing, o companie media recent \u00eenfiin\u021bat\u0103, care va publica edi\u021bia local\u0103 sub licen\u021b\u0103. Noua edi\u021bie, Vogue Rom\u00e2nia, \u00ee\u0219i propune s\u0103 combine autoritatea global\u0103 [\u2026]<\/div>\n<\/li>\n<\/ul>\n<\/aside>\n<aside id=\"rss-4\" class=\"td_block_template_8 widget rss-4 widget_rss\">\n<h4 class=\"td-block-title\"><span><a class=\"rsswidget rss-widget-feed\" href=\"https:\/\/emasini.ro\/feed\"><img decoding=\"async\" class=\"rss-widget-icon\" width=\"14\" height=\"14\" src=\"https:\/\/orasul-timisoara.ro\/wp-includes\/images\/rss.png\" alt=\"RSS\" loading=\"lazy\"><\/a><a class=\"rsswidget rss-widget-title\" href=\"https:\/\/emasini.ro\/\">eMasini<\/a><\/span><\/h4>\n<ul>\n<li><a class=\"rsswidget\" href=\"https:\/\/emasini.ro\/bmw-testeaza-noul-i4-convertible-primul-cabrio-electric-accesibil-al-marcii\/\">BMW testeaz\u0103 noul i4 Convertible, primul cabrio electric accesibil al m\u0103rcii<\/a>\n<div class=\"rssSummary\">BMW accelereaz\u0103 dezvoltarea noii genera\u021bii de modele electrice bazate pe platforma Neue Klasse, iar unul dintre cele mai interesante proiecte aflate \u00een teste este viitorul BMW i4 Convertible. Prototipul camuflat a fost surprins pe \u0219osele, confirm\u00e2nd c\u0103 produc\u0103torul german preg\u0103te\u0219te o decapotabil\u0103 electric\u0103 destinat\u0103 unui segment \u00een care oferta este, \u00een prezent, extrem de limitat\u0103. [\u2026]<\/div>\n<\/li>\n<\/ul>\n<\/aside>\n<\/div>\n<\/div>\n<\/div>\n<\/div>\n<\/article>\n<div class=\"td-post-content tagdiv-type\">\n<p class=\"wp-block-paragraph\">Aquatim anun\u021b\u0103 noi \u00eentreruperi ale furniz\u0103rii apei \u00een Timi\u0219oara \u0219i Herende\u0219ti, programate pentru luni, 10 august, \u0219i mar\u021bi, 11 august 2026. Interven\u021biile sunt necesare pentru lucr\u0103ri la re\u021belele de alimentare cu ap\u0103, iar \u00een zonele afectate furnizarea va fi oprit\u0103 temporar pe durata opera\u021biunilor.<\/p>\n<p class=\"wp-block-paragraph\">Prima interven\u021bie va avea loc luni, la intersec\u021bia str\u0103zilor Ana Ip\u0103tescu \u0219i Gr\u0103dinii, unde echipele vor executa o conectare de conducte. \u00cen aceea\u0219i zi, o oprire a apei este programat\u0103 \u0219i \u00een localitatea Herende\u0219ti, pentru lucr\u0103ri de mentenan\u021b\u0103 la Gospod\u0103ria de Ap\u0103.<\/p>\n<h2 class=\"wp-block-heading\">Oprire a apei pe trei str\u0103zi din Timi\u0219oara<\/h2>\n<p class=\"wp-block-paragraph\">Luni, 10 august, \u00eentre orele 8:00 \u0219i 17:00, Aquatim va executa lucr\u0103ri la intersec\u021bia str\u0103zilor Ana Ip\u0103tescu \u0219i Gr\u0103dinii din Timi\u0219oara.<\/p>\n<p class=\"wp-block-paragraph\">Interven\u021bia const\u0103 \u00een conectarea unor conducte \u0219i face parte din contractul \u201eCL 13: Execu\u021bie re\u021bele de ap\u0103 \u0219i canalizare Timi\u0219oara Sud \u2013 Lot 1\u201d.<\/p>\n<p class=\"wp-block-paragraph\">Pe durata lucr\u0103rilor, furnizarea apei va fi \u00eentrerupt\u0103 pe str\u0103zile Ana Ip\u0103tescu, Gr\u0103dinii \u0219i Fructelor. Consumatorii din aceste zone sunt sf\u0103tui\u021bi s\u0103 \u00ee\u0219i asigure din timp cantitatea de ap\u0103 necesar\u0103 pentru intervalul \u00een care alimentarea va fi oprit\u0103.<\/p>\n<h2 class=\"wp-block-heading\">Lucr\u0103ri \u0219i pe bulevardele Mihai Viteazu \u0219i Vasile P\u00e2rvan<\/h2>\n<p class=\"wp-block-paragraph\">O alt\u0103 interven\u021bie este programat\u0103 mar\u021bi, 11 august, \u00een zona intersec\u021biei bulevardelor Mihai Viteazu \u0219i Vasile P\u00e2rvan.<\/p>\n<p class=\"wp-block-paragraph\">\u00centre orele 9:00 \u0219i 18:00, echipele Aquatim vor monta un c\u0103min de sectorizare. Lucrarea este inclus\u0103 \u00een contractul \u201eSectorizarea re\u021belei de distribu\u021bie a apei potabile din municipiul Timi\u0219oara, etapa 2 \u2013 sector 1, 4, 5, 6, 7, 8, 9\u201d.<\/p>\n<p class=\"wp-block-paragraph\">\u00cen timpul interven\u021biei, furnizarea apei va fi oprit\u0103 pe bulevardele Mihai Viteazu \u0219i Vasile P\u00e2rvan, precum \u0219i pe strada Virgil Madgearu.<\/p>\n<h2 class=\"wp-block-heading\">Herende\u0219ti r\u0103m\u00e2ne f\u0103r\u0103 ap\u0103 luni diminea\u021ba<\/h2>\n<p class=\"wp-block-paragraph\">\u0218i consumatorii din Herende\u0219ti vor avea parte de o \u00eentrerupere temporar\u0103 a aliment\u0103rii cu ap\u0103 luni, 10 august.<\/p>\n<p class=\"wp-block-paragraph\">Potrivit Aquatim, furnizarea va fi oprit\u0103 \u00eentre orele 8:00 \u0219i 10:00 pentru efectuarea unor lucr\u0103ri de mentenan\u021b\u0103 la Gospod\u0103ria de Ap\u0103 din localitate.<\/p>\n<p class=\"wp-block-paragraph\">Interven\u021bia are o durat\u0103 estimat\u0103 de dou\u0103 ore, iar compania recomand\u0103 consumatorilor s\u0103 \u00ee\u0219i preg\u0103teasc\u0103 \u00een avans o rezerv\u0103 de ap\u0103 pentru perioada anun\u021bat\u0103.<\/p>\n<h2 class=\"wp-block-heading\">Apa poate fi tulbure dup\u0103 reluarea aliment\u0103rii<\/h2>\n<p class=\"wp-block-paragraph\">Aquatim avertizeaz\u0103 c\u0103, dup\u0103 reluarea furniz\u0103rii apei \u00een regim normal, este posibil ca la robinete s\u0103 curg\u0103 temporar ap\u0103 tulbure.<\/p>\n<p class=\"wp-block-paragraph\">Compania precizeaz\u0103 c\u0103 aceast\u0103 perturbare este de scurt\u0103 durat\u0103 \u0219i recomand\u0103 consumatorilor s\u0103 nu utilizeze apa \u00een scopuri menajere p\u00e2n\u0103 c\u00e2nd aceasta se limpeze\u0219te complet.<\/p>\n<p class=\"wp-block-paragraph\">Apari\u021bia temporar\u0103 a apei tulburi poate fi asociat\u0103 cu interven\u021biile efectuate asupra re\u021belei \u0219i cu reluarea aliment\u0103rii dup\u0103 oprirea programat\u0103.<\/p>\n<h2 class=\"wp-block-heading\">Aquatim recomand\u0103 stocarea unei rezerve de ap\u0103<\/h2>\n<p class=\"wp-block-paragraph\">Pentru a limita disconfortul provocat de opririle temporare, Aquatim le recomand\u0103 consumatorilor din zonele vizate s\u0103 \u00ee\u0219i asigure din timp cantit\u0103\u021bi suficiente de ap\u0103 pentru perioada \u00een care lucr\u0103rile sunt programate.<\/p>\n<p class=\"wp-block-paragraph\">Recomandarea este valabil\u0103 \u00een special pentru gospod\u0103riile \u0219i consumatorii care depind de alimentarea direct\u0103 din re\u021beaua public\u0103 \u0219i care au nevoie de ap\u0103 pe durata interven\u021biilor.<\/p>\n<p class=\"wp-block-paragraph\">Lucr\u0103rile programate \u00een Timi\u0219oara \u0219i Herende\u0219ti fac parte din interven\u021biile de dezvoltare, sectorizare \u0219i mentenan\u021b\u0103 a infrastructurii de alimentare cu ap\u0103, iar furnizarea va fi reluat\u0103 dup\u0103 finalizarea opera\u021biunilor \u0219i repunerea re\u021belelor \u00een func\u021biune.<\/p>\n<\/div>\n<p>[analyse_source url=&#8221;https:\/\/orasul-timisoara.ro\/local-40157\/&#8221;]<\/p>\n","protected":false},"excerpt":{"rendered":"<p>[analyse_image type=&#8221;featured&#8221; src=&#8221;https:\/\/orasul-timisoara.ro\/wp-content\/uploads\/2026\/07\/femeie-bea-apa-4-1.jpg&#8221;] Investitii in TimisoaraNoi \u00eentreruperi de ap\u0103 \u00een Timi\u0219oara pe 10 \u0219i 11 august. Str\u0103zile&#8230; Investitii in Timisoara \u0218tiri Locale Noi \u00eentreruperi de ap\u0103 \u00een Timi\u0219oara pe 10 \u0219i 11 august. Str\u0103zile afectate De c\u0103tre redactia &#8211; 09\/08\/2026 Facebook Twitter WhatsApp Linkedin ReddIt Email Imprimare Aquatim anun\u021b\u0103 noi \u00eentreruperi ale furniz\u0103rii apei \u00een [&hellip;]<\/p>\n","protected":false},"author":1,"featured_media":0,"comment_status":"open","ping_status":"","sticky":false,"template":"","format":"standard","meta":{"footnotes":""},"categories":[89],"tags":[226,189],"class_list":["post-2086471","post","type-post","status-publish","format-standard","hentry","category-romania","tag-crawlmanager","tag-orasul-timisoara-ro"],"_links":{"self":[{"href":"https:\/\/analyse.optim.biz\/index.php?rest_route=\/wp\/v2\/posts\/2086471","targetHints":{"allow":["GET"]}}],"collection":[{"href":"https:\/\/analyse.optim.biz\/index.php?rest_route=\/wp\/v2\/posts"}],"about":[{"href":"https:\/\/analyse.optim.biz\/index.php?rest_route=\/wp\/v2\/types\/post"}],"author":[{"embeddable":true,"href":"https:\/\/analyse.optim.biz\/index.php?rest_route=\/wp\/v2\/users\/1"}],"replies":[{"embeddable":true,"href":"https:\/\/analyse.optim.biz\/index.php?rest_route=%2Fwp%2Fv2%2Fcomments&post=2086471"}],"version-history":[{"count":0,"href":"https:\/\/analyse.optim.biz\/index.php?rest_route=\/wp\/v2\/posts\/2086471\/revisions"}],"wp:attachment":[{"href":"https:\/\/analyse.optim.biz\/index.php?rest_route=%2Fwp%2Fv2%2Fmedia&parent=2086471"}],"wp:term":[{"taxonomy":"category","embeddable":true,"href":"https:\/\/analyse.optim.biz\/index.php?rest_route=%2Fwp%2Fv2%2Fcategories&post=2086471"},{"taxonomy":"post_tag","embeddable":true,"href":"https:\/\/analyse.optim.biz\/index.php?rest_route=%2Fwp%2Fv2%2Ftags&post=2086471"}],"curies":[{"name":"wp","href":"https:\/\/api.w.org\/{rel}","templated":true}]}}