{"id":2086468,"date":"2026-08-10T14:13:22","date_gmt":"2026-08-10T11:13:22","guid":{"rendered":"https:\/\/analyse.optim.biz\/?p=2086468"},"modified":"2026-08-10T14:13:22","modified_gmt":"2026-08-10T11:13:22","slug":"scm-timisoara-teatrul-national-parteneriatul-momentului-impreuna-scriem-urmatorul-act","status":"publish","type":"post","link":"https:\/\/analyse.optim.biz\/?p=2086468","title":{"rendered":"SCM Timi\u0219oara &#8211; Teatrul Na\u021bional, parteneriatul momentului: \u201e\u00cempreun\u0103 scriem urm\u0103torul act\u201d"},"content":{"rendered":"<p>[analyse_image type=&#8221;featured&#8221; src=&#8221;https:\/\/orasul-timisoara.ro\/wp-content\/uploads\/2026\/08\/tntm-scm-timisoara-1-1920&#215;1243.jpeg&#8221;]<\/p>\n<article id=\"post-40167\" class=\"td-post-template-7 post-40167 post type-post status-publish format-standard has-post-thumbnail category-featured category-stiri-timisoara tag-echipamente tag-parteneriat tag-scm-timisoara tag-teatrul-national td-container-wrap\">\n<div class=\"td-full-screen-header-image-wrap\">\n<div class=\"td-container td-post-header\">\n<div class=\"td-crumb-container\">\n<div class=\"entry-crumbs\"><span><a title=\"Vede\u021bi toate articolele \u00een \u0218tiri Locale\" class=\"entry-crumb\" href=\"https:\/\/orasul-timisoara.ro\/local-category\/stiri-timisoara\/\">\u0218tiri Locale<\/a><\/span><span class=\"td-bred-no-url-last\">SCM Timi\u0219oara \u2013 Teatrul Na\u021bional, parteneriatul momentului: \u201e\u00cempreun\u0103 scriem urm\u0103torul act\u201d<\/span><\/div>\n<\/div>\n<div class=\"td-post-header-holder\">\n<div class=\"td-parallax-header\">\n<header class=\"td-post-title\">\n<ul class=\"td-category\">\n<li class=\"entry-category\"><a href=\"https:\/\/orasul-timisoara.ro\/local-category\/stiri-timisoara\/\">\u0218tiri Locale<\/a><\/li>\n<\/ul>\n<h1 class=\"entry-title\">SCM Timi\u0219oara \u2013 Teatrul Na\u021bional, parteneriatul momentului: \u201e\u00cempreun\u0103 scriem urm\u0103torul act\u201d<\/h1>\n<div class=\"td-module-meta-info\">\n<div class=\"td-post-author-name\">\n<div class=\"td-author-by\">De c\u0103tre<\/div>\n<p><a href=\"https:\/\/orasul-timisoara.ro\/author\/geta\/\">Georgiana Mihalache<\/a><\/p>\n<div class=\"td-author-line\"> &#8211; <\/div>\n<\/div>\n<p><span class=\"td-post-date\"><time class=\"entry-date updated td-module-date\" datetime=\"2026-08-10T17:13:22+03:00\">10\/08\/2026<\/time><\/span><\/div>\n<\/header>\n<\/div>\n<\/div>\n<\/div>\n<div id=\"td-full-screen-header-image\" class=\"td-image-gradient-style7\"><img decoding=\"async\" class=\"td-backstretch\" src=\"https:\/\/orasul-timisoara.ro\/wp-content\/uploads\/2026\/08\/tntm-scm-timisoara-1.jpeg\"><\/div>\n<\/div>\n<div class=\"td-container\">\n<div class=\"td-pb-row\">\n<div class=\"td-pb-span8 td-main-content\" role=\"main\">\n<div class=\"td-ss-main-content\">\n<div class=\"td-post-sharing-top\">\n<div class=\"td-post-sharing-classic\"><iframe title=\"topFacebookLike\" frameborder src=\"https:\/\/www.facebook.com\/plugins\/like.php?href=https:\/\/orasul-timisoara.ro\/local-40167\/&amp;layout=button_count&amp;show_faces=false&amp;width=105&amp;action=like&amp;colorscheme=light&amp;height=21\"><\/iframe><\/div>\n<div id=\"td_social_sharing_article_top\" class=\"td-post-sharing td-ps-bg td-ps-notext td-post-sharing-style1 \">\n<div class=\"td-post-sharing-visible\"><a class=\"td-social-sharing-button td-social-sharing-button-js td-social-network td-social-facebook\" href=\"https:\/\/www.facebook.com\/sharer.php?u=https%3A%2F%2Forasul-timisoara.ro%2Flocal-40167%2F\" title=\"Facebook\"><\/p>\n<div class=\"td-social-but-text\">Facebook<\/div>\n<p><\/a><a class=\"td-social-sharing-button td-social-sharing-button-js td-social-network td-social-twitter\" href=\"https:\/\/twitter.com\/intent\/tweet?text=SCM+Timi%C8%99oara+%E2%80%93+Teatrul+Na%C8%9Bional%2C+parteneriatul+momentului%3A+%E2%80%9E%C3%8Empreun%C4%83+scriem+urm%C4%83torul+act%E2%80%9D&amp;url=https%3A%2F%2Forasul-timisoara.ro%2Flocal-40167%2F&amp;via=orasultm\" title=\"Twitter\"><\/p>\n<div class=\"td-social-but-text\">Twitter<\/div>\n<p><\/a><a class=\"td-social-sharing-button td-social-sharing-button-js td-social-network td-social-whatsapp\" href=\"https:\/\/api.whatsapp.com\/send?text=SCM+Timi%C8%99oara+%E2%80%93+Teatrul+Na%C8%9Bional%2C+parteneriatul+momentului%3A+%E2%80%9E%C3%8Empreun%C4%83+scriem+urm%C4%83torul+act%E2%80%9D%20%0A%0A%20https:\/\/orasul-timisoara.ro\/local-40167\/\" title=\"WhatsApp\"><\/p>\n<div class=\"td-social-but-text\">WhatsApp<\/div>\n<p><\/a><a class=\"td-social-sharing-button td-social-sharing-button-js td-social-network td-social-linkedin\" href=\"https:\/\/www.linkedin.com\/shareArticle?mini=true&amp;url=https:\/\/orasul-timisoara.ro\/local-40167\/&amp;title=SCM+Timi%C8%99oara+%E2%80%93+Teatrul+Na%C8%9Bional%2C+parteneriatul+momentului%3A+%E2%80%9E%C3%8Empreun%C4%83+scriem+urm%C4%83torul+act%E2%80%9D\" title=\"Linkedin\"><\/p>\n<div class=\"td-social-but-text\">Linkedin<\/div>\n<p><\/a><a class=\"td-social-sharing-button td-social-sharing-button-js td-social-network td-social-reddit\" href=\"https:\/\/reddit.com\/submit?url=https:\/\/orasul-timisoara.ro\/local-40167\/&amp;title=SCM+Timi%C8%99oara+%E2%80%93+Teatrul+Na%C8%9Bional%2C+parteneriatul+momentului%3A+%E2%80%9E%C3%8Empreun%C4%83+scriem+urm%C4%83torul+act%E2%80%9D\" title=\"ReddIt\"><\/p>\n<div class=\"td-social-but-text\">ReddIt<\/div>\n<p><\/a><a class=\"td-social-sharing-button td-social-sharing-button-js td-social-network td-social-mail\" href=\"mailto:?subject=SCM%20Timi%C8%99oara%20%E2%80%93%20Teatrul%20Na%C8%9Bional,%20parteneriatul%20momentului:%20%E2%80%9E%C3%8Empreun%C4%83%20scriem%20urm%C4%83torul%20act%E2%80%9D&amp;body=https:\/\/orasul-timisoara.ro\/local-40167\/\" title=\"Email\"><\/p>\n<div class=\"td-social-but-text\">Email<\/div>\n<p><\/a><a class=\"td-social-sharing-button td-social-sharing-button-js td-social-network td-social-print\" href=\"https:\/\/orasul-timisoara.ro\/local-40167\/\" title=\"Imprimare\"><\/p>\n<div class=\"td-social-but-text\">Imprimare<\/div>\n<p><\/a><\/div>\n<\/div>\n<\/div>\n<div class=\"td-post-content tagdiv-type\">\n<p class=\"wp-block-paragraph\"><a>La ini\u021biativa S.C.M. Timi\u0219oara, Teatrul Na\u021bional din Timi\u0219oara \u0219i clubul sportiv au \u00eenceput, \u00een premier\u0103, un exerci\u021biu al colabor\u0103rii, din dorin\u021ba de a oferi comunit\u0103\u021bii o platform\u0103 de \u00eent\u00e2lnire, dialog \u0219i evolu\u021bie.<\/a><\/p>\n<p class=\"wp-block-paragraph\">Aparent ac\u021bion\u00e2nd \u00een sfere distincte de interes, cele dou\u0103 institu\u021bii graviteaz\u0103 \u00een jurul unui numitor comun: performan\u021ba. \u00cen egal\u0103 m\u0103sur\u0103, at\u00e2t teatrul, c\u00e2t \u0219i sportul devin valoroase pentru comunitate, doar atunci c\u00e2nd sunt motivate de sus\u021binerea unui public activ.<\/p>\n<p class=\"wp-block-paragraph\">De asemenea, acest parteneriat reprezint\u0103 o formul\u0103 de recunoa\u0219tere \u0219i validare a Culturii \u0219i a Sportului ca motoare de dezvoltare comunitar\u0103 \u0219i urban\u0103.<\/p>\n<p class=\"wp-block-paragraph\">Mesajul care define\u0219te acest parteneriat este \u00ceMPREUN\u0102 SCRIEM URM\u0102TORUL ACT.<\/p>\n<p class=\"wp-block-paragraph\">\u00cen siajul acestui motto, clubul sportiv \u00ee\u0219i re\u00eennoie\u0219te echipamentul, utiliz\u00e2nd grafic elemente decorative ale S\u0103lii Mari a Teatrului Na\u021bional, precum \u0219i detalii arhitecturale ale Palatului Culturii, sediul Teatrului Na\u021bional. De asemenea, \u00eentreaga imagistic\u0103 a clubului face trimitere la identitatea \u0219i istoria Teatrului Na\u021bional din Timi\u0219oara.<\/p>\n<p class=\"wp-block-paragraph\"><a>\u201eTeatrul Na\u0163ional dore\u0219te foarte mult o deschidere c\u00e2t mai larg\u0103 c\u0103tre comunitate. F\u0103r\u0103 educa\u021bie, cultur\u0103 \u0219i sport nu putem dezvolta o societate echilibrat\u0103 \u0219i integr\u0103, capabil\u0103 s\u0103 reziste dezinform\u0103rii care ne asalteaz\u0103 din toate p\u0103r\u021bile. Acest parteneriat are capacitatea de a oferi toate reperele necesare pentru a consolida o comunitate alc\u0103tuit\u0103 din indivizi responsabili, cu g\u00e2ndire critic\u0103 \u0219i capabili de a ac\u021biona \u00eempreun\u0103 pentru binele comun\u201d, a declarat Ion Rizea, managerul Teatrului Na\u021bional \u201eMihai Eminescu\u201d din Timi\u0219oara.<\/a><\/p>\n<p class=\"wp-block-paragraph\">El a scos \u00een eviden\u021b\u0103 \u0219i motivele grafice care se reg\u0103sesc pe noile echipamente ale handbali\u0219tilor S.C.M. Timi\u0219oara \u2013 parte din motivele arhitectonice din Sala Mare.<\/p>\n<p class=\"wp-block-paragraph\">Astfel, aceast\u0103 colaborare dep\u0103\u0219e\u0219te grani\u021bele unei simple lans\u0103ri de echipament sportiv, fiind conceput\u0103 pentru a deveni un simbol de durat\u0103 al Timi\u0219oarei, din punct de vedere vizual \u0219i cultural. Obiectivele principale ale acestei colabor\u0103ri vizeaz\u0103 transformarea unui element esen\u021bial al patrimoniului cultural al ora\u0219ului \u00eentr-un vector de imagine puternic, capabil s\u0103 consolideze pozi\u021bia Timi\u0219oarei pe harta na\u021bional\u0103 \u0219i interna\u021bional\u0103. Dincolo de un eveniment de branding, colaborarea dintre cele dou\u0103 organisme \u00ee\u0219i propune s\u0103 conecteze publicul, aduc\u00e2nd iubitorii sportului \u00een s\u0103lile de teatru \u0219i, \u00een egal\u0103 m\u0103sur\u0103, subliniind valorile fair-play-ului \u0219i ale disciplinei sportive \u00een spa\u021biul cultural.<\/p>\n<p class=\"wp-block-paragraph\">\u201eReu\u0219ita acestei colabor\u0103ri este un semn de maturitate. Timi\u0219oara, \u00een percep\u021bia tuturor, este un ora\u0219 premium, \u0219i e obligatoriu s\u0103 fie bine reprezentat \u00een toate sferele de activitate, cu at\u00e2t mai mult \u00een domenii foarte vizibile, precum cultura \u0219i sportul. Cultura \u0219i sportul sunt cu oameni \u0219i despre oameni. Sunt locurile unde oamenii se \u00eentristeaz\u0103, se bucur\u0103, r\u00e2d, pl\u00e2ng, locuri care \u00eei rup de cotidian\u201d, a declarat Alexandru Dedu, managerul S.C.M. Timi\u0219oara.<\/p>\n<p class=\"wp-block-paragraph\">Primul eveniment \u00een care cele dou\u0103 institu\u021bii vor colabora este \u00a0Cupa \u201ePoli\u201d la Handbal. Competi\u021bia va \u00eencepe vineri, 14 august 2026, la Sala Sporturilor \u201eConstantin Jude\u201d.\u00a0 \u00cendr\u0103gitul actor al Teatrului Na\u021bional, Matei Chioariu, va prelua rolul de maestru de ceremonii \u0219i va prezenta lotul echipei de handbal, vineri, cu \u00eencepere de la ora 19:00, unific\u00e2nd cele dou\u0103 lumi pe aceea\u0219i scen\u0103.<\/p>\n<p class=\"wp-block-paragraph\">\u00cen continuare, odat\u0103 cu \u00eenceperea stagiunii 2026 \u2013 2027, at\u00e2t S.C.M. Timi\u0219oara, c\u00e2t \u0219i Teatrul Na\u021bional vor promova \u0219i vor facilita accesul la evenimentele partenerului \u0219i, totodat\u0103, vor organiza evenimente \u00een colaborare.<\/p>\n<p class=\"wp-block-paragraph\">Foto: Adrian P\u00eecli\u0219an \/ TNTm<\/p>\n<\/div>\n<footer>\n<div class=\"td-post-source-tags\">\n<ul class=\"td-tags td-post-small-box clearfix\">\n<li><span>ETICHETE<\/span><\/li>\n<li><a href=\"https:\/\/orasul-timisoara.ro\/local-tag\/echipamente\/\">echipamente<\/a><\/li>\n<li><a href=\"https:\/\/orasul-timisoara.ro\/local-tag\/parteneriat\/\">parteneriat<\/a><\/li>\n<li><a href=\"https:\/\/orasul-timisoara.ro\/local-tag\/scm-timisoara\/\">scm timisoara<\/a><\/li>\n<li><a href=\"https:\/\/orasul-timisoara.ro\/local-tag\/teatrul-national\/\">teatrul national<\/a><\/li>\n<\/ul>\n<\/div>\n<div class=\"td-post-sharing-bottom\">\n<div class=\"td-post-sharing-classic\"><iframe title=\"bottomFacebookLike\" frameborder src=\"https:\/\/www.facebook.com\/plugins\/like.php?href=https:\/\/orasul-timisoara.ro\/local-40167\/&amp;layout=button_count&amp;show_faces=false&amp;width=105&amp;action=like&amp;colorscheme=light&amp;height=21\"><\/iframe><\/div>\n<div id=\"td_social_sharing_article_bottom\" class=\"td-post-sharing td-ps-bg td-ps-notext td-post-sharing-style1 \">\n<div class=\"td-post-sharing-visible\"><a class=\"td-social-sharing-button td-social-sharing-button-js td-social-network td-social-facebook\" href=\"https:\/\/www.facebook.com\/sharer.php?u=https%3A%2F%2Forasul-timisoara.ro%2Flocal-40167%2F\" title=\"Facebook\"><\/p>\n<div class=\"td-social-but-text\">Facebook<\/div>\n<p><\/a><a class=\"td-social-sharing-button td-social-sharing-button-js td-social-network td-social-twitter\" href=\"https:\/\/twitter.com\/intent\/tweet?text=SCM+Timi%C8%99oara+%E2%80%93+Teatrul+Na%C8%9Bional%2C+parteneriatul+momentului%3A+%E2%80%9E%C3%8Empreun%C4%83+scriem+urm%C4%83torul+act%E2%80%9D&amp;url=https%3A%2F%2Forasul-timisoara.ro%2Flocal-40167%2F&amp;via=orasultm\" title=\"Twitter\"><\/p>\n<div class=\"td-social-but-text\">Twitter<\/div>\n<p><\/a><a class=\"td-social-sharing-button td-social-sharing-button-js td-social-network td-social-whatsapp\" href=\"https:\/\/api.whatsapp.com\/send?text=SCM+Timi%C8%99oara+%E2%80%93+Teatrul+Na%C8%9Bional%2C+parteneriatul+momentului%3A+%E2%80%9E%C3%8Empreun%C4%83+scriem+urm%C4%83torul+act%E2%80%9D%20%0A%0A%20https:\/\/orasul-timisoara.ro\/local-40167\/\" title=\"WhatsApp\"><\/p>\n<div class=\"td-social-but-text\">WhatsApp<\/div>\n<p><\/a><a class=\"td-social-sharing-button td-social-sharing-button-js td-social-network td-social-linkedin\" href=\"https:\/\/www.linkedin.com\/shareArticle?mini=true&amp;url=https:\/\/orasul-timisoara.ro\/local-40167\/&amp;title=SCM+Timi%C8%99oara+%E2%80%93+Teatrul+Na%C8%9Bional%2C+parteneriatul+momentului%3A+%E2%80%9E%C3%8Empreun%C4%83+scriem+urm%C4%83torul+act%E2%80%9D\" title=\"Linkedin\"><\/p>\n<div class=\"td-social-but-text\">Linkedin<\/div>\n<p><\/a><a class=\"td-social-sharing-button td-social-sharing-button-js td-social-network td-social-reddit\" href=\"https:\/\/reddit.com\/submit?url=https:\/\/orasul-timisoara.ro\/local-40167\/&amp;title=SCM+Timi%C8%99oara+%E2%80%93+Teatrul+Na%C8%9Bional%2C+parteneriatul+momentului%3A+%E2%80%9E%C3%8Empreun%C4%83+scriem+urm%C4%83torul+act%E2%80%9D\" title=\"ReddIt\"><\/p>\n<div class=\"td-social-but-text\">ReddIt<\/div>\n<p><\/a><a class=\"td-social-sharing-button td-social-sharing-button-js td-social-network td-social-mail\" href=\"mailto:?subject=SCM%20Timi%C8%99oara%20%E2%80%93%20Teatrul%20Na%C8%9Bional,%20parteneriatul%20momentului:%20%E2%80%9E%C3%8Empreun%C4%83%20scriem%20urm%C4%83torul%20act%E2%80%9D&amp;body=https:\/\/orasul-timisoara.ro\/local-40167\/\" title=\"Email\"><\/p>\n<div class=\"td-social-but-text\">Email<\/div>\n<p><\/a><a class=\"td-social-sharing-button td-social-sharing-button-js td-social-network td-social-print\" href=\"https:\/\/orasul-timisoara.ro\/local-40167\/\" title=\"Imprimare\"><\/p>\n<div class=\"td-social-but-text\">Imprimare<\/div>\n<p><\/a><\/div>\n<\/div>\n<\/div>\n<div class=\"td-block-row td-post-next-prev\">\n<div class=\"td-block-span6 td-post-prev-post\">\n<div class=\"td-post-next-prev-content\"><span>Articolul precedent<\/span><a href=\"https:\/\/orasul-timisoara.ro\/local-40165\/\">ANM anun\u021b\u0103 canicul\u0103 \u00een Timi\u0219 \u0219i Arad. Mar\u021bi vine v\u00e2rful de c\u0103ldur\u0103<\/a><\/div>\n<\/div>\n<\/div>\n<div class=\"td-author-name vcard author\"><span class=\"fn\"><a href=\"https:\/\/orasul-timisoara.ro\/author\/geta\/\">Georgiana Mihalache<\/a><\/span><\/div>\n<p><span class=\"td-page-meta\"><\/span><span class=\"td-page-meta\"><span class=\"td-page-meta\"><\/span><\/span><span class=\"td-page-meta\"><\/span><\/footer>\n<div class=\"td_block_wrap td_block_related_posts tdi_3 td_with_ajax_pagination td-pb-border-top td_block_template_8\" data-td-block-uid=\"tdi_3\">\n<h4 class=\"td-related-title td-block-title\"><a id=\"tdi_4\" class=\"td-related-left td-cur-simple-item\" data-td_filter_value data-td_block_id=\"tdi_3\" href=\"https:\/\/orasul-timisoara.ro\/local-40167\/\">ARTICOLE SIMILARE<\/a><a id=\"tdi_5\" class=\"td-related-right\" data-td_filter_value=\"td_related_more_from_author\" data-td_block_id=\"tdi_3\" href=\"https:\/\/orasul-timisoara.ro\/local-40167\/\">DE LA ACELA\u0218I AUTOR<\/a><\/h4>\n<div id=\"tdi_3\" class=\"td_block_inner\">\n<div class=\"td-related-row\">\n<div class=\"td-related-span4\">\n<div class=\"td_module_related_posts td-animation-stack td_mod_related_posts\">\n<div class=\"td-module-image\">\n<div class=\"td-module-thumb\"><a href=\"https:\/\/orasul-timisoara.ro\/local-39167\/\" rel=\"bookmark\" class=\"td-image-wrap \" title=\"Rugby la Timi\u0219oara: dueluri importante pentru SCM \u00een aceast\u0103 s\u0103pt\u0103m\u00e2n\u0103\"><img loading=\"lazy\" decoding=\"async\" class=\"entry-thumb\" src=\"https:\/\/orasul-timisoara.ro\/wp-content\/uploads\/2023\/01\/rugby-romania-nationala-sport-436x300.jpg\" alt title=\"Rugby la Timi\u0219oara: dueluri importante pentru SCM \u00een aceast\u0103 s\u0103pt\u0103m\u00e2n\u0103\" width=\"218\" height=\"150\"><\/a><\/div>\n<\/div>\n<div class=\"item-details\">\n<h3 class=\"entry-title td-module-title\"><a href=\"https:\/\/orasul-timisoara.ro\/local-39167\/\" rel=\"bookmark\" title=\"Rugby la Timi\u0219oara: dueluri importante pentru SCM \u00een aceast\u0103 s\u0103pt\u0103m\u00e2n\u0103\">Rugby la Timi\u0219oara: dueluri importante pentru SCM \u00een aceast\u0103 s\u0103pt\u0103m\u00e2n\u0103<\/a><\/h3>\n<\/div>\n<\/div>\n<\/div>\n<div class=\"td-related-span4\">\n<div class=\"td_module_related_posts td-animation-stack td_mod_related_posts\">\n<div class=\"td-module-image\">\n<div class=\"td-module-thumb\"><a href=\"https:\/\/orasul-timisoara.ro\/local-37963\/\" rel=\"bookmark\" class=\"td-image-wrap \" title=\"Timi\u0219oara digitalizeaz\u0103 organizarea evenimentelor: calendar online pentru spa\u021biile publice\"><img loading=\"lazy\" decoding=\"async\" class=\"entry-thumb\" src=\"https:\/\/orasul-timisoara.ro\/wp-content\/uploads\/2021\/01\/primaria-timisoara.jpg\" alt title=\"Timi\u0219oara digitalizeaz\u0103 organizarea evenimentelor: calendar online pentru spa\u021biile publice\" width=\"218\" height=\"150\"><\/a><\/div>\n<\/div>\n<div class=\"item-details\">\n<h3 class=\"entry-title td-module-title\"><a href=\"https:\/\/orasul-timisoara.ro\/local-37963\/\" rel=\"bookmark\" title=\"Timi\u0219oara digitalizeaz\u0103 organizarea evenimentelor: calendar online pentru spa\u021biile publice\">Timi\u0219oara digitalizeaz\u0103 organizarea evenimentelor: calendar online pentru spa\u021biile publice<\/a><\/h3>\n<\/div>\n<\/div>\n<\/div>\n<div class=\"td-related-span4\">\n<div class=\"td_module_related_posts td-animation-stack td_mod_related_posts\">\n<div class=\"td-module-image\">\n<div class=\"td-module-thumb\"><a href=\"https:\/\/orasul-timisoara.ro\/local-37751\/\" rel=\"bookmark\" class=\"td-image-wrap \" title=\"\u201eVasile Deheleanu\u201d, noua baz\u0103 sportiv\u0103 deschis\u0103 pentru timi\u0219oreni \u00een Mehala (foto)\"><img loading=\"lazy\" decoding=\"async\" class=\"entry-thumb\" src=\"https:\/\/orasul-timisoara.ro\/wp-content\/uploads\/2026\/03\/Baza-deheleanu-3-436x300.jpg\" alt title=\"\u201eVasile Deheleanu\u201d, noua baz\u0103 sportiv\u0103 deschis\u0103 pentru timi\u0219oreni \u00een Mehala (foto)\" width=\"218\" height=\"150\"><\/a><\/div>\n<\/div>\n<div class=\"item-details\">\n<h3 class=\"entry-title td-module-title\"><a href=\"https:\/\/orasul-timisoara.ro\/local-37751\/\" rel=\"bookmark\" title=\"\u201eVasile Deheleanu\u201d, noua baz\u0103 sportiv\u0103 deschis\u0103 pentru timi\u0219oreni \u00een Mehala (foto)\">\u201eVasile Deheleanu\u201d, noua baz\u0103 sportiv\u0103 deschis\u0103 pentru timi\u0219oreni \u00een Mehala (foto)<\/a><\/h3>\n<\/div>\n<\/div>\n<\/div>\n<\/div>\n<\/div>\n<\/div>\n<div class=\"comments\" id=\"comments\">\n<div id=\"respond\" class=\"comment-respond\">\n<h3 id=\"reply-title\" class=\"comment-reply-title\">L\u0102SA\u021aI UN MESAJ<\/h3>\n<div class=\"comment-form-input-wrap td-form-comment\">\n<div class=\"td-warning-comment\">V\u0103 rug\u0103m s\u0103 introduce\u021bi comentariul dvs.!<\/div>\n<\/div>\n<div class=\"comment-form-input-wrap td-form-author\">\n<div class=\"td-warning-author\">Introduce\u021bi aici numele dvs.<\/div>\n<\/div>\n<div class=\"comment-form-input-wrap td-form-email\">\n<div class=\"td-warning-email-error\">A\u021bi introdus o adres\u0103 de e-mail incorect\u0103!<\/div>\n<div class=\"td-warning-email\">V\u0103 rug\u0103m s\u0103 introduce\u021bi adresa dvs. de e-mail aici<\/div>\n<\/div>\n<\/div>\n<p class=\"akismet_comment_form_privacy_notice\">Acest site folose\u0219te Akismet pentru a reduce spamul. <a href=\"https:\/\/akismet.com\/privacy\/\" target=\"_blank\" rel=\"nofollow noopener\">Afl\u0103 cum sunt procesate datele comentariilor tale<\/a>.<\/p>\n<\/div>\n<\/div>\n<\/div>\n<div class=\"td-pb-span4 td-main-sidebar\" role=\"complementary\">\n<div class=\"td-ss-main-sidebar\">\n<aside id=\"block-4\" class=\"td_block_template_8 widget block-4 widget_block widget_media_image\">\n<figure class=\"wp-block-image size-full\"><img loading=\"lazy\" decoding=\"async\" width=\"336\" height=\"280\" src=\"https:\/\/orasul-timisoara.ro\/wp-content\/uploads\/2024\/11\/ReTIM-Abonamentul-Verde-Google-Ads-336x280px.gif\" alt class=\"wp-image-29257\"><\/figure>\n<\/aside>\n<div class=\"td_block_wrap td_block_social_counter td_block_widget tdi_6 td-social-style5 td-social-boxed td-pb-border-top td_block_template_8\">\n<div class=\"td-block-title-wrap\">\n<h4 class=\"td-block-title\"><span>Urm\u0103re\u0219te-ne pe Social Media<\/span><\/h4>\n<\/div>\n<div class=\"td-social-list\">\n<div class=\"td_social_type td-pb-margin-side td_social_facebook\">\n<div class=\"td-social-box\"><span class=\"td_social_info td_social_info_counter\">344,595<\/span><span class=\"td_social_info td_social_info_name\">Fani<\/span><span class=\"td_social_button\"><a href=\"https:\/\/www.facebook.com\/247timisoara\" target=\"_blank\" rel=\"nofollow\">\u00cemi place<\/a><\/span><\/div>\n<\/div>\n<div class=\"td_social_type td-pb-margin-side td_social_instagram\">\n<div class=\"td-social-box\"><span class=\"td_social_info td_social_info_counter\">4,416<\/span><span class=\"td_social_info td_social_info_name\">Cititori<\/span><span class=\"td_social_button\"><a href=\"https:\/\/instagram.com\/orasultimisoararo\/\" target=\"_blank\" rel=\"nofollow\">Conecta\u021bi-v\u0103<\/a><\/span><\/div>\n<\/div>\n<div class=\"td_social_type td-pb-margin-side td_social_rss\">\n<div class=\"td-social-box\"><span class=\"td_social_info td_social_info_counter\">12,506<\/span><span class=\"td_social_info td_social_info_name\">Cititori<\/span><span class=\"td_social_button\"><a href=\"https:\/\/orasul-timisoara.ro\/feed\/\" target=\"_blank\" rel=\"nofollow\">Conecta\u021bi-v\u0103<\/a><\/span><\/div>\n<\/div>\n<div class=\"td_social_type td-pb-margin-side td_social_tiktok\">\n<div class=\"td-social-box\"><span class=\"td_social_info td_social_info_counter\">1,500<\/span><span class=\"td_social_info td_social_info_name\">Cititori<\/span><span class=\"td_social_button\"><a href=\"https:\/\/www.tiktok.com\/@orasultimisoara\" target=\"_blank\" rel=\"nofollow\">Conecta\u021bi-v\u0103<\/a><\/span><\/div>\n<\/div>\n<div class=\"td_social_type td-pb-margin-side td_social_twitter\">\n<div class=\"td-social-box\"><span class=\"td_social_info td_social_info_counter\">1,595<\/span><span class=\"td_social_info td_social_info_name\">Cititori<\/span><span class=\"td_social_button\"><a href=\"https:\/\/twitter.com\/orasultm\" target=\"_blank\" rel=\"nofollow\">Conecta\u021bi-v\u0103<\/a><\/span><\/div>\n<\/div>\n<div class=\"td_social_type td-pb-margin-side td_social_youtube\">\n<div class=\"td-social-box\"><span class=\"td_social_info td_social_info_counter\">3,506<\/span><span class=\"td_social_info td_social_info_name\">Abona\u021bi<\/span><span class=\"td_social_button\"><a href=\"https:\/\/www.youtube.com\/channel\/UCQNsQvs2XCSIm1Z-AHRturw?sub_confirmation=1\" target=\"_blank\" rel=\"nofollow\">Abona\u021bi-v\u0103<\/a><\/span><\/div>\n<\/div>\n<\/div>\n<\/div>\n<aside id=\"text-7\" class=\"td_block_template_8 widget text-7 widget_text\">\n<h4 class=\"td-block-title\"><span>C\u0103ut\u0103ri populare pe OTM<\/span><\/h4>\n<div class=\"textwidget\"><a href=\"https:\/\/orasul-timisoara.ro\/?s=timisoara\"><span>Timisoara<\/span><\/a><a href=\"https:\/\/orasul-timisoara.ro\/?s=calin+dobra\"><span>Calin Dobra<\/span><\/a><a href=\"https:\/\/orasul-timisoara.ro\/?s=primaria+timisoara\"><span>Primaria Timisoara<\/span><\/a><a href=\"https:\/\/orasul-timisoara.ro\/?s=dominic+fritz\"><span>Dominic Fritz<\/span><\/a><a href=\"https:\/\/orasul-timisoara.ro\/?s=nicolae+robu\"><span>Nicolae Robu<\/span><\/a><a href=\"https:\/\/orasul-timisoara.ro\/?s=consiliul+local+timisoara\">Consiliul Local Timisoara<\/a><a href=\"https:\/\/orasul-timisoara.ro\/?s=consiliul+judetean+timis\"><span>Consiliul Judetean Timis<\/span><\/a><a href=\"https:\/\/orasul-timisoara.ro\/?s=cjt\"><span>CJT<\/span><\/a><a href=\"https:\/\/orasul-timisoara.ro\/?s=Alfred+Simonis\"><span>Alfred Simonis<\/span><\/a><a href=\"https:\/\/orasul-timisoara.ro\/?s=PNL\"><span>PNL<\/span><\/a><a href=\"https:\/\/orasul-timisoara.ro\/?s=coronavirus\"><span>coronavirus<\/span><\/a><a href=\"https:\/\/orasul-timisoara.ro\/?s=teatru+timisoara\">teatru Timisoara<\/a><a href=\"https:\/\/orasul-timisoara.ro\/?s=restaurante\"><span>restaurante Timisoara<\/span><\/a><a href=\"https:\/\/orasul-timisoara.ro\/?s=diskoteka\"><span>Diskoteka<\/span><\/a><a href=\"https:\/\/orasul-timisoara.ro\/?s=iulius+town\"><span>Iulius Town<\/span><\/a><a href=\"https:\/\/orasul-timisoara.ro\/?s=iulius+mall\"><span>Iulius Mall<\/span><\/a><a href=\"https:\/\/orasul-timisoara.ro\/?s=stpt\"><span>STPT<\/span><\/a><a href=\"https:\/\/orasul-timisoara.ro\/?s=alin+nica\"><span>Alin Nica<\/span><\/a><a href=\"https:\/\/orasul-timisoara.ro\/?s=psd\"><span>PSD<\/span><\/a><a href=\"https:\/\/orasul-timisoara.ro\/?s=aeroport\"><span>Aeroportul International Timisoara<\/span><\/a><a href=\"https:\/\/orasul-timisoara.ro\/?s=babes\"><span>Spitalul Victor Babes Timisoara<\/span><\/a><a href=\"https:\/\/orasul-timisoara.ro\/?s=poli\"><span>Poli Timi\u0219oara<\/span><\/a><a href=\"https:\/\/orasul-timisoara.ro\/?s=carantina\"><span>carantina<\/span><\/a><a href=\"https:\/\/orasul-timisoara.ro\/?s=aquatim\"><span>Aquatim<\/span><\/a><a href=\"https:\/\/orasul-timisoara.ro\/local-category\/stiri-timisoara\/\"><span>Stiri Timisoara<\/span><\/a><a href=\"https:\/\/orasul-timisoara.ro\/local-category\/investitii-in-timisoara\/\"><span>Investi\u021bii in Timi\u0219oara<\/span><\/a><a href=\"https:\/\/orasul-timisoara.ro\/local-9463\/\"><span>shaorma<\/span><\/a><a href=\"https:\/\/orasul-timisoara.ro\/?s=trafic\"><span>trafic rutier<\/span><\/a><a href=\"https:\/\/orasul-timisoara.ro\/?s=politia\"><span>politia locala timisoara<\/span><\/a><a href=\"https:\/\/orasul-timisoara.ro\/?s=roxana\"><span>Roxana Iliescu<\/span><\/a><a href=\"https:\/\/orasul-timisoara.ro\/?s=colterm\"><span>Colterm<\/span><\/a><a href=\"https:\/\/orasul-timisoara.ro\/?s=latcau\"><span>Ruben La\u021bc\u0103u<\/span><\/a><a href=\"https:\/\/orasul-timisoara.ro\/?s=timis\"><span>\u0218tiri din Timi\u0219<\/span><\/a><a href=\"https:\/\/orasul-timisoara.ro\/?s=spital\"><span>Spitale din Timi\u0219oara<\/span><\/a><a href=\"https:\/\/orasul-timisoara.ro\/?s=tabara\"><span>Cosmin Tab\u0103r\u0103<\/span><\/a><\/div>\n<\/aside>\n<aside id=\"rss-2\" class=\"td_block_template_8 widget rss-2 widget_rss\">\n<h4 class=\"td-block-title\"><span><a class=\"rsswidget rss-widget-feed\" href=\"https:\/\/fashionfridays.ro\/feed\"><img decoding=\"async\" class=\"rss-widget-icon\" width=\"14\" height=\"14\" src=\"https:\/\/orasul-timisoara.ro\/wp-includes\/images\/rss.png\" alt=\"RSS\" loading=\"lazy\"><\/a><a class=\"rsswidget rss-widget-title\" href=\"https:\/\/fashionfridays.ro\/\">Fashion Fridays<\/a><\/span><\/h4>\n<ul>\n<li><a class=\"rsswidget\" href=\"https:\/\/fashionfridays.ro\/romania-devine-a-29-a-piata-vogue-o-noua-era-pentru-industria-locala-de-moda\/\">Rom\u00e2nia devine a 29-a pia\u021b\u0103 Vogue: o nou\u0103 er\u0103 pentru industria local\u0103 de mod\u0103<\/a>\n<div class=\"rssSummary\">Revista Vogue \u00ee\u0219i extinde prezen\u021ba global\u0103 \u0219i va fi lansat\u0103 oficial \u00een Rom\u00e2nia \u00een prim\u0103vara anului 2027, marc\u00e2nd intrarea pe cea de-a 29-a pia\u021b\u0103 interna\u021bional\u0103. Proiectul este realizat \u00een parteneriat cu AEMME Publishing, o companie media recent \u00eenfiin\u021bat\u0103, care va publica edi\u021bia local\u0103 sub licen\u021b\u0103. Noua edi\u021bie, Vogue Rom\u00e2nia, \u00ee\u0219i propune s\u0103 combine autoritatea global\u0103 [\u2026]<\/div>\n<\/li>\n<\/ul>\n<\/aside>\n<aside id=\"rss-4\" class=\"td_block_template_8 widget rss-4 widget_rss\">\n<h4 class=\"td-block-title\"><span><a class=\"rsswidget rss-widget-feed\" href=\"https:\/\/emasini.ro\/feed\"><img decoding=\"async\" class=\"rss-widget-icon\" width=\"14\" height=\"14\" src=\"https:\/\/orasul-timisoara.ro\/wp-includes\/images\/rss.png\" alt=\"RSS\" loading=\"lazy\"><\/a><a class=\"rsswidget rss-widget-title\" href=\"https:\/\/emasini.ro\/\">eMasini<\/a><\/span><\/h4>\n<ul>\n<li><a class=\"rsswidget\" href=\"https:\/\/emasini.ro\/bmw-testeaza-noul-i4-convertible-primul-cabrio-electric-accesibil-al-marcii\/\">BMW testeaz\u0103 noul i4 Convertible, primul cabrio electric accesibil al m\u0103rcii<\/a>\n<div class=\"rssSummary\">BMW accelereaz\u0103 dezvoltarea noii genera\u021bii de modele electrice bazate pe platforma Neue Klasse, iar unul dintre cele mai interesante proiecte aflate \u00een teste este viitorul BMW i4 Convertible. Prototipul camuflat a fost surprins pe \u0219osele, confirm\u00e2nd c\u0103 produc\u0103torul german preg\u0103te\u0219te o decapotabil\u0103 electric\u0103 destinat\u0103 unui segment \u00een care oferta este, \u00een prezent, extrem de limitat\u0103. [\u2026]<\/div>\n<\/li>\n<\/ul>\n<\/aside>\n<\/div>\n<\/div>\n<\/div>\n<\/div>\n<\/article>\n<div class=\"td-post-content tagdiv-type\">\n<p class=\"wp-block-paragraph\"><a>La ini\u021biativa S.C.M. Timi\u0219oara, Teatrul Na\u021bional din Timi\u0219oara \u0219i clubul sportiv au \u00eenceput, \u00een premier\u0103, un exerci\u021biu al colabor\u0103rii, din dorin\u021ba de a oferi comunit\u0103\u021bii o platform\u0103 de \u00eent\u00e2lnire, dialog \u0219i evolu\u021bie.<\/a><\/p>\n<p class=\"wp-block-paragraph\">Aparent ac\u021bion\u00e2nd \u00een sfere distincte de interes, cele dou\u0103 institu\u021bii graviteaz\u0103 \u00een jurul unui numitor comun: performan\u021ba. \u00cen egal\u0103 m\u0103sur\u0103, at\u00e2t teatrul, c\u00e2t \u0219i sportul devin valoroase pentru comunitate, doar atunci c\u00e2nd sunt motivate de sus\u021binerea unui public activ.<\/p>\n<p class=\"wp-block-paragraph\">De asemenea, acest parteneriat reprezint\u0103 o formul\u0103 de recunoa\u0219tere \u0219i validare a Culturii \u0219i a Sportului ca motoare de dezvoltare comunitar\u0103 \u0219i urban\u0103.<\/p>\n<p class=\"wp-block-paragraph\">Mesajul care define\u0219te acest parteneriat este \u00ceMPREUN\u0102 SCRIEM URM\u0102TORUL ACT.<\/p>\n<p class=\"wp-block-paragraph\">\u00cen siajul acestui motto, clubul sportiv \u00ee\u0219i re\u00eennoie\u0219te echipamentul, utiliz\u00e2nd grafic elemente decorative ale S\u0103lii Mari a Teatrului Na\u021bional, precum \u0219i detalii arhitecturale ale Palatului Culturii, sediul Teatrului Na\u021bional. De asemenea, \u00eentreaga imagistic\u0103 a clubului face trimitere la identitatea \u0219i istoria Teatrului Na\u021bional din Timi\u0219oara.<\/p>\n<p class=\"wp-block-paragraph\"><a>\u201eTeatrul Na\u0163ional dore\u0219te foarte mult o deschidere c\u00e2t mai larg\u0103 c\u0103tre comunitate. F\u0103r\u0103 educa\u021bie, cultur\u0103 \u0219i sport nu putem dezvolta o societate echilibrat\u0103 \u0219i integr\u0103, capabil\u0103 s\u0103 reziste dezinform\u0103rii care ne asalteaz\u0103 din toate p\u0103r\u021bile. Acest parteneriat are capacitatea de a oferi toate reperele necesare pentru a consolida o comunitate alc\u0103tuit\u0103 din indivizi responsabili, cu g\u00e2ndire critic\u0103 \u0219i capabili de a ac\u021biona \u00eempreun\u0103 pentru binele comun\u201d, a declarat Ion Rizea, managerul Teatrului Na\u021bional \u201eMihai Eminescu\u201d din Timi\u0219oara.<\/a><\/p>\n<p class=\"wp-block-paragraph\">El a scos \u00een eviden\u021b\u0103 \u0219i motivele grafice care se reg\u0103sesc pe noile echipamente ale handbali\u0219tilor S.C.M. Timi\u0219oara \u2013 parte din motivele arhitectonice din Sala Mare.<\/p>\n<p class=\"wp-block-paragraph\">Astfel, aceast\u0103 colaborare dep\u0103\u0219e\u0219te grani\u021bele unei simple lans\u0103ri de echipament sportiv, fiind conceput\u0103 pentru a deveni un simbol de durat\u0103 al Timi\u0219oarei, din punct de vedere vizual \u0219i cultural. Obiectivele principale ale acestei colabor\u0103ri vizeaz\u0103 transformarea unui element esen\u021bial al patrimoniului cultural al ora\u0219ului \u00eentr-un vector de imagine puternic, capabil s\u0103 consolideze pozi\u021bia Timi\u0219oarei pe harta na\u021bional\u0103 \u0219i interna\u021bional\u0103. Dincolo de un eveniment de branding, colaborarea dintre cele dou\u0103 organisme \u00ee\u0219i propune s\u0103 conecteze publicul, aduc\u00e2nd iubitorii sportului \u00een s\u0103lile de teatru \u0219i, \u00een egal\u0103 m\u0103sur\u0103, subliniind valorile fair-play-ului \u0219i ale disciplinei sportive \u00een spa\u021biul cultural.<\/p>\n<p class=\"wp-block-paragraph\">\u201eReu\u0219ita acestei colabor\u0103ri este un semn de maturitate. Timi\u0219oara, \u00een percep\u021bia tuturor, este un ora\u0219 premium, \u0219i e obligatoriu s\u0103 fie bine reprezentat \u00een toate sferele de activitate, cu at\u00e2t mai mult \u00een domenii foarte vizibile, precum cultura \u0219i sportul. Cultura \u0219i sportul sunt cu oameni \u0219i despre oameni. Sunt locurile unde oamenii se \u00eentristeaz\u0103, se bucur\u0103, r\u00e2d, pl\u00e2ng, locuri care \u00eei rup de cotidian\u201d, a declarat Alexandru Dedu, managerul S.C.M. Timi\u0219oara.<\/p>\n<p class=\"wp-block-paragraph\">Primul eveniment \u00een care cele dou\u0103 institu\u021bii vor colabora este \u00a0Cupa \u201ePoli\u201d la Handbal. Competi\u021bia va \u00eencepe vineri, 14 august 2026, la Sala Sporturilor \u201eConstantin Jude\u201d.\u00a0 \u00cendr\u0103gitul actor al Teatrului Na\u021bional, Matei Chioariu, va prelua rolul de maestru de ceremonii \u0219i va prezenta lotul echipei de handbal, vineri, cu \u00eencepere de la ora 19:00, unific\u00e2nd cele dou\u0103 lumi pe aceea\u0219i scen\u0103.<\/p>\n<p class=\"wp-block-paragraph\">\u00cen continuare, odat\u0103 cu \u00eenceperea stagiunii 2026 \u2013 2027, at\u00e2t S.C.M. Timi\u0219oara, c\u00e2t \u0219i Teatrul Na\u021bional vor promova \u0219i vor facilita accesul la evenimentele partenerului \u0219i, totodat\u0103, vor organiza evenimente \u00een colaborare.<\/p>\n<p class=\"wp-block-paragraph\">Foto: Adrian P\u00eecli\u0219an \/ TNTm<\/p>\n<\/div>\n<p>[analyse_source url=&#8221;https:\/\/orasul-timisoara.ro\/local-40167\/&#8221;]<\/p>\n","protected":false},"excerpt":{"rendered":"<p>[analyse_image type=&#8221;featured&#8221; src=&#8221;https:\/\/orasul-timisoara.ro\/wp-content\/uploads\/2026\/08\/tntm-scm-timisoara-1-1920&#215;1243.jpeg&#8221;] \u0218tiri LocaleSCM Timi\u0219oara \u2013 Teatrul Na\u021bional, parteneriatul momentului: \u201e\u00cempreun\u0103 scriem urm\u0103torul act\u201d \u0218tiri Locale SCM Timi\u0219oara \u2013 Teatrul Na\u021bional, parteneriatul momentului: \u201e\u00cempreun\u0103 scriem urm\u0103torul act\u201d De c\u0103tre Georgiana Mihalache &#8211; 10\/08\/2026 Facebook Twitter WhatsApp Linkedin ReddIt Email Imprimare La ini\u021biativa S.C.M. Timi\u0219oara, Teatrul Na\u021bional din Timi\u0219oara \u0219i clubul sportiv au \u00eenceput, \u00een [&hellip;]<\/p>\n","protected":false},"author":1,"featured_media":0,"comment_status":"open","ping_status":"","sticky":false,"template":"","format":"standard","meta":{"footnotes":""},"categories":[89],"tags":[226,189],"class_list":["post-2086468","post","type-post","status-publish","format-standard","hentry","category-romania","tag-crawlmanager","tag-orasul-timisoara-ro"],"_links":{"self":[{"href":"https:\/\/analyse.optim.biz\/index.php?rest_route=\/wp\/v2\/posts\/2086468","targetHints":{"allow":["GET"]}}],"collection":[{"href":"https:\/\/analyse.optim.biz\/index.php?rest_route=\/wp\/v2\/posts"}],"about":[{"href":"https:\/\/analyse.optim.biz\/index.php?rest_route=\/wp\/v2\/types\/post"}],"author":[{"embeddable":true,"href":"https:\/\/analyse.optim.biz\/index.php?rest_route=\/wp\/v2\/users\/1"}],"replies":[{"embeddable":true,"href":"https:\/\/analyse.optim.biz\/index.php?rest_route=%2Fwp%2Fv2%2Fcomments&post=2086468"}],"version-history":[{"count":0,"href":"https:\/\/analyse.optim.biz\/index.php?rest_route=\/wp\/v2\/posts\/2086468\/revisions"}],"wp:attachment":[{"href":"https:\/\/analyse.optim.biz\/index.php?rest_route=%2Fwp%2Fv2%2Fmedia&parent=2086468"}],"wp:term":[{"taxonomy":"category","embeddable":true,"href":"https:\/\/analyse.optim.biz\/index.php?rest_route=%2Fwp%2Fv2%2Fcategories&post=2086468"},{"taxonomy":"post_tag","embeddable":true,"href":"https:\/\/analyse.optim.biz\/index.php?rest_route=%2Fwp%2Fv2%2Ftags&post=2086468"}],"curies":[{"name":"wp","href":"https:\/\/api.w.org\/{rel}","templated":true}]}}