{"id":2086466,"date":"2026-08-10T14:36:29","date_gmt":"2026-08-10T11:36:29","guid":{"rendered":"https:\/\/analyse.optim.biz\/?p=2086466"},"modified":"2026-08-10T14:36:29","modified_gmt":"2026-08-10T11:36:29","slug":"nicusor-dan-a-atacat-la-curtea-constitutionala-legea-ani","status":"publish","type":"post","link":"https:\/\/analyse.optim.biz\/?p=2086466","title":{"rendered":"Nicu\u0219or Dan a atacat la Curtea Constitu\u021bional\u0103 legea ANI"},"content":{"rendered":"<p>[analyse_image type=&#8221;featured&#8221; src=&#8221;https:\/\/www.tion.ro\/wp-content\/uploads\/2026\/02\/+otf\/1200&#215;630\/JqZ+GH9Nm2GeuNMPRE7ti05PVF9WRVJZX1NFQzEobhdkf2xVuQ__H5AeDiKLnjOvNfBblH__OhNyWW0lz0ZGjiLohZ5U__SMvMsi5OfP+bUZjkdk6Go2UXlpltEF+Y=\/157543013669452-scaled.jpg&#8221;]<\/p>\n<article id=\"post-2331573\" class>\n<div class=\"entry-content clearfix\">\n<div class=\"enewsArticleContent\">\n<p class=\"isSelectedEnd\">Unul dintre amendamente, introdus de PSD \u0219i votat de AUR, prevede c\u0103 persoanele care au primit deja o decizie definitiv\u0103 de incompatibilitate sau conflict de interese \u0219i pentru care nu au trecut \u00eenc\u0103 trei ani de la decizie \u00ee\u0219i pot pierde func\u021bia sau mandatul. Aceast\u0103 prevedere l-ar putea afecta pe<strong><a href=\"https:\/\/www.tion.ro\/azi-in-timisoara\/usr-si-pnl-ataca-la-ccr-noua-lege-a-integritatii-sustin-ca-amendamentul-fritz-este-neconstitutional-2330418\/\" target=\"_blank\" rel=\"noopener\"> Dominic Fritz<\/a><\/strong>.<\/p>\n<p class=\"isSelectedEnd\">Nicu\u0219or Dan consider\u0103 c\u0103 aceast\u0103 regul\u0103 este neconstitu\u021bional\u0103 deoarece ar \u00eenc\u0103lca principiul neretroactivit\u0103\u021bii legii \u0219i ar putea anula voin\u021ba aleg\u0103torilor exprimat\u0103 la alegeri.<\/p>\n<p class=\"isSelectedEnd\">Un alt amendament, introdus de AUR \u0219i votat de PSD, prevede c\u0103 nu doar so\u021bii \u0219i so\u021biile demnitarilor, ci \u0219i partenerii acestora trebuie s\u0103 depun\u0103 declara\u021bii de avere \u0219i de interese.<\/p>\n<p class=\"isSelectedEnd\">Pre\u0219edintele consider\u0103 c\u0103 aceast\u0103 prevedere afecteaz\u0103 nejustificat via\u021ba privat\u0103 \u0219i c\u0103 expresia \u201epersoana care are rela\u021bii asem\u0103n\u0103toare acelora dintre so\u021bi\u201d este prea vag\u0103 \u0219i poate fi interpretat\u0103 subiectiv.<\/p>\n<p class=\"isSelectedEnd\">USR a contestat \u0219i el legea la Curtea Constitu\u021bional\u0103, dup\u0103 adoptarea acesteia de c\u0103tre Parlament.<\/p>\n<p class=\"isSelectedEnd\">CCR urmeaz\u0103 s\u0103 analizeze cele dou\u0103 sesiz\u0103ri pe 12 august, \u00eenainte de termenul de 31 august stabilit pentru \u00eendeplinirea unui jalon din PNRR, \u00een valoare de 770 de milioane de euro.<\/p>\n<div class=\"fbShareLikeTwitterAndEmailContainer\">\n<div class=\"wrapper\">\n<div class=\"email\">\n<div id=\"mailto-pop\" class=\"pop-form pop-form-mailto\">\n<div class=\"pop-form-header\">\n<h4>Trimite articolul<\/h4>\n<p><a class=\"pop-form-close\">X<\/a><\/div>\n<\/div>\n<\/div>\n<\/div>\n<\/div>\n<div class=\"comments\">\n<div class=\"top\">\n<div class=\"commentsNumber\"><span class=\"number\">1<\/span><span class=\"text\">Comentarii<\/span><\/div>\n<\/div>\n<div class=\"center\">\n<div id=\"respond\" class=\"comment-respond\">\n<h3 id=\"reply-title\" class=\"comment-reply-title\"><small><a rel=\"nofollow\" id=\"cancel-comment-reply-link\" href=\"https:\/\/www.tion.ro\/romania\/nicusor-dan-a-atacat-la-curtea-constitutionala-legea-ani-2331573\/#respond\">Cancel reply<\/a><\/small><\/h3>\n<p class=\"comment-notes\"><span id=\"email-notes\">Your email address will not be published.<\/span><span class=\"required-field-message\">Required fields are marked <span class=\"required\">*<\/span><\/span><\/p>\n<p class=\"commentFormComment\"><span id=\"commentFormCount\"><br \/>\n                            inca<br \/>\n                            <span id=\"countCommentText\">1000<\/span><br \/>\n                            caractere ramase<br \/>\n                        <\/span><\/p>\n<\/div>\n<\/div>\n<div class=\"bottom\">\n<p class=\"forumDisclaimerHuRo\">\n            Citi\u021bi principiile noastre de moderare <a href=\"https:\/\/www.tion.ro\/reguli-postare-comentarii\/\" target=\"_blank\">aici<\/a>!\n        <\/p>\n<\/div>\n<\/div>\n<div id=\"forum\">\n<li class=\"comment even thread-even depth-1\" id=\"comment-1013196\">\n<div id=\"div-comment-1013196\" class=\"comment-body\">\n<div class=\"comment-author vcard\"><img decoding=\"async\" alt src=\"https:\/\/secure.gravatar.com\/avatar\/b96c229ce916c3fae91015d036a346ea?s=32&amp;d=mm&amp;r=g\" class=\"avatar avatar-32 photo\" height=\"32\" width=\"32\" loading=\"lazy\"><cite class=\"fn\">unul<\/cite><span class=\"says\">says:<\/span><\/div>\n<div class=\"comment-meta commentmetadata\"><a href=\"https:\/\/www.tion.ro\/romania\/nicusor-dan-a-atacat-la-curtea-constitutionala-legea-ani-2331573\/#comment-1013196\">August 10, 2026 at 6:28 pm<\/a><\/div>\n<p>vai\u2026.si eu credeam ca-l doare in bascheti de fondurile pierdute din PNRR! Ce fente pentru naivi!<\/p>\n<div class=\"reply\"><a rel=\"nofollow\" class=\"comment-reply-link\" href=\"https:\/\/www.tion.ro\/romania\/nicusor-dan-a-atacat-la-curtea-constitutionala-legea-ani-2331573\/#comment-1013196\" data-commentid=\"1013196\" data-postid=\"2331573\" data-belowelement=\"div-comment-1013196\" data-respondelement=\"respond\" data-replyto=\"Reply to unul\" aria-label=\"Reply to unul\">Reply<\/a><\/div>\n<\/div>\n<\/li>\n<\/div>\n<\/div>\n<\/div>\n<\/article>\n<div class=\"entry-content clearfix\">\n<div class=\"enewsArticleContent\">\n<p class=\"isSelectedEnd\">Unul dintre amendamente, introdus de PSD \u0219i votat de AUR, prevede c\u0103 persoanele care au primit deja o decizie definitiv\u0103 de incompatibilitate sau conflict de interese \u0219i pentru care nu au trecut \u00eenc\u0103 trei ani de la decizie \u00ee\u0219i pot pierde func\u021bia sau mandatul. Aceast\u0103 prevedere l-ar putea afecta pe<strong><a href=\"https:\/\/www.tion.ro\/azi-in-timisoara\/usr-si-pnl-ataca-la-ccr-noua-lege-a-integritatii-sustin-ca-amendamentul-fritz-este-neconstitutional-2330418\/\" target=\"_blank\" rel=\"noopener\"> Dominic Fritz<\/a><\/strong>.<\/p>\n<p class=\"isSelectedEnd\">Nicu\u0219or Dan consider\u0103 c\u0103 aceast\u0103 regul\u0103 este neconstitu\u021bional\u0103 deoarece ar \u00eenc\u0103lca principiul neretroactivit\u0103\u021bii legii \u0219i ar putea anula voin\u021ba aleg\u0103torilor exprimat\u0103 la alegeri.<\/p>\n<p class=\"isSelectedEnd\">Un alt amendament, introdus de AUR \u0219i votat de PSD, prevede c\u0103 nu doar so\u021bii \u0219i so\u021biile demnitarilor, ci \u0219i partenerii acestora trebuie s\u0103 depun\u0103 declara\u021bii de avere \u0219i de interese.<\/p>\n<p class=\"isSelectedEnd\">Pre\u0219edintele consider\u0103 c\u0103 aceast\u0103 prevedere afecteaz\u0103 nejustificat via\u021ba privat\u0103 \u0219i c\u0103 expresia \u201epersoana care are rela\u021bii asem\u0103n\u0103toare acelora dintre so\u021bi\u201d este prea vag\u0103 \u0219i poate fi interpretat\u0103 subiectiv.<\/p>\n<p class=\"isSelectedEnd\">USR a contestat \u0219i el legea la Curtea Constitu\u021bional\u0103, dup\u0103 adoptarea acesteia de c\u0103tre Parlament.<\/p>\n<p class=\"isSelectedEnd\">CCR urmeaz\u0103 s\u0103 analizeze cele dou\u0103 sesiz\u0103ri pe 12 august, \u00eenainte de termenul de 31 august stabilit pentru \u00eendeplinirea unui jalon din PNRR, \u00een valoare de 770 de milioane de euro.<\/p>\n<div class=\"fbShareLikeTwitterAndEmailContainer\">\n<div class=\"wrapper\">\n<div class=\"email\">\n<div id=\"mailto-pop\" class=\"pop-form pop-form-mailto\">\n<div class=\"pop-form-header\">\n<h4>Trimite articolul<\/h4>\n<p><a class=\"pop-form-close\">X<\/a><\/div>\n<\/div>\n<\/div>\n<\/div>\n<\/div>\n<div class=\"comments\">\n<div class=\"top\">\n<div class=\"commentsNumber\"><span class=\"number\">1<\/span><span class=\"text\">Comentarii<\/span><\/div>\n<\/div>\n<div class=\"center\">\n<div id=\"respond\" class=\"comment-respond\">\n<h3 id=\"reply-title\" class=\"comment-reply-title\"><small><a rel=\"nofollow\" id=\"cancel-comment-reply-link\" href=\"https:\/\/www.tion.ro\/romania\/nicusor-dan-a-atacat-la-curtea-constitutionala-legea-ani-2331573\/#respond\">Cancel reply<\/a><\/small><\/h3>\n<p class=\"comment-notes\"><span id=\"email-notes\">Your email address will not be published.<\/span><span class=\"required-field-message\">Required fields are marked <span class=\"required\">*<\/span><\/span><\/p>\n<p class=\"commentFormComment\"><span id=\"commentFormCount\"><br \/>\n                            inca<br \/>\n                            <span id=\"countCommentText\">1000<\/span><br \/>\n                            caractere ramase<br \/>\n                        <\/span><\/p>\n<\/div>\n<\/div>\n<div class=\"bottom\">\n<p class=\"forumDisclaimerHuRo\">\n            Citi\u021bi principiile noastre de moderare <a href=\"https:\/\/www.tion.ro\/reguli-postare-comentarii\/\" target=\"_blank\">aici<\/a>!\n        <\/p>\n<\/div>\n<\/div>\n<div id=\"forum\">\n<li class=\"comment even thread-even depth-1\" id=\"comment-1013196\">\n<div id=\"div-comment-1013196\" class=\"comment-body\">\n<div class=\"comment-author vcard\"><img decoding=\"async\" alt src=\"https:\/\/secure.gravatar.com\/avatar\/b96c229ce916c3fae91015d036a346ea?s=32&amp;d=mm&amp;r=g\" class=\"avatar avatar-32 photo\" height=\"32\" width=\"32\" loading=\"lazy\"><cite class=\"fn\">unul<\/cite><span class=\"says\">says:<\/span><\/div>\n<div class=\"comment-meta commentmetadata\"><a href=\"https:\/\/www.tion.ro\/romania\/nicusor-dan-a-atacat-la-curtea-constitutionala-legea-ani-2331573\/#comment-1013196\">August 10, 2026 at 6:28 pm<\/a><\/div>\n<p>vai\u2026.si eu credeam ca-l doare in bascheti de fondurile pierdute din PNRR! Ce fente pentru naivi!<\/p>\n<div class=\"reply\"><a rel=\"nofollow\" class=\"comment-reply-link\" href=\"https:\/\/www.tion.ro\/romania\/nicusor-dan-a-atacat-la-curtea-constitutionala-legea-ani-2331573\/#comment-1013196\" data-commentid=\"1013196\" data-postid=\"2331573\" data-belowelement=\"div-comment-1013196\" data-respondelement=\"respond\" data-replyto=\"Reply to unul\" aria-label=\"Reply to unul\">Reply<\/a><\/div>\n<\/div>\n<\/li>\n<\/div>\n<\/div>\n<\/div>\n<p>[analyse_source url=&#8221;https:\/\/www.tion.ro\/romania\/nicusor-dan-a-atacat-la-curtea-constitutionala-legea-ani-2331573\/&#8221;]<\/p>\n","protected":false},"excerpt":{"rendered":"<p>[analyse_image type=&#8221;featured&#8221; src=&#8221;https:\/\/www.tion.ro\/wp-content\/uploads\/2026\/02\/+otf\/1200&#215;630\/JqZ+GH9Nm2GeuNMPRE7ti05PVF9WRVJZX1NFQzEobhdkf2xVuQ__H5AeDiKLnjOvNfBblH__OhNyWW0lz0ZGjiLohZ5U__SMvMsi5OfP+bUZjkdk6Go2UXlpltEF+Y=\/157543013669452-scaled.jpg&#8221;] Unul dintre amendamente, introdus de PSD \u0219i votat de AUR, prevede c\u0103 persoanele care au primit deja o decizie definitiv\u0103 de incompatibilitate sau conflict de interese \u0219i pentru care nu au trecut \u00eenc\u0103 trei ani de la decizie \u00ee\u0219i pot pierde func\u021bia sau mandatul. Aceast\u0103 prevedere l-ar putea afecta pe Dominic Fritz. [&hellip;]<\/p>\n","protected":false},"author":1,"featured_media":0,"comment_status":"open","ping_status":"","sticky":false,"template":"","format":"standard","meta":{"footnotes":""},"categories":[89],"tags":[226,191],"class_list":["post-2086466","post","type-post","status-publish","format-standard","hentry","category-romania","tag-crawlmanager","tag-tion-ro"],"_links":{"self":[{"href":"https:\/\/analyse.optim.biz\/index.php?rest_route=\/wp\/v2\/posts\/2086466","targetHints":{"allow":["GET"]}}],"collection":[{"href":"https:\/\/analyse.optim.biz\/index.php?rest_route=\/wp\/v2\/posts"}],"about":[{"href":"https:\/\/analyse.optim.biz\/index.php?rest_route=\/wp\/v2\/types\/post"}],"author":[{"embeddable":true,"href":"https:\/\/analyse.optim.biz\/index.php?rest_route=\/wp\/v2\/users\/1"}],"replies":[{"embeddable":true,"href":"https:\/\/analyse.optim.biz\/index.php?rest_route=%2Fwp%2Fv2%2Fcomments&post=2086466"}],"version-history":[{"count":0,"href":"https:\/\/analyse.optim.biz\/index.php?rest_route=\/wp\/v2\/posts\/2086466\/revisions"}],"wp:attachment":[{"href":"https:\/\/analyse.optim.biz\/index.php?rest_route=%2Fwp%2Fv2%2Fmedia&parent=2086466"}],"wp:term":[{"taxonomy":"category","embeddable":true,"href":"https:\/\/analyse.optim.biz\/index.php?rest_route=%2Fwp%2Fv2%2Fcategories&post=2086466"},{"taxonomy":"post_tag","embeddable":true,"href":"https:\/\/analyse.optim.biz\/index.php?rest_route=%2Fwp%2Fv2%2Ftags&post=2086466"}],"curies":[{"name":"wp","href":"https:\/\/api.w.org\/{rel}","templated":true}]}}