{"id":2086463,"date":"2026-08-10T16:09:58","date_gmt":"2026-08-10T13:09:58","guid":{"rendered":"https:\/\/analyse.optim.biz\/?p=2086463"},"modified":"2026-08-10T16:09:58","modified_gmt":"2026-08-10T13:09:58","slug":"medicamente-expirate-arhive-deteriorate-si-un-conflict-la-neurochirurgie-ce-raspunsuri-da-spitalul-judetean-timisoara","status":"publish","type":"post","link":"https:\/\/analyse.optim.biz\/?p=2086463","title":{"rendered":"Medicamente expirate, arhive deteriorate \u0219i un conflict la Neurochirurgie. Ce r\u0103spunsuri d\u0103 Spitalul Jude\u021bean Timi\u0219oara"},"content":{"rendered":"<p>[analyse_image type=&#8221;featured&#8221; src=&#8221;https:\/\/www.tion.ro\/wp-content\/uploads\/2026\/08\/+otf\/1200&#215;630\/cBGHahz0b6yBy9L6eTiKl05PVF9WRVJZX1NFQ7Bfc55Nrcd7w7zvpADfKqALbAFEQWBOvM5XK4JejamnkRYKLplH4Pv+C7XMfM7r8YWOa__mBv6vN0ESvN1HTlNM=\/6378188collage.png&#8221;]<\/p>\n<article id=\"post-2331588\" class>\n<div class=\"entry-content clearfix\">\n<div class=\"enewsArticleContent\">\n<p>Spitalul Jude\u021bean Timi\u0219oara a transmis, ast\u0103zi, 10 august, un punct de vedere \u00een care sus\u021bine c\u0103 unele dintre imaginile publicate provin din perioade diferite \u0219i nu reflect\u0103 neap\u0103rat situa\u021bia actual\u0103.<\/p>\n<p>Reprezentan\u021bii unit\u0103\u021bii sanitare confirm\u0103 \u00eens\u0103 c\u0103, \u00een 7 august, au fost securizate anumite spa\u021bii de la Neurochirurgie \u0219i a fost declan\u0219at\u0103 o verificare intern\u0103. De asemenea, spitalul recunoa\u0219te existen\u021ba unui conflict profesional persistent la nivelul sec\u021biei.<\/p>\n<p>\u00cen cazul medicamentelor cu termenul de valabilitate dep\u0103\u0219it, verific\u0103rile sunt \u00eenc\u0103 \u00een desf\u0103\u0219urare, iar \u00een privin\u021ba arhivei, spitalul sus\u021bine c\u0103 situa\u021bia surprins\u0103 \u00een imaginile publicate a fost remediat\u0103 \u00eentre timp.<\/p>\n<h3><strong>Dulapuri securizate \u0219i \u00eentreb\u0103ri despre medicamente expirate<\/strong><\/h3>\n<p>Potrivit informa\u021biilor publicate online, pe 7 august, mai multe dulapuri de pe Sec\u021bia de Neurochirurgie au fost sigilate. \u00cen imaginile publicate apar \u0219i cutii de Nimotop, un medicament utilizat \u00een anumite situa\u021bii \u00een tratamentul pacien\u021bilor cu hemoragie subarahnoidian\u0103, care, potrivit informa\u021biilor vizibile \u00een imagini, aveau termenul de valabilitate dep\u0103\u0219it din februarie 2025.<\/p>\n<p>Spitalul precizeaz\u0103 c\u0103 fotografia \u00een care apare produsul medicamentos expirat este mai veche \u0219i nu a fost realizat\u0103 \u00een acela\u0219i moment cu imaginile recente \u00een care apar spa\u021biile securizate. Totu\u0219i, conducerea unit\u0103\u021bii confirm\u0103 c\u0103, \u00een 7 august, a dispus securizarea unor spa\u021bii \u0219i a declan\u0219at o verificare intern\u0103.<\/p>\n<blockquote>\n<p>\u201e\u00cen materialele publicate au fost asociate imagini provenind din momente diferite, cre\u00e2ndu-se impresia c\u0103 acestea documenteaz\u0103 aceea\u0219i situa\u021bie.<\/p>\n<p>Fotografia \u00een care apare un produs medicamentos cu termen de valabilitate dep\u0103\u0219it este o imagine anterioar\u0103, distinct\u0103 de imaginile recente cu spa\u021biile securizate la nivelul Sec\u021biei Clinice de Neurochirurgie.<\/p>\n<p>\u00cen data de 7 august 2026, conducerea spitalului a dispus securizarea unor spa\u021bii \u0219i declan\u0219area unei verific\u0103ri interne. Inventarierea \u0219i verificarea documentar\u0103 sunt \u00een desf\u0103\u0219urare, motiv pentru care spitalul nu va formula concluzii privind existen\u021ba, cantitatea, provenien\u021ba sau circuitul unor eventuale produse cu termen de valabilitate dep\u0103\u0219it \u00eenainte de finalizarea acestora.<\/p>\n<p>P\u00e2n\u0103 la acest moment nu exist\u0103 date care s\u0103 ateste administrarea c\u0103tre pacien\u021bi a unor medicamente cu termenul de valabilitate dep\u0103\u0219it. Acest aspect va fi, de asemenea, verificat documentar\u201d, au transmis reprezentan\u021bii spitalului.<\/p>\n<\/blockquote>\n<p>R\u0103spunsul transmis de spital nu neag\u0103 \u00een mod direct faptul c\u0103 produsul medicamentos din fotografia publicat\u0103 avea termenul de valabilitate dep\u0103\u0219it. Reprezentan\u021bii unit\u0103\u021bii sanitare precizeaz\u0103 doar c\u0103 imaginea este mai veche \u0219i distinct\u0103 de cele realizate recent, \u00een care apar spa\u021biile securizate \u00een 7 august. Spitalul nu precizeaz\u0103 \u00eens\u0103 c\u00e2nd a fost realizat\u0103 fotografia \u0219i nici dac\u0103, la momentul respectiv, medicamentul era sau nu expirat.<\/p>\n<p>\u00cen acela\u0219i timp, spitalul transmite c\u0103 inventarierea \u0219i verificarea documentar\u0103 sunt \u00eenc\u0103 \u00een desf\u0103\u0219urare \u0219i c\u0103 nu va formula, p\u00e2n\u0103 la finalizarea acestora, concluzii privind existen\u021ba, cantitatea, provenien\u021ba sau circuitul unor eventuale produse cu termenul de valabilitate dep\u0103\u0219it.<\/p>\n<p>Deocamdat\u0103, reprezentan\u021bii spitalului spun c\u0103 nu exist\u0103 date care s\u0103 indice c\u0103 produse expirate au fost administrate pacien\u021bilor.<\/p>\n<div class=\"enews_gallery_holder\">\n<div class=\"ml-gallery\"><a href=\"https:\/\/www.tion.ro\/galeria\/dulapuri-securizate-si-intrebari-despre-medicamente-expirate\/\" class=\"ml-gallery-link\"><img loading=\"lazy\" decoding=\"async\" class=\"IBciue lazyload ml-gallery-cover\" src=\"https:\/\/www.tion.ro\/wp-content\/plugins\/endless-core\/images\/1x1.png\" width=\"155\" height=\"100\" data-src=\"https:\/\/www.tion.ro\/wp-content\/uploads\/2026\/08\/6378034WhatsAppImage20260810at1855133.jpeg\" data-srcset=\"https:\/\/www.tion.ro\/wp-content\/uploads\/2026\/08\/+otf\/839x538\/+HHePnTaesdHTUgIhGUCeU5PVF9WRVJZX1NFQ2Cg1V68DcQBE+1EjUcwFkJgqzo9it7i7EJPXsmLyvYbQviO1AS3yQhoh5ZhqssNO5nQUiecomezJ0ywwwdxrWQ=\/6378034WhatsAppImage20260810at1855133.jpeg 839w,https:\/\/www.tion.ro\/wp-content\/uploads\/2026\/08\/+otf\/100w\/tCK+9LJFuQIqgGJsyCujBE5PVF9WRVJZX1NFQ2Cg1V68DcQBE+1EjUcwFkJgqzo9it7i7QkeUIm7uu5aG6LUzA+2yRRm3M15oc4IO5nQUiecomezJ0ywwwdxrWQ=\/6378034WhatsAppImage20260810at1855133.jpeg 100w\" data-sizes=\"auto\"><\/p>\n<p class=\"wp-caption-text-gallery\">Dulapuri securizate \u0219i \u00eentreb\u0103ri despre medicamente expirate<\/p>\n<p><\/a><\/div>\n<\/div>\n<p>\u00a0<\/p>\n<h3><strong>Conflict profesional la Neurochirurgie \u0219i schimbarea atribu\u021biilor de conducere<\/strong><\/h3>\n<p>\u00cen postarea publicat\u0103 online este men\u021bionat\u0103 \u0219i Dispozi\u021bia nr. 144 din 27 martie 2026, prin care o parte dintre atribu\u021biile de conducere operativ\u0103 de la nivelul Sec\u021biei Clinice de Neurochirurgie au fost delegate temporar.<\/p>\n<p>Potrivit informa\u021biilor publicate, atribu\u021bii care \u021bineau de organizarea activit\u0103\u021bii zilnice a sec\u021biei, inclusiv programul operator \u0219i g\u0103rzile, au fost delegate de la \u0219eful sec\u021biei, dr. Andrei Br\u00eenzeu, c\u0103tre dr. Sorin Han\u0103\u0219.<\/p>\n<p>Spitalul explic\u0103 acum c\u0103 m\u0103sura a fost luat\u0103 \u00een contextul unui conflict profesional persistent \u00eentre \u0219eful sec\u021biei \u0219i o parte majoritar\u0103 a personalului medical.<\/p>\n<blockquote>\n<p>\u201eDecizia de delegare temporar\u0103 a unor atribu\u021bii de conducere operativ\u0103 la nivelul Sec\u021biei Clinice de Neurochirurgie a fost adoptat\u0103 \u00een contextul unei situa\u021bii tensionate, generate de un conflict profesional persistent \u00eentre \u0219eful sec\u021biei \u0219i o parte majoritar\u0103 a personalului medical, situa\u021bie cunoscut\u0103 \u0219i documentat\u0103 la nivelul conducerii spitalului.<\/p>\n<p>\u00cen condi\u021biile \u00een care aceast\u0103 situa\u021bie risca s\u0103 afecteze organizarea \u0219i continuitatea activit\u0103\u021bii medicale, a fost identificat\u0103 o solu\u021bie administrativ\u0103 temporar\u0103. Scopul m\u0103surii a fost exclusiv acela de a asigura continuitatea activit\u0103\u021bii medicale \u0219i func\u021bionarea sec\u021biei \u00eentr-un climat organiza\u021bional dificil. Fiind o m\u0103sur\u0103 temporar\u0103, aceasta poate fi reevaluat\u0103 \u00een func\u021bie de evolu\u021bia situa\u021biei la nivelul sec\u021biei\u201d, se arat\u0103 \u00een punctul de vedere transmis de spital.<\/p>\n<\/blockquote>\n<p>Explica\u021bia spitalului confirm\u0103, astfel, existen\u021ba unei situa\u021bii tensionate \u0219i a unui conflict profesional persistent la nivelul Sec\u021biei de Neurochirurgie. Totu\u0219i, punctul de vedere nu ofer\u0103 detalii despre natura acestui conflict, persoanele implicate, dincolo de men\u021bionarea \u0219efului de sec\u021bie, sau motivele concrete pentru care a fost necesar\u0103 delegarea temporar\u0103 a unor atribu\u021bii de conducere.<\/p>\n<p>De asemenea, nu este clar ce m\u0103suri au fost luate pentru rezolvarea conflictului \u0219i dac\u0103 solu\u021bia administrativ\u0103 adoptat\u0103 \u00een martie \u0219i-a atins scopul. Spitalul precizeaz\u0103 doar c\u0103 m\u0103sura este temporar\u0103 \u0219i poate fi reevaluat\u0103 \u00een func\u021bie de evolu\u021bia situa\u021biei.<\/p>\n<p><img decoding=\"async\" loading=\"lazy\" class=\"aligncenter size-large wp-image-2331618\" src=\"https:\/\/www.tion.ro\/wp-content\/uploads\/2026\/08\/6378111WhatsAppImage20260810at1855141.jpeg\" alt width=\"415\" height=\"800\"><\/p>\n<h3><strong>Imagini cu documente medicale p\u0103strate \u00een condi\u021bii improprii<\/strong><\/h3>\n<p>O alt\u0103 serie de imagini publicate pe aceea\u0219i pagin\u0103 de Facebook arat\u0103 documente medicale atribuite Sec\u021biei de Neurochirurgie, p\u0103strate \u00eentr-un spa\u021biu de arhivare deteriorat. \u00cen postare se sus\u021bine c\u0103 unele documente ar fi fost afectate de infiltra\u021bii \u0219i de reful\u0103ri ale sistemului de canalizare.<\/p>\n<p>Spitalul sus\u021bine c\u0103 imaginile sunt mai vechi \u0219i c\u0103 situa\u021bia a fost remediat\u0103 ulterior. Reprezentan\u021bii unit\u0103\u021bii sanitare precizeaz\u0103 c\u0103 documentele au fost recuperate, cur\u0103\u021bate \u0219i gestionate conform prevederilor aplicabile, iar procesul de depozitare externalizat\u0103 a arhivei este \u00een desf\u0103\u0219urare.<\/p>\n<blockquote>\n<p>\u201eImaginile prezentate \u00een spa\u021biul public cu documente medicale sunt imagini anterioare \u0219i nu reflect\u0103 situa\u021bia actual\u0103. Situa\u021bia respectiv\u0103 a fost remediat\u0103, iar documentele au fost recuperate, cur\u0103\u021bate \u0219i gestionate ulterior conform prevederilor aplicabile p\u0103str\u0103rii \u0219i arhiv\u0103rii documentelor medicale. Este necesar\u0103 \u0219i o delimitare clar\u0103 \u00eentre arhivarea documentelor medicale \u0219i digitalizarea spitalului, acestea fiind dou\u0103 procese distincte.<\/p>\n<p>\u00cen anul 2023, printr-un proiect finan\u021bat prin Programul Opera\u021bional Infrastructura Mare, Blocul Operator \u0219i Sec\u021bia de Anestezie \u0219i Terapie Intensiv\u0103 au fost digitalizate integral, activitatea acestora desf\u0103\u0219ur\u00e2ndu-se \u00een prezent \u00een sistem digital.<\/p>\n<p>Procesul continu\u0103 prin proiectul finan\u021bat prin PNRR \u2013 Componenta C7 Transformare Digital\u0103, care presupune extinderea \u0219i integrarea solu\u021biilor informatice la nivelul spitalului, inclusiv pentru fluxurile medicale \u0219i administrative, interoperabilitate, securitatea datelor \u0219i managementul fluxurilor de materiale sanitare \u0219i medicamente.<\/p>\n<p>Proiectele de digitalizare nu au ca obiect arhivarea fizic\u0103 a documentelor medicale \u0219i nu \u00eenl\u0103tur\u0103 obliga\u021biile legale privind p\u0103strarea acestora. Existen\u021ba documentelor medicale pe suport h\u00e2rtie nu reprezint\u0103, prin urmare, un indicator al gradului de digitalizare a spitalului.<\/p>\n<p>La data de 10 august 2026, 6.400 de metri liniari de arhiv\u0103 ai SCJU Pius Br\u00eenzeuTimi\u0219oara se afl\u0103 deja \u00een depozitare externalizat\u0103. Procesul a vizat at\u00e2t sec\u021biile medicale, c\u00e2t \u0219i structurile administrative ale spitalului. Numai pentru Sec\u021bia Clinic\u0103 de Neurochirurgie au fost preluate 599 de cutii de documente. \u00cen consecin\u021b\u0103, imaginile mai vechi prezentate \u00een spa\u021biul public trebuie raportate la situa\u021bia existent\u0103 la momentul realiz\u0103rii lor, preluat\u0103 de conducerea actual\u0103 a spitalului, \u0219i nu pot fi prezentate ca reflect\u00e2nd condi\u021biile actuale de p\u0103strare a arhivei spitalului\u201d, au transmis reprezentan\u021bii unit\u0103\u021bii sanitare.<\/p>\n<\/blockquote>\n<p>Spitalul sus\u021bine, a\u0219adar, c\u0103 situa\u021bia surprins\u0103 \u00een fotografii nu mai reflect\u0103 realitatea actual\u0103. Totu\u0219i, imaginile ridic\u0103 \u00eentreb\u0103ri despre modul \u00een care au fost p\u0103strate documentele medicale la momentul respectiv \u0219i despre c\u00e2t timp au existat aceste probleme \u00eenainte ca situa\u021bia s\u0103 fie remediat\u0103.<\/p>\n<p>Punctul de vedere transmis nu precizeaz\u0103 c\u00e2nd au fost realizate imaginile \u0219i nici c\u00e2nd au fost remediate deficien\u021bele semnalate. De asemenea, nu sunt oferite detalii despre cauzele care au dus la deteriorarea documentelor \u0219i nici despre amploarea situa\u021biei de la momentul respectiv.<\/p>\n<div id=\"gallery-1\" class=\"gallery galleryid-2331588 gallery-columns-2 gallery-size-large\">\n<dl class=\"gallery-item\">\n<dt class=\"gallery-icon portrait\"><a href=\"https:\/\/www.tion.ro\/stirile-judetului-timis\/medicamente-expirate-arhive-deteriorate-si-un-conflict-la-neurochirurgie-ce-raspunsuri-da-spitalul-judetean-timisoara-2331588\/attachment\/whatsapp-image-2026-08-10-at-18-55-14-3\/\"><img decoding=\"async\" loading=\"lazy\" width=\"576\" height=\"1024\" src=\"https:\/\/www.tion.ro\/wp-content\/uploads\/2026\/08\/6378135WhatsAppImage20260810at1855143.jpeg\" class=\"attachment-large size-large\" alt><\/a><\/dt>\n<\/dl>\n<dl class=\"gallery-item\">\n<dt class=\"gallery-icon portrait\"><a href=\"https:\/\/www.tion.ro\/stirile-judetului-timis\/medicamente-expirate-arhive-deteriorate-si-un-conflict-la-neurochirurgie-ce-raspunsuri-da-spitalul-judetean-timisoara-2331588\/attachment\/whatsapp-image-2026-08-10-at-18-55-14-2\/\"><img decoding=\"async\" loading=\"lazy\" width=\"576\" height=\"1024\" src=\"https:\/\/www.tion.ro\/wp-content\/uploads\/2026\/08\/6378136WhatsAppImage20260810at1855142.jpeg\" class=\"attachment-large size-large\" alt><\/a><\/dt>\n<\/dl>\n<p><\/div>\n<h3><strong>Spitalul spune c\u0103 va continua verific\u0103rile<\/strong><\/h3>\n<p>\u00cen pozi\u021bia final\u0103 transmis\u0103, conducerea Spitalului Jude\u021bean afirm\u0103 c\u0103 nu minimalizeaz\u0103 situa\u021biile care pot afecta siguran\u021ba pacien\u021bilor \u0219i c\u0103 va dispune m\u0103surile necesare dac\u0103 verific\u0103rile vor identifica deficien\u021be.<\/p>\n<blockquote>\n<p>\u201eSCJU Pius Br\u00eenzeu Timi\u0219oara nu minimalizeaz\u0103 nicio situa\u021bie real\u0103 \u0219i va verifica toate aspectele care pot privi siguran\u021ba pacientului, respectarea circuitelor medicale sau conduita personalului.<\/p>\n<p>\u00cen egal\u0103 m\u0103sur\u0103, consider\u0103m necesar ca situa\u021bii produse \u00een perioade diferite, imagini care nu reflect\u0103 starea actual\u0103 \u0219i procese distincte \u2013 precum digitalizarea \u0219i arhivarea \u2013 s\u0103 nu fie asociate \u00eentr-o manier\u0103 care poate crea o percep\u021bie eronat\u0103 asupra situa\u021biei reale din spital.<\/p>\n<p>Conducerea unit\u0103\u021bii va dispune m\u0103surile necesare ori de c\u00e2te ori verific\u0103rile vor identifica deficien\u021be \u0219i va pune la dispozi\u021bia institu\u021biilor competente toate documentele solicitate\u201d, a concluzionat conducerea spitalului.<\/p>\n<\/blockquote>\n<p><strong>Pe aceea\u0219i tem\u0103:<\/strong><\/p>\n<blockquote class=\"wp-embedded-content\" data-secret=\"jNQPwujwUP\">\n<p><a href=\"https:\/\/www.tion.ro\/stirile-judetului-timis\/de-ce-stiau-angajatii-de-controalele-dsp-explicatia-spitalului-judetean-din-timisoara-2331579\/\">De ce \u0219tiau angaja\u021bii de controalele DSP? Explica\u021bia Spitalului Jude\u021bean din Timi\u0219oara<\/a><\/p>\n<\/blockquote>\n\n<div class=\"fbShareLikeTwitterAndEmailContainer\">\n<div class=\"wrapper\">\n<div class=\"email\">\n<div id=\"mailto-pop\" class=\"pop-form pop-form-mailto\">\n<div class=\"pop-form-header\">\n<h4>Trimite articolul<\/h4>\n<p><a class=\"pop-form-close\">X<\/a><\/div>\n<\/div>\n<\/div>\n<\/div>\n<\/div>\n<div class=\"comments\">\n<div class=\"top\">\n<div class=\"commentsNumber\"><span class=\"number\">0<\/span><span class=\"text\">Comentarii<\/span><\/div>\n<\/div>\n<div class=\"center\">\n<div id=\"respond\" class=\"comment-respond\">\n<h3 id=\"reply-title\" class=\"comment-reply-title\"><small><a rel=\"nofollow\" id=\"cancel-comment-reply-link\" href=\"https:\/\/www.tion.ro\/stirile-judetului-timis\/medicamente-expirate-arhive-deteriorate-si-un-conflict-la-neurochirurgie-ce-raspunsuri-da-spitalul-judetean-timisoara-2331588\/#respond\">Cancel reply<\/a><\/small><\/h3>\n<p class=\"comment-notes\"><span id=\"email-notes\">Your email address will not be published.<\/span><span class=\"required-field-message\">Required fields are marked <span class=\"required\">*<\/span><\/span><\/p>\n<p class=\"commentFormComment\"><span id=\"commentFormCount\"><br \/>\n                            inca<br \/>\n                            <span id=\"countCommentText\">1000<\/span><br \/>\n                            caractere ramase<br \/>\n                        <\/span><\/p>\n<\/div>\n<\/div>\n<div class=\"bottom\">\n<p class=\"forumDisclaimerHuRo\">\n            Citi\u021bi principiile noastre de moderare <a href=\"https:\/\/www.tion.ro\/reguli-postare-comentarii\/\" target=\"_blank\">aici<\/a>!\n        <\/p>\n<\/div>\n<\/div>\n<\/div>\n<\/div>\n<\/article>\n<div class=\"entry-content clearfix\">\n<div class=\"enewsArticleContent\">\n<p>Spitalul Jude\u021bean Timi\u0219oara a transmis, ast\u0103zi, 10 august, un punct de vedere \u00een care sus\u021bine c\u0103 unele dintre imaginile publicate provin din perioade diferite \u0219i nu reflect\u0103 neap\u0103rat situa\u021bia actual\u0103.<\/p>\n<p>Reprezentan\u021bii unit\u0103\u021bii sanitare confirm\u0103 \u00eens\u0103 c\u0103, \u00een 7 august, au fost securizate anumite spa\u021bii de la Neurochirurgie \u0219i a fost declan\u0219at\u0103 o verificare intern\u0103. De asemenea, spitalul recunoa\u0219te existen\u021ba unui conflict profesional persistent la nivelul sec\u021biei.<\/p>\n<p>\u00cen cazul medicamentelor cu termenul de valabilitate dep\u0103\u0219it, verific\u0103rile sunt \u00eenc\u0103 \u00een desf\u0103\u0219urare, iar \u00een privin\u021ba arhivei, spitalul sus\u021bine c\u0103 situa\u021bia surprins\u0103 \u00een imaginile publicate a fost remediat\u0103 \u00eentre timp.<\/p>\n<h3><strong>Dulapuri securizate \u0219i \u00eentreb\u0103ri despre medicamente expirate<\/strong><\/h3>\n<p>Potrivit informa\u021biilor publicate online, pe 7 august, mai multe dulapuri de pe Sec\u021bia de Neurochirurgie au fost sigilate. \u00cen imaginile publicate apar \u0219i cutii de Nimotop, un medicament utilizat \u00een anumite situa\u021bii \u00een tratamentul pacien\u021bilor cu hemoragie subarahnoidian\u0103, care, potrivit informa\u021biilor vizibile \u00een imagini, aveau termenul de valabilitate dep\u0103\u0219it din februarie 2025.<\/p>\n<p>Spitalul precizeaz\u0103 c\u0103 fotografia \u00een care apare produsul medicamentos expirat este mai veche \u0219i nu a fost realizat\u0103 \u00een acela\u0219i moment cu imaginile recente \u00een care apar spa\u021biile securizate. Totu\u0219i, conducerea unit\u0103\u021bii confirm\u0103 c\u0103, \u00een 7 august, a dispus securizarea unor spa\u021bii \u0219i a declan\u0219at o verificare intern\u0103.<\/p>\n<blockquote>\n<p>\u201e\u00cen materialele publicate au fost asociate imagini provenind din momente diferite, cre\u00e2ndu-se impresia c\u0103 acestea documenteaz\u0103 aceea\u0219i situa\u021bie.<\/p>\n<p>Fotografia \u00een care apare un produs medicamentos cu termen de valabilitate dep\u0103\u0219it este o imagine anterioar\u0103, distinct\u0103 de imaginile recente cu spa\u021biile securizate la nivelul Sec\u021biei Clinice de Neurochirurgie.<\/p>\n<p>\u00cen data de 7 august 2026, conducerea spitalului a dispus securizarea unor spa\u021bii \u0219i declan\u0219area unei verific\u0103ri interne. Inventarierea \u0219i verificarea documentar\u0103 sunt \u00een desf\u0103\u0219urare, motiv pentru care spitalul nu va formula concluzii privind existen\u021ba, cantitatea, provenien\u021ba sau circuitul unor eventuale produse cu termen de valabilitate dep\u0103\u0219it \u00eenainte de finalizarea acestora.<\/p>\n<p>P\u00e2n\u0103 la acest moment nu exist\u0103 date care s\u0103 ateste administrarea c\u0103tre pacien\u021bi a unor medicamente cu termenul de valabilitate dep\u0103\u0219it. Acest aspect va fi, de asemenea, verificat documentar\u201d, au transmis reprezentan\u021bii spitalului.<\/p>\n<\/blockquote>\n<p>R\u0103spunsul transmis de spital nu neag\u0103 \u00een mod direct faptul c\u0103 produsul medicamentos din fotografia publicat\u0103 avea termenul de valabilitate dep\u0103\u0219it. Reprezentan\u021bii unit\u0103\u021bii sanitare precizeaz\u0103 doar c\u0103 imaginea este mai veche \u0219i distinct\u0103 de cele realizate recent, \u00een care apar spa\u021biile securizate \u00een 7 august. Spitalul nu precizeaz\u0103 \u00eens\u0103 c\u00e2nd a fost realizat\u0103 fotografia \u0219i nici dac\u0103, la momentul respectiv, medicamentul era sau nu expirat.<\/p>\n<p>\u00cen acela\u0219i timp, spitalul transmite c\u0103 inventarierea \u0219i verificarea documentar\u0103 sunt \u00eenc\u0103 \u00een desf\u0103\u0219urare \u0219i c\u0103 nu va formula, p\u00e2n\u0103 la finalizarea acestora, concluzii privind existen\u021ba, cantitatea, provenien\u021ba sau circuitul unor eventuale produse cu termenul de valabilitate dep\u0103\u0219it.<\/p>\n<p>Deocamdat\u0103, reprezentan\u021bii spitalului spun c\u0103 nu exist\u0103 date care s\u0103 indice c\u0103 produse expirate au fost administrate pacien\u021bilor.<\/p>\n<div class=\"enews_gallery_holder\">\n<div class=\"ml-gallery\"><a href=\"https:\/\/www.tion.ro\/galeria\/dulapuri-securizate-si-intrebari-despre-medicamente-expirate\/\" class=\"ml-gallery-link\"><img loading=\"lazy\" decoding=\"async\" class=\"IBciue lazyload ml-gallery-cover\" src=\"https:\/\/www.tion.ro\/wp-content\/plugins\/endless-core\/images\/1x1.png\" width=\"155\" height=\"100\" data-src=\"https:\/\/www.tion.ro\/wp-content\/uploads\/2026\/08\/6378034WhatsAppImage20260810at1855133.jpeg\" data-srcset=\"https:\/\/www.tion.ro\/wp-content\/uploads\/2026\/08\/+otf\/839x538\/+HHePnTaesdHTUgIhGUCeU5PVF9WRVJZX1NFQ2Cg1V68DcQBE+1EjUcwFkJgqzo9it7i7EJPXsmLyvYbQviO1AS3yQhoh5ZhqssNO5nQUiecomezJ0ywwwdxrWQ=\/6378034WhatsAppImage20260810at1855133.jpeg 839w,https:\/\/www.tion.ro\/wp-content\/uploads\/2026\/08\/+otf\/100w\/tCK+9LJFuQIqgGJsyCujBE5PVF9WRVJZX1NFQ2Cg1V68DcQBE+1EjUcwFkJgqzo9it7i7QkeUIm7uu5aG6LUzA+2yRRm3M15oc4IO5nQUiecomezJ0ywwwdxrWQ=\/6378034WhatsAppImage20260810at1855133.jpeg 100w\" data-sizes=\"auto\"><\/p>\n<p class=\"wp-caption-text-gallery\">Dulapuri securizate \u0219i \u00eentreb\u0103ri despre medicamente expirate<\/p>\n<p><\/a><\/div>\n<\/div>\n<p>\u00a0<\/p>\n<h3><strong>Conflict profesional la Neurochirurgie \u0219i schimbarea atribu\u021biilor de conducere<\/strong><\/h3>\n<p>\u00cen postarea publicat\u0103 online este men\u021bionat\u0103 \u0219i Dispozi\u021bia nr. 144 din 27 martie 2026, prin care o parte dintre atribu\u021biile de conducere operativ\u0103 de la nivelul Sec\u021biei Clinice de Neurochirurgie au fost delegate temporar.<\/p>\n<p>Potrivit informa\u021biilor publicate, atribu\u021bii care \u021bineau de organizarea activit\u0103\u021bii zilnice a sec\u021biei, inclusiv programul operator \u0219i g\u0103rzile, au fost delegate de la \u0219eful sec\u021biei, dr. Andrei Br\u00eenzeu, c\u0103tre dr. Sorin Han\u0103\u0219.<\/p>\n<p>Spitalul explic\u0103 acum c\u0103 m\u0103sura a fost luat\u0103 \u00een contextul unui conflict profesional persistent \u00eentre \u0219eful sec\u021biei \u0219i o parte majoritar\u0103 a personalului medical.<\/p>\n<blockquote>\n<p>\u201eDecizia de delegare temporar\u0103 a unor atribu\u021bii de conducere operativ\u0103 la nivelul Sec\u021biei Clinice de Neurochirurgie a fost adoptat\u0103 \u00een contextul unei situa\u021bii tensionate, generate de un conflict profesional persistent \u00eentre \u0219eful sec\u021biei \u0219i o parte majoritar\u0103 a personalului medical, situa\u021bie cunoscut\u0103 \u0219i documentat\u0103 la nivelul conducerii spitalului.<\/p>\n<p>\u00cen condi\u021biile \u00een care aceast\u0103 situa\u021bie risca s\u0103 afecteze organizarea \u0219i continuitatea activit\u0103\u021bii medicale, a fost identificat\u0103 o solu\u021bie administrativ\u0103 temporar\u0103. Scopul m\u0103surii a fost exclusiv acela de a asigura continuitatea activit\u0103\u021bii medicale \u0219i func\u021bionarea sec\u021biei \u00eentr-un climat organiza\u021bional dificil. Fiind o m\u0103sur\u0103 temporar\u0103, aceasta poate fi reevaluat\u0103 \u00een func\u021bie de evolu\u021bia situa\u021biei la nivelul sec\u021biei\u201d, se arat\u0103 \u00een punctul de vedere transmis de spital.<\/p>\n<\/blockquote>\n<p>Explica\u021bia spitalului confirm\u0103, astfel, existen\u021ba unei situa\u021bii tensionate \u0219i a unui conflict profesional persistent la nivelul Sec\u021biei de Neurochirurgie. Totu\u0219i, punctul de vedere nu ofer\u0103 detalii despre natura acestui conflict, persoanele implicate, dincolo de men\u021bionarea \u0219efului de sec\u021bie, sau motivele concrete pentru care a fost necesar\u0103 delegarea temporar\u0103 a unor atribu\u021bii de conducere.<\/p>\n<p>De asemenea, nu este clar ce m\u0103suri au fost luate pentru rezolvarea conflictului \u0219i dac\u0103 solu\u021bia administrativ\u0103 adoptat\u0103 \u00een martie \u0219i-a atins scopul. Spitalul precizeaz\u0103 doar c\u0103 m\u0103sura este temporar\u0103 \u0219i poate fi reevaluat\u0103 \u00een func\u021bie de evolu\u021bia situa\u021biei.<\/p>\n<p><img decoding=\"async\" loading=\"lazy\" class=\"aligncenter size-large wp-image-2331618\" src=\"https:\/\/www.tion.ro\/wp-content\/uploads\/2026\/08\/6378111WhatsAppImage20260810at1855141.jpeg\" alt width=\"415\" height=\"800\"><\/p>\n<h3><strong>Imagini cu documente medicale p\u0103strate \u00een condi\u021bii improprii<\/strong><\/h3>\n<p>O alt\u0103 serie de imagini publicate pe aceea\u0219i pagin\u0103 de Facebook arat\u0103 documente medicale atribuite Sec\u021biei de Neurochirurgie, p\u0103strate \u00eentr-un spa\u021biu de arhivare deteriorat. \u00cen postare se sus\u021bine c\u0103 unele documente ar fi fost afectate de infiltra\u021bii \u0219i de reful\u0103ri ale sistemului de canalizare.<\/p>\n<p>Spitalul sus\u021bine c\u0103 imaginile sunt mai vechi \u0219i c\u0103 situa\u021bia a fost remediat\u0103 ulterior. Reprezentan\u021bii unit\u0103\u021bii sanitare precizeaz\u0103 c\u0103 documentele au fost recuperate, cur\u0103\u021bate \u0219i gestionate conform prevederilor aplicabile, iar procesul de depozitare externalizat\u0103 a arhivei este \u00een desf\u0103\u0219urare.<\/p>\n<blockquote>\n<p>\u201eImaginile prezentate \u00een spa\u021biul public cu documente medicale sunt imagini anterioare \u0219i nu reflect\u0103 situa\u021bia actual\u0103. Situa\u021bia respectiv\u0103 a fost remediat\u0103, iar documentele au fost recuperate, cur\u0103\u021bate \u0219i gestionate ulterior conform prevederilor aplicabile p\u0103str\u0103rii \u0219i arhiv\u0103rii documentelor medicale. Este necesar\u0103 \u0219i o delimitare clar\u0103 \u00eentre arhivarea documentelor medicale \u0219i digitalizarea spitalului, acestea fiind dou\u0103 procese distincte.<\/p>\n<p>\u00cen anul 2023, printr-un proiect finan\u021bat prin Programul Opera\u021bional Infrastructura Mare, Blocul Operator \u0219i Sec\u021bia de Anestezie \u0219i Terapie Intensiv\u0103 au fost digitalizate integral, activitatea acestora desf\u0103\u0219ur\u00e2ndu-se \u00een prezent \u00een sistem digital.<\/p>\n<p>Procesul continu\u0103 prin proiectul finan\u021bat prin PNRR \u2013 Componenta C7 Transformare Digital\u0103, care presupune extinderea \u0219i integrarea solu\u021biilor informatice la nivelul spitalului, inclusiv pentru fluxurile medicale \u0219i administrative, interoperabilitate, securitatea datelor \u0219i managementul fluxurilor de materiale sanitare \u0219i medicamente.<\/p>\n<p>Proiectele de digitalizare nu au ca obiect arhivarea fizic\u0103 a documentelor medicale \u0219i nu \u00eenl\u0103tur\u0103 obliga\u021biile legale privind p\u0103strarea acestora. Existen\u021ba documentelor medicale pe suport h\u00e2rtie nu reprezint\u0103, prin urmare, un indicator al gradului de digitalizare a spitalului.<\/p>\n<p>La data de 10 august 2026, 6.400 de metri liniari de arhiv\u0103 ai SCJU Pius Br\u00eenzeuTimi\u0219oara se afl\u0103 deja \u00een depozitare externalizat\u0103. Procesul a vizat at\u00e2t sec\u021biile medicale, c\u00e2t \u0219i structurile administrative ale spitalului. Numai pentru Sec\u021bia Clinic\u0103 de Neurochirurgie au fost preluate 599 de cutii de documente. \u00cen consecin\u021b\u0103, imaginile mai vechi prezentate \u00een spa\u021biul public trebuie raportate la situa\u021bia existent\u0103 la momentul realiz\u0103rii lor, preluat\u0103 de conducerea actual\u0103 a spitalului, \u0219i nu pot fi prezentate ca reflect\u00e2nd condi\u021biile actuale de p\u0103strare a arhivei spitalului\u201d, au transmis reprezentan\u021bii unit\u0103\u021bii sanitare.<\/p>\n<\/blockquote>\n<p>Spitalul sus\u021bine, a\u0219adar, c\u0103 situa\u021bia surprins\u0103 \u00een fotografii nu mai reflect\u0103 realitatea actual\u0103. Totu\u0219i, imaginile ridic\u0103 \u00eentreb\u0103ri despre modul \u00een care au fost p\u0103strate documentele medicale la momentul respectiv \u0219i despre c\u00e2t timp au existat aceste probleme \u00eenainte ca situa\u021bia s\u0103 fie remediat\u0103.<\/p>\n<p>Punctul de vedere transmis nu precizeaz\u0103 c\u00e2nd au fost realizate imaginile \u0219i nici c\u00e2nd au fost remediate deficien\u021bele semnalate. De asemenea, nu sunt oferite detalii despre cauzele care au dus la deteriorarea documentelor \u0219i nici despre amploarea situa\u021biei de la momentul respectiv.<\/p>\n<div id=\"gallery-1\" class=\"gallery galleryid-2331588 gallery-columns-2 gallery-size-large\">\n<dl class=\"gallery-item\">\n<dt class=\"gallery-icon portrait\"><a href=\"https:\/\/www.tion.ro\/stirile-judetului-timis\/medicamente-expirate-arhive-deteriorate-si-un-conflict-la-neurochirurgie-ce-raspunsuri-da-spitalul-judetean-timisoara-2331588\/attachment\/whatsapp-image-2026-08-10-at-18-55-14-3\/\"><img decoding=\"async\" loading=\"lazy\" width=\"576\" height=\"1024\" src=\"https:\/\/www.tion.ro\/wp-content\/uploads\/2026\/08\/6378135WhatsAppImage20260810at1855143.jpeg\" class=\"attachment-large size-large\" alt><\/a><\/dt>\n<\/dl>\n<dl class=\"gallery-item\">\n<dt class=\"gallery-icon portrait\"><a href=\"https:\/\/www.tion.ro\/stirile-judetului-timis\/medicamente-expirate-arhive-deteriorate-si-un-conflict-la-neurochirurgie-ce-raspunsuri-da-spitalul-judetean-timisoara-2331588\/attachment\/whatsapp-image-2026-08-10-at-18-55-14-2\/\"><img decoding=\"async\" loading=\"lazy\" width=\"576\" height=\"1024\" src=\"https:\/\/www.tion.ro\/wp-content\/uploads\/2026\/08\/6378136WhatsAppImage20260810at1855142.jpeg\" class=\"attachment-large size-large\" alt><\/a><\/dt>\n<\/dl>\n<p><\/div>\n<h3><strong>Spitalul spune c\u0103 va continua verific\u0103rile<\/strong><\/h3>\n<p>\u00cen pozi\u021bia final\u0103 transmis\u0103, conducerea Spitalului Jude\u021bean afirm\u0103 c\u0103 nu minimalizeaz\u0103 situa\u021biile care pot afecta siguran\u021ba pacien\u021bilor \u0219i c\u0103 va dispune m\u0103surile necesare dac\u0103 verific\u0103rile vor identifica deficien\u021be.<\/p>\n<blockquote>\n<p>\u201eSCJU Pius Br\u00eenzeu Timi\u0219oara nu minimalizeaz\u0103 nicio situa\u021bie real\u0103 \u0219i va verifica toate aspectele care pot privi siguran\u021ba pacientului, respectarea circuitelor medicale sau conduita personalului.<\/p>\n<p>\u00cen egal\u0103 m\u0103sur\u0103, consider\u0103m necesar ca situa\u021bii produse \u00een perioade diferite, imagini care nu reflect\u0103 starea actual\u0103 \u0219i procese distincte \u2013 precum digitalizarea \u0219i arhivarea \u2013 s\u0103 nu fie asociate \u00eentr-o manier\u0103 care poate crea o percep\u021bie eronat\u0103 asupra situa\u021biei reale din spital.<\/p>\n<p>Conducerea unit\u0103\u021bii va dispune m\u0103surile necesare ori de c\u00e2te ori verific\u0103rile vor identifica deficien\u021be \u0219i va pune la dispozi\u021bia institu\u021biilor competente toate documentele solicitate\u201d, a concluzionat conducerea spitalului.<\/p>\n<\/blockquote>\n<p><strong>Pe aceea\u0219i tem\u0103:<\/strong><\/p>\n<blockquote class=\"wp-embedded-content\" data-secret=\"jNQPwujwUP\">\n<p><a href=\"https:\/\/www.tion.ro\/stirile-judetului-timis\/de-ce-stiau-angajatii-de-controalele-dsp-explicatia-spitalului-judetean-din-timisoara-2331579\/\">De ce \u0219tiau angaja\u021bii de controalele DSP? Explica\u021bia Spitalului Jude\u021bean din Timi\u0219oara<\/a><\/p>\n<\/blockquote>\n\n<div class=\"fbShareLikeTwitterAndEmailContainer\">\n<div class=\"wrapper\">\n<div class=\"email\">\n<div id=\"mailto-pop\" class=\"pop-form pop-form-mailto\">\n<div class=\"pop-form-header\">\n<h4>Trimite articolul<\/h4>\n<p><a class=\"pop-form-close\">X<\/a><\/div>\n<\/div>\n<\/div>\n<\/div>\n<\/div>\n<div class=\"comments\">\n<div class=\"top\">\n<div class=\"commentsNumber\"><span class=\"number\">0<\/span><span class=\"text\">Comentarii<\/span><\/div>\n<\/div>\n<div class=\"center\">\n<div id=\"respond\" class=\"comment-respond\">\n<h3 id=\"reply-title\" class=\"comment-reply-title\"><small><a rel=\"nofollow\" id=\"cancel-comment-reply-link\" href=\"https:\/\/www.tion.ro\/stirile-judetului-timis\/medicamente-expirate-arhive-deteriorate-si-un-conflict-la-neurochirurgie-ce-raspunsuri-da-spitalul-judetean-timisoara-2331588\/#respond\">Cancel reply<\/a><\/small><\/h3>\n<p class=\"comment-notes\"><span id=\"email-notes\">Your email address will not be published.<\/span><span class=\"required-field-message\">Required fields are marked <span class=\"required\">*<\/span><\/span><\/p>\n<p class=\"commentFormComment\"><span id=\"commentFormCount\"><br \/>\n                            inca<br \/>\n                            <span id=\"countCommentText\">1000<\/span><br \/>\n                            caractere ramase<br \/>\n                        <\/span><\/p>\n<\/div>\n<\/div>\n<div class=\"bottom\">\n<p class=\"forumDisclaimerHuRo\">\n            Citi\u021bi principiile noastre de moderare <a href=\"https:\/\/www.tion.ro\/reguli-postare-comentarii\/\" target=\"_blank\">aici<\/a>!\n        <\/p>\n<\/div>\n<\/div>\n<\/div>\n<\/div>\n<p>[analyse_source url=&#8221;https:\/\/www.tion.ro\/stirile-judetului-timis\/medicamente-expirate-arhive-deteriorate-si-un-conflict-la-neurochirurgie-ce-raspunsuri-da-spitalul-judetean-timisoara-2331588\/&#8221;]<\/p>\n","protected":false},"excerpt":{"rendered":"<p>[analyse_image type=&#8221;featured&#8221; src=&#8221;https:\/\/www.tion.ro\/wp-content\/uploads\/2026\/08\/+otf\/1200&#215;630\/cBGHahz0b6yBy9L6eTiKl05PVF9WRVJZX1NFQ7Bfc55Nrcd7w7zvpADfKqALbAFEQWBOvM5XK4JejamnkRYKLplH4Pv+C7XMfM7r8YWOa__mBv6vN0ESvN1HTlNM=\/6378188collage.png&#8221;] Spitalul Jude\u021bean Timi\u0219oara a transmis, ast\u0103zi, 10 august, un punct de vedere \u00een care sus\u021bine c\u0103 unele dintre imaginile publicate provin din perioade diferite \u0219i nu reflect\u0103 neap\u0103rat situa\u021bia actual\u0103. Reprezentan\u021bii unit\u0103\u021bii sanitare confirm\u0103 \u00eens\u0103 c\u0103, \u00een 7 august, au fost securizate anumite spa\u021bii de la Neurochirurgie \u0219i a fost declan\u0219at\u0103 o [&hellip;]<\/p>\n","protected":false},"author":1,"featured_media":0,"comment_status":"open","ping_status":"","sticky":false,"template":"","format":"standard","meta":{"footnotes":""},"categories":[89],"tags":[226,191],"class_list":["post-2086463","post","type-post","status-publish","format-standard","hentry","category-romania","tag-crawlmanager","tag-tion-ro"],"_links":{"self":[{"href":"https:\/\/analyse.optim.biz\/index.php?rest_route=\/wp\/v2\/posts\/2086463","targetHints":{"allow":["GET"]}}],"collection":[{"href":"https:\/\/analyse.optim.biz\/index.php?rest_route=\/wp\/v2\/posts"}],"about":[{"href":"https:\/\/analyse.optim.biz\/index.php?rest_route=\/wp\/v2\/types\/post"}],"author":[{"embeddable":true,"href":"https:\/\/analyse.optim.biz\/index.php?rest_route=\/wp\/v2\/users\/1"}],"replies":[{"embeddable":true,"href":"https:\/\/analyse.optim.biz\/index.php?rest_route=%2Fwp%2Fv2%2Fcomments&post=2086463"}],"version-history":[{"count":0,"href":"https:\/\/analyse.optim.biz\/index.php?rest_route=\/wp\/v2\/posts\/2086463\/revisions"}],"wp:attachment":[{"href":"https:\/\/analyse.optim.biz\/index.php?rest_route=%2Fwp%2Fv2%2Fmedia&parent=2086463"}],"wp:term":[{"taxonomy":"category","embeddable":true,"href":"https:\/\/analyse.optim.biz\/index.php?rest_route=%2Fwp%2Fv2%2Fcategories&post=2086463"},{"taxonomy":"post_tag","embeddable":true,"href":"https:\/\/analyse.optim.biz\/index.php?rest_route=%2Fwp%2Fv2%2Ftags&post=2086463"}],"curies":[{"name":"wp","href":"https:\/\/api.w.org\/{rel}","templated":true}]}}