{"id":2086438,"date":"2026-08-10T16:10:23","date_gmt":"2026-08-10T13:10:23","guid":{"rendered":"https:\/\/analyse.optim.biz\/?p=2086438"},"modified":"2026-08-10T16:10:23","modified_gmt":"2026-08-10T13:10:23","slug":"piateta-de-la-nordic-va-fi-modernizata-primaria-suceava-investeste-peste-un-milion-de-lei","status":"publish","type":"post","link":"https:\/\/analyse.optim.biz\/?p=2086438","title":{"rendered":"Pia\u021beta de la \u201eNordic\u201d va fi modernizat\u0103. Prim\u0103ria Suceava investe\u0219te peste un milion de lei"},"content":{"rendered":"<p>[analyse_image type=&#8221;featured&#8221; src=&#8221;https:\/\/www.radiotop.ro\/img\/media\/2021\/03\/primaria-suceava-iarna-1.jpg&#8221;]<\/p>\n<div class=\"entry-content no-share\">\n<div class=\"content-inner \">\n<p>Pia\u021beta de la intersec\u021bia str\u0103zii Universit\u0103\u021bii cu bulevardul George Enescu, cunoscut\u0103 drept pia\u021beta de la \u201eNordic\u201d, va fi modernizat\u0103. Investi\u021bia se ridic\u0103 la 1,015 milioane de lei, cu TVA inclus, iar lucr\u0103rile ar urma s\u0103 dureze \u0219ase luni.<\/p>\n<p>Consiliul Local Suceava va aproba, \u00een \u0219edin\u021ba extraordinar\u0103 din 14 august, documenta\u021bia \u0219i indicatorii tehnico-economici pentru modernizarea pia\u021betei, la ini\u021biativa primarului Vasile R\u00eembu \u0219i a viceprimarului Dan Ioan Cu\u0219nir.<\/p>\n<p>F\u00eent\u00eena artezian\u0103 existent\u0103 va fi desfiin\u021bat\u0103 \u0219i \u00eenlocuit\u0103 cu una modern\u0103, \u00eencastrat\u0103 \u00een paviment, cu jocuri de ap\u0103 \u0219i iluminat arhitectural. Vor fi ref\u0103cute integral platformele pietonale, vor fi amenajate spa\u021bii verzi \u0219i vor fi planta\u021bi arbu\u0219ti ornamentali.<\/p>\n<p>Proiectul mai prevede refacerea delimit\u0103rilor dintre zonele pietonale \u0219i spa\u021biile verzi, sistematizarea zonei \u0219i montarea sau relocarea mobilierului urban.<\/p>\n<p>Potrivit documenta\u021biei, prin modernizarea pia\u021betei se urm\u0103re\u0219te transformarea acesteia \u00eentr-un spa\u021biu public modern \u0219i accesibil, destinat recreerii \u0219i petrecerii timpului liber.<\/p>\n<\/div>\n<\/div>\n<div class=\"content-inner \">\n<p>Pia\u021beta de la intersec\u021bia str\u0103zii Universit\u0103\u021bii cu bulevardul George Enescu, cunoscut\u0103 drept pia\u021beta de la \u201eNordic\u201d, va fi modernizat\u0103. Investi\u021bia se ridic\u0103 la 1,015 milioane de lei, cu TVA inclus, iar lucr\u0103rile ar urma s\u0103 dureze \u0219ase luni.<\/p>\n<p>Consiliul Local Suceava va aproba, \u00een \u0219edin\u021ba extraordinar\u0103 din 14 august, documenta\u021bia \u0219i indicatorii tehnico-economici pentru modernizarea pia\u021betei, la ini\u021biativa primarului Vasile R\u00eembu \u0219i a viceprimarului Dan Ioan Cu\u0219nir.<\/p>\n<p>F\u00eent\u00eena artezian\u0103 existent\u0103 va fi desfiin\u021bat\u0103 \u0219i \u00eenlocuit\u0103 cu una modern\u0103, \u00eencastrat\u0103 \u00een paviment, cu jocuri de ap\u0103 \u0219i iluminat arhitectural. Vor fi ref\u0103cute integral platformele pietonale, vor fi amenajate spa\u021bii verzi \u0219i vor fi planta\u021bi arbu\u0219ti ornamentali.<\/p>\n<p>Proiectul mai prevede refacerea delimit\u0103rilor dintre zonele pietonale \u0219i spa\u021biile verzi, sistematizarea zonei \u0219i montarea sau relocarea mobilierului urban.<\/p>\n<p>Potrivit documenta\u021biei, prin modernizarea pia\u021betei se urm\u0103re\u0219te transformarea acesteia \u00eentr-un spa\u021biu public modern \u0219i accesibil, destinat recreerii \u0219i petrecerii timpului liber.<\/p>\n<\/div>\n<p>[analyse_source url=&#8221;https:\/\/www.radiotop.ro\/administratie\/piateta-de-la-nordic-va-fi-modernizata-primaria-suceava-investeste-peste-un-milion-de-lei.html&#8221;]<\/p>\n","protected":false},"excerpt":{"rendered":"<p>[analyse_image type=&#8221;featured&#8221; src=&#8221;https:\/\/www.radiotop.ro\/img\/media\/2021\/03\/primaria-suceava-iarna-1.jpg&#8221;] Pia\u021beta de la intersec\u021bia str\u0103zii Universit\u0103\u021bii cu bulevardul George Enescu, cunoscut\u0103 drept pia\u021beta de la \u201eNordic\u201d, va fi modernizat\u0103. Investi\u021bia se ridic\u0103 la 1,015 milioane de lei, cu TVA inclus, iar lucr\u0103rile ar urma s\u0103 dureze \u0219ase luni. Consiliul Local Suceava va aproba, \u00een \u0219edin\u021ba extraordinar\u0103 din 14 august, documenta\u021bia \u0219i indicatorii [&hellip;]<\/p>\n","protected":false},"author":1,"featured_media":0,"comment_status":"open","ping_status":"","sticky":false,"template":"","format":"standard","meta":{"footnotes":""},"categories":[89],"tags":[226,163],"class_list":["post-2086438","post","type-post","status-publish","format-standard","hentry","category-romania","tag-crawlmanager","tag-radiotop-ro"],"_links":{"self":[{"href":"https:\/\/analyse.optim.biz\/index.php?rest_route=\/wp\/v2\/posts\/2086438","targetHints":{"allow":["GET"]}}],"collection":[{"href":"https:\/\/analyse.optim.biz\/index.php?rest_route=\/wp\/v2\/posts"}],"about":[{"href":"https:\/\/analyse.optim.biz\/index.php?rest_route=\/wp\/v2\/types\/post"}],"author":[{"embeddable":true,"href":"https:\/\/analyse.optim.biz\/index.php?rest_route=\/wp\/v2\/users\/1"}],"replies":[{"embeddable":true,"href":"https:\/\/analyse.optim.biz\/index.php?rest_route=%2Fwp%2Fv2%2Fcomments&post=2086438"}],"version-history":[{"count":0,"href":"https:\/\/analyse.optim.biz\/index.php?rest_route=\/wp\/v2\/posts\/2086438\/revisions"}],"wp:attachment":[{"href":"https:\/\/analyse.optim.biz\/index.php?rest_route=%2Fwp%2Fv2%2Fmedia&parent=2086438"}],"wp:term":[{"taxonomy":"category","embeddable":true,"href":"https:\/\/analyse.optim.biz\/index.php?rest_route=%2Fwp%2Fv2%2Fcategories&post=2086438"},{"taxonomy":"post_tag","embeddable":true,"href":"https:\/\/analyse.optim.biz\/index.php?rest_route=%2Fwp%2Fv2%2Ftags&post=2086438"}],"curies":[{"name":"wp","href":"https:\/\/api.w.org\/{rel}","templated":true}]}}