{"id":2086436,"date":"2026-08-08T13:32:55","date_gmt":"2026-08-08T10:32:55","guid":{"rendered":"https:\/\/analyse.optim.biz\/?p=2086436"},"modified":"2026-08-08T13:32:55","modified_gmt":"2026-08-08T10:32:55","slug":"motociclist-ranit-pe-dn-17a-la-ciumarna-dupa-ce-nu-a-pastrat-distanta-regulamentara","status":"publish","type":"post","link":"https:\/\/analyse.optim.biz\/?p=2086436","title":{"rendered":"Motociclist r\u0103nit pe DN 17A, la Cium\u00e2rna, dup\u0103 ce nu a p\u0103strat distan\u021ba regulamentar\u0103"},"content":{"rendered":"<p>[analyse_image type=&#8221;featured&#8221; src=&#8221;https:\/\/www.newsbucovina.ro\/wp-content\/uploads\/2019\/08\/accident-motociclist-poiana-stampei-1-1.jpeghttps:\/\/cdn.newsbucovina.ro\/wp-content\/uploads\/2019\/08\/accident-motociclist-poiana-stampei-1-1.jpeg&#8221;]<\/p>\n<div class=\"td-post-content tagdiv-type\">\n<div class=\"td-a-rec td-a-rec-id-content_top  tdi_3 td_block_template_1\"><strong>Intr\u0103 acum \u0219i \u00een grupul de <\/p>\n<div class=\"wp-block-button\"><a class=\"wp-block-button__link wp-element-button\" href=\"https:\/\/t.me\/+TH8wcfnp8fw5NWI0\">Telegram News Bucovina<\/a><\/div>\n<p><\/strong><\/div>\n<p class=\"wp-block-paragraph\">Un motociclist a fost r\u0103nit joi, 6 august 2026, \u00eentr-un accident produs pe DN 17A, \u00een afara localit\u0103\u021bii Cium\u00e2rna, comuna Vatra Moldovi\u021bei.<\/p>\n<div class=\"wp-block-image\">\n<figure class=\"aligncenter size-large\"><a href=\"https:\/\/cdn.newsbucovina.ro\/wp-content\/uploads\/2019\/08\/accident-motociclist-poiana-stampei-1-e1781347459266.jpeg\"><img loading=\"lazy\" decoding=\"async\" width=\"768\" height=\"1024\" src=\"https:\/\/cdn.newsbucovina.ro\/wp-content\/uploads\/2019\/08\/accident-motociclist-poiana-stampei-1-768x1024.jpeg\" alt class=\"wp-image-259619\"><\/a><\/figure>\n<\/div>\n<p class=\"wp-block-paragraph\">\u00cen jurul orei 15:25, b\u0103rbatul conducea o motociclet\u0103 marca Honda \u0219i nu a p\u0103strat distan\u021ba suficient\u0103 fa\u021b\u0103 de un autoturism Mercedes Benz care circula \u00een fa\u021ba sa \u0219i a intrat \u00een coliziune cu partea din spate a acestuia. \u00cen urma impactului, motocicleta a rico\u0219at \u0219i a p\u0103truns pe sensul opus de mers, unde a fost acro\u0219at\u0103 de partea din dreapta fa\u021b\u0103 a unui autoturism Volkswagen.<\/p>\n<p class=\"wp-block-paragraph\">Motociclistul a suferit leziuni \u0219i a fost preluat de o ambulan\u021b\u0103, fiind transportat la Spitalul Jude\u021bean de Urgen\u021b\u0103 \u201eSf\u00e2ntul Ioan cel Nou\u201d din Suceava. Acolo a fost diagnosticat cu traumatism cranio-facial \u0219i contuzie la nivelul piramidei nazale.<\/p>\n<p class=\"wp-block-paragraph\">Conduc\u0103torii celor trei vehicule implicate au fost testa\u021bi alcoolscopic, rezultatele fiind negative.<\/p>\n<p class=\"wp-block-paragraph\">Poli\u021bi\u0219tii Sec\u021biei 14 Poli\u021bie Rural\u0103 Vama \u0219i ai Compartimentului Rutier C\u00e2mpulung Moldovenesc, \u00eempreun\u0103 cu un tehnician criminalist, s-au deplasat la fa\u021ba locului. A fost \u00eentocmit dosar de cercetare penal\u0103 sub aspectul infrac\u021biunii de v\u0103t\u0103mare corporal\u0103 din culp\u0103. Cercet\u0103rile continu\u0103, urm\u00e2nd ca solu\u021bia s\u0103 fie propus\u0103 prin Parchetul de pe l\u00e2ng\u0103 Judec\u0103toria C\u00e2mpulung Moldovenesc.<\/p>\n<figure class=\"wp-block-embed is-type-video is-provider-youtube wp-block-embed-youtube wp-embed-aspect-16-9 wp-has-aspect-ratio\">\n<div class=\"wp-block-embed__wrapper\">\n<div class=\"youtube-embed\" data-video_id=\"owaoRC5i8gM\"><iframe loading=\"lazy\" title=\"De ce s\u0103 vrei s\u0103 MORI la 23 de ani?? Buchet de infrac\u021biuni = ADIO via\u021b\u0103!!! Nu a avut nicio \u0219ans\u0103...\" width=\"696\" height=\"392\" src=\"https:\/\/www.youtube.com\/embed\/owaoRC5i8gM?start=15&amp;feature=oembed\" frameborder allow=\"accelerometer; autoplay; clipboard-write; encrypted-media; gyroscope; picture-in-picture; web-share\" referrerpolicy=\"strict-origin-when-cross-origin\" allowfullscreen><\/iframe><\/div>\n<\/div>\n<\/figure>\n<div class=\"td-a-rec td-a-rec-id-content_bottom  tdi_4 td_block_template_1\"><strong>Intr\u0103 acum \u0219i \u00een grupul de <\/p>\n<div class=\"wp-block-button\"><a class=\"wp-block-button__link wp-element-button\" href=\"https:\/\/t.me\/+TH8wcfnp8fw5NWI0\">Telegram News Bucovina<\/a><\/div>\n<p><\/strong><\/div>\n<\/div>\n<div class=\"td-post-content tagdiv-type\">\n<div class=\"td-a-rec td-a-rec-id-content_top  tdi_3 td_block_template_1\"><strong>Intr\u0103 acum \u0219i \u00een grupul de <\/p>\n<div class=\"wp-block-button\"><a class=\"wp-block-button__link wp-element-button\" href=\"https:\/\/t.me\/+TH8wcfnp8fw5NWI0\">Telegram News Bucovina<\/a><\/div>\n<p><\/strong><\/div>\n<p class=\"wp-block-paragraph\">Un motociclist a fost r\u0103nit joi, 6 august 2026, \u00eentr-un accident produs pe DN 17A, \u00een afara localit\u0103\u021bii Cium\u00e2rna, comuna Vatra Moldovi\u021bei.<\/p>\n<div class=\"wp-block-image\">\n<figure class=\"aligncenter size-large\"><a href=\"https:\/\/cdn.newsbucovina.ro\/wp-content\/uploads\/2019\/08\/accident-motociclist-poiana-stampei-1-e1781347459266.jpeg\"><img loading=\"lazy\" decoding=\"async\" width=\"768\" height=\"1024\" src=\"https:\/\/cdn.newsbucovina.ro\/wp-content\/uploads\/2019\/08\/accident-motociclist-poiana-stampei-1-768x1024.jpeg\" alt class=\"wp-image-259619\"><\/a><\/figure>\n<\/div>\n<p class=\"wp-block-paragraph\">\u00cen jurul orei 15:25, b\u0103rbatul conducea o motociclet\u0103 marca Honda \u0219i nu a p\u0103strat distan\u021ba suficient\u0103 fa\u021b\u0103 de un autoturism Mercedes Benz care circula \u00een fa\u021ba sa \u0219i a intrat \u00een coliziune cu partea din spate a acestuia. \u00cen urma impactului, motocicleta a rico\u0219at \u0219i a p\u0103truns pe sensul opus de mers, unde a fost acro\u0219at\u0103 de partea din dreapta fa\u021b\u0103 a unui autoturism Volkswagen.<\/p>\n<p class=\"wp-block-paragraph\">Motociclistul a suferit leziuni \u0219i a fost preluat de o ambulan\u021b\u0103, fiind transportat la Spitalul Jude\u021bean de Urgen\u021b\u0103 \u201eSf\u00e2ntul Ioan cel Nou\u201d din Suceava. Acolo a fost diagnosticat cu traumatism cranio-facial \u0219i contuzie la nivelul piramidei nazale.<\/p>\n<p class=\"wp-block-paragraph\">Conduc\u0103torii celor trei vehicule implicate au fost testa\u021bi alcoolscopic, rezultatele fiind negative.<\/p>\n<p class=\"wp-block-paragraph\">Poli\u021bi\u0219tii Sec\u021biei 14 Poli\u021bie Rural\u0103 Vama \u0219i ai Compartimentului Rutier C\u00e2mpulung Moldovenesc, \u00eempreun\u0103 cu un tehnician criminalist, s-au deplasat la fa\u021ba locului. A fost \u00eentocmit dosar de cercetare penal\u0103 sub aspectul infrac\u021biunii de v\u0103t\u0103mare corporal\u0103 din culp\u0103. Cercet\u0103rile continu\u0103, urm\u00e2nd ca solu\u021bia s\u0103 fie propus\u0103 prin Parchetul de pe l\u00e2ng\u0103 Judec\u0103toria C\u00e2mpulung Moldovenesc.<\/p>\n<figure class=\"wp-block-embed is-type-video is-provider-youtube wp-block-embed-youtube wp-embed-aspect-16-9 wp-has-aspect-ratio\">\n<div class=\"wp-block-embed__wrapper\">\n<div class=\"youtube-embed\" data-video_id=\"owaoRC5i8gM\"><iframe loading=\"lazy\" title=\"De ce s\u0103 vrei s\u0103 MORI la 23 de ani?? Buchet de infrac\u021biuni = ADIO via\u021b\u0103!!! Nu a avut nicio \u0219ans\u0103...\" width=\"696\" height=\"392\" src=\"https:\/\/www.youtube.com\/embed\/owaoRC5i8gM?start=15&amp;feature=oembed\" frameborder allow=\"accelerometer; autoplay; clipboard-write; encrypted-media; gyroscope; picture-in-picture; web-share\" referrerpolicy=\"strict-origin-when-cross-origin\" allowfullscreen><\/iframe><\/div>\n<\/div>\n<\/figure>\n<div class=\"td-a-rec td-a-rec-id-content_bottom  tdi_4 td_block_template_1\"><strong>Intr\u0103 acum \u0219i \u00een grupul de <\/p>\n<div class=\"wp-block-button\"><a class=\"wp-block-button__link wp-element-button\" href=\"https:\/\/t.me\/+TH8wcfnp8fw5NWI0\">Telegram News Bucovina<\/a><\/div>\n<p><\/strong><\/div>\n<\/div>\n<p>[analyse_source url=&#8221;https:\/\/www.newsbucovina.ro\/social\/445961\/motociclist-ranit-pe-dn-17a-la-ciumarna-dupa-ce-nu-a-pastrat-distanta-regulamentara&#8221;]<\/p>\n","protected":false},"excerpt":{"rendered":"<p>[analyse_image type=&#8221;featured&#8221; src=&#8221;https:\/\/www.newsbucovina.ro\/wp-content\/uploads\/2019\/08\/accident-motociclist-poiana-stampei-1-1.jpeghttps:\/\/cdn.newsbucovina.ro\/wp-content\/uploads\/2019\/08\/accident-motociclist-poiana-stampei-1-1.jpeg&#8221;] Intr\u0103 acum \u0219i \u00een grupul de Telegram News Bucovina Un motociclist a fost r\u0103nit joi, 6 august 2026, \u00eentr-un accident produs pe DN 17A, \u00een afara localit\u0103\u021bii Cium\u00e2rna, comuna Vatra Moldovi\u021bei. \u00cen jurul orei 15:25, b\u0103rbatul conducea o motociclet\u0103 marca Honda \u0219i nu a p\u0103strat distan\u021ba suficient\u0103 fa\u021b\u0103 de un autoturism Mercedes [&hellip;]<\/p>\n","protected":false},"author":1,"featured_media":0,"comment_status":"open","ping_status":"","sticky":false,"template":"","format":"standard","meta":{"footnotes":""},"categories":[89],"tags":[226,165],"class_list":["post-2086436","post","type-post","status-publish","format-standard","hentry","category-romania","tag-crawlmanager","tag-newsbucovina-ro"],"_links":{"self":[{"href":"https:\/\/analyse.optim.biz\/index.php?rest_route=\/wp\/v2\/posts\/2086436","targetHints":{"allow":["GET"]}}],"collection":[{"href":"https:\/\/analyse.optim.biz\/index.php?rest_route=\/wp\/v2\/posts"}],"about":[{"href":"https:\/\/analyse.optim.biz\/index.php?rest_route=\/wp\/v2\/types\/post"}],"author":[{"embeddable":true,"href":"https:\/\/analyse.optim.biz\/index.php?rest_route=\/wp\/v2\/users\/1"}],"replies":[{"embeddable":true,"href":"https:\/\/analyse.optim.biz\/index.php?rest_route=%2Fwp%2Fv2%2Fcomments&post=2086436"}],"version-history":[{"count":0,"href":"https:\/\/analyse.optim.biz\/index.php?rest_route=\/wp\/v2\/posts\/2086436\/revisions"}],"wp:attachment":[{"href":"https:\/\/analyse.optim.biz\/index.php?rest_route=%2Fwp%2Fv2%2Fmedia&parent=2086436"}],"wp:term":[{"taxonomy":"category","embeddable":true,"href":"https:\/\/analyse.optim.biz\/index.php?rest_route=%2Fwp%2Fv2%2Fcategories&post=2086436"},{"taxonomy":"post_tag","embeddable":true,"href":"https:\/\/analyse.optim.biz\/index.php?rest_route=%2Fwp%2Fv2%2Ftags&post=2086436"}],"curies":[{"name":"wp","href":"https:\/\/api.w.org\/{rel}","templated":true}]}}