{"id":2086429,"date":"2026-08-08T13:15:16","date_gmt":"2026-08-08T10:15:16","guid":{"rendered":"https:\/\/analyse.optim.biz\/?p=2086429"},"modified":"2026-08-08T13:15:16","modified_gmt":"2026-08-08T10:15:16","slug":"barbat-din-paltinoasa-ranit-dupa-ce-s-a-rasturnat-cu-masina-pe-dn-2e-la-varfu-dealului","status":"publish","type":"post","link":"https:\/\/analyse.optim.biz\/?p=2086429","title":{"rendered":"B\u0103rbat din P\u0103ltinoasa r\u0103nit dup\u0103 ce s-a r\u0103sturnat cu ma\u0219ina pe DN 2E, la V\u00e2rfu Dealului"},"content":{"rendered":"<p>[analyse_image type=&#8221;featured&#8221; src=&#8221;https:\/\/www.newsbucovina.ro\/wp-content\/uploads\/2026\/08\/rasturnat.jpghttps:\/\/cdn.newsbucovina.ro\/wp-content\/uploads\/2026\/08\/rasturnat.jpg&#8221;]<\/p>\n<div class=\"td-post-content tagdiv-type\">\n<div class=\"td-a-rec td-a-rec-id-content_top  tdi_3 td_block_template_1\"><strong>Intr\u0103 acum \u0219i \u00een grupul de <\/p>\n<div class=\"wp-block-button\"><a class=\"wp-block-button__link wp-element-button\" href=\"https:\/\/t.me\/+TH8wcfnp8fw5NWI0\">Telegram News Bucovina<\/a><\/div>\n<p><\/strong><\/div>\n<p class=\"wp-block-paragraph\">Un b\u0103rbat \u00een v\u00e2rst\u0103 de 53 de ani, din comuna P\u0103ltinoasa, a fost r\u0103nit vineri, 7 august 2026, \u00eentr-un accident rutier produs pe DN 2E, \u00een localitatea V\u00e2rfu Dealului.<\/p>\n<figure class=\"wp-block-image size-large\"><a href=\"https:\/\/cdn.newsbucovina.ro\/wp-content\/uploads\/2026\/08\/rasturnat.jpg\"><img loading=\"lazy\" decoding=\"async\" width=\"1024\" height=\"512\" src=\"https:\/\/cdn.newsbucovina.ro\/wp-content\/uploads\/2026\/08\/rasturnat-1024x512.jpg\" alt class=\"wp-image-445954\"><\/a><\/figure>\n<p class=\"wp-block-paragraph\">\u00cen jurul orei 12:40, acesta conducea un autoturism marca BMW pe direc\u021bia Cacica \u2013 P\u0103ltinoasa. A pierdut controlul asupra direc\u021biei de deplasare, a intrat \u00een capul de pode\u021b de la intrarea \u00een curtea unui imobil \u0219i s-a r\u0103sturnat, r\u0103m\u00e2n\u00e2nd pe cupol\u0103.<\/p>\n<p class=\"wp-block-paragraph\">\u00cen urma impactului, conduc\u0103torul auto a suferit v\u0103t\u0103m\u0103ri corporale \u0219i a fost transportat la Spitalul Jude\u021bean de Urgen\u021b\u0103 Suceava. Potrivit membrilor familiei, b\u0103rbatul prezenta afec\u021biuni medicale cardiace severe, iar accidentul s-ar fi produs pe fondul acestora. Acesta a fost preluat de ambulan\u021b\u0103 cu semne vitale.<\/p>\n<p class=\"wp-block-paragraph\">Conduc\u0103torul auto nu a putut fi testat ini\u021bial cu aparatul etilotest din cauza st\u0103rii de incon\u0219tien\u021b\u0103. Ulterior, lucr\u0103torii Biroului Rutier din cadrul Poli\u021biei Municipiului Suceava l-au testat, rezultatul fiind 0,00 mg\/l alcool pur \u00een aerul expirat. I se vor recolta \u0219i mostre biologice.<\/p>\n<p class=\"wp-block-paragraph\">La spital, dup\u0103 acordarea \u00eengrijirilor medicale, i s-a stabilit diagnosticul de contuzie \u00een urma accidentului rutier \u0219i traumatism cranio-cerebral. <\/p>\n<p class=\"wp-block-paragraph\">Poli\u021bi\u0219tii Compartimentului Rutier Gura Humorului au \u00eentocmit dosar penal sub aspectul infrac\u021biunii de v\u0103t\u0103mare corporal\u0103 din culp\u0103. Cercet\u0103rile continu\u0103 pentru stabilirea cu exactitate a \u00eemprejur\u0103rilor \u00een care s-a produs evenimentul.<\/p>\n<figure class=\"wp-block-embed is-type-video is-provider-youtube wp-block-embed-youtube wp-embed-aspect-16-9 wp-has-aspect-ratio\">\n<div class=\"wp-block-embed__wrapper\">\n<div class=\"youtube-embed\" data-video_id=\"owaoRC5i8gM\"><iframe loading=\"lazy\" title=\"De ce s\u0103 vrei s\u0103 MORI la 23 de ani?? Buchet de infrac\u021biuni = ADIO via\u021b\u0103!!! Nu a avut nicio \u0219ans\u0103...\" width=\"696\" height=\"392\" src=\"https:\/\/www.youtube.com\/embed\/owaoRC5i8gM?start=15&amp;feature=oembed\" frameborder allow=\"accelerometer; autoplay; clipboard-write; encrypted-media; gyroscope; picture-in-picture; web-share\" referrerpolicy=\"strict-origin-when-cross-origin\" allowfullscreen><\/iframe><\/div>\n<\/div>\n<\/figure>\n<div class=\"td-a-rec td-a-rec-id-content_bottom  tdi_4 td_block_template_1\"><strong>Intr\u0103 acum \u0219i \u00een grupul de <\/p>\n<div class=\"wp-block-button\"><a class=\"wp-block-button__link wp-element-button\" href=\"https:\/\/t.me\/+TH8wcfnp8fw5NWI0\">Telegram News Bucovina<\/a><\/div>\n<p><\/strong><\/div>\n<\/div>\n<div class=\"td-post-content tagdiv-type\">\n<div class=\"td-a-rec td-a-rec-id-content_top  tdi_3 td_block_template_1\"><strong>Intr\u0103 acum \u0219i \u00een grupul de <\/p>\n<div class=\"wp-block-button\"><a class=\"wp-block-button__link wp-element-button\" href=\"https:\/\/t.me\/+TH8wcfnp8fw5NWI0\">Telegram News Bucovina<\/a><\/div>\n<p><\/strong><\/div>\n<p class=\"wp-block-paragraph\">Un b\u0103rbat \u00een v\u00e2rst\u0103 de 53 de ani, din comuna P\u0103ltinoasa, a fost r\u0103nit vineri, 7 august 2026, \u00eentr-un accident rutier produs pe DN 2E, \u00een localitatea V\u00e2rfu Dealului.<\/p>\n<figure class=\"wp-block-image size-large\"><a href=\"https:\/\/cdn.newsbucovina.ro\/wp-content\/uploads\/2026\/08\/rasturnat.jpg\"><img loading=\"lazy\" decoding=\"async\" width=\"1024\" height=\"512\" src=\"https:\/\/cdn.newsbucovina.ro\/wp-content\/uploads\/2026\/08\/rasturnat-1024x512.jpg\" alt class=\"wp-image-445954\"><\/a><\/figure>\n<p class=\"wp-block-paragraph\">\u00cen jurul orei 12:40, acesta conducea un autoturism marca BMW pe direc\u021bia Cacica \u2013 P\u0103ltinoasa. A pierdut controlul asupra direc\u021biei de deplasare, a intrat \u00een capul de pode\u021b de la intrarea \u00een curtea unui imobil \u0219i s-a r\u0103sturnat, r\u0103m\u00e2n\u00e2nd pe cupol\u0103.<\/p>\n<p class=\"wp-block-paragraph\">\u00cen urma impactului, conduc\u0103torul auto a suferit v\u0103t\u0103m\u0103ri corporale \u0219i a fost transportat la Spitalul Jude\u021bean de Urgen\u021b\u0103 Suceava. Potrivit membrilor familiei, b\u0103rbatul prezenta afec\u021biuni medicale cardiace severe, iar accidentul s-ar fi produs pe fondul acestora. Acesta a fost preluat de ambulan\u021b\u0103 cu semne vitale.<\/p>\n<p class=\"wp-block-paragraph\">Conduc\u0103torul auto nu a putut fi testat ini\u021bial cu aparatul etilotest din cauza st\u0103rii de incon\u0219tien\u021b\u0103. Ulterior, lucr\u0103torii Biroului Rutier din cadrul Poli\u021biei Municipiului Suceava l-au testat, rezultatul fiind 0,00 mg\/l alcool pur \u00een aerul expirat. I se vor recolta \u0219i mostre biologice.<\/p>\n<p class=\"wp-block-paragraph\">La spital, dup\u0103 acordarea \u00eengrijirilor medicale, i s-a stabilit diagnosticul de contuzie \u00een urma accidentului rutier \u0219i traumatism cranio-cerebral. <\/p>\n<p class=\"wp-block-paragraph\">Poli\u021bi\u0219tii Compartimentului Rutier Gura Humorului au \u00eentocmit dosar penal sub aspectul infrac\u021biunii de v\u0103t\u0103mare corporal\u0103 din culp\u0103. Cercet\u0103rile continu\u0103 pentru stabilirea cu exactitate a \u00eemprejur\u0103rilor \u00een care s-a produs evenimentul.<\/p>\n<figure class=\"wp-block-embed is-type-video is-provider-youtube wp-block-embed-youtube wp-embed-aspect-16-9 wp-has-aspect-ratio\">\n<div class=\"wp-block-embed__wrapper\">\n<div class=\"youtube-embed\" data-video_id=\"owaoRC5i8gM\"><iframe loading=\"lazy\" title=\"De ce s\u0103 vrei s\u0103 MORI la 23 de ani?? Buchet de infrac\u021biuni = ADIO via\u021b\u0103!!! Nu a avut nicio \u0219ans\u0103...\" width=\"696\" height=\"392\" src=\"https:\/\/www.youtube.com\/embed\/owaoRC5i8gM?start=15&amp;feature=oembed\" frameborder allow=\"accelerometer; autoplay; clipboard-write; encrypted-media; gyroscope; picture-in-picture; web-share\" referrerpolicy=\"strict-origin-when-cross-origin\" allowfullscreen><\/iframe><\/div>\n<\/div>\n<\/figure>\n<div class=\"td-a-rec td-a-rec-id-content_bottom  tdi_4 td_block_template_1\"><strong>Intr\u0103 acum \u0219i \u00een grupul de <\/p>\n<div class=\"wp-block-button\"><a class=\"wp-block-button__link wp-element-button\" href=\"https:\/\/t.me\/+TH8wcfnp8fw5NWI0\">Telegram News Bucovina<\/a><\/div>\n<p><\/strong><\/div>\n<\/div>\n<p>[analyse_source url=&#8221;https:\/\/www.newsbucovina.ro\/social\/445953\/barbat-din-paltinoasa-ranit-dupa-ce-s-a-rasturnat-cu-masina-pe-dn-2e-la-varfu-dealului&#8221;]<\/p>\n","protected":false},"excerpt":{"rendered":"<p>[analyse_image type=&#8221;featured&#8221; src=&#8221;https:\/\/www.newsbucovina.ro\/wp-content\/uploads\/2026\/08\/rasturnat.jpghttps:\/\/cdn.newsbucovina.ro\/wp-content\/uploads\/2026\/08\/rasturnat.jpg&#8221;] Intr\u0103 acum \u0219i \u00een grupul de Telegram News Bucovina Un b\u0103rbat \u00een v\u00e2rst\u0103 de 53 de ani, din comuna P\u0103ltinoasa, a fost r\u0103nit vineri, 7 august 2026, \u00eentr-un accident rutier produs pe DN 2E, \u00een localitatea V\u00e2rfu Dealului. \u00cen jurul orei 12:40, acesta conducea un autoturism marca BMW pe direc\u021bia Cacica \u2013 [&hellip;]<\/p>\n","protected":false},"author":1,"featured_media":0,"comment_status":"open","ping_status":"","sticky":false,"template":"","format":"standard","meta":{"footnotes":""},"categories":[89],"tags":[226,165],"class_list":["post-2086429","post","type-post","status-publish","format-standard","hentry","category-romania","tag-crawlmanager","tag-newsbucovina-ro"],"_links":{"self":[{"href":"https:\/\/analyse.optim.biz\/index.php?rest_route=\/wp\/v2\/posts\/2086429","targetHints":{"allow":["GET"]}}],"collection":[{"href":"https:\/\/analyse.optim.biz\/index.php?rest_route=\/wp\/v2\/posts"}],"about":[{"href":"https:\/\/analyse.optim.biz\/index.php?rest_route=\/wp\/v2\/types\/post"}],"author":[{"embeddable":true,"href":"https:\/\/analyse.optim.biz\/index.php?rest_route=\/wp\/v2\/users\/1"}],"replies":[{"embeddable":true,"href":"https:\/\/analyse.optim.biz\/index.php?rest_route=%2Fwp%2Fv2%2Fcomments&post=2086429"}],"version-history":[{"count":0,"href":"https:\/\/analyse.optim.biz\/index.php?rest_route=\/wp\/v2\/posts\/2086429\/revisions"}],"wp:attachment":[{"href":"https:\/\/analyse.optim.biz\/index.php?rest_route=%2Fwp%2Fv2%2Fmedia&parent=2086429"}],"wp:term":[{"taxonomy":"category","embeddable":true,"href":"https:\/\/analyse.optim.biz\/index.php?rest_route=%2Fwp%2Fv2%2Fcategories&post=2086429"},{"taxonomy":"post_tag","embeddable":true,"href":"https:\/\/analyse.optim.biz\/index.php?rest_route=%2Fwp%2Fv2%2Ftags&post=2086429"}],"curies":[{"name":"wp","href":"https:\/\/api.w.org\/{rel}","templated":true}]}}