{"id":2086425,"date":"2026-08-08T12:49:00","date_gmt":"2026-08-08T09:49:00","guid":{"rendered":"https:\/\/analyse.optim.biz\/?p=2086425"},"modified":"2026-08-08T12:49:00","modified_gmt":"2026-08-08T09:49:00","slug":"un-barbat-in-arest-si-doi-sub-control-judiciar-dupa-incendierea-unei-stive-de-lemne-si-un-conflict-violent-in-comuna-frumosu","status":"publish","type":"post","link":"https:\/\/analyse.optim.biz\/?p=2086425","title":{"rendered":"Un b\u0103rbat \u00een arest \u0219i doi sub control judiciar dup\u0103 incendierea unei stive de lemne \u0219i un conflict violent \u00een comuna Frumosu"},"content":{"rendered":"<p>[analyse_image type=&#8221;featured&#8221; src=&#8221;https:\/\/www.newsbucovina.ro\/wp-content\/uploads\/2025\/11\/lovire-agresiune.jpghttps:\/\/cdn.newsbucovina.ro\/wp-content\/uploads\/2025\/11\/lovire-agresiune.jpg&#8221;]<\/p>\n<div class=\"td-post-content tagdiv-type\">\n<div class=\"td-a-rec td-a-rec-id-content_top  tdi_3 td_block_template_1\"><strong>Intr\u0103 acum \u0219i \u00een grupul de <\/p>\n<div class=\"wp-block-button\"><a class=\"wp-block-button__link wp-element-button\" href=\"https:\/\/t.me\/+TH8wcfnp8fw5NWI0\">Telegram News Bucovina<\/a><\/div>\n<p><\/strong><\/div>\n<p class=\"wp-block-paragraph\">Poli\u021bi\u0219tii Sec\u021biei 14 Poli\u021bie Rural\u0103 Vama au documentat un caz de distrugere prin incendiere \u0219i acte de violen\u021b\u0103 petrecut \u00een seara de 5 august 2026, \u00een satul Drago\u0219a, comuna Frumosu. \u00cen urma cercet\u0103rilor, trei b\u0103rba\u021bi au fost re\u021binu\u021bi, fa\u021b\u0103 de unul dintre ei a fost dispus\u0103 arestarea preventiv\u0103, iar pentru ceilal\u021bi doi plasarea sub control judiciar.<\/p>\n<div class=\"wp-block-image\">\n<figure class=\"aligncenter size-full\"><a href=\"https:\/\/cdn.newsbucovina.ro\/wp-content\/uploads\/2025\/11\/lovire-agresiune.jpg\"><img loading=\"lazy\" decoding=\"async\" width=\"784\" height=\"443\" src=\"https:\/\/cdn.newsbucovina.ro\/wp-content\/uploads\/2025\/11\/lovire-agresiune.jpg\" alt class=\"wp-image-425650\"><\/a><\/figure>\n<\/div>\n<p class=\"wp-block-paragraph\">Evenimentele au \u00eenceput \u00een jurul orei 20:00, c\u00e2nd mai multe persoane s-au aflat pe terasa unui magazin alimentar din localitate, unde au consumat b\u0103uturi alcoolice. Ulterior, \u00een jurul orei 21:00, o parte dintre ace\u0219tia s-au deplasat pe un teren apar\u021bin\u00e2nd Prim\u0103riei Frumosu, concesionat prin contract de arend\u0103 unei femei din localitate \u0219i situat la aproximativ 50 de metri de locuin\u021ba acesteia.<\/p>\n<p class=\"wp-block-paragraph\">Unul dintre b\u0103rba\u021bi, I.C., a luat din autoturismul s\u0103u o canistr\u0103 cu lichid inflamabil \u0219i a stropit o stiv\u0103 de lemne aflat\u0103 pe teren, proprietatea femeii. Un alt b\u0103rbat, A.V., a aprins materialul lemnos cu o brichet\u0103, iar stiva a \u00eenceput s\u0103 ard\u0103 violent, cu flac\u0103r\u0103 deschis\u0103.<\/p>\n<p class=\"wp-block-paragraph\">Proprietara lemnelor le-a atras aten\u021bia c\u0103 bunul \u00eei apar\u021bine. \u00cen acel moment, I.C. \u0219i A.C. au \u00eenceput s\u0103 se manifeste agresiv verbal. La fa\u021ba locului a ajuns \u0219i un b\u0103rbat, I.F., care le-a repro\u0219at distrugerea lemnelor. Cei doi l-au amenin\u021bat cu acte de violen\u021b\u0103 \u0219i cu suprimarea vie\u021bii, i-au provocat o stare de temere \u0219i l-au urm\u0103rit p\u00e2n\u0103 \u00een dreptul imobilului surorii sale. Acolo, I.C. l-a lovit o dat\u0103, provoc\u00e2ndu-i leziuni vizibile la nivelul fe\u021bei, \u0219i a continuat s\u0103-l amenin\u021be. Totodat\u0103, a distrus geamurile laterale ale unui autoturism apar\u021bin\u00e2nd unui alt localnic. A.C. l-a lovit \u0219i el o dat\u0103 cu palma \u00een zona fe\u021bei pe I.F. \u0219i i-a adresat amenin\u021b\u0103ri.<\/p>\n<p class=\"wp-block-paragraph\">\u00cen timpul conflictului, un alt b\u0103rbat, P.P., a \u00eencercat s\u0103-i opreasc\u0103 pe cei doi, \u00eens\u0103 a fost lovit cu pumnii \u00een zona toracelui de c\u0103tre I.C. \u0219i amenin\u021bat. Ulterior, au intervenit \u0219i alte persoane pentru a aplana scandalul. I.C. \u0219i A.C. i-au \u00eembr\u00e2ncit \u0219i \u00eempins pe unul dintre ei, adres\u00e2ndu-i amenin\u021b\u0103ri, iar I.C. a lovit o dat\u0103 cu pumnul \u00een zona capului pe un alt localnic, f\u0103r\u0103 a-i provoca leziuni vizibile.<\/p>\n<p class=\"wp-block-paragraph\">Faptele au perturbat lini\u0219tea \u0219i ordinea public\u0103. Persoanelor v\u0103t\u0103mate li s-a adus la cuno\u0219tin\u021b\u0103 dreptul de a solicita un ordin de protec\u021bie provizoriu, \u00eens\u0103 acestea au refuzat.<\/p>\n<p class=\"wp-block-paragraph\">\u00cen urma administr\u0103rii probatoriului, poli\u021bi\u0219tii au dispus re\u021binerea pentru 24 de ore a lui I.C., A.C. \u0219i A.V. Ace\u0219tia au fost depu\u0219i la Centrul de Re\u021binere \u0219i Arestare Preventiv\u0103 al Inspectoratului de Poli\u021bie Jude\u021bean Suceava. Suspectul A.V. a fost identificat ulterior pe raza municipiului C\u00e2mpulung Moldovenesc \u0219i adus la sediul poli\u021biei.<\/p>\n<p class=\"wp-block-paragraph\">Pe 7 august 2026 s-a dispus punerea \u00een mi\u0219care a ac\u021biunii penale fa\u021b\u0103 de cei trei. Fa\u021b\u0103 de I.C. a fost formulat\u0103 propunerea de arestare preventiv\u0103, admis\u0103 de judec\u0103torul de drepturi \u0219i libert\u0103\u021bi de la Judec\u0103toria C\u00e2mpulung Moldovenesc. Acesta a fost arestat preventiv pentru 30 de zile, \u00eencep\u00e2nd cu data de 7 august 2026. Fa\u021b\u0103 de A.C. \u0219i A.V. a fost dispus controlul judiciar pentru o perioad\u0103 de 60 de zile.<\/p>\n<p class=\"wp-block-paragraph\">I.C. este cercetat pentru mai multe infrac\u021biuni de lovire sau alte violen\u021be, distrugere, amenin\u021bare \u0219i tulburarea ordinii \u0219i lini\u0219tii publice. A.C. este cercetat pentru lovire sau alte violen\u021be, amenin\u021bare \u0219i tulburarea ordinii \u0219i lini\u0219tii publice, iar A.V. pentru distrugere.<\/p>\n<figure class=\"wp-block-embed is-type-video is-provider-youtube wp-block-embed-youtube wp-embed-aspect-16-9 wp-has-aspect-ratio\">\n<div class=\"wp-block-embed__wrapper\">\n<div class=\"youtube-embed\" data-video_id=\"owaoRC5i8gM\"><iframe loading=\"lazy\" title=\"De ce s\u0103 vrei s\u0103 MORI la 23 de ani?? Buchet de infrac\u021biuni = ADIO via\u021b\u0103!!! Nu a avut nicio \u0219ans\u0103...\" width=\"696\" height=\"392\" src=\"https:\/\/www.youtube.com\/embed\/owaoRC5i8gM?start=15&amp;feature=oembed\" frameborder allow=\"accelerometer; autoplay; clipboard-write; encrypted-media; gyroscope; picture-in-picture; web-share\" referrerpolicy=\"strict-origin-when-cross-origin\" allowfullscreen><\/iframe><\/div>\n<\/div>\n<\/figure>\n<div class=\"td-a-rec td-a-rec-id-content_bottom  tdi_4 td_block_template_1\"><strong>Intr\u0103 acum \u0219i \u00een grupul de <\/p>\n<div class=\"wp-block-button\"><a class=\"wp-block-button__link wp-element-button\" href=\"https:\/\/t.me\/+TH8wcfnp8fw5NWI0\">Telegram News Bucovina<\/a><\/div>\n<p><\/strong><\/div>\n<\/div>\n<div class=\"td-post-content tagdiv-type\">\n<div class=\"td-a-rec td-a-rec-id-content_top  tdi_3 td_block_template_1\"><strong>Intr\u0103 acum \u0219i \u00een grupul de <\/p>\n<div class=\"wp-block-button\"><a class=\"wp-block-button__link wp-element-button\" href=\"https:\/\/t.me\/+TH8wcfnp8fw5NWI0\">Telegram News Bucovina<\/a><\/div>\n<p><\/strong><\/div>\n<p class=\"wp-block-paragraph\">Poli\u021bi\u0219tii Sec\u021biei 14 Poli\u021bie Rural\u0103 Vama au documentat un caz de distrugere prin incendiere \u0219i acte de violen\u021b\u0103 petrecut \u00een seara de 5 august 2026, \u00een satul Drago\u0219a, comuna Frumosu. \u00cen urma cercet\u0103rilor, trei b\u0103rba\u021bi au fost re\u021binu\u021bi, fa\u021b\u0103 de unul dintre ei a fost dispus\u0103 arestarea preventiv\u0103, iar pentru ceilal\u021bi doi plasarea sub control judiciar.<\/p>\n<div class=\"wp-block-image\">\n<figure class=\"aligncenter size-full\"><a href=\"https:\/\/cdn.newsbucovina.ro\/wp-content\/uploads\/2025\/11\/lovire-agresiune.jpg\"><img loading=\"lazy\" decoding=\"async\" width=\"784\" height=\"443\" src=\"https:\/\/cdn.newsbucovina.ro\/wp-content\/uploads\/2025\/11\/lovire-agresiune.jpg\" alt class=\"wp-image-425650\"><\/a><\/figure>\n<\/div>\n<p class=\"wp-block-paragraph\">Evenimentele au \u00eenceput \u00een jurul orei 20:00, c\u00e2nd mai multe persoane s-au aflat pe terasa unui magazin alimentar din localitate, unde au consumat b\u0103uturi alcoolice. Ulterior, \u00een jurul orei 21:00, o parte dintre ace\u0219tia s-au deplasat pe un teren apar\u021bin\u00e2nd Prim\u0103riei Frumosu, concesionat prin contract de arend\u0103 unei femei din localitate \u0219i situat la aproximativ 50 de metri de locuin\u021ba acesteia.<\/p>\n<p class=\"wp-block-paragraph\">Unul dintre b\u0103rba\u021bi, I.C., a luat din autoturismul s\u0103u o canistr\u0103 cu lichid inflamabil \u0219i a stropit o stiv\u0103 de lemne aflat\u0103 pe teren, proprietatea femeii. Un alt b\u0103rbat, A.V., a aprins materialul lemnos cu o brichet\u0103, iar stiva a \u00eenceput s\u0103 ard\u0103 violent, cu flac\u0103r\u0103 deschis\u0103.<\/p>\n<p class=\"wp-block-paragraph\">Proprietara lemnelor le-a atras aten\u021bia c\u0103 bunul \u00eei apar\u021bine. \u00cen acel moment, I.C. \u0219i A.C. au \u00eenceput s\u0103 se manifeste agresiv verbal. La fa\u021ba locului a ajuns \u0219i un b\u0103rbat, I.F., care le-a repro\u0219at distrugerea lemnelor. Cei doi l-au amenin\u021bat cu acte de violen\u021b\u0103 \u0219i cu suprimarea vie\u021bii, i-au provocat o stare de temere \u0219i l-au urm\u0103rit p\u00e2n\u0103 \u00een dreptul imobilului surorii sale. Acolo, I.C. l-a lovit o dat\u0103, provoc\u00e2ndu-i leziuni vizibile la nivelul fe\u021bei, \u0219i a continuat s\u0103-l amenin\u021be. Totodat\u0103, a distrus geamurile laterale ale unui autoturism apar\u021bin\u00e2nd unui alt localnic. A.C. l-a lovit \u0219i el o dat\u0103 cu palma \u00een zona fe\u021bei pe I.F. \u0219i i-a adresat amenin\u021b\u0103ri.<\/p>\n<p class=\"wp-block-paragraph\">\u00cen timpul conflictului, un alt b\u0103rbat, P.P., a \u00eencercat s\u0103-i opreasc\u0103 pe cei doi, \u00eens\u0103 a fost lovit cu pumnii \u00een zona toracelui de c\u0103tre I.C. \u0219i amenin\u021bat. Ulterior, au intervenit \u0219i alte persoane pentru a aplana scandalul. I.C. \u0219i A.C. i-au \u00eembr\u00e2ncit \u0219i \u00eempins pe unul dintre ei, adres\u00e2ndu-i amenin\u021b\u0103ri, iar I.C. a lovit o dat\u0103 cu pumnul \u00een zona capului pe un alt localnic, f\u0103r\u0103 a-i provoca leziuni vizibile.<\/p>\n<p class=\"wp-block-paragraph\">Faptele au perturbat lini\u0219tea \u0219i ordinea public\u0103. Persoanelor v\u0103t\u0103mate li s-a adus la cuno\u0219tin\u021b\u0103 dreptul de a solicita un ordin de protec\u021bie provizoriu, \u00eens\u0103 acestea au refuzat.<\/p>\n<p class=\"wp-block-paragraph\">\u00cen urma administr\u0103rii probatoriului, poli\u021bi\u0219tii au dispus re\u021binerea pentru 24 de ore a lui I.C., A.C. \u0219i A.V. Ace\u0219tia au fost depu\u0219i la Centrul de Re\u021binere \u0219i Arestare Preventiv\u0103 al Inspectoratului de Poli\u021bie Jude\u021bean Suceava. Suspectul A.V. a fost identificat ulterior pe raza municipiului C\u00e2mpulung Moldovenesc \u0219i adus la sediul poli\u021biei.<\/p>\n<p class=\"wp-block-paragraph\">Pe 7 august 2026 s-a dispus punerea \u00een mi\u0219care a ac\u021biunii penale fa\u021b\u0103 de cei trei. Fa\u021b\u0103 de I.C. a fost formulat\u0103 propunerea de arestare preventiv\u0103, admis\u0103 de judec\u0103torul de drepturi \u0219i libert\u0103\u021bi de la Judec\u0103toria C\u00e2mpulung Moldovenesc. Acesta a fost arestat preventiv pentru 30 de zile, \u00eencep\u00e2nd cu data de 7 august 2026. Fa\u021b\u0103 de A.C. \u0219i A.V. a fost dispus controlul judiciar pentru o perioad\u0103 de 60 de zile.<\/p>\n<p class=\"wp-block-paragraph\">I.C. este cercetat pentru mai multe infrac\u021biuni de lovire sau alte violen\u021be, distrugere, amenin\u021bare \u0219i tulburarea ordinii \u0219i lini\u0219tii publice. A.C. este cercetat pentru lovire sau alte violen\u021be, amenin\u021bare \u0219i tulburarea ordinii \u0219i lini\u0219tii publice, iar A.V. pentru distrugere.<\/p>\n<figure class=\"wp-block-embed is-type-video is-provider-youtube wp-block-embed-youtube wp-embed-aspect-16-9 wp-has-aspect-ratio\">\n<div class=\"wp-block-embed__wrapper\">\n<div class=\"youtube-embed\" data-video_id=\"owaoRC5i8gM\"><iframe loading=\"lazy\" title=\"De ce s\u0103 vrei s\u0103 MORI la 23 de ani?? Buchet de infrac\u021biuni = ADIO via\u021b\u0103!!! Nu a avut nicio \u0219ans\u0103...\" width=\"696\" height=\"392\" src=\"https:\/\/www.youtube.com\/embed\/owaoRC5i8gM?start=15&amp;feature=oembed\" frameborder allow=\"accelerometer; autoplay; clipboard-write; encrypted-media; gyroscope; picture-in-picture; web-share\" referrerpolicy=\"strict-origin-when-cross-origin\" allowfullscreen><\/iframe><\/div>\n<\/div>\n<\/figure>\n<div class=\"td-a-rec td-a-rec-id-content_bottom  tdi_4 td_block_template_1\"><strong>Intr\u0103 acum \u0219i \u00een grupul de <\/p>\n<div class=\"wp-block-button\"><a class=\"wp-block-button__link wp-element-button\" href=\"https:\/\/t.me\/+TH8wcfnp8fw5NWI0\">Telegram News Bucovina<\/a><\/div>\n<p><\/strong><\/div>\n<\/div>\n<p>[analyse_source url=&#8221;https:\/\/www.newsbucovina.ro\/social\/445951\/un-barbat-in-arest-si-doi-sub-control-judiciar-dupa-incendierea-unei-stive-de-lemne-si-un-conflict-violent-in-comuna-frumosu&#8221;]<\/p>\n","protected":false},"excerpt":{"rendered":"<p>[analyse_image type=&#8221;featured&#8221; src=&#8221;https:\/\/www.newsbucovina.ro\/wp-content\/uploads\/2025\/11\/lovire-agresiune.jpghttps:\/\/cdn.newsbucovina.ro\/wp-content\/uploads\/2025\/11\/lovire-agresiune.jpg&#8221;] Intr\u0103 acum \u0219i \u00een grupul de Telegram News Bucovina Poli\u021bi\u0219tii Sec\u021biei 14 Poli\u021bie Rural\u0103 Vama au documentat un caz de distrugere prin incendiere \u0219i acte de violen\u021b\u0103 petrecut \u00een seara de 5 august 2026, \u00een satul Drago\u0219a, comuna Frumosu. \u00cen urma cercet\u0103rilor, trei b\u0103rba\u021bi au fost re\u021binu\u021bi, fa\u021b\u0103 de unul dintre ei [&hellip;]<\/p>\n","protected":false},"author":1,"featured_media":0,"comment_status":"open","ping_status":"","sticky":false,"template":"","format":"standard","meta":{"footnotes":""},"categories":[89],"tags":[226,165],"class_list":["post-2086425","post","type-post","status-publish","format-standard","hentry","category-romania","tag-crawlmanager","tag-newsbucovina-ro"],"_links":{"self":[{"href":"https:\/\/analyse.optim.biz\/index.php?rest_route=\/wp\/v2\/posts\/2086425","targetHints":{"allow":["GET"]}}],"collection":[{"href":"https:\/\/analyse.optim.biz\/index.php?rest_route=\/wp\/v2\/posts"}],"about":[{"href":"https:\/\/analyse.optim.biz\/index.php?rest_route=\/wp\/v2\/types\/post"}],"author":[{"embeddable":true,"href":"https:\/\/analyse.optim.biz\/index.php?rest_route=\/wp\/v2\/users\/1"}],"replies":[{"embeddable":true,"href":"https:\/\/analyse.optim.biz\/index.php?rest_route=%2Fwp%2Fv2%2Fcomments&post=2086425"}],"version-history":[{"count":0,"href":"https:\/\/analyse.optim.biz\/index.php?rest_route=\/wp\/v2\/posts\/2086425\/revisions"}],"wp:attachment":[{"href":"https:\/\/analyse.optim.biz\/index.php?rest_route=%2Fwp%2Fv2%2Fmedia&parent=2086425"}],"wp:term":[{"taxonomy":"category","embeddable":true,"href":"https:\/\/analyse.optim.biz\/index.php?rest_route=%2Fwp%2Fv2%2Fcategories&post=2086425"},{"taxonomy":"post_tag","embeddable":true,"href":"https:\/\/analyse.optim.biz\/index.php?rest_route=%2Fwp%2Fv2%2Ftags&post=2086425"}],"curies":[{"name":"wp","href":"https:\/\/api.w.org\/{rel}","templated":true}]}}