{"id":2086392,"date":"2026-08-06T20:05:08","date_gmt":"2026-08-06T17:05:08","guid":{"rendered":"https:\/\/analyse.optim.biz\/?p=2086392"},"modified":"2026-08-06T20:05:08","modified_gmt":"2026-08-06T17:05:08","slug":"primul-mecanism-national-de-detectare-a-riscului-de-trafic-de-minori","status":"publish","type":"post","link":"https:\/\/analyse.optim.biz\/?p=2086392","title":{"rendered":"Primul mecanism na\u021bional de detectare a riscului de trafic de minori"},"content":{"rendered":"<p>[analyse_image type=&#8221;featured&#8221; src=&#8221;https:\/\/www.tvbuzau.ro\/wp-content\/uploads\/2026\/08\/sddefault-15.jpghttps:\/\/www.tvbuzau.ro\/wp-content\/uploads\/2026\/08\/sddefault-15.jpg&#8221;]<\/p>\n<div class=\"td-ss-main-content\">\n<article id=\"post-119941\" class=\"post-119941 post type-post status-publish format-video has-post-thumbnail hentry category-actualitate post_format-post-format-video\">\n<div class=\"td-post-header\">\n<ul class=\"td-category\">\n<li class=\"entry-category\"><a href=\"https:\/\/www.tvbuzau.ro\/category\/actualitate\/\">Actualitate<\/a><\/li>\n<\/ul>\n<header class=\"td-post-title\">\n<h1 class=\"entry-title\">Primul mecanism na\u021bional de detectare a riscului de trafic de minori<\/h1>\n<div class=\"td-module-meta-info\">\n<div class=\"td-post-author-name\">De c\u0103tre <a href=\"https:\/\/www.tvbuzau.ro\/author\/mihai-vasilescu\/\">TV Buz\u0103u<\/a> &#8211; <\/div>\n<p><span class=\"td-post-date\"><time class=\"entry-date updated td-module-date\" datetime=\"2026-08-06T20:05:08+00:00\">august 6, 2026<\/time><\/span><\/p>\n<div class=\"td-post-comments\"><a href=\"https:\/\/www.tvbuzau.ro\/primul-mecanism-national-de-detectare-a-riscului-de-trafic-de-minori\/#respond\">0<\/a><\/div>\n<div class=\"td-post-views\"><span class=\"td-nr-views-119941\">26<\/span><\/div>\n<\/div>\n<\/header>\n<\/div>\n<div class=\"td-post-sharing td-post-sharing-top td-with-like\">\n<div class=\"td-default-sharing\"><a class=\"td-social-sharing-buttons td-social-facebook\" href=\"http:\/\/www.facebook.com\/sharer.php?u=https%3A%2F%2Fwww.tvbuzau.ro%2Fprimul-mecanism-national-de-detectare-a-riscului-de-trafic-de-minori%2F\"><\/p>\n<div class=\"td-social-but-text\">Distribui\u021bi pe Facebook<\/div>\n<p><\/a><a class=\"td-social-sharing-buttons td-social-twitter\" href=\"https:\/\/twitter.com\/intent\/tweet?text=Primul+mecanism+na%C8%9Bional+de+detectare+a+riscului+de+trafic+de+minori&amp;url=https%3A%2F%2Fwww.tvbuzau.ro%2Fprimul-mecanism-national-de-detectare-a-riscului-de-trafic-de-minori%2F&amp;via=TV+Buz%C4%83u\"><\/p>\n<div class=\"td-social-but-text\">Distribui\u021bi pe Twitter<\/div>\n<p><\/a><\/div>\n<div class=\"td-classic-sharing\">\n<ul>\n<li class=\"td-classic-facebook\"><iframe frameborder src=\"https:\/\/www.facebook.com\/plugins\/like.php?href=https:\/\/www.tvbuzau.ro\/primul-mecanism-national-de-detectare-a-riscului-de-trafic-de-minori\/&amp;layout=button_count&amp;show_faces=false&amp;width=105&amp;action=like&amp;colorscheme=light&amp;height=21\"><\/iframe><\/li>\n<li class=\"td-classic-twitter\"><a href=\"https:\/\/twitter.com\/share\" class=\"twitter-share-button\" data-url=\"https:\/\/www.tvbuzau.ro\/primul-mecanism-national-de-detectare-a-riscului-de-trafic-de-minori\/\" data-text=\"Primul mecanism na\u021bional de detectare a riscului de trafic de minori\" data-via data-lang=\"en\">tweet<\/a><\/li>\n<\/ul>\n<\/div>\n<\/div>\n<div class=\"td-post-content\">\n<div class=\"td-featured-image-rec\">\n<div class=\"wpb_video_wrapper\">\n                    <iframe loading=\"lazy\" id=\"td_youtube_player\" width=\"600\" height=\"560\" src=\"https:\/\/www.youtube.com\/embed\/Oa1eDctdvlI?enablejsapi=1&amp;feature=oembed&amp;wmode=opaque&amp;vq=hd720\" frameborder allowfullscreen><\/iframe><\/p><\/div>\n<\/div>\n<p>Preven\u021bia \u0219i detectarea timpurie sunt esen\u021biale<br \/>\nAgen\u0163ia Na\u0163ional\u0103 \u00cempotriva Traficului de Persoane a anun\u0163at recent c\u0103  pentru prima dat\u0103 la nivel na\u021bional, a fost stabilit un cadru unitar prin care speciali\u0219tii pot identifica din timp indicatorii de risc ai traficului de minori \u0219i pot interveni \u00eenainte ca exploatarea \u0219i traficul de copii s\u0103 se produc\u0103. Una dintre instruc\u021biuni se adreseaz\u0103 serviciilor reziden\u021biale pentru copii, iar cealalt\u0103 vizeaz\u0103 detectarea proactiv\u0103 \u00een comunitate, cu accent pe copiii din mediul rural \u0219i pe cei afla\u021bi \u00een situa\u021bii de vulnerabilitate.   Astfel, a anun\u0163at institu\u0163ia, noile instrumente \u00eei ajut\u0103 pe speciali\u0219ti s\u0103 identifice din timp copiii afla\u021bi \u00een risc de exploatare \u0219i s\u0103 intervin\u0103 \u00eenainte ca ace\u0219tia s\u0103 de in\u0103 victime ale traficului de persoane<\/p>\n<p>\u201eDatele Agen\u021biei Na\u021bionale \u00eempotriva Traficului de Persoane arat\u0103 c\u0103 preven\u021bia \u0219i de-tectarea timpurie sunt esen\u021biale. Instruc\u021biunile pe care le-am elaborat \u00eempreun\u0103 cu ANPDCA, UNICEF Rom\u00e2nia \u0219i Asocia\u021bia eLiberare ofer\u0103 speciali\u0219tilor din teren un instrument concret, aliniat la Mecanismul Na\u021bional de Identificare \u0219i Referire, care le permite s\u0103 ac\u021bioneze \u00eenainte ca un copil s\u0103 devin\u0103 victim\u0103. Este un pas important \u00een consolidarea arhitecturii na\u021bionale anti-trafic \u0219i \u00een transformarea cooper\u0103rii interin-stitu\u021bionale \u00een protec\u021bie real\u0103 pentru copiii vulnerabili.\u201d  a transmis directorul ANITP, comisar-\u0219ef de poli\u021bie Maria Cristina STEPANESCU.<br \/>\nNoile instruc\u021biuni, mai arat\u0103 institu\u0163ia ofer\u0103 profesioni\u0219tilor un instrument practic de lucru bazat pe indicatori de risc, \u00eentreb\u0103ri adaptate v\u00e2rstei copilului \u0219i un mecanism clar de evaluare \u0219i interven\u021bie. Cele dou\u0103 instruc\u021biuni vin s\u0103 sprijine \u0219i s\u0103 \u00eent\u0103reasc\u0103 procedurile de identificare \u0219i referire a victimelor traficului de persoane reglementate prin Mecanismul Na\u021bional de Identificare \u0219i Referire a Victimelor Traficului de Per-soane (MNIR).  Printre elementele de noutate introduse, se num\u0103r\u0103 utilizarea unor chestionare standardizate de evaluare a riscului, observarea sistematic\u0103 a indicatorilor comportamentali, emo\u021bionali \u0219i sociali, clasificarea nivelului de risc, pa\u0219i clari de in-terven\u021bie pentru fiecare nivel de risc sau referirea cazurilor c\u0103tre mecanismele na\u021bionale competente atunci c\u00e2nd sunt identificate situa\u021bii de risc ridicat.<\/p>\n<p>\u201eEforturile de prevenire sunt esen\u021biale pentru combaterea oric\u0103ror forme de violen\u021b\u0103 \u00eempotriva copiilor, \u00een special a traficului de minori, astfel \u00eenc\u00e2t fiecare copil s\u0103 aib\u0103 acces la m\u0103suri de protec\u021bie \u0219i sprijin. Instruc\u021biunile elaborate \u00een parteneriat cu ANPDCA, ANITP \u0219i eLiberare reprezint\u0103 un instrument esen\u021bial pentru profesioni\u0219ti, ajut\u00e2ndu-i s\u0103 identifice din timp semnele de risc \u0219i s\u0103 ac\u021bioneze preventiv, \u00eenainte ca un copil s\u0103 devin\u0103 victim\u0103. UNICEF sus\u021bine consolidarea sistemelor de protec\u021bie a copilului, pentru ca siguran\u021ba fiec\u0103rui copil s\u0103 fie pe deplin asigurat\u0103. Prin m\u0103suri de prevenire timpurie \u0219i interven\u021bie coordonat\u0103 a institu\u021biilor, copiii pot fi proteja\u021bi eficient de exploatare \u0219i abuz\u201d, a declarat Anna Riatti, reprezentanta UNICEF \u00een Rom\u00e2nia.<\/p>\n<p>De asemenea, sunt introduse prevederi care pun accent \u0219i pe formarea anual\u0103 a profesioni\u0219tilor, pe informarea copiilor \u0219i comunit\u0103\u021bilor \u0219i pe colaborarea dintre serviciile sociale, sistemul de protec\u021bie a copilului, ANITP, autorit\u0103\u021bile locale \u0219i organiza\u021biile neguvernamentale, pentru o interven\u021bie coordonat\u0103 \u0219i eficient\u0103.<br \/>\n\u201eTraficul de copii nu \u00eencepe \u00een momentul exploat\u0103rii. \u00cencepe cu vulnerabilit\u0103\u021bi care, de prea multe ori, r\u0103m\u00e2n neobservate. Aceste instruc\u021biuni schimb\u0103 paradigma dintr-o interven\u021bie reactiv\u0103 \u00eentr-una preventiv\u0103, oferindu-le profesioni\u0219tilor instrumente con-crete pentru a identifica riscul \u00eenainte ca un copil s\u0103 devin\u0103 victim\u0103. Suntem recu-nosc\u0103tori c\u0103 ne-am putut reuni \u00een jurul aceleia\u0219i mese institu\u021bii publice, organiza\u021bii interna\u021bionale, organiza\u021bii neguvernamentale \u0219i exper\u021bi pentru a construi \u00eempreun\u0103 un instrument care r\u0103spunde unei nevoi reale din practic\u0103\u201d afirm\u0103 Loredana Urzic\u0103-Mirea, Director Executiv, Asocia\u021bia eLiberare.<br \/>\nInstruc\u021biunile vor fi implementate la nivel na\u021bional \u0219i vor contribui la consolidarea capacit\u0103\u021bii sistemului de protec\u021bie a copilului de a identifica timpuriu vulnerabilit\u0103\u021bile, de a coordona interven\u021bia institu\u021bional\u0103 \u0219i de a oferi copiilor sprijin \u00eenainte ca exploatarea s\u0103 se produc\u0103.<\/p>\n<div class=\"post-views post-119941 entry-meta\"><span class=\"post-views-label\">Post Views: <\/span><span class=\"post-views-count\">369<\/span><\/div>\n<\/div>\n<footer>\n<div class=\"td-post-sharing td-post-sharing-bottom td-with-like\"><span class=\"td-post-share-title\">DISTRIBUI\u021aI<\/span><\/p>\n<div class=\"td-default-sharing\"><a class=\"td-social-sharing-buttons td-social-facebook\" href=\"http:\/\/www.facebook.com\/sharer.php?u=https%3A%2F%2Fwww.tvbuzau.ro%2Fprimul-mecanism-national-de-detectare-a-riscului-de-trafic-de-minori%2F\"><\/p>\n<div class=\"td-social-but-text\">Facebook<\/div>\n<p><\/a><a class=\"td-social-sharing-buttons td-social-twitter\" href=\"https:\/\/twitter.com\/intent\/tweet?text=Primul+mecanism+na%C8%9Bional+de+detectare+a+riscului+de+trafic+de+minori&amp;url=https%3A%2F%2Fwww.tvbuzau.ro%2Fprimul-mecanism-national-de-detectare-a-riscului-de-trafic-de-minori%2F&amp;via=TV+Buz%C4%83u\"><\/p>\n<div class=\"td-social-but-text\">Twitter<\/div>\n<p><\/a><\/div>\n<div class=\"td-classic-sharing\">\n<ul>\n<li class=\"td-classic-facebook\"><iframe frameborder src=\"https:\/\/www.facebook.com\/plugins\/like.php?href=https:\/\/www.tvbuzau.ro\/primul-mecanism-national-de-detectare-a-riscului-de-trafic-de-minori\/&amp;layout=button_count&amp;show_faces=false&amp;width=105&amp;action=like&amp;colorscheme=light&amp;height=21\"><\/iframe><\/li>\n<li class=\"td-classic-twitter\"><a href=\"https:\/\/twitter.com\/share\" class=\"twitter-share-button\" data-url=\"https:\/\/www.tvbuzau.ro\/primul-mecanism-national-de-detectare-a-riscului-de-trafic-de-minori\/\" data-text=\"Primul mecanism na\u021bional de detectare a riscului de trafic de minori\" data-via data-lang=\"en\">tweet<\/a><\/li>\n<\/ul>\n<\/div>\n<\/div>\n<div class=\"td-author-name vcard author\"><span class=\"fn\"><a href=\"https:\/\/www.tvbuzau.ro\/author\/mihai-vasilescu\/\">TV Buz\u0103u<\/a><\/span><\/div>\n<p><span><\/span><span><span><\/span><\/span><span><\/span><\/footer>\n<\/article>\n<div class=\"td_block_wrap td_block_related_posts td_uid_1_6a79f48bd7873_rand td_with_ajax_pagination td-pb-border-top\" data-td-block-uid=\"td_uid_1_6a79f48bd7873\">\n<h4 class=\"td-related-title\"><a id=\"td_uid_2_6a79f48bdd587\" class=\"td-related-left td-cur-simple-item\" data-td_filter_value data-td_block_id=\"td_uid_1_6a79f48bd7873\" href=\"https:\/\/www.tvbuzau.ro\/primul-mecanism-national-de-detectare-a-riscului-de-trafic-de-minori\/\">ARTICOLE SIMILARE<\/a><a id=\"td_uid_3_6a79f48bdd5c2\" class=\"td-related-right\" data-td_filter_value=\"td_related_more_from_author\" data-td_block_id=\"td_uid_1_6a79f48bd7873\" href=\"https:\/\/www.tvbuzau.ro\/primul-mecanism-national-de-detectare-a-riscului-de-trafic-de-minori\/\">DE LA ACELA\u0218I AUTOR<\/a><\/h4>\n<div id=\"td_uid_1_6a79f48bd7873\" class=\"td_block_inner\">\n<div class=\"td-related-row\">\n<div class=\"td-related-span4\">\n<div class=\"td_module_related_posts td-animation-stack td_mod_related_posts\">\n<div class=\"td-module-image\">\n<div class=\"td-module-thumb\"><a href=\"https:\/\/www.tvbuzau.ro\/cercetati-pentru-trafic-de-droguri-de-mare-risc-3\/\" rel=\"bookmark\" title=\"Cerceta\u021bi pentru trafic de droguri de mare risc\"><img loading=\"lazy\" decoding=\"async\" width=\"218\" height=\"150\" class=\"entry-thumb\" src=\"https:\/\/www.tvbuzau.ro\/wp-content\/uploads\/2026\/08\/hqdefault-8-218x150.jpg\" alt title=\"Cerceta\u021bi pentru trafic de droguri de mare risc\"><span class=\"td-video-play-ico\"><img loading=\"lazy\" decoding=\"async\" width=\"40\" height=\"40\" class=\"td-retina\" src=\"https:\/\/www.tvbuzau.ro\/wp-content\/themes\/Newspaper\/images\/icons\/ico-video-large.png\" alt=\"video\"><\/span><\/a><\/div>\n<p><a href=\"https:\/\/www.tvbuzau.ro\/category\/actualitate\/\" class=\"td-post-category\">Actualitate<\/a><\/div>\n<div class=\"item-details\">\n<h3 class=\"entry-title td-module-title\"><a href=\"https:\/\/www.tvbuzau.ro\/cercetati-pentru-trafic-de-droguri-de-mare-risc-3\/\" rel=\"bookmark\" title=\"Cerceta\u021bi pentru trafic de droguri de mare risc\">Cerceta\u021bi pentru trafic de droguri de mare risc<\/a><\/h3>\n<\/div>\n<\/div>\n<\/div>\n<div class=\"td-related-span4\">\n<div class=\"td_module_related_posts td-animation-stack td_mod_related_posts\">\n<div class=\"td-module-image\">\n<div class=\"td-module-thumb\"><a href=\"https:\/\/www.tvbuzau.ro\/problemele-financiare-sting-lumina-la-vintila-voda\/\" rel=\"bookmark\" title=\"Problemele financiare sting lumina la Vintil\u0103 Vod\u0103\"><img loading=\"lazy\" decoding=\"async\" width=\"218\" height=\"150\" class=\"entry-thumb\" src=\"https:\/\/www.tvbuzau.ro\/wp-content\/uploads\/2026\/08\/hqdefault-7-218x150.jpg\" alt title=\"Problemele financiare sting lumina la Vintil\u0103 Vod\u0103\"><span class=\"td-video-play-ico\"><img loading=\"lazy\" decoding=\"async\" width=\"40\" height=\"40\" class=\"td-retina\" src=\"https:\/\/www.tvbuzau.ro\/wp-content\/themes\/Newspaper\/images\/icons\/ico-video-large.png\" alt=\"video\"><\/span><\/a><\/div>\n<p><a href=\"https:\/\/www.tvbuzau.ro\/category\/actualitate\/\" class=\"td-post-category\">Actualitate<\/a><\/div>\n<div class=\"item-details\">\n<h3 class=\"entry-title td-module-title\"><a href=\"https:\/\/www.tvbuzau.ro\/problemele-financiare-sting-lumina-la-vintila-voda\/\" rel=\"bookmark\" title=\"Problemele financiare sting lumina la Vintil\u0103 Vod\u0103\">Problemele financiare sting lumina la Vintil\u0103 Vod\u0103<\/a><\/h3>\n<\/div>\n<\/div>\n<\/div>\n<div class=\"td-related-span4\">\n<div class=\"td_module_related_posts td-animation-stack td_mod_related_posts\">\n<div class=\"td-module-image\">\n<div class=\"td-module-thumb\"><a href=\"https:\/\/www.tvbuzau.ro\/sanse-slabe-de-a-fi-deschis-in-aceasta-vara-aquapark-ul\/\" rel=\"bookmark\" title=\"\u015eanse slabe de a fi deschis \u00een aceast\u0103 var\u0103 Aquapark-ul\"><img loading=\"lazy\" decoding=\"async\" width=\"218\" height=\"150\" class=\"entry-thumb\" src=\"https:\/\/www.tvbuzau.ro\/wp-content\/uploads\/2026\/08\/sddefault-19-218x150.jpg\" alt title=\"\u015eanse slabe de a fi deschis \u00een aceast\u0103 var\u0103 Aquapark-ul\"><span class=\"td-video-play-ico\"><img loading=\"lazy\" decoding=\"async\" width=\"40\" height=\"40\" class=\"td-retina\" src=\"https:\/\/www.tvbuzau.ro\/wp-content\/themes\/Newspaper\/images\/icons\/ico-video-large.png\" alt=\"video\"><\/span><\/a><\/div>\n<p><a href=\"https:\/\/www.tvbuzau.ro\/category\/actualitate\/\" class=\"td-post-category\">Actualitate<\/a><\/div>\n<div class=\"item-details\">\n<h3 class=\"entry-title td-module-title\"><a href=\"https:\/\/www.tvbuzau.ro\/sanse-slabe-de-a-fi-deschis-in-aceasta-vara-aquapark-ul\/\" rel=\"bookmark\" title=\"\u015eanse slabe de a fi deschis \u00een aceast\u0103 var\u0103 Aquapark-ul\">\u015eanse slabe de a fi deschis \u00een aceast\u0103 var\u0103 Aquapark-ul<\/a><\/h3>\n<\/div>\n<\/div>\n<\/div>\n<\/div>\n<div class=\"td-related-row\">\n<div class=\"td-related-span4\">\n<div class=\"td_module_related_posts td-animation-stack td_mod_related_posts\">\n<div class=\"td-module-image\">\n<div class=\"td-module-thumb\"><a href=\"https:\/\/www.tvbuzau.ro\/soc-primaria-buzau-trasa-la-raspundere-vizavi-de-cartile-oferite-pentru-copii\/\" rel=\"bookmark\" title=\"\u015eoc, Prim\u0103ria Buz\u0103u tras\u0103 la r\u0103spundere vizavi de c\u0103r\u0163ile oferite pentru copii\"><img loading=\"lazy\" decoding=\"async\" width=\"218\" height=\"150\" class=\"entry-thumb\" src=\"https:\/\/www.tvbuzau.ro\/wp-content\/uploads\/2026\/08\/hqdefault-6-218x150.jpg\" alt title=\"\u015eoc, Prim\u0103ria Buz\u0103u tras\u0103 la r\u0103spundere vizavi de c\u0103r\u0163ile oferite pentru copii\"><span class=\"td-video-play-ico\"><img loading=\"lazy\" decoding=\"async\" width=\"40\" height=\"40\" class=\"td-retina\" src=\"https:\/\/www.tvbuzau.ro\/wp-content\/themes\/Newspaper\/images\/icons\/ico-video-large.png\" alt=\"video\"><\/span><\/a><\/div>\n<p><a href=\"https:\/\/www.tvbuzau.ro\/category\/actualitate\/\" class=\"td-post-category\">Actualitate<\/a><\/div>\n<div class=\"item-details\">\n<h3 class=\"entry-title td-module-title\"><a href=\"https:\/\/www.tvbuzau.ro\/soc-primaria-buzau-trasa-la-raspundere-vizavi-de-cartile-oferite-pentru-copii\/\" rel=\"bookmark\" title=\"\u015eoc, Prim\u0103ria Buz\u0103u tras\u0103 la r\u0103spundere vizavi de c\u0103r\u0163ile oferite pentru copii\">\u015eoc, Prim\u0103ria Buz\u0103u tras\u0103 la r\u0103spundere vizavi de c\u0103r\u0163ile oferite pentru copii<\/a><\/h3>\n<\/div>\n<\/div>\n<\/div>\n<div class=\"td-related-span4\">\n<div class=\"td_module_related_posts td-animation-stack td_mod_related_posts\">\n<div class=\"td-module-image\">\n<div class=\"td-module-thumb\"><a href=\"https:\/\/www.tvbuzau.ro\/ai-versus-pierderile-de-apa-din-sistem\/\" rel=\"bookmark\" title=\"AI versus pierderile de ap\u0103 din sistem\"><img loading=\"lazy\" decoding=\"async\" width=\"218\" height=\"150\" class=\"entry-thumb\" src=\"https:\/\/www.tvbuzau.ro\/wp-content\/uploads\/2026\/08\/sddefault-18-218x150.jpg\" alt title=\"AI versus pierderile de ap\u0103 din sistem\"><span class=\"td-video-play-ico\"><img loading=\"lazy\" decoding=\"async\" width=\"40\" height=\"40\" class=\"td-retina\" src=\"https:\/\/www.tvbuzau.ro\/wp-content\/themes\/Newspaper\/images\/icons\/ico-video-large.png\" alt=\"video\"><\/span><\/a><\/div>\n<p><a href=\"https:\/\/www.tvbuzau.ro\/category\/actualitate\/\" class=\"td-post-category\">Actualitate<\/a><\/div>\n<div class=\"item-details\">\n<h3 class=\"entry-title td-module-title\"><a href=\"https:\/\/www.tvbuzau.ro\/ai-versus-pierderile-de-apa-din-sistem\/\" rel=\"bookmark\" title=\"AI versus pierderile de ap\u0103 din sistem\">AI versus pierderile de ap\u0103 din sistem<\/a><\/h3>\n<\/div>\n<\/div>\n<\/div>\n<div class=\"td-related-span4\">\n<div class=\"td_module_related_posts td-animation-stack td_mod_related_posts\">\n<div class=\"td-module-image\">\n<div class=\"td-module-thumb\"><a href=\"https:\/\/www.tvbuzau.ro\/echipa-de-robotica-heart-of-robots-castigatoarea-bucharest-twin-cup-2026\/\" rel=\"bookmark\" title=\"Echipa de robotic\u0103 Heart of Robots, c\u00e2\u015ftig\u0103toarea Bucharest Twin Cup 2026\"><img loading=\"lazy\" decoding=\"async\" width=\"218\" height=\"150\" class=\"entry-thumb\" src=\"https:\/\/www.tvbuzau.ro\/wp-content\/uploads\/2026\/08\/sddefault-17-218x150.jpg\" alt title=\"Echipa de robotic\u0103 Heart of Robots, c\u00e2\u015ftig\u0103toarea Bucharest Twin Cup 2026\"><span class=\"td-video-play-ico\"><img loading=\"lazy\" decoding=\"async\" width=\"40\" height=\"40\" class=\"td-retina\" src=\"https:\/\/www.tvbuzau.ro\/wp-content\/themes\/Newspaper\/images\/icons\/ico-video-large.png\" alt=\"video\"><\/span><\/a><\/div>\n<p><a href=\"https:\/\/www.tvbuzau.ro\/category\/actualitate\/\" class=\"td-post-category\">Actualitate<\/a><\/div>\n<div class=\"item-details\">\n<h3 class=\"entry-title td-module-title\"><a href=\"https:\/\/www.tvbuzau.ro\/echipa-de-robotica-heart-of-robots-castigatoarea-bucharest-twin-cup-2026\/\" rel=\"bookmark\" title=\"Echipa de robotic\u0103 Heart of Robots, c\u00e2\u015ftig\u0103toarea Bucharest Twin Cup 2026\">Echipa de robotic\u0103 Heart of Robots, c\u00e2\u015ftig\u0103toarea Bucharest Twin Cup 2026<\/a><\/h3>\n<\/div>\n<\/div>\n<\/div>\n<\/div>\n<\/div>\n<\/div>\n<div class=\"comments\" id=\"comments\">\n<div id=\"respond\" class=\"comment-respond\">\n<h3 id=\"reply-title\" class=\"comment-reply-title\">L\u0102SA\u021aI UN MESAJ <small><a rel=\"nofollow\" id=\"cancel-comment-reply-link\" href=\"https:\/\/www.tvbuzau.ro\/primul-mecanism-national-de-detectare-a-riscului-de-trafic-de-minori\/#respond\">Renun\u021ba\u021bi la r\u0103spuns<\/a><\/small><\/h3>\n<\/div>\n<\/div>\n<\/div>\n<div class=\"td-post-content\">\n<div class=\"td-featured-image-rec\">\n<div class=\"wpb_video_wrapper\">\n                    <iframe loading=\"lazy\" id=\"td_youtube_player\" width=\"600\" height=\"560\" src=\"https:\/\/www.youtube.com\/embed\/Oa1eDctdvlI?enablejsapi=1&amp;feature=oembed&amp;wmode=opaque&amp;vq=hd720\" frameborder allowfullscreen><\/iframe><\/p><\/div>\n<\/div>\n<p>Preven\u021bia \u0219i detectarea timpurie sunt esen\u021biale<br \/>\nAgen\u0163ia Na\u0163ional\u0103 \u00cempotriva Traficului de Persoane a anun\u0163at recent c\u0103  pentru prima dat\u0103 la nivel na\u021bional, a fost stabilit un cadru unitar prin care speciali\u0219tii pot identifica din timp indicatorii de risc ai traficului de minori \u0219i pot interveni \u00eenainte ca exploatarea \u0219i traficul de copii s\u0103 se produc\u0103. Una dintre instruc\u021biuni se adreseaz\u0103 serviciilor reziden\u021biale pentru copii, iar cealalt\u0103 vizeaz\u0103 detectarea proactiv\u0103 \u00een comunitate, cu accent pe copiii din mediul rural \u0219i pe cei afla\u021bi \u00een situa\u021bii de vulnerabilitate.   Astfel, a anun\u0163at institu\u0163ia, noile instrumente \u00eei ajut\u0103 pe speciali\u0219ti s\u0103 identifice din timp copiii afla\u021bi \u00een risc de exploatare \u0219i s\u0103 intervin\u0103 \u00eenainte ca ace\u0219tia s\u0103 de in\u0103 victime ale traficului de persoane<\/p>\n<p>\u201eDatele Agen\u021biei Na\u021bionale \u00eempotriva Traficului de Persoane arat\u0103 c\u0103 preven\u021bia \u0219i de-tectarea timpurie sunt esen\u021biale. Instruc\u021biunile pe care le-am elaborat \u00eempreun\u0103 cu ANPDCA, UNICEF Rom\u00e2nia \u0219i Asocia\u021bia eLiberare ofer\u0103 speciali\u0219tilor din teren un instrument concret, aliniat la Mecanismul Na\u021bional de Identificare \u0219i Referire, care le permite s\u0103 ac\u021bioneze \u00eenainte ca un copil s\u0103 devin\u0103 victim\u0103. Este un pas important \u00een consolidarea arhitecturii na\u021bionale anti-trafic \u0219i \u00een transformarea cooper\u0103rii interin-stitu\u021bionale \u00een protec\u021bie real\u0103 pentru copiii vulnerabili.\u201d  a transmis directorul ANITP, comisar-\u0219ef de poli\u021bie Maria Cristina STEPANESCU.<br \/>\nNoile instruc\u021biuni, mai arat\u0103 institu\u0163ia ofer\u0103 profesioni\u0219tilor un instrument practic de lucru bazat pe indicatori de risc, \u00eentreb\u0103ri adaptate v\u00e2rstei copilului \u0219i un mecanism clar de evaluare \u0219i interven\u021bie. Cele dou\u0103 instruc\u021biuni vin s\u0103 sprijine \u0219i s\u0103 \u00eent\u0103reasc\u0103 procedurile de identificare \u0219i referire a victimelor traficului de persoane reglementate prin Mecanismul Na\u021bional de Identificare \u0219i Referire a Victimelor Traficului de Per-soane (MNIR).  Printre elementele de noutate introduse, se num\u0103r\u0103 utilizarea unor chestionare standardizate de evaluare a riscului, observarea sistematic\u0103 a indicatorilor comportamentali, emo\u021bionali \u0219i sociali, clasificarea nivelului de risc, pa\u0219i clari de in-terven\u021bie pentru fiecare nivel de risc sau referirea cazurilor c\u0103tre mecanismele na\u021bionale competente atunci c\u00e2nd sunt identificate situa\u021bii de risc ridicat.<\/p>\n<p>\u201eEforturile de prevenire sunt esen\u021biale pentru combaterea oric\u0103ror forme de violen\u021b\u0103 \u00eempotriva copiilor, \u00een special a traficului de minori, astfel \u00eenc\u00e2t fiecare copil s\u0103 aib\u0103 acces la m\u0103suri de protec\u021bie \u0219i sprijin. Instruc\u021biunile elaborate \u00een parteneriat cu ANPDCA, ANITP \u0219i eLiberare reprezint\u0103 un instrument esen\u021bial pentru profesioni\u0219ti, ajut\u00e2ndu-i s\u0103 identifice din timp semnele de risc \u0219i s\u0103 ac\u021bioneze preventiv, \u00eenainte ca un copil s\u0103 devin\u0103 victim\u0103. UNICEF sus\u021bine consolidarea sistemelor de protec\u021bie a copilului, pentru ca siguran\u021ba fiec\u0103rui copil s\u0103 fie pe deplin asigurat\u0103. Prin m\u0103suri de prevenire timpurie \u0219i interven\u021bie coordonat\u0103 a institu\u021biilor, copiii pot fi proteja\u021bi eficient de exploatare \u0219i abuz\u201d, a declarat Anna Riatti, reprezentanta UNICEF \u00een Rom\u00e2nia.<\/p>\n<p>De asemenea, sunt introduse prevederi care pun accent \u0219i pe formarea anual\u0103 a profesioni\u0219tilor, pe informarea copiilor \u0219i comunit\u0103\u021bilor \u0219i pe colaborarea dintre serviciile sociale, sistemul de protec\u021bie a copilului, ANITP, autorit\u0103\u021bile locale \u0219i organiza\u021biile neguvernamentale, pentru o interven\u021bie coordonat\u0103 \u0219i eficient\u0103.<br \/>\n\u201eTraficul de copii nu \u00eencepe \u00een momentul exploat\u0103rii. \u00cencepe cu vulnerabilit\u0103\u021bi care, de prea multe ori, r\u0103m\u00e2n neobservate. Aceste instruc\u021biuni schimb\u0103 paradigma dintr-o interven\u021bie reactiv\u0103 \u00eentr-una preventiv\u0103, oferindu-le profesioni\u0219tilor instrumente con-crete pentru a identifica riscul \u00eenainte ca un copil s\u0103 devin\u0103 victim\u0103. Suntem recu-nosc\u0103tori c\u0103 ne-am putut reuni \u00een jurul aceleia\u0219i mese institu\u021bii publice, organiza\u021bii interna\u021bionale, organiza\u021bii neguvernamentale \u0219i exper\u021bi pentru a construi \u00eempreun\u0103 un instrument care r\u0103spunde unei nevoi reale din practic\u0103\u201d afirm\u0103 Loredana Urzic\u0103-Mirea, Director Executiv, Asocia\u021bia eLiberare.<br \/>\nInstruc\u021biunile vor fi implementate la nivel na\u021bional \u0219i vor contribui la consolidarea capacit\u0103\u021bii sistemului de protec\u021bie a copilului de a identifica timpuriu vulnerabilit\u0103\u021bile, de a coordona interven\u021bia institu\u021bional\u0103 \u0219i de a oferi copiilor sprijin \u00eenainte ca exploatarea s\u0103 se produc\u0103.<\/p>\n<div class=\"post-views post-119941 entry-meta\"><span class=\"post-views-label\">Post Views: <\/span><span class=\"post-views-count\">369<\/span><\/div>\n<\/div>\n<p>[analyse_source url=&#8221;https:\/\/www.tvbuzau.ro\/primul-mecanism-national-de-detectare-a-riscului-de-trafic-de-minori\/&#8221;]<\/p>\n","protected":false},"excerpt":{"rendered":"<p>[analyse_image type=&#8221;featured&#8221; src=&#8221;https:\/\/www.tvbuzau.ro\/wp-content\/uploads\/2026\/08\/sddefault-15.jpghttps:\/\/www.tvbuzau.ro\/wp-content\/uploads\/2026\/08\/sddefault-15.jpg&#8221;] Actualitate Primul mecanism na\u021bional de detectare a riscului de trafic de minori De c\u0103tre TV Buz\u0103u &#8211; august 6, 2026 0 26 Distribui\u021bi pe Facebook Distribui\u021bi pe Twitter tweet Preven\u021bia \u0219i detectarea timpurie sunt esen\u021biale Agen\u0163ia Na\u0163ional\u0103 \u00cempotriva Traficului de Persoane a anun\u0163at recent c\u0103 pentru prima dat\u0103 la nivel na\u021bional, a [&hellip;]<\/p>\n","protected":false},"author":1,"featured_media":0,"comment_status":"open","ping_status":"","sticky":false,"template":"","format":"standard","meta":{"footnotes":""},"categories":[2],"tags":[226,116],"class_list":["post-2086392","post","type-post","status-publish","format-standard","hentry","category-politics","tag-crawlmanager","tag-tvbuzau-ro"],"_links":{"self":[{"href":"https:\/\/analyse.optim.biz\/index.php?rest_route=\/wp\/v2\/posts\/2086392","targetHints":{"allow":["GET"]}}],"collection":[{"href":"https:\/\/analyse.optim.biz\/index.php?rest_route=\/wp\/v2\/posts"}],"about":[{"href":"https:\/\/analyse.optim.biz\/index.php?rest_route=\/wp\/v2\/types\/post"}],"author":[{"embeddable":true,"href":"https:\/\/analyse.optim.biz\/index.php?rest_route=\/wp\/v2\/users\/1"}],"replies":[{"embeddable":true,"href":"https:\/\/analyse.optim.biz\/index.php?rest_route=%2Fwp%2Fv2%2Fcomments&post=2086392"}],"version-history":[{"count":0,"href":"https:\/\/analyse.optim.biz\/index.php?rest_route=\/wp\/v2\/posts\/2086392\/revisions"}],"wp:attachment":[{"href":"https:\/\/analyse.optim.biz\/index.php?rest_route=%2Fwp%2Fv2%2Fmedia&parent=2086392"}],"wp:term":[{"taxonomy":"category","embeddable":true,"href":"https:\/\/analyse.optim.biz\/index.php?rest_route=%2Fwp%2Fv2%2Fcategories&post=2086392"},{"taxonomy":"post_tag","embeddable":true,"href":"https:\/\/analyse.optim.biz\/index.php?rest_route=%2Fwp%2Fv2%2Ftags&post=2086392"}],"curies":[{"name":"wp","href":"https:\/\/api.w.org\/{rel}","templated":true}]}}