{"id":208639,"date":"2014-03-31T01:53:37","date_gmt":"2014-03-30T22:53:37","guid":{"rendered":"https:\/\/analyse.optim.biz\/?p=208639"},"modified":"2014-03-31T01:53:37","modified_gmt":"2014-03-30T22:53:37","slug":"c-p-tariceanu-avem-obligatia-de-a-recompune-usl-unii-or-sa-faca-decontul-pentru-plecarea-pnl-din-alianta","status":"publish","type":"post","link":"https:\/\/analyse.optim.biz\/?p=208639","title":{"rendered":"C.P. T\u0103riceanu: Avem obliga\u021bia de a recompune USL. Unii or s\u0103 fac\u0103 decontul pentru plecarea PNL din alian\u021b\u0103"},"content":{"rendered":"<div class=\"entry data-app-meta data-app-meta-article\" data-embed-base-url-canonical=\"https:\/\/www.digi24.ro\/embed\/stiri\/actualitate\/politica\/c-p-tariceanu-avem-obligatia-de-a-recompune-usl-unii-or-sa-faca-decontul-pentru-plecarea-pnl-din-alianta-221893\">\n<p data-index=\"1\">\u201eUSL-ului este un proiect care trebuie s\u0103 ne preocupe, adic\u0103 trebuie s\u0103 le spunem cet\u0103\u021benilor: nu depunem armele. Sigur c\u0103 a fost o decizie a PNL-ului pentru care, <strong>probabil, unii sau al\u021bii or s\u0103 fac\u0103 decontul<\/strong>, dar sunt al\u021bii care cred c\u0103 au obliga\u021bie \u0219i o responsabilitate fa\u021b\u0103 de cei care ne-au dat votul, printre care m\u0103 num\u0103r, \u0219i cred c\u0103 din acest\u0103 perspectiv\u0103, \u0219i cei de la PSD, \u0219i eu, \u0219i al\u021bii, <strong>avem obliga\u021bia de a face un efort pentru a recompune USL-ul \u0219i a ne duce p\u00e2n\u0103 la cap\u0103t programul politic\u201d<\/strong>, a declarat fostul premier \u00een <a href=\"https:\/\/www.digi24.ro\/Emisiuni\/Digi24\/Km0\/\" target=\"_blank\" data-skip-linkfix=\"1\" rel=\"noopener\"><strong>emisiunea \u201eKilometrul 0\u201d<\/strong><\/a> de la <strong>Digi24<\/strong>.<\/p>\n<p data-index=\"2\">Declara\u021bia sa intervine dup\u0103 ce <a href=\"https:\/\/www.digi24.ro\/Stiri\/Digi24\/Actualitate\/Politica\/Victor+Ponta+Tariceanu+poate+fi+candidatul+la+prezidentiale+al+u\" target=\"_blank\" data-skip-linkfix=\"1\" rel=\"noopener\">premierul Victor Ponta a spus c\u0103 <\/a><a href=\"https:\/\/www.digi24.ro\/Stiri\/Digi24\/Actualitate\/Politica\/Victor+Ponta+Tariceanu+poate+fi+candidatul+la+prezidentiale+al+u\" target=\"_blank\" data-skip-linkfix=\"1\" rel=\"noopener\">Uniunea Social-Liberal\u0103 poate fi ref\u0103cut\u0103 doar dac\u0103 Crin Antonescu nu se va mai afla la conducerea PNL<\/a>. Pe de alt\u0103 parte, liderul social-democrat a spus c\u0103 varianta refacerii USL este prima pe care o ia \u00een calcul pentru alegerile preziden\u021biale, iar <strong>C\u0103lin Popescu T\u0103riceanu<\/strong> poate fi un candidat al <strong>\u201enoului USL\u201d<\/strong>.<\/p>\n<p data-index=\"3\">\u201eEu cred c\u0103 USL are \u0219anse de a fi nu resuscitat, ci de a se recompune, pentru c\u0103 exist\u0103 aici o datorie, o obliga\u021bie, o promisiune ne\u00eendeplinit\u0103 fa\u021b\u0103 de aleg\u0103tori. USL s-a angajat la anumite lucruri prin programul cu care a c\u00e2\u0219tigat alegerile, ruperea USL-ului a l\u0103sat foarte mult\u0103 lume dezam\u0103git\u0103\u201d, a spus <strong>pre\u0219edintele Senatului<\/strong>, duminic\u0103 seara, la <strong>Digi24<\/strong>.<\/p>\n<p data-index=\"4\">\u00cen ceea ce prive\u0219te o <strong>eventual\u0103 candidatur\u0103 a sa la Cotroceni<\/strong>, C\u0103lin Popescu T\u0103riceanu a spus c\u0103 este posibil acest lucru. \u201eCred c\u0103 orice candidatur\u0103 la pre\u0219edin\u021bie \u00een acest moment \u00een Rom\u00e2nia depinde de capacitatea de a crea o sus\u021binere mai larg\u0103 dec\u00e2t aceea a unui sigur partid. Acest lucru este valabil \u0219i pentru PSD \u0219i cu at\u00e2t mai mult pentru PNL\u201d, a precizat T\u0103riceanu. El a anun\u021bat s\u0103pt\u0103m\u00e2na aceasta crearea unei \u201ePlatforme Economice Liberale\u201d, o organiza\u021bie care \u00ee\u0219i propune s\u0103 fie un forum larg de discu\u021bii \u0219i de idei, care s\u0103 reuneasc\u0103 oameni \u00een jurul unui mare proiect na\u021bional.<\/p>\n<h5>Motivul ruperii USL: goana dup\u0103 ciolan<\/h5>\n<p data-index=\"5\">\u201eLinia de comportament imprimat\u0103 de pre\u0219edintele partidului (Crin Antonescu \u2013 n.r.) a f\u0103cut ca de foarte multe ori <strong>PNL s\u0103 fie paralel cu agenda public\u0103. Sau divergent<\/strong>. Nu exist\u0103 o preocupare pentru subiectele care \u021bin de agenda public\u0103 a cet\u0103\u021beanului\u201d, a acuzat <strong>C\u0103lin Popescu T\u0103riceanu<\/strong>. \u201e\u00cen PNL, dup\u0103 cum s-a \u0219i v\u0103zut p\u00e2n\u0103 \u00een final, <strong>motivul ruperii a fost unul generat de posturi, de persoane, oamenii, \u0219ti\u021bi bine, taxeaz\u0103 lucrurile acestea ca o goan\u0103 dup\u0103 ciolan\u201d<\/strong>, a ad\u0103ugat el.<\/p>\n<p data-index=\"6\">Fostul liberal a ar\u0103tat c\u0103 \u00een ultima perioad\u0103, toate sondajele care au ap\u0103rut au indicat o <strong>pr\u0103bu\u0219ire a PNL-ului<\/strong> \u0219i a liderului s\u0103u, tocmai pentru c\u0103 electoratul a taxat sever acest tip de comportament.<\/p>\n<p data-index=\"7\">Totu\u0219i, <strong>Crin Antonescu<\/strong>, pre\u0219edintele PNL, a declarat duminic\u0103, \u00eentr-o <strong>conferin\u021b\u0103 de pres\u0103<\/strong>, c\u0103 sondajele efectuate cam la dou\u0103 s\u0103pt\u0103m\u00e2ni dup\u0103 ruperea USL au indicat un <strong>scor de 18-20 la sut\u0103 pentru PNL la alegerile europarlamentare<\/strong>. Liderul liberal a precizat c\u0103 pentru preziden\u021biale nu au fost f\u0103cute m\u0103sur\u0103tori.<\/p>\n<p data-index=\"8\"><strong>C\u0103lin Popescu T\u0103riceanu<\/strong>, care a demisionat din PNL dup\u0103 decizia lui Crin Antonescu de a scoate partidul de la guvernare \u0219i din USL, spune \u00eens\u0103 c\u0103 actualul pre\u0219edinte al PNL are o <strong>problem\u0103 de credibilitate<\/strong>, din moment ce exist\u0103 <strong>sondaje publice care arat\u0103 c\u0103 PNL a sc\u0103zut la 15 la sut\u0103<\/strong>. Crin Antonescu nu a f\u0103cut nimic ca s\u0103 contrazic\u0103 aceste sondaje \u0219i se ascunde \u00een spatele unor sondaje interne, ale c\u0103ror rezultate se presupune c\u0103 le \u021bine secrete, acuz\u0103 C\u0103lin Popescu T\u0103riceanu.<\/p>\n<p data-index=\"9\">El consider\u0103 c\u0103 PNL ar trebui s\u0103 ob\u021bin\u0103 la europarlamentare un rezultat mai bun dec\u00e2t cel ob\u021binut \u00een 2009 (18%) \u0219i admite c\u0103 <strong>soarta lui Crin Antonescu ca lider al PNL sau postura de candidat la preziden\u021biale ar putea fi decis\u0103 \u0219i de un eventual rezultat slab la alegerile europarlamentare<\/strong>.<\/p>\n<p data-index=\"10\">Fostul liberal a mai declarat c\u0103 este la curent cu unele fr\u0103m\u00e2nt\u0103ri \u0219i preocup\u0103ri care ar exista \u00een PNL pe aceste teme, dar a refuzat s\u0103 dea detalii.<\/p>\n<\/div>\n<p> Source URL: https:\/\/www.digi24.ro\/stiri\/actualitate\/politica\/c-p-tariceanu-avem-obligatia-de-a-recompune-usl-unii-or-sa-faca-decontul-pentru-plecarea-pnl-din-alianta-221893<\/p>\n","protected":false},"excerpt":{"rendered":"<p>\u201eUSL-ului este un proiect care trebuie s\u0103 ne preocupe, adic\u0103 trebuie s\u0103 le spunem cet\u0103\u021benilor: nu depunem armele. Sigur c\u0103 a fost o decizie a PNL-ului pentru care, probabil, unii sau al\u021bii or s\u0103 fac\u0103 decontul, dar sunt al\u021bii care cred c\u0103 au obliga\u021bie \u0219i o responsabilitate fa\u021b\u0103 de cei care ne-au dat votul, printre [&hellip;]<\/p>\n","protected":false},"author":1,"featured_media":208640,"comment_status":"open","ping_status":"","sticky":false,"template":"","format":"standard","meta":{"footnotes":""},"categories":[2],"tags":[11],"class_list":["post-208639","post","type-post","status-publish","format-standard","has-post-thumbnail","hentry","category-politics","tag-digi24"],"_links":{"self":[{"href":"https:\/\/analyse.optim.biz\/index.php?rest_route=\/wp\/v2\/posts\/208639","targetHints":{"allow":["GET"]}}],"collection":[{"href":"https:\/\/analyse.optim.biz\/index.php?rest_route=\/wp\/v2\/posts"}],"about":[{"href":"https:\/\/analyse.optim.biz\/index.php?rest_route=\/wp\/v2\/types\/post"}],"author":[{"embeddable":true,"href":"https:\/\/analyse.optim.biz\/index.php?rest_route=\/wp\/v2\/users\/1"}],"replies":[{"embeddable":true,"href":"https:\/\/analyse.optim.biz\/index.php?rest_route=%2Fwp%2Fv2%2Fcomments&post=208639"}],"version-history":[{"count":0,"href":"https:\/\/analyse.optim.biz\/index.php?rest_route=\/wp\/v2\/posts\/208639\/revisions"}],"wp:featuredmedia":[{"embeddable":true,"href":"https:\/\/analyse.optim.biz\/index.php?rest_route=\/wp\/v2\/media\/208640"}],"wp:attachment":[{"href":"https:\/\/analyse.optim.biz\/index.php?rest_route=%2Fwp%2Fv2%2Fmedia&parent=208639"}],"wp:term":[{"taxonomy":"category","embeddable":true,"href":"https:\/\/analyse.optim.biz\/index.php?rest_route=%2Fwp%2Fv2%2Fcategories&post=208639"},{"taxonomy":"post_tag","embeddable":true,"href":"https:\/\/analyse.optim.biz\/index.php?rest_route=%2Fwp%2Fv2%2Ftags&post=208639"}],"curies":[{"name":"wp","href":"https:\/\/api.w.org\/{rel}","templated":true}]}}