{"id":208628,"date":"2014-03-31T15:25:27","date_gmt":"2014-03-31T12:25:27","guid":{"rendered":"https:\/\/analyse.optim.biz\/?p=208628"},"modified":"2014-03-31T15:25:27","modified_gmt":"2014-03-31T12:25:27","slug":"traian-basescu-daca-am-pleca-pe-logica-lui-ponta-ma-intreb-ce-cauta-la-ziua-unirii-ca-nu-l-am-vazut-in-suita-lui-cuza","status":"publish","type":"post","link":"https:\/\/analyse.optim.biz\/?p=208628","title":{"rendered":"Traian B\u0103sescu: \u201eDac\u0103 am pleca pe logica lui Ponta, m\u0103 \u00eentreb ce caut\u0103 la Ziua Unirii? C\u0103 nu l-am v\u0103zut \u00een suita lui Cuza!\u201d"},"content":{"rendered":"<div class=\"entry data-app-meta data-app-meta-article\" data-embed-base-url-canonical=\"https:\/\/www.digi24.ro\/embed\/stiri\/actualitate\/politica\/traian-basescu-daca-am-pleca-pe-logica-lui-ponta-ma-intreb-ce-cauta-la-ziua-unirii-ca-nu-l-am-vazut-in-suita-lui-cuza-222310\">\n<p data-index=\"1\">\u201eDe\u0219i, \u00een modul de a-\u0219i gestiona cariera, poate a luat un act al Unirii \u0219i a pus \u0219i el de un plagiat acolo, a pus \u0219i el o semn\u0103tur\u0103 pe actul Unirii \u0219i atunci se consider\u0103 \u00eendrept\u0103\u021bit s\u0103 mearg\u0103 la Ia\u0219i, la <strong>Ziua Unirii<\/strong>\u201d, a spus\u00a0<strong>Traian B\u0103sescu<\/strong>.<\/p>\n<p data-index=\"2\">\u201eAre fracturi de logic\u0103\u201d, a mai spus \u0219eful statului.<\/p>\n<p data-index=\"3\">\u201eDar cele mai grele fracturi de logic\u0103 sunt legate de <a href=\"https:\/\/www.digi24.ro\/Stiri\/Digi24\/Actualitate\/Stiri\/Traian+Basescu+Retragerea+trupelor+Rusiei+de+la+granita+cu+Ucrai\" target=\"_blank\" data-skip-linkfix=\"1\" rel=\"noopener\">introducerea accizei<\/a>. Nu exist\u0103 niciun document \u00eentre Guvern \u0219i FMI prin care <strong>Rom\u00e2nia<\/strong> s\u0103 fie obligat\u0103 s\u0103 introduc\u0103 <strong>acciza la combustibil<\/strong>. Nu ve\u021bi g\u0103si a\u0219a ceva. Scuza c\u0103 ne-a obligat FMI este o minciun\u0103 \u00een stil propriu. Cum nu exist\u0103 electorata, despre care v\u0103d c\u0103 nu mai vorbe\u0219te acum\u201d, a mai spus Traian B\u0103sescu.<\/p>\n<\/div>\n<p> Source URL: https:\/\/www.digi24.ro\/stiri\/actualitate\/politica\/traian-basescu-daca-am-pleca-pe-logica-lui-ponta-ma-intreb-ce-cauta-la-ziua-unirii-ca-nu-l-am-vazut-in-suita-lui-cuza-222310<\/p>\n","protected":false},"excerpt":{"rendered":"<p>\u201eDe\u0219i, \u00een modul de a-\u0219i gestiona cariera, poate a luat un act al Unirii \u0219i a pus \u0219i el de un plagiat acolo, a pus \u0219i el o semn\u0103tur\u0103 pe actul Unirii \u0219i atunci se consider\u0103 \u00eendrept\u0103\u021bit s\u0103 mearg\u0103 la Ia\u0219i, la Ziua Unirii\u201d, a spus\u00a0Traian B\u0103sescu. \u201eAre fracturi de logic\u0103\u201d, a mai spus \u0219eful [&hellip;]<\/p>\n","protected":false},"author":1,"featured_media":208629,"comment_status":"open","ping_status":"","sticky":false,"template":"","format":"standard","meta":{"footnotes":""},"categories":[2],"tags":[11],"class_list":["post-208628","post","type-post","status-publish","format-standard","has-post-thumbnail","hentry","category-politics","tag-digi24"],"_links":{"self":[{"href":"https:\/\/analyse.optim.biz\/index.php?rest_route=\/wp\/v2\/posts\/208628","targetHints":{"allow":["GET"]}}],"collection":[{"href":"https:\/\/analyse.optim.biz\/index.php?rest_route=\/wp\/v2\/posts"}],"about":[{"href":"https:\/\/analyse.optim.biz\/index.php?rest_route=\/wp\/v2\/types\/post"}],"author":[{"embeddable":true,"href":"https:\/\/analyse.optim.biz\/index.php?rest_route=\/wp\/v2\/users\/1"}],"replies":[{"embeddable":true,"href":"https:\/\/analyse.optim.biz\/index.php?rest_route=%2Fwp%2Fv2%2Fcomments&post=208628"}],"version-history":[{"count":0,"href":"https:\/\/analyse.optim.biz\/index.php?rest_route=\/wp\/v2\/posts\/208628\/revisions"}],"wp:featuredmedia":[{"embeddable":true,"href":"https:\/\/analyse.optim.biz\/index.php?rest_route=\/wp\/v2\/media\/208629"}],"wp:attachment":[{"href":"https:\/\/analyse.optim.biz\/index.php?rest_route=%2Fwp%2Fv2%2Fmedia&parent=208628"}],"wp:term":[{"taxonomy":"category","embeddable":true,"href":"https:\/\/analyse.optim.biz\/index.php?rest_route=%2Fwp%2Fv2%2Fcategories&post=208628"},{"taxonomy":"post_tag","embeddable":true,"href":"https:\/\/analyse.optim.biz\/index.php?rest_route=%2Fwp%2Fv2%2Ftags&post=208628"}],"curies":[{"name":"wp","href":"https:\/\/api.w.org\/{rel}","templated":true}]}}