{"id":2086159,"date":"2026-08-10T11:16:30","date_gmt":"2026-08-10T08:16:30","guid":{"rendered":"https:\/\/analyse.optim.biz\/?p=2086159"},"modified":"2026-08-10T11:16:30","modified_gmt":"2026-08-10T08:16:30","slug":"lucrarile-la-noua-scoala-speciala-dumitru-ciumageanu-din-giroc-se-apropie-de-final","status":"publish","type":"post","link":"https:\/\/analyse.optim.biz\/?p=2086159","title":{"rendered":"Lucr\u0103rile la noua \u0219coal\u0103 special\u0103 \u201eDumitru Cium\u0103geanu\u201d din Giroc se apropie de final"},"content":{"rendered":"<p>[analyse_image type=&#8221;featured&#8221; src=&#8221;https:\/\/www.tion.ro\/wp-content\/uploads\/2026\/08\/+otf\/1200&#215;630\/IoVVtg__xWZ9l2QHCAZqI+U5PVF9WRVJZX1NFQ9vOai+Y7c6ciBtNn__9i9q__M0Q2ee__k8dI64WXsNJJ4oZ9bDi3B+ME0lG3gHrODirTJ2A__O__cwL2F__RmxWeZ4L4=\/6360474Capturadeecran20260810141420.png&#8221;]<\/p>\n<article id=\"post-2331444\" class>\n<div class=\"entry-content clearfix\">\n<div class=\"enewsArticleContent\">\n<p>Conform reprezentan\u021bilor CJ Timi\u0219, la interior sunt montate u\u0219ile de la parter \u0219i lifturile, iar la exterior continu\u0103 amenajarea gr\u0103dinii senzoriale, a drumului de acces auto \u0219i a aleilor. De asemenea, sunt \u00een lucru \u00eemprejmuirea \u0219i amenajarea cur\u021bii.<\/p>\n<blockquote>\n<p>\u201eFinaliz\u0103m lucr\u0103rile la prima \u0219coal\u0103 special\u0103 construit\u0103 de la zero \u00een jude\u021bul Timi\u0219 dup\u0103 Revolu\u021bie. Noul sediu al Centrului \u0218colar pentru Educa\u021bie Incluziv\u0103 Dumitru Cium\u0103geanu se construie\u0219te \u00een comuna Giroc. \u0218antierul a fost deschis \u00een urm\u0103 cu aproximativ un an, iar ast\u0103zi proiectul se apropie de momentul \u00een care noua \u0219coal\u0103 va putea fi dat\u0103 \u00een folosin\u021b\u0103.<\/p>\n<p>(\u2026) Noua \u0219coal\u0103 \u00eenseamn\u0103, \u00eens\u0103, mai mult dec\u00e2t s\u0103li de clas\u0103. Copiii vor avea la dispozi\u021bie spa\u021bii pentru activit\u0103\u021bi educa\u021bionale, cabinete pentru terapii \u0219i recuperare, zone pentru activit\u0103\u021bi practice, dar \u0219i o gr\u0103din\u0103 senzorial\u0103, g\u00e2ndit\u0103 special pentru nevoile lor\u201d, a transmis pre\u0219edintele Consiliului Jude\u021bean Timi\u0219, Alfred Simonis.<\/p>\n<\/blockquote>\n<h3><strong>Cum va ar\u0103ta centrul <\/strong><\/h3>\n<p>Noul sediu al Centrului \u0218colar pentru Educa\u021bie Incluziv\u0103 \u201eDumitru Cium\u0103geanu\u201d este construit \u00een comuna Giroc, pe un teren al fostei unit\u0103\u021bi militare. \u0218antierul a fost deschis \u00een august 2025, iar termenul de finalizare a proiectului este la finalul lunii august.<\/p>\n<p>Cl\u0103direa va avea o suprafa\u021b\u0103 desf\u0103\u0219urat\u0103 de aproximativ 5.000 de metri p\u0103tra\u021bi. Aici vor fi amenajate s\u0103li pentru activit\u0103\u021bi educa\u021bionale, cabinete pentru terapie \u0219i recuperare, spa\u021bii pentru activit\u0103\u021bi practice, o sal\u0103 de gimnastic\u0103 medical\u0103 \u0219i o sal\u0103 de mese. Proiectul include \u0219i o gr\u0103din\u0103 senzorial\u0103, precum \u0219i spa\u021bii exterioare adaptate activit\u0103\u021bilor educa\u021bionale \u0219i terapeutice.<\/p>\n<p>Investi\u021bia este de aproximativ 55 de milioane de lei, fiind finan\u021bat\u0103 prin Planul Na\u021bional de Redresare \u0219i Rezilien\u021b\u0103 \u0219i din bugetul Consiliului Jude\u021bean Timi\u0219.<\/p>\n<p>Proiectul vine \u00een contextul \u00een care actuala \u0219coal\u0103 func\u021bioneaz\u0103 \u00eentr-un imobil considerat impropriu pentru nevoile elevilor. Toaletele \u0219i lemn\u0103ria sunt vechi, sistemul de \u00eenc\u0103lzire este deficitar, iar curtea \u0219colii este nepotrivit\u0103 desf\u0103\u0219ur\u0103rii de activit\u0103\u021bi recreative pentru elevii cu deficien\u021be mintale severe, profunde \u0219i asociate, av\u00e2nd o suprafa\u021b\u0103 foarte mic\u0103 de doar 700 metri p\u0103tra\u021bi.<\/p>\n<p>V\u0103 reamintim c\u0103 administra\u021bia jude\u021bean\u0103 a ob\u021binut \u00een 2023 finan\u021bare prin Programul \u201eConstruirea \u0219i dezvoltarea unei re\u021bele-pilot de \u0219coli verzi\u201d din PNRR pentru ridicarea unui nou imobil necesar desf\u0103\u0219ur\u0103rii activit\u0103\u021bilor la Centrul \u0218colar pentru Educa\u021bie Incluziv\u0103 \u201eDumitru Cium\u0103geanu\u201d.<\/p>\n<p>Noul centru \u0219colar este primul dintre cele trei proiecte pe care Consiliul Jude\u021bean Timi\u0219 le are \u00een plan pe terenul fostei unit\u0103\u021bi militare din Giroc. \u00cen zon\u0103 sunt propuse \u0219i <strong><a href=\"https:\/\/www.tion.ro\/stirile-judetului-timis\/foto-timis-4-all-intra-in-linie-dreapta-cjt-pregateste-licitatia-pentru-unul-dintre-cele-mai-mari-complexe-sportive-din-romania-2291409\/\" target=\"_blank\" rel=\"noopener\">Complexul Sportiv Multifunc\u021bional Timi\u02194All<\/a><\/strong>, precum \u0219i <strong><a href=\"https:\/\/www.tion.ro\/stirile-judetului-timis\/unda-verde-pentru-centrul-comunitar-de-la-giroc-de-pe-terenul-fostei-unitati-militare-2221375\/\" target=\"_blank\" rel=\"noopener\">Centrul Comunitar \u201eForUM 01115\u201d \u2013 New European Bauhaus<\/a><\/strong>.<\/p>\n<iframe loading=\"lazy\" src=\"https:\/\/www.facebook.com\/plugins\/video.php?height=314&amp;href=https%3A%2F%2Fwww.facebook.com%2Freel%2F1419416296906948%2F&amp;show_text=false&amp;width=560&amp;t=0\" width=\"560\" height=\"314\" frameborder scrolling=\"no\" allowfullscreen=\"allowfullscreen\"><\/iframe>\n<div class=\"fbShareLikeTwitterAndEmailContainer\">\n<div class=\"wrapper\">\n<div class=\"email\">\n<div id=\"mailto-pop\" class=\"pop-form pop-form-mailto\">\n<div class=\"pop-form-header\">\n<h4>Trimite articolul<\/h4>\n<p><a class=\"pop-form-close\">X<\/a><\/div>\n<\/div>\n<\/div>\n<\/div>\n<\/div>\n<div class=\"comments\">\n<div class=\"top\">\n<div class=\"commentsNumber\"><span class=\"number\">0<\/span><span class=\"text\">Comentarii<\/span><\/div>\n<\/div>\n<div class=\"center\">\n<div id=\"respond\" class=\"comment-respond\">\n<h3 id=\"reply-title\" class=\"comment-reply-title\"><small><a rel=\"nofollow\" id=\"cancel-comment-reply-link\" href=\"https:\/\/www.tion.ro\/stirile-judetului-timis\/lucrarile-la-noua-scoala-speciala-dumitru-ciumageanu-din-giroc-se-apropie-de-final-2331444\/#respond\">Cancel reply<\/a><\/small><\/h3>\n<p class=\"comment-notes\"><span id=\"email-notes\">Your email address will not be published.<\/span><span class=\"required-field-message\">Required fields are marked <span class=\"required\">*<\/span><\/span><\/p>\n<p class=\"commentFormComment\"><span id=\"commentFormCount\"><br \/>\n                            inca<br \/>\n                            <span id=\"countCommentText\">1000<\/span><br \/>\n                            caractere ramase<br \/>\n                        <\/span><\/p>\n<\/div>\n<\/div>\n<div class=\"bottom\">\n<p class=\"forumDisclaimerHuRo\">\n            Citi\u021bi principiile noastre de moderare <a href=\"https:\/\/www.tion.ro\/reguli-postare-comentarii\/\" target=\"_blank\">aici<\/a>!\n        <\/p>\n<\/div>\n<\/div>\n<\/div>\n<\/div>\n<\/article>\n<div class=\"entry-content clearfix\">\n<div class=\"enewsArticleContent\">\n<p>Conform reprezentan\u021bilor CJ Timi\u0219, la interior sunt montate u\u0219ile de la parter \u0219i lifturile, iar la exterior continu\u0103 amenajarea gr\u0103dinii senzoriale, a drumului de acces auto \u0219i a aleilor. De asemenea, sunt \u00een lucru \u00eemprejmuirea \u0219i amenajarea cur\u021bii.<\/p>\n<blockquote>\n<p>\u201eFinaliz\u0103m lucr\u0103rile la prima \u0219coal\u0103 special\u0103 construit\u0103 de la zero \u00een jude\u021bul Timi\u0219 dup\u0103 Revolu\u021bie. Noul sediu al Centrului \u0218colar pentru Educa\u021bie Incluziv\u0103 Dumitru Cium\u0103geanu se construie\u0219te \u00een comuna Giroc. \u0218antierul a fost deschis \u00een urm\u0103 cu aproximativ un an, iar ast\u0103zi proiectul se apropie de momentul \u00een care noua \u0219coal\u0103 va putea fi dat\u0103 \u00een folosin\u021b\u0103.<\/p>\n<p>(\u2026) Noua \u0219coal\u0103 \u00eenseamn\u0103, \u00eens\u0103, mai mult dec\u00e2t s\u0103li de clas\u0103. Copiii vor avea la dispozi\u021bie spa\u021bii pentru activit\u0103\u021bi educa\u021bionale, cabinete pentru terapii \u0219i recuperare, zone pentru activit\u0103\u021bi practice, dar \u0219i o gr\u0103din\u0103 senzorial\u0103, g\u00e2ndit\u0103 special pentru nevoile lor\u201d, a transmis pre\u0219edintele Consiliului Jude\u021bean Timi\u0219, Alfred Simonis.<\/p>\n<\/blockquote>\n<h3><strong>Cum va ar\u0103ta centrul <\/strong><\/h3>\n<p>Noul sediu al Centrului \u0218colar pentru Educa\u021bie Incluziv\u0103 \u201eDumitru Cium\u0103geanu\u201d este construit \u00een comuna Giroc, pe un teren al fostei unit\u0103\u021bi militare. \u0218antierul a fost deschis \u00een august 2025, iar termenul de finalizare a proiectului este la finalul lunii august.<\/p>\n<p>Cl\u0103direa va avea o suprafa\u021b\u0103 desf\u0103\u0219urat\u0103 de aproximativ 5.000 de metri p\u0103tra\u021bi. Aici vor fi amenajate s\u0103li pentru activit\u0103\u021bi educa\u021bionale, cabinete pentru terapie \u0219i recuperare, spa\u021bii pentru activit\u0103\u021bi practice, o sal\u0103 de gimnastic\u0103 medical\u0103 \u0219i o sal\u0103 de mese. Proiectul include \u0219i o gr\u0103din\u0103 senzorial\u0103, precum \u0219i spa\u021bii exterioare adaptate activit\u0103\u021bilor educa\u021bionale \u0219i terapeutice.<\/p>\n<p>Investi\u021bia este de aproximativ 55 de milioane de lei, fiind finan\u021bat\u0103 prin Planul Na\u021bional de Redresare \u0219i Rezilien\u021b\u0103 \u0219i din bugetul Consiliului Jude\u021bean Timi\u0219.<\/p>\n<p>Proiectul vine \u00een contextul \u00een care actuala \u0219coal\u0103 func\u021bioneaz\u0103 \u00eentr-un imobil considerat impropriu pentru nevoile elevilor. Toaletele \u0219i lemn\u0103ria sunt vechi, sistemul de \u00eenc\u0103lzire este deficitar, iar curtea \u0219colii este nepotrivit\u0103 desf\u0103\u0219ur\u0103rii de activit\u0103\u021bi recreative pentru elevii cu deficien\u021be mintale severe, profunde \u0219i asociate, av\u00e2nd o suprafa\u021b\u0103 foarte mic\u0103 de doar 700 metri p\u0103tra\u021bi.<\/p>\n<p>V\u0103 reamintim c\u0103 administra\u021bia jude\u021bean\u0103 a ob\u021binut \u00een 2023 finan\u021bare prin Programul \u201eConstruirea \u0219i dezvoltarea unei re\u021bele-pilot de \u0219coli verzi\u201d din PNRR pentru ridicarea unui nou imobil necesar desf\u0103\u0219ur\u0103rii activit\u0103\u021bilor la Centrul \u0218colar pentru Educa\u021bie Incluziv\u0103 \u201eDumitru Cium\u0103geanu\u201d.<\/p>\n<p>Noul centru \u0219colar este primul dintre cele trei proiecte pe care Consiliul Jude\u021bean Timi\u0219 le are \u00een plan pe terenul fostei unit\u0103\u021bi militare din Giroc. \u00cen zon\u0103 sunt propuse \u0219i <strong><a href=\"https:\/\/www.tion.ro\/stirile-judetului-timis\/foto-timis-4-all-intra-in-linie-dreapta-cjt-pregateste-licitatia-pentru-unul-dintre-cele-mai-mari-complexe-sportive-din-romania-2291409\/\" target=\"_blank\" rel=\"noopener\">Complexul Sportiv Multifunc\u021bional Timi\u02194All<\/a><\/strong>, precum \u0219i <strong><a href=\"https:\/\/www.tion.ro\/stirile-judetului-timis\/unda-verde-pentru-centrul-comunitar-de-la-giroc-de-pe-terenul-fostei-unitati-militare-2221375\/\" target=\"_blank\" rel=\"noopener\">Centrul Comunitar \u201eForUM 01115\u201d \u2013 New European Bauhaus<\/a><\/strong>.<\/p>\n<iframe loading=\"lazy\" src=\"https:\/\/www.facebook.com\/plugins\/video.php?height=314&amp;href=https%3A%2F%2Fwww.facebook.com%2Freel%2F1419416296906948%2F&amp;show_text=false&amp;width=560&amp;t=0\" width=\"560\" height=\"314\" frameborder scrolling=\"no\" allowfullscreen=\"allowfullscreen\"><\/iframe>\n<div class=\"fbShareLikeTwitterAndEmailContainer\">\n<div class=\"wrapper\">\n<div class=\"email\">\n<div id=\"mailto-pop\" class=\"pop-form pop-form-mailto\">\n<div class=\"pop-form-header\">\n<h4>Trimite articolul<\/h4>\n<p><a class=\"pop-form-close\">X<\/a><\/div>\n<\/div>\n<\/div>\n<\/div>\n<\/div>\n<div class=\"comments\">\n<div class=\"top\">\n<div class=\"commentsNumber\"><span class=\"number\">0<\/span><span class=\"text\">Comentarii<\/span><\/div>\n<\/div>\n<div class=\"center\">\n<div id=\"respond\" class=\"comment-respond\">\n<h3 id=\"reply-title\" class=\"comment-reply-title\"><small><a rel=\"nofollow\" id=\"cancel-comment-reply-link\" href=\"https:\/\/www.tion.ro\/stirile-judetului-timis\/lucrarile-la-noua-scoala-speciala-dumitru-ciumageanu-din-giroc-se-apropie-de-final-2331444\/#respond\">Cancel reply<\/a><\/small><\/h3>\n<p class=\"comment-notes\"><span id=\"email-notes\">Your email address will not be published.<\/span><span class=\"required-field-message\">Required fields are marked <span class=\"required\">*<\/span><\/span><\/p>\n<p class=\"commentFormComment\"><span id=\"commentFormCount\"><br \/>\n                            inca<br \/>\n                            <span id=\"countCommentText\">1000<\/span><br \/>\n                            caractere ramase<br \/>\n                        <\/span><\/p>\n<\/div>\n<\/div>\n<div class=\"bottom\">\n<p class=\"forumDisclaimerHuRo\">\n            Citi\u021bi principiile noastre de moderare <a href=\"https:\/\/www.tion.ro\/reguli-postare-comentarii\/\" target=\"_blank\">aici<\/a>!\n        <\/p>\n<\/div>\n<\/div>\n<\/div>\n<\/div>\n<p>[analyse_source url=&#8221;https:\/\/www.tion.ro\/stirile-judetului-timis\/lucrarile-la-noua-scoala-speciala-dumitru-ciumageanu-din-giroc-se-apropie-de-final-2331444\/&#8221;]<\/p>\n","protected":false},"excerpt":{"rendered":"<p>[analyse_image type=&#8221;featured&#8221; src=&#8221;https:\/\/www.tion.ro\/wp-content\/uploads\/2026\/08\/+otf\/1200&#215;630\/IoVVtg__xWZ9l2QHCAZqI+U5PVF9WRVJZX1NFQ9vOai+Y7c6ciBtNn__9i9q__M0Q2ee__k8dI64WXsNJJ4oZ9bDi3B+ME0lG3gHrODirTJ2A__O__cwL2F__RmxWeZ4L4=\/6360474Capturadeecran20260810141420.png&#8221;] Conform reprezentan\u021bilor CJ Timi\u0219, la interior sunt montate u\u0219ile de la parter \u0219i lifturile, iar la exterior continu\u0103 amenajarea gr\u0103dinii senzoriale, a drumului de acces auto \u0219i a aleilor. De asemenea, sunt \u00een lucru \u00eemprejmuirea \u0219i amenajarea cur\u021bii. \u201eFinaliz\u0103m lucr\u0103rile la prima \u0219coal\u0103 special\u0103 construit\u0103 de la zero \u00een jude\u021bul Timi\u0219 dup\u0103 [&hellip;]<\/p>\n","protected":false},"author":1,"featured_media":0,"comment_status":"open","ping_status":"","sticky":false,"template":"","format":"standard","meta":{"footnotes":""},"categories":[89],"tags":[226,191],"class_list":["post-2086159","post","type-post","status-publish","format-standard","hentry","category-romania","tag-crawlmanager","tag-tion-ro"],"_links":{"self":[{"href":"https:\/\/analyse.optim.biz\/index.php?rest_route=\/wp\/v2\/posts\/2086159","targetHints":{"allow":["GET"]}}],"collection":[{"href":"https:\/\/analyse.optim.biz\/index.php?rest_route=\/wp\/v2\/posts"}],"about":[{"href":"https:\/\/analyse.optim.biz\/index.php?rest_route=\/wp\/v2\/types\/post"}],"author":[{"embeddable":true,"href":"https:\/\/analyse.optim.biz\/index.php?rest_route=\/wp\/v2\/users\/1"}],"replies":[{"embeddable":true,"href":"https:\/\/analyse.optim.biz\/index.php?rest_route=%2Fwp%2Fv2%2Fcomments&post=2086159"}],"version-history":[{"count":0,"href":"https:\/\/analyse.optim.biz\/index.php?rest_route=\/wp\/v2\/posts\/2086159\/revisions"}],"wp:attachment":[{"href":"https:\/\/analyse.optim.biz\/index.php?rest_route=%2Fwp%2Fv2%2Fmedia&parent=2086159"}],"wp:term":[{"taxonomy":"category","embeddable":true,"href":"https:\/\/analyse.optim.biz\/index.php?rest_route=%2Fwp%2Fv2%2Fcategories&post=2086159"},{"taxonomy":"post_tag","embeddable":true,"href":"https:\/\/analyse.optim.biz\/index.php?rest_route=%2Fwp%2Fv2%2Ftags&post=2086159"}],"curies":[{"name":"wp","href":"https:\/\/api.w.org\/{rel}","templated":true}]}}