{"id":2086157,"date":"2026-08-10T10:52:34","date_gmt":"2026-08-10T07:52:34","guid":{"rendered":"https:\/\/analyse.optim.biz\/?p=2086157"},"modified":"2026-08-10T10:52:34","modified_gmt":"2026-08-10T07:52:34","slug":"foto-tntm-si-scm-impreuna-pentru-urmatorul-act-sportul-si-cultura-isi-dau-mana-la-timisoara","status":"publish","type":"post","link":"https:\/\/analyse.optim.biz\/?p=2086157","title":{"rendered":"FOTO. TNTm \u0219i SCM, \u00eempreun\u0103 pentru \u201eurm\u0103torul act\u201d. Sportul \u0219i cultura \u00ee\u0219i dau m\u00e2na la Timi\u0219oara"},"content":{"rendered":"<p>[analyse_image type=&#8221;featured&#8221; src=&#8221;https:\/\/www.tion.ro\/wp-content\/uploads\/2026\/08\/+otf\/1200&#215;630\/6GB7jmBce7eK6xLenCsybk5PVF9WRVJZX1NFQ5Ul1P6WHssXLClf6yk5Z+fc4ET7LcuDRT3aJDw4rs6Ol4jBn7UHwQMqklXMqLP86OzRONbnc66f6uxmeko69fY=\/6358862tntmscmtimisoara3.jpeg&#8221;]<\/p>\n<article id=\"post-2331363\" class>\n<div class=\"entry-content clearfix\">\n<div class=\"enewsArticleContent\">\n<p>Parteneriat inedit la Timi\u0219oara \u00eentre dou\u0103 institu\u021bii care, la prima vedere, activeaz\u0103 \u00een domenii diferite. Teatrul Na\u021bional \u201eMihai Eminescu\u201d \u0219i S.C.M. Timi\u0219oara \u00ee\u0219i unesc for\u021bele \u00eentr-un proiect construit \u00een jurul ideii de performan\u021b\u0103 \u0219i al rolului pe care at\u00e2t cultura, c\u00e2t \u0219i sportul \u00eel au \u00een dezvoltarea comunit\u0103\u021bii.<\/p>\n<p>Parteneriatul se desf\u0103\u0219oar\u0103 sub mesajul <em>\u201e\u00ceMPREUN\u0102 SCRIEM URM\u0102TORUL ACT\u201d<\/em> \u0219i porne\u0219te de la ideea c\u0103 teatrul \u0219i sportul au nevoie, \u00een egal\u0103 m\u0103sur\u0103, de un public activ. Cele dou\u0103 institu\u021bii \u00ee\u0219i propun s\u0103 \u00ee\u0219i promoveze reciproc evenimentele \u0219i s\u0103 creeze contexte \u00een care spectatorii dintr-o zon\u0103 s\u0103 descopere \u0219i cealalt\u0103 lume.<\/p>\n<p>Una dintre cele mai vizibile componente ale colabor\u0103rii este noul echipament al echipei de handbal S.C.M. Timi\u0219oara. Designul acestuia preia elemente decorative din Sala Mare a Teatrului Na\u021bional, precum \u0219i detalii arhitecturale ale Palatului Culturii, cl\u0103direa \u00een care func\u021bioneaz\u0103 teatrul. \u0218i materialele de promovare ale clubului vor face trimitere la identitatea \u0219i istoria Teatrului Na\u021bional.<\/p>\n<blockquote>\n<p>\u201eTeatrul Na\u0163ional dore\u0219te foarte mult o deschidere c\u00e2t mai larg\u0103 c\u0103tre comunitate. F\u0103r\u0103 educa\u021bie, cultur\u0103 \u0219i sport nu putem dezvolta o societate echilibrat\u0103 \u0219i integr\u0103, capabil\u0103 s\u0103 reziste dezinform\u0103rii care ne asalteaz\u0103 din toate p\u0103r\u021bile. Acest parteneriat are capacitatea de a oferi toate reperele necesare pentru a consolida o comunitate alc\u0103tuit\u0103 din indivizi responsabili, cu g\u00e2ndire critic\u0103 \u0219i capabili de a ac\u021biona \u00eempreun\u0103 pentru binele comun\u201d, a declarat Ion Rizea, managerul Teatrului Na\u021bional \u201eMihai Eminescu\u201d din Timi\u0219oara.<\/p>\n<\/blockquote>\n<p>Potrivit acestuia, parteneriatul poate contribui la consolidarea unei comunit\u0103\u021bi bazate pe responsabilitate \u0219i g\u00e2ndire critic\u0103. Rizea a eviden\u021biat \u0219i motivele arhitectonice preluate din Sala Mare \u0219i transpuse pe echipamentele handbali\u0219tilor. La r\u00e2ndul s\u0103u, Alexandru Dedu, managerul S.C.M. Timi\u0219oara, consider\u0103 colaborarea un semn de maturitate pentru ora\u0219.<\/p>\n<blockquote>\n<p>\u201eReu\u0219ita acestei colabor\u0103ri este un semn de maturitate. Timi\u0219oara, \u00een percep\u021bia tuturor, este un ora\u0219 premium, \u0219i e obligatoriu s\u0103 fie bine reprezentat \u00een toate sferele de activitate, cu at\u00e2t mai mult \u00een domenii foarte vizibile, precum cultura \u0219i sportul. Cultura \u0219i sportul sunt cu oameni \u0219i despre oameni. Sunt locurile unde oamenii se \u00eentristeaz\u0103, se bucur\u0103, r\u00e2d, pl\u00e2ng, locuri care \u00eei rup de cotidian\u201d, a declarat Alexandru Dedu, managerul S.C.M. Timi\u0219oara.<\/p>\n<\/blockquote>\n<h3><strong>Actorul Matei Chioariu, maestru de ceremonii la Cupa \u201ePoli\u201d<\/strong><\/h3>\n<p>Primul act de colaborare din cadrul parteneriatului va avea loc vineri, 14 august, la Sala Sporturilor \u201eConstantin Jude\u201d, \u00een cadrul Cupei \u201ePoli\u201d la Handbal. Actorul Teatrului Na\u021bional Matei Chioariu va fi maestru de ceremonii \u0219i va prezenta lotul echipei de handbal, \u00eencep\u00e2nd cu ora 19.00. Evenimentul este g\u00e2ndit ca un prim moment \u00een care cele dou\u0103 institu\u021bii \u00ee\u0219i aduc publicurile \u00eempreun\u0103.<\/p>\n<p>Colaborarea va continua odat\u0103 cu debutul stagiunii 2026-2027. S.C.M. Timi\u0219oara \u0219i Teatrul Na\u021bional vor promova \u0219i facilita accesul la evenimentele partenerului \u0219i vor organiza, \u00een paralel, noi evenimente comune. Potrivit ini\u021biatorilor, proiectul \u00ee\u0219i propune s\u0103 dep\u0103\u0219easc\u0103 zona unui simplu parteneriat de imagine \u0219i s\u0103 transforme elemente ale patrimoniului cultural timi\u0219orean \u00eentr-un reper vizual asociat sportului local.<\/p>\n<div class=\"enews_gallery_holder\">\n<div class=\"ml-gallery\"><a href=\"https:\/\/www.tion.ro\/galeria\/colaborare-scm-tntm\/\" class=\"ml-gallery-link\"><img loading=\"lazy\" decoding=\"async\" class=\"idUBqs lazyload ml-gallery-cover\" src=\"https:\/\/www.tion.ro\/wp-content\/plugins\/endless-core\/images\/1x1.png\" width=\"155\" height=\"100\" data-src=\"https:\/\/www.tion.ro\/wp-content\/uploads\/2026\/08\/6358861tntmscmtimisoara1.jpeg\" data-srcset=\"https:\/\/www.tion.ro\/wp-content\/uploads\/2026\/08\/+otf\/839x538\/E3PMvfsLGhzRhi5rljPipU5PVF9WRVJZX1NFQ9K8buiu6xFycrDZ2t9mfO3ZpvBwC0Aiak5WAeONGwaiGvsTlpX9A__26UFOjzFIBaRfbMS6glDT7hVDwQw2Oi+Q=\/6358861tntmscmtimisoara1.jpeg 839w,https:\/\/www.tion.ro\/wp-content\/uploads\/2026\/08\/+otf\/100w\/E3PMvfsLGhzRhi5rljPipU5PVF9WRVJZX1NFQ9K8buiu6xFycrDZ2t9mfO3ZpvBwC0Aiak5WAeONGwaiGvsTlpX9A__26UFOjzFIBaRfbMS6glDT7hVDwQw2Oi+Q=\/6358861tntmscmtimisoara1.jpeg 100w\" data-sizes=\"auto\"><\/p>\n<p class=\"wp-caption-text-gallery\">Colaborare SCM-TNTm<\/p>\n<p><\/a><\/div>\n<\/div>\n<p>foto: TNTm<\/p>\n<div class=\"fbShareLikeTwitterAndEmailContainer\">\n<div class=\"wrapper\">\n<div class=\"email\">\n<div id=\"mailto-pop\" class=\"pop-form pop-form-mailto\">\n<div class=\"pop-form-header\">\n<h4>Trimite articolul<\/h4>\n<p><a class=\"pop-form-close\">X<\/a><\/div>\n<\/div>\n<\/div>\n<\/div>\n<\/div>\n<div class=\"tagsContainer\">\n<div class=\"tagsLabel\">Taguri:<\/div>\n<div class=\"tags\">\n<div class=\"tag\"><a href=\"https:\/\/www.tion.ro\/cimke\/scm-timisoara\" rel=\"tag\"><span class=\"link\">scm timisoara<\/span><span class=\"separator\">,<\/span><\/a><\/div>\n<div class=\"tag\"><a href=\"https:\/\/www.tion.ro\/cimke\/sport-cultura\" rel=\"tag\"><span class=\"link\">sport-cultur\u0103<\/span><span class=\"separator\">,<\/span><\/a><\/div>\n<div class=\"tag\"><a href=\"https:\/\/www.tion.ro\/cimke\/tntm\" rel=\"tag\"><span class=\"link\">tntm<\/span><\/a><\/div>\n<\/div>\n<\/div>\n<div class=\"comments\">\n<div class=\"top\">\n<div class=\"commentsNumber\"><span class=\"number\">0<\/span><span class=\"text\">Comentarii<\/span><\/div>\n<\/div>\n<div class=\"center\">\n<div id=\"respond\" class=\"comment-respond\">\n<h3 id=\"reply-title\" class=\"comment-reply-title\"><small><a rel=\"nofollow\" id=\"cancel-comment-reply-link\" href=\"https:\/\/www.tion.ro\/stirile-judetului-timis\/foto-tntm-si-scm-impreuna-pentru-urmatorul-act-sportul-si-cultura-isi-dau-mana-la-timisoara-2331363\/#respond\">Cancel reply<\/a><\/small><\/h3>\n<p class=\"comment-notes\"><span id=\"email-notes\">Your email address will not be published.<\/span><span class=\"required-field-message\">Required fields are marked <span class=\"required\">*<\/span><\/span><\/p>\n<p class=\"commentFormComment\"><span id=\"commentFormCount\"><br \/>\n                            inca<br \/>\n                            <span id=\"countCommentText\">1000<\/span><br \/>\n                            caractere ramase<br \/>\n                        <\/span><\/p>\n<\/div>\n<\/div>\n<div class=\"bottom\">\n<p class=\"forumDisclaimerHuRo\">\n            Citi\u021bi principiile noastre de moderare <a href=\"https:\/\/www.tion.ro\/reguli-postare-comentarii\/\" target=\"_blank\">aici<\/a>!\n        <\/p>\n<\/div>\n<\/div>\n<\/div>\n<\/div>\n<\/article>\n<div class=\"entry-content clearfix\">\n<div class=\"enewsArticleContent\">\n<p>Parteneriat inedit la Timi\u0219oara \u00eentre dou\u0103 institu\u021bii care, la prima vedere, activeaz\u0103 \u00een domenii diferite. Teatrul Na\u021bional \u201eMihai Eminescu\u201d \u0219i S.C.M. Timi\u0219oara \u00ee\u0219i unesc for\u021bele \u00eentr-un proiect construit \u00een jurul ideii de performan\u021b\u0103 \u0219i al rolului pe care at\u00e2t cultura, c\u00e2t \u0219i sportul \u00eel au \u00een dezvoltarea comunit\u0103\u021bii.<\/p>\n<p>Parteneriatul se desf\u0103\u0219oar\u0103 sub mesajul <em>\u201e\u00ceMPREUN\u0102 SCRIEM URM\u0102TORUL ACT\u201d<\/em> \u0219i porne\u0219te de la ideea c\u0103 teatrul \u0219i sportul au nevoie, \u00een egal\u0103 m\u0103sur\u0103, de un public activ. Cele dou\u0103 institu\u021bii \u00ee\u0219i propun s\u0103 \u00ee\u0219i promoveze reciproc evenimentele \u0219i s\u0103 creeze contexte \u00een care spectatorii dintr-o zon\u0103 s\u0103 descopere \u0219i cealalt\u0103 lume.<\/p>\n<p>Una dintre cele mai vizibile componente ale colabor\u0103rii este noul echipament al echipei de handbal S.C.M. Timi\u0219oara. Designul acestuia preia elemente decorative din Sala Mare a Teatrului Na\u021bional, precum \u0219i detalii arhitecturale ale Palatului Culturii, cl\u0103direa \u00een care func\u021bioneaz\u0103 teatrul. \u0218i materialele de promovare ale clubului vor face trimitere la identitatea \u0219i istoria Teatrului Na\u021bional.<\/p>\n<blockquote>\n<p>\u201eTeatrul Na\u0163ional dore\u0219te foarte mult o deschidere c\u00e2t mai larg\u0103 c\u0103tre comunitate. F\u0103r\u0103 educa\u021bie, cultur\u0103 \u0219i sport nu putem dezvolta o societate echilibrat\u0103 \u0219i integr\u0103, capabil\u0103 s\u0103 reziste dezinform\u0103rii care ne asalteaz\u0103 din toate p\u0103r\u021bile. Acest parteneriat are capacitatea de a oferi toate reperele necesare pentru a consolida o comunitate alc\u0103tuit\u0103 din indivizi responsabili, cu g\u00e2ndire critic\u0103 \u0219i capabili de a ac\u021biona \u00eempreun\u0103 pentru binele comun\u201d, a declarat Ion Rizea, managerul Teatrului Na\u021bional \u201eMihai Eminescu\u201d din Timi\u0219oara.<\/p>\n<\/blockquote>\n<p>Potrivit acestuia, parteneriatul poate contribui la consolidarea unei comunit\u0103\u021bi bazate pe responsabilitate \u0219i g\u00e2ndire critic\u0103. Rizea a eviden\u021biat \u0219i motivele arhitectonice preluate din Sala Mare \u0219i transpuse pe echipamentele handbali\u0219tilor. La r\u00e2ndul s\u0103u, Alexandru Dedu, managerul S.C.M. Timi\u0219oara, consider\u0103 colaborarea un semn de maturitate pentru ora\u0219.<\/p>\n<blockquote>\n<p>\u201eReu\u0219ita acestei colabor\u0103ri este un semn de maturitate. Timi\u0219oara, \u00een percep\u021bia tuturor, este un ora\u0219 premium, \u0219i e obligatoriu s\u0103 fie bine reprezentat \u00een toate sferele de activitate, cu at\u00e2t mai mult \u00een domenii foarte vizibile, precum cultura \u0219i sportul. Cultura \u0219i sportul sunt cu oameni \u0219i despre oameni. Sunt locurile unde oamenii se \u00eentristeaz\u0103, se bucur\u0103, r\u00e2d, pl\u00e2ng, locuri care \u00eei rup de cotidian\u201d, a declarat Alexandru Dedu, managerul S.C.M. Timi\u0219oara.<\/p>\n<\/blockquote>\n<h3><strong>Actorul Matei Chioariu, maestru de ceremonii la Cupa \u201ePoli\u201d<\/strong><\/h3>\n<p>Primul act de colaborare din cadrul parteneriatului va avea loc vineri, 14 august, la Sala Sporturilor \u201eConstantin Jude\u201d, \u00een cadrul Cupei \u201ePoli\u201d la Handbal. Actorul Teatrului Na\u021bional Matei Chioariu va fi maestru de ceremonii \u0219i va prezenta lotul echipei de handbal, \u00eencep\u00e2nd cu ora 19.00. Evenimentul este g\u00e2ndit ca un prim moment \u00een care cele dou\u0103 institu\u021bii \u00ee\u0219i aduc publicurile \u00eempreun\u0103.<\/p>\n<p>Colaborarea va continua odat\u0103 cu debutul stagiunii 2026-2027. S.C.M. Timi\u0219oara \u0219i Teatrul Na\u021bional vor promova \u0219i facilita accesul la evenimentele partenerului \u0219i vor organiza, \u00een paralel, noi evenimente comune. Potrivit ini\u021biatorilor, proiectul \u00ee\u0219i propune s\u0103 dep\u0103\u0219easc\u0103 zona unui simplu parteneriat de imagine \u0219i s\u0103 transforme elemente ale patrimoniului cultural timi\u0219orean \u00eentr-un reper vizual asociat sportului local.<\/p>\n<div class=\"enews_gallery_holder\">\n<div class=\"ml-gallery\"><a href=\"https:\/\/www.tion.ro\/galeria\/colaborare-scm-tntm\/\" class=\"ml-gallery-link\"><img loading=\"lazy\" decoding=\"async\" class=\"idUBqs lazyload ml-gallery-cover\" src=\"https:\/\/www.tion.ro\/wp-content\/plugins\/endless-core\/images\/1x1.png\" width=\"155\" height=\"100\" data-src=\"https:\/\/www.tion.ro\/wp-content\/uploads\/2026\/08\/6358861tntmscmtimisoara1.jpeg\" data-srcset=\"https:\/\/www.tion.ro\/wp-content\/uploads\/2026\/08\/+otf\/839x538\/E3PMvfsLGhzRhi5rljPipU5PVF9WRVJZX1NFQ9K8buiu6xFycrDZ2t9mfO3ZpvBwC0Aiak5WAeONGwaiGvsTlpX9A__26UFOjzFIBaRfbMS6glDT7hVDwQw2Oi+Q=\/6358861tntmscmtimisoara1.jpeg 839w,https:\/\/www.tion.ro\/wp-content\/uploads\/2026\/08\/+otf\/100w\/E3PMvfsLGhzRhi5rljPipU5PVF9WRVJZX1NFQ9K8buiu6xFycrDZ2t9mfO3ZpvBwC0Aiak5WAeONGwaiGvsTlpX9A__26UFOjzFIBaRfbMS6glDT7hVDwQw2Oi+Q=\/6358861tntmscmtimisoara1.jpeg 100w\" data-sizes=\"auto\"><\/p>\n<p class=\"wp-caption-text-gallery\">Colaborare SCM-TNTm<\/p>\n<p><\/a><\/div>\n<\/div>\n<p>foto: TNTm<\/p>\n<div class=\"fbShareLikeTwitterAndEmailContainer\">\n<div class=\"wrapper\">\n<div class=\"email\">\n<div id=\"mailto-pop\" class=\"pop-form pop-form-mailto\">\n<div class=\"pop-form-header\">\n<h4>Trimite articolul<\/h4>\n<p><a class=\"pop-form-close\">X<\/a><\/div>\n<\/div>\n<\/div>\n<\/div>\n<\/div>\n<div class=\"tagsContainer\">\n<div class=\"tagsLabel\">Taguri:<\/div>\n<div class=\"tags\">\n<div class=\"tag\"><a href=\"https:\/\/www.tion.ro\/cimke\/scm-timisoara\" rel=\"tag\"><span class=\"link\">scm timisoara<\/span><span class=\"separator\">,<\/span><\/a><\/div>\n<div class=\"tag\"><a href=\"https:\/\/www.tion.ro\/cimke\/sport-cultura\" rel=\"tag\"><span class=\"link\">sport-cultur\u0103<\/span><span class=\"separator\">,<\/span><\/a><\/div>\n<div class=\"tag\"><a href=\"https:\/\/www.tion.ro\/cimke\/tntm\" rel=\"tag\"><span class=\"link\">tntm<\/span><\/a><\/div>\n<\/div>\n<\/div>\n<div class=\"comments\">\n<div class=\"top\">\n<div class=\"commentsNumber\"><span class=\"number\">0<\/span><span class=\"text\">Comentarii<\/span><\/div>\n<\/div>\n<div class=\"center\">\n<div id=\"respond\" class=\"comment-respond\">\n<h3 id=\"reply-title\" class=\"comment-reply-title\"><small><a rel=\"nofollow\" id=\"cancel-comment-reply-link\" href=\"https:\/\/www.tion.ro\/stirile-judetului-timis\/foto-tntm-si-scm-impreuna-pentru-urmatorul-act-sportul-si-cultura-isi-dau-mana-la-timisoara-2331363\/#respond\">Cancel reply<\/a><\/small><\/h3>\n<p class=\"comment-notes\"><span id=\"email-notes\">Your email address will not be published.<\/span><span class=\"required-field-message\">Required fields are marked <span class=\"required\">*<\/span><\/span><\/p>\n<p class=\"commentFormComment\"><span id=\"commentFormCount\"><br \/>\n                            inca<br \/>\n                            <span id=\"countCommentText\">1000<\/span><br \/>\n                            caractere ramase<br \/>\n                        <\/span><\/p>\n<\/div>\n<\/div>\n<div class=\"bottom\">\n<p class=\"forumDisclaimerHuRo\">\n            Citi\u021bi principiile noastre de moderare <a href=\"https:\/\/www.tion.ro\/reguli-postare-comentarii\/\" target=\"_blank\">aici<\/a>!\n        <\/p>\n<\/div>\n<\/div>\n<\/div>\n<\/div>\n<p>[analyse_source url=&#8221;https:\/\/www.tion.ro\/stirile-judetului-timis\/foto-tntm-si-scm-impreuna-pentru-urmatorul-act-sportul-si-cultura-isi-dau-mana-la-timisoara-2331363\/&#8221;]<\/p>\n","protected":false},"excerpt":{"rendered":"<p>[analyse_image type=&#8221;featured&#8221; src=&#8221;https:\/\/www.tion.ro\/wp-content\/uploads\/2026\/08\/+otf\/1200&#215;630\/6GB7jmBce7eK6xLenCsybk5PVF9WRVJZX1NFQ5Ul1P6WHssXLClf6yk5Z+fc4ET7LcuDRT3aJDw4rs6Ol4jBn7UHwQMqklXMqLP86OzRONbnc66f6uxmeko69fY=\/6358862tntmscmtimisoara3.jpeg&#8221;] Parteneriat inedit la Timi\u0219oara \u00eentre dou\u0103 institu\u021bii care, la prima vedere, activeaz\u0103 \u00een domenii diferite. Teatrul Na\u021bional \u201eMihai Eminescu\u201d \u0219i S.C.M. Timi\u0219oara \u00ee\u0219i unesc for\u021bele \u00eentr-un proiect construit \u00een jurul ideii de performan\u021b\u0103 \u0219i al rolului pe care at\u00e2t cultura, c\u00e2t \u0219i sportul \u00eel au \u00een dezvoltarea comunit\u0103\u021bii. Parteneriatul se desf\u0103\u0219oar\u0103 sub [&hellip;]<\/p>\n","protected":false},"author":1,"featured_media":0,"comment_status":"open","ping_status":"","sticky":false,"template":"","format":"standard","meta":{"footnotes":""},"categories":[89],"tags":[226,191],"class_list":["post-2086157","post","type-post","status-publish","format-standard","hentry","category-romania","tag-crawlmanager","tag-tion-ro"],"_links":{"self":[{"href":"https:\/\/analyse.optim.biz\/index.php?rest_route=\/wp\/v2\/posts\/2086157","targetHints":{"allow":["GET"]}}],"collection":[{"href":"https:\/\/analyse.optim.biz\/index.php?rest_route=\/wp\/v2\/posts"}],"about":[{"href":"https:\/\/analyse.optim.biz\/index.php?rest_route=\/wp\/v2\/types\/post"}],"author":[{"embeddable":true,"href":"https:\/\/analyse.optim.biz\/index.php?rest_route=\/wp\/v2\/users\/1"}],"replies":[{"embeddable":true,"href":"https:\/\/analyse.optim.biz\/index.php?rest_route=%2Fwp%2Fv2%2Fcomments&post=2086157"}],"version-history":[{"count":0,"href":"https:\/\/analyse.optim.biz\/index.php?rest_route=\/wp\/v2\/posts\/2086157\/revisions"}],"wp:attachment":[{"href":"https:\/\/analyse.optim.biz\/index.php?rest_route=%2Fwp%2Fv2%2Fmedia&parent=2086157"}],"wp:term":[{"taxonomy":"category","embeddable":true,"href":"https:\/\/analyse.optim.biz\/index.php?rest_route=%2Fwp%2Fv2%2Fcategories&post=2086157"},{"taxonomy":"post_tag","embeddable":true,"href":"https:\/\/analyse.optim.biz\/index.php?rest_route=%2Fwp%2Fv2%2Ftags&post=2086157"}],"curies":[{"name":"wp","href":"https:\/\/api.w.org\/{rel}","templated":true}]}}