{"id":2086155,"date":"2026-08-10T10:31:40","date_gmt":"2026-08-10T07:31:40","guid":{"rendered":"https:\/\/analyse.optim.biz\/?p=2086155"},"modified":"2026-08-10T10:31:40","modified_gmt":"2026-08-10T07:31:40","slug":"curatenia-pana-la-bordura-editia-de-toamna-riscati-amenda-daca-nu-respectati-graficul-de-parcare-alternativa","status":"publish","type":"post","link":"https:\/\/analyse.optim.biz\/?p=2086155","title":{"rendered":"\u201eCur\u0103\u021benia p\u00e2n\u0103 la bordur\u0103\u201d, edi\u021bia de toamn\u0103. Risca\u021bi amend\u0103 dac\u0103 nu respecta\u021bi graficul de parcare alternativ\u0103"},"content":{"rendered":"<p>[analyse_image type=&#8221;featured&#8221; src=&#8221;https:\/\/www.tion.ro\/wp-content\/uploads\/2025\/05\/+otf\/1200&#215;630\/T+F2cng6ODz8fhHtecuEGU5PVF9WRVJZX1NFQ0ILAj1YnAboekS87Xes5Ek8HKVsgX5d39VdExYQcHInarscaq__5f1WAz4TSwRMZ8YskeBG9aBVEwAhzeOf67rI=\/6685046WhatsAppImage20250508at083526.jpeg&#8221;]<\/p>\n<article id=\"post-2331342\" class>\n<div class=\"entry-content clearfix\">\n<div class=\"enewsArticleContent\">\n<p>Prim\u0103ria Timi\u0219oara reia, din septembrie, campania \u201eCur\u0103\u021benia p\u00e2n\u0103 la bordur\u0103\u201d. Ca \u0219i p\u00e2n\u0103 acum, pe str\u0103zile incluse \u00een program, \u0219oferii sunt ruga\u021bi s\u0103 elibereze temporar, alternativ, c\u00e2te o parte a carosabilului. Dar nu vorbim doar de o rug\u0103minte, pentru c\u0103 cei care nu respect\u0103 regulile risc\u0103 acum \u0219i amenzi de p\u00e2n\u0103 la 1.500 de lei.<\/p>\n<blockquote>\n<p>\u201ePentru ca utilajele s\u0103 poat\u0103 interveni p\u00e2n\u0103 la bordur\u0103, pe str\u0103zile incluse \u00een program este instituit\u0103 parcarea alternativ\u0103, conform unui grafic prestabilit. \u0218oferii trebuie s\u0103 elibereze partea carosabil\u0103 semnalizat\u0103 prin indicatoarele \u0219i panourile informative amplasate \u00een zonele vizate \u0219i s\u0103 respecte intervalele \u00een care parcarea este restric\u021bionat\u0103. Regula se aplic\u0103 inclusiv \u00een parc\u0103rile publice \u0219i \u00een zonele din sistemul TimPark.<\/p>\n<p>Dup\u0103 finalizarea opera\u021biunilor \u0219i expirarea intervalului indicat, ma\u0219inile pot fi parcate din nou \u00een zonele respective. \u0218oferii care nu elibereaz\u0103 zona \u00een intervalul anun\u021bat sau care revin \u00eenainte de finalizarea cur\u0103\u021beniei risc\u0103 amenzi \u00eentre 500 \u0219i 1.500 de lei, conform HCL nr. 228\/2026\u201d, precizeaz\u0103 reprezentan\u021bii Prim\u0103riei Timi\u0219oara.<\/p>\n<\/blockquote>\n<h3><strong>Graficul ac\u021biunilor de cur\u0103\u021benie<\/strong><\/h3>\n<p>Odat\u0103 cu eliberarea temporar\u0103 a parc\u0103rilor, utilajele SaluT vor putea cur\u0103\u021ba \u0219i praful de sub ma\u0219ini. Echipele de salubrizare vor m\u0103tura mecanizat \u0219i sp\u0103la carosabilul pe \u00eentreaga sa suprafa\u021b\u0103.<\/p>\n<p>\u00cen luna septembrie, opera\u021biunile de cur\u0103\u021benie sunt programate pe urm\u0103toarele str\u0103zi \u0219i bulevarde: Simion B\u0103rnu\u021biu, Take Ionescu, Calea Circumvala\u021biunii, Calea Bogd\u0103ne\u0219tilor, bulevardul Mihai Viteazu, bulevardul Revolu\u021biei din 1989, Proclama\u021bia de la Timi\u0219oara, Holdelor, I.I. de la Brad, Sfin\u021bii Apostoli Petru \u0219i Pavel, \u0218t. O. Iosif, Baba Dochia, Iepurelui, Mare\u0219al Alexandru Averescu, bulevardul General I. Dragalina, bulevardul C.D. Loga, bulevardul Mihai Eminescu \u0219i bulevardul D\u00e2mbovi\u021ba.<\/p>\n<p>Interven\u021biile programate ini\u021bial pentru ziua de luni, 7 septembrie, pe str\u0103zile Simion B\u0103rnu\u021biu \u0219i Take Ionescu vor fi reprogramate, \u00een contextul deschiderii noului an \u0219colar.<br \/>\nGraficele cu parcarea alternativ\u0103 pot fi consultate <strong><a href=\"https:\/\/www.primariatm.ro\/managementul-deseurilor-salubrizare\/curatenie-pana-la-bordura\" target=\"_blank\" rel=\"noopener\">AICI<\/a><\/strong>.<\/p>\n<p>V\u0103 amintim, prim\u0103ria lansa \u00een 2024 <strong><a href=\"https:\/\/www.tion.ro\/utile\/program-zeci-de-strazi-din-timisoara-spalate-mecanic-parcare-alternativa-pe-durata-interventiilor-1835870\/\" target=\"_blank\" rel=\"noopener\">programul-pilot de \u201eCur\u0103\u021benie p\u00e2n\u0103 la bordur\u0103\u201d <\/a><\/strong>. Rezultatele au fost promi\u021b\u0103toare, iar ulterior programul a continuat, <strong><a href=\"https:\/\/www.tion.ro\/stirile-judetului-timis\/salut-reia-curatenia-pana-la-bordura-primele-strazi-pe-care-va-stropi-2263042\/\" target=\"_blank\" rel=\"noopener\">ultima interven\u021bie av\u00e2nd loc \u00een prim\u0103var\u0103<\/a><\/strong>. La final de mai, din cauz\u0103 c\u0103 mul\u021bi \u0219oferi nu \u00ee\u0219i mutau ma\u0219inile, <strong><a href=\"https:\/\/www.tion.ro\/stirile-judetului-timis\/curatenie-pana-la-bordura-cu-parcare-alternativa-la-timisoara-riscati-amenzi-si-masina-ridicata-2283514\/\" target=\"_blank\" rel=\"noopener\">consilierii locali au aprobat \u0219i introducerea amenzilor<\/a><\/strong> \u0219i, dup\u0103 caz, a op\u021biunii de ridicare a ma\u0219inilor care nu elibereaz\u0103 carosabilul dup\u0103 graficul de parcare alternativ\u0103.<\/p>\n<div class=\"fbShareLikeTwitterAndEmailContainer\">\n<div class=\"wrapper\">\n<div class=\"email\">\n<div id=\"mailto-pop\" class=\"pop-form pop-form-mailto\">\n<div class=\"pop-form-header\">\n<h4>Trimite articolul<\/h4>\n<p><a class=\"pop-form-close\">X<\/a><\/div>\n<\/div>\n<\/div>\n<\/div>\n<\/div>\n<div class=\"tagsContainer\">\n<div class=\"tagsLabel\">Taguri:<\/div>\n<div class=\"tags\">\n<div class=\"tag\"><a href=\"https:\/\/www.tion.ro\/cimke\/curatenie-pana-la-bordura\" rel=\"tag\"><span class=\"link\">Cur\u0103\u021benie p\u00e2n\u0103 la bordur\u0103<\/span><span class=\"separator\">,<\/span><\/a><\/div>\n<div class=\"tag\"><a href=\"https:\/\/www.tion.ro\/cimke\/parcare-alternativa\" rel=\"tag\"><span class=\"link\">parcare alternativa<\/span><span class=\"separator\">,<\/span><\/a><\/div>\n<div class=\"tag\"><a href=\"https:\/\/www.tion.ro\/cimke\/salut\" rel=\"tag\"><span class=\"link\">SaluT<\/span><\/a><\/div>\n<\/div>\n<\/div>\n<div class=\"comments\">\n<div class=\"top\">\n<div class=\"commentsNumber\"><span class=\"number\">2<\/span><span class=\"text\">Comentarii<\/span><\/div>\n<\/div>\n<div class=\"center\">\n<div id=\"respond\" class=\"comment-respond\">\n<h3 id=\"reply-title\" class=\"comment-reply-title\"><small><a rel=\"nofollow\" id=\"cancel-comment-reply-link\" href=\"https:\/\/www.tion.ro\/stirile-judetului-timis\/curatenia-pana-la-bordura-editia-de-toamna-riscati-amenda-daca-nu-respectati-graficul-de-parcare-alternativa-2331342\/#respond\">Cancel reply<\/a><\/small><\/h3>\n<p class=\"comment-notes\"><span id=\"email-notes\">Your email address will not be published.<\/span><span class=\"required-field-message\">Required fields are marked <span class=\"required\">*<\/span><\/span><\/p>\n<p class=\"commentFormComment\"><span id=\"commentFormCount\"><br \/>\n                            inca<br \/>\n                            <span id=\"countCommentText\">1000<\/span><br \/>\n                            caractere ramase<br \/>\n                        <\/span><\/p>\n<\/div>\n<\/div>\n<div class=\"bottom\">\n<p class=\"forumDisclaimerHuRo\">\n            Citi\u021bi principiile noastre de moderare <a href=\"https:\/\/www.tion.ro\/reguli-postare-comentarii\/\" target=\"_blank\">aici<\/a>!\n        <\/p>\n<\/div>\n<\/div>\n<div id=\"forum\">\n<li class=\"comment even thread-even depth-1 parent\" id=\"comment-1013073\">\n<div id=\"div-comment-1013073\" class=\"comment-body\">\n<div class=\"comment-author vcard\"><img decoding=\"async\" alt src=\"https:\/\/secure.gravatar.com\/avatar\/4cb890e947970b610e09bbdcfa70cd2d?s=32&amp;d=mm&amp;r=g\" class=\"avatar avatar-32 photo\" height=\"32\" width=\"32\" loading=\"lazy\"><cite class=\"fn\">Dan<\/cite><span class=\"says\">says:<\/span><\/div>\n<div class=\"comment-meta commentmetadata\"><a href=\"https:\/\/www.tion.ro\/stirile-judetului-timis\/curatenia-pana-la-bordura-editia-de-toamna-riscati-amenda-daca-nu-respectati-graficul-de-parcare-alternativa-2331342\/#comment-1013073\">August 10, 2026 at 3:16 pm<\/a><\/div>\n<p>Ridicat absolut tot ce nu respect\u0103 graficul, plus amend\u0103 plus tax\u0103 de transport plus tax\u0103 de depozitare pentru fiecare zi \u00een care proprietarul nu \u0219i-a ridicat cote\u021bul.<\/p>\n<div class=\"reply\"><a rel=\"nofollow\" class=\"comment-reply-link\" href=\"https:\/\/www.tion.ro\/stirile-judetului-timis\/curatenia-pana-la-bordura-editia-de-toamna-riscati-amenda-daca-nu-respectati-graficul-de-parcare-alternativa-2331342\/#comment-1013073\" data-commentid=\"1013073\" data-postid=\"2331342\" data-belowelement=\"div-comment-1013073\" data-respondelement=\"respond\" data-replyto=\"Reply to Dan\" aria-label=\"Reply to Dan\">Reply<\/a><\/div>\n<\/div>\n<ul class=\"children\">\n<li class=\"comment odd alt depth-2\" id=\"comment-1013112\">\n<div id=\"div-comment-1013112\" class=\"comment-body\">\n<div class=\"comment-author vcard\"><img decoding=\"async\" alt src=\"https:\/\/secure.gravatar.com\/avatar\/fff2e6e525494d426a12e9838be91843?s=32&amp;d=mm&amp;r=g\" class=\"avatar avatar-32 photo\" height=\"32\" width=\"32\" loading=\"lazy\"><cite class=\"fn\">Mirel<\/cite><span class=\"says\">says:<\/span><\/div>\n<div class=\"comment-meta commentmetadata\"><a href=\"https:\/\/www.tion.ro\/stirile-judetului-timis\/curatenia-pana-la-bordura-editia-de-toamna-riscati-amenda-daca-nu-respectati-graficul-de-parcare-alternativa-2331342\/#comment-1013112\">August 10, 2026 at 4:07 pm<\/a><\/div>\n<p>plus bataie<\/p>\n<div class=\"reply\"><a rel=\"nofollow\" class=\"comment-reply-link\" href=\"https:\/\/www.tion.ro\/stirile-judetului-timis\/curatenia-pana-la-bordura-editia-de-toamna-riscati-amenda-daca-nu-respectati-graficul-de-parcare-alternativa-2331342\/#comment-1013112\" data-commentid=\"1013112\" data-postid=\"2331342\" data-belowelement=\"div-comment-1013112\" data-respondelement=\"respond\" data-replyto=\"Reply to Mirel\" aria-label=\"Reply to Mirel\">Reply<\/a><\/div>\n<\/div>\n<\/li>\n<\/ul>\n<\/li>\n<\/div>\n<\/div>\n<\/div>\n<\/article>\n<div class=\"entry-content clearfix\">\n<div class=\"enewsArticleContent\">\n<p>Prim\u0103ria Timi\u0219oara reia, din septembrie, campania \u201eCur\u0103\u021benia p\u00e2n\u0103 la bordur\u0103\u201d. Ca \u0219i p\u00e2n\u0103 acum, pe str\u0103zile incluse \u00een program, \u0219oferii sunt ruga\u021bi s\u0103 elibereze temporar, alternativ, c\u00e2te o parte a carosabilului. Dar nu vorbim doar de o rug\u0103minte, pentru c\u0103 cei care nu respect\u0103 regulile risc\u0103 acum \u0219i amenzi de p\u00e2n\u0103 la 1.500 de lei.<\/p>\n<blockquote>\n<p>\u201ePentru ca utilajele s\u0103 poat\u0103 interveni p\u00e2n\u0103 la bordur\u0103, pe str\u0103zile incluse \u00een program este instituit\u0103 parcarea alternativ\u0103, conform unui grafic prestabilit. \u0218oferii trebuie s\u0103 elibereze partea carosabil\u0103 semnalizat\u0103 prin indicatoarele \u0219i panourile informative amplasate \u00een zonele vizate \u0219i s\u0103 respecte intervalele \u00een care parcarea este restric\u021bionat\u0103. Regula se aplic\u0103 inclusiv \u00een parc\u0103rile publice \u0219i \u00een zonele din sistemul TimPark.<\/p>\n<p>Dup\u0103 finalizarea opera\u021biunilor \u0219i expirarea intervalului indicat, ma\u0219inile pot fi parcate din nou \u00een zonele respective. \u0218oferii care nu elibereaz\u0103 zona \u00een intervalul anun\u021bat sau care revin \u00eenainte de finalizarea cur\u0103\u021beniei risc\u0103 amenzi \u00eentre 500 \u0219i 1.500 de lei, conform HCL nr. 228\/2026\u201d, precizeaz\u0103 reprezentan\u021bii Prim\u0103riei Timi\u0219oara.<\/p>\n<\/blockquote>\n<h3><strong>Graficul ac\u021biunilor de cur\u0103\u021benie<\/strong><\/h3>\n<p>Odat\u0103 cu eliberarea temporar\u0103 a parc\u0103rilor, utilajele SaluT vor putea cur\u0103\u021ba \u0219i praful de sub ma\u0219ini. Echipele de salubrizare vor m\u0103tura mecanizat \u0219i sp\u0103la carosabilul pe \u00eentreaga sa suprafa\u021b\u0103.<\/p>\n<p>\u00cen luna septembrie, opera\u021biunile de cur\u0103\u021benie sunt programate pe urm\u0103toarele str\u0103zi \u0219i bulevarde: Simion B\u0103rnu\u021biu, Take Ionescu, Calea Circumvala\u021biunii, Calea Bogd\u0103ne\u0219tilor, bulevardul Mihai Viteazu, bulevardul Revolu\u021biei din 1989, Proclama\u021bia de la Timi\u0219oara, Holdelor, I.I. de la Brad, Sfin\u021bii Apostoli Petru \u0219i Pavel, \u0218t. O. Iosif, Baba Dochia, Iepurelui, Mare\u0219al Alexandru Averescu, bulevardul General I. Dragalina, bulevardul C.D. Loga, bulevardul Mihai Eminescu \u0219i bulevardul D\u00e2mbovi\u021ba.<\/p>\n<p>Interven\u021biile programate ini\u021bial pentru ziua de luni, 7 septembrie, pe str\u0103zile Simion B\u0103rnu\u021biu \u0219i Take Ionescu vor fi reprogramate, \u00een contextul deschiderii noului an \u0219colar.<br \/>\nGraficele cu parcarea alternativ\u0103 pot fi consultate <strong><a href=\"https:\/\/www.primariatm.ro\/managementul-deseurilor-salubrizare\/curatenie-pana-la-bordura\" target=\"_blank\" rel=\"noopener\">AICI<\/a><\/strong>.<\/p>\n<p>V\u0103 amintim, prim\u0103ria lansa \u00een 2024 <strong><a href=\"https:\/\/www.tion.ro\/utile\/program-zeci-de-strazi-din-timisoara-spalate-mecanic-parcare-alternativa-pe-durata-interventiilor-1835870\/\" target=\"_blank\" rel=\"noopener\">programul-pilot de \u201eCur\u0103\u021benie p\u00e2n\u0103 la bordur\u0103\u201d <\/a><\/strong>. Rezultatele au fost promi\u021b\u0103toare, iar ulterior programul a continuat, <strong><a href=\"https:\/\/www.tion.ro\/stirile-judetului-timis\/salut-reia-curatenia-pana-la-bordura-primele-strazi-pe-care-va-stropi-2263042\/\" target=\"_blank\" rel=\"noopener\">ultima interven\u021bie av\u00e2nd loc \u00een prim\u0103var\u0103<\/a><\/strong>. La final de mai, din cauz\u0103 c\u0103 mul\u021bi \u0219oferi nu \u00ee\u0219i mutau ma\u0219inile, <strong><a href=\"https:\/\/www.tion.ro\/stirile-judetului-timis\/curatenie-pana-la-bordura-cu-parcare-alternativa-la-timisoara-riscati-amenzi-si-masina-ridicata-2283514\/\" target=\"_blank\" rel=\"noopener\">consilierii locali au aprobat \u0219i introducerea amenzilor<\/a><\/strong> \u0219i, dup\u0103 caz, a op\u021biunii de ridicare a ma\u0219inilor care nu elibereaz\u0103 carosabilul dup\u0103 graficul de parcare alternativ\u0103.<\/p>\n<div class=\"fbShareLikeTwitterAndEmailContainer\">\n<div class=\"wrapper\">\n<div class=\"email\">\n<div id=\"mailto-pop\" class=\"pop-form pop-form-mailto\">\n<div class=\"pop-form-header\">\n<h4>Trimite articolul<\/h4>\n<p><a class=\"pop-form-close\">X<\/a><\/div>\n<\/div>\n<\/div>\n<\/div>\n<\/div>\n<div class=\"tagsContainer\">\n<div class=\"tagsLabel\">Taguri:<\/div>\n<div class=\"tags\">\n<div class=\"tag\"><a href=\"https:\/\/www.tion.ro\/cimke\/curatenie-pana-la-bordura\" rel=\"tag\"><span class=\"link\">Cur\u0103\u021benie p\u00e2n\u0103 la bordur\u0103<\/span><span class=\"separator\">,<\/span><\/a><\/div>\n<div class=\"tag\"><a href=\"https:\/\/www.tion.ro\/cimke\/parcare-alternativa\" rel=\"tag\"><span class=\"link\">parcare alternativa<\/span><span class=\"separator\">,<\/span><\/a><\/div>\n<div class=\"tag\"><a href=\"https:\/\/www.tion.ro\/cimke\/salut\" rel=\"tag\"><span class=\"link\">SaluT<\/span><\/a><\/div>\n<\/div>\n<\/div>\n<div class=\"comments\">\n<div class=\"top\">\n<div class=\"commentsNumber\"><span class=\"number\">2<\/span><span class=\"text\">Comentarii<\/span><\/div>\n<\/div>\n<div class=\"center\">\n<div id=\"respond\" class=\"comment-respond\">\n<h3 id=\"reply-title\" class=\"comment-reply-title\"><small><a rel=\"nofollow\" id=\"cancel-comment-reply-link\" href=\"https:\/\/www.tion.ro\/stirile-judetului-timis\/curatenia-pana-la-bordura-editia-de-toamna-riscati-amenda-daca-nu-respectati-graficul-de-parcare-alternativa-2331342\/#respond\">Cancel reply<\/a><\/small><\/h3>\n<p class=\"comment-notes\"><span id=\"email-notes\">Your email address will not be published.<\/span><span class=\"required-field-message\">Required fields are marked <span class=\"required\">*<\/span><\/span><\/p>\n<p class=\"commentFormComment\"><span id=\"commentFormCount\"><br \/>\n                            inca<br \/>\n                            <span id=\"countCommentText\">1000<\/span><br \/>\n                            caractere ramase<br \/>\n                        <\/span><\/p>\n<\/div>\n<\/div>\n<div class=\"bottom\">\n<p class=\"forumDisclaimerHuRo\">\n            Citi\u021bi principiile noastre de moderare <a href=\"https:\/\/www.tion.ro\/reguli-postare-comentarii\/\" target=\"_blank\">aici<\/a>!\n        <\/p>\n<\/div>\n<\/div>\n<div id=\"forum\">\n<li class=\"comment even thread-even depth-1 parent\" id=\"comment-1013073\">\n<div id=\"div-comment-1013073\" class=\"comment-body\">\n<div class=\"comment-author vcard\"><img decoding=\"async\" alt src=\"https:\/\/secure.gravatar.com\/avatar\/4cb890e947970b610e09bbdcfa70cd2d?s=32&amp;d=mm&amp;r=g\" class=\"avatar avatar-32 photo\" height=\"32\" width=\"32\" loading=\"lazy\"><cite class=\"fn\">Dan<\/cite><span class=\"says\">says:<\/span><\/div>\n<div class=\"comment-meta commentmetadata\"><a href=\"https:\/\/www.tion.ro\/stirile-judetului-timis\/curatenia-pana-la-bordura-editia-de-toamna-riscati-amenda-daca-nu-respectati-graficul-de-parcare-alternativa-2331342\/#comment-1013073\">August 10, 2026 at 3:16 pm<\/a><\/div>\n<p>Ridicat absolut tot ce nu respect\u0103 graficul, plus amend\u0103 plus tax\u0103 de transport plus tax\u0103 de depozitare pentru fiecare zi \u00een care proprietarul nu \u0219i-a ridicat cote\u021bul.<\/p>\n<div class=\"reply\"><a rel=\"nofollow\" class=\"comment-reply-link\" href=\"https:\/\/www.tion.ro\/stirile-judetului-timis\/curatenia-pana-la-bordura-editia-de-toamna-riscati-amenda-daca-nu-respectati-graficul-de-parcare-alternativa-2331342\/#comment-1013073\" data-commentid=\"1013073\" data-postid=\"2331342\" data-belowelement=\"div-comment-1013073\" data-respondelement=\"respond\" data-replyto=\"Reply to Dan\" aria-label=\"Reply to Dan\">Reply<\/a><\/div>\n<\/div>\n<ul class=\"children\">\n<li class=\"comment odd alt depth-2\" id=\"comment-1013112\">\n<div id=\"div-comment-1013112\" class=\"comment-body\">\n<div class=\"comment-author vcard\"><img decoding=\"async\" alt src=\"https:\/\/secure.gravatar.com\/avatar\/fff2e6e525494d426a12e9838be91843?s=32&amp;d=mm&amp;r=g\" class=\"avatar avatar-32 photo\" height=\"32\" width=\"32\" loading=\"lazy\"><cite class=\"fn\">Mirel<\/cite><span class=\"says\">says:<\/span><\/div>\n<div class=\"comment-meta commentmetadata\"><a href=\"https:\/\/www.tion.ro\/stirile-judetului-timis\/curatenia-pana-la-bordura-editia-de-toamna-riscati-amenda-daca-nu-respectati-graficul-de-parcare-alternativa-2331342\/#comment-1013112\">August 10, 2026 at 4:07 pm<\/a><\/div>\n<p>plus bataie<\/p>\n<div class=\"reply\"><a rel=\"nofollow\" class=\"comment-reply-link\" href=\"https:\/\/www.tion.ro\/stirile-judetului-timis\/curatenia-pana-la-bordura-editia-de-toamna-riscati-amenda-daca-nu-respectati-graficul-de-parcare-alternativa-2331342\/#comment-1013112\" data-commentid=\"1013112\" data-postid=\"2331342\" data-belowelement=\"div-comment-1013112\" data-respondelement=\"respond\" data-replyto=\"Reply to Mirel\" aria-label=\"Reply to Mirel\">Reply<\/a><\/div>\n<\/div>\n<\/li>\n<\/ul>\n<\/li>\n<\/div>\n<\/div>\n<\/div>\n<p>[analyse_source url=&#8221;https:\/\/www.tion.ro\/stirile-judetului-timis\/curatenia-pana-la-bordura-editia-de-toamna-riscati-amenda-daca-nu-respectati-graficul-de-parcare-alternativa-2331342\/&#8221;]<\/p>\n","protected":false},"excerpt":{"rendered":"<p>[analyse_image type=&#8221;featured&#8221; src=&#8221;https:\/\/www.tion.ro\/wp-content\/uploads\/2025\/05\/+otf\/1200&#215;630\/T+F2cng6ODz8fhHtecuEGU5PVF9WRVJZX1NFQ0ILAj1YnAboekS87Xes5Ek8HKVsgX5d39VdExYQcHInarscaq__5f1WAz4TSwRMZ8YskeBG9aBVEwAhzeOf67rI=\/6685046WhatsAppImage20250508at083526.jpeg&#8221;] Prim\u0103ria Timi\u0219oara reia, din septembrie, campania \u201eCur\u0103\u021benia p\u00e2n\u0103 la bordur\u0103\u201d. Ca \u0219i p\u00e2n\u0103 acum, pe str\u0103zile incluse \u00een program, \u0219oferii sunt ruga\u021bi s\u0103 elibereze temporar, alternativ, c\u00e2te o parte a carosabilului. Dar nu vorbim doar de o rug\u0103minte, pentru c\u0103 cei care nu respect\u0103 regulile risc\u0103 acum \u0219i amenzi de p\u00e2n\u0103 la [&hellip;]<\/p>\n","protected":false},"author":1,"featured_media":0,"comment_status":"open","ping_status":"","sticky":false,"template":"","format":"standard","meta":{"footnotes":""},"categories":[89],"tags":[226,191],"class_list":["post-2086155","post","type-post","status-publish","format-standard","hentry","category-romania","tag-crawlmanager","tag-tion-ro"],"_links":{"self":[{"href":"https:\/\/analyse.optim.biz\/index.php?rest_route=\/wp\/v2\/posts\/2086155","targetHints":{"allow":["GET"]}}],"collection":[{"href":"https:\/\/analyse.optim.biz\/index.php?rest_route=\/wp\/v2\/posts"}],"about":[{"href":"https:\/\/analyse.optim.biz\/index.php?rest_route=\/wp\/v2\/types\/post"}],"author":[{"embeddable":true,"href":"https:\/\/analyse.optim.biz\/index.php?rest_route=\/wp\/v2\/users\/1"}],"replies":[{"embeddable":true,"href":"https:\/\/analyse.optim.biz\/index.php?rest_route=%2Fwp%2Fv2%2Fcomments&post=2086155"}],"version-history":[{"count":0,"href":"https:\/\/analyse.optim.biz\/index.php?rest_route=\/wp\/v2\/posts\/2086155\/revisions"}],"wp:attachment":[{"href":"https:\/\/analyse.optim.biz\/index.php?rest_route=%2Fwp%2Fv2%2Fmedia&parent=2086155"}],"wp:term":[{"taxonomy":"category","embeddable":true,"href":"https:\/\/analyse.optim.biz\/index.php?rest_route=%2Fwp%2Fv2%2Fcategories&post=2086155"},{"taxonomy":"post_tag","embeddable":true,"href":"https:\/\/analyse.optim.biz\/index.php?rest_route=%2Fwp%2Fv2%2Ftags&post=2086155"}],"curies":[{"name":"wp","href":"https:\/\/api.w.org\/{rel}","templated":true}]}}