{"id":2085935,"date":"2026-08-10T09:23:39","date_gmt":"2026-08-10T06:23:39","guid":{"rendered":"https:\/\/analyse.optim.biz\/?p=2085935"},"modified":"2026-08-10T09:23:39","modified_gmt":"2026-08-10T06:23:39","slug":"timis-tanar-de-19-ani-arestat-dupa-ce-ar-fi-violat-o-minora-de-16-ani-intr-o-zona-izolata-de-langa-faget","status":"publish","type":"post","link":"https:\/\/analyse.optim.biz\/?p=2085935","title":{"rendered":"Timi\u0219: t\u00e2n\u0103r de 19 ani, arestat dup\u0103 ce ar fi violat o minor\u0103 de 16 ani \u00eentr-o zon\u0103 izolat\u0103 de l\u00e2ng\u0103 F\u0103get"},"content":{"rendered":"<p>[analyse_image type=&#8221;featured&#8221; src=&#8221;http:\/\/www.banatulmeu.ro\/wp-content\/uploads\/2016\/07\/catu-procuror-batut.jpg&#8221;]<\/p>\n<div class=\"post-content-bd\">\n<p>Un t\u00e2n\u0103r de 19 ani a fost arestat preventiv pentru 30 de zile, fiind cercetat pentru viol s\u0103v\u00e2r\u0219it asupra unui minor. Victima este o adolescent\u0103 de 16 ani, iar fapta ar fi avut loc \u00eentr-o zon\u0103 izolat\u0103 din apropierea ora\u0219ului F\u0103get.<\/p>\n<p>Potrivit poli\u021bi\u0219tilor, \u00een 6 august, reprezentantul legal al minorei a sesizat Poli\u021bia Ora\u0219ului F\u0103get cu privire la faptul c\u0103 adolescenta ar fi fost victima unei agresiuni sexuale \u00een data de 3 august.<\/p>\n<p>Din primele verific\u0103ri a reie\u0219it c\u0103 minora s-ar fi \u00eent\u00e2lnit cu t\u00e2n\u0103rul de 19 ani, iar ulterior acesta ar fi transportat-o cu autoturismul \u00eentr-o zon\u0103 izolat\u0103 din apropierea localit\u0103\u021bii F\u0103get. Acolo, prin constr\u00e2ngere fizic\u0103 \u0219i moral\u0103, t\u00e2n\u0103rul ar fi \u00eentre\u021binut un raport sexual cu adolescenta.<\/p>\n<p>\u00cen urma probelor administrate \u00een cauz\u0103, anchetatorii au dispus continuarea urm\u0103ririi penale fa\u021b\u0103 de t\u00e2n\u0103rul de 19 ani, acesta fiind re\u021binut pentru 24 de ore pentru viol s\u0103v\u00e2r\u0219it asupra unui minor.<\/p>\n<p>\u00cen aceea\u0219i zi, 6 august, t\u00e2n\u0103rul a fost prezentat magistra\u021bilor, care au dispus arestarea sa preventiv\u0103 pentru o perioad\u0103 de 30 de zile.<\/p>\n<p>Cercet\u0103rile sunt continuate de poli\u021bi\u0219tii Ora\u0219ului F\u0103get \u2013 Compartimentul Investiga\u021bii Criminale, sub coordonarea procurorului din cadrul Parchetului de pe l\u00e2ng\u0103 Judec\u0103toria F\u0103get, pentru stabilirea tuturor \u00eemprejur\u0103rilor \u00een care s-ar fi produs fapta.<\/p>\n<p>Pe parcursul \u00eentregului proces penal, persoana cercetat\u0103 beneficiaz\u0103 de drepturile \u0219i garan\u021biile procesuale prev\u0103zute de lege, precum \u0219i de prezum\u021bia de nevinov\u0103\u021bie.<\/p>\n<\/div>\n<p>[analyse_source url=&#8221;https:\/\/www.banatulmeu.ro\/timis-tanar-de-19-ani-arestat-dupa-ce-ar-fi-violat-o-minora-de-16-ani-intr-o-zona-izolata-de-langa-faget\/&#8221;]<\/p>\n","protected":false},"excerpt":{"rendered":"<p>[analyse_image type=&#8221;featured&#8221; src=&#8221;http:\/\/www.banatulmeu.ro\/wp-content\/uploads\/2016\/07\/catu-procuror-batut.jpg&#8221;] Un t\u00e2n\u0103r de 19 ani a fost arestat preventiv pentru 30 de zile, fiind cercetat pentru viol s\u0103v\u00e2r\u0219it asupra unui minor. Victima este o adolescent\u0103 de 16 ani, iar fapta ar fi avut loc \u00eentr-o zon\u0103 izolat\u0103 din apropierea ora\u0219ului F\u0103get. Potrivit poli\u021bi\u0219tilor, \u00een 6 august, reprezentantul legal al minorei a sesizat [&hellip;]<\/p>\n","protected":false},"author":1,"featured_media":0,"comment_status":"open","ping_status":"","sticky":false,"template":"","format":"standard","meta":{"footnotes":""},"categories":[89],"tags":[204,226],"class_list":["post-2085935","post","type-post","status-publish","format-standard","hentry","category-romania","tag-banatulmeu-ro","tag-crawlmanager"],"_links":{"self":[{"href":"https:\/\/analyse.optim.biz\/index.php?rest_route=\/wp\/v2\/posts\/2085935","targetHints":{"allow":["GET"]}}],"collection":[{"href":"https:\/\/analyse.optim.biz\/index.php?rest_route=\/wp\/v2\/posts"}],"about":[{"href":"https:\/\/analyse.optim.biz\/index.php?rest_route=\/wp\/v2\/types\/post"}],"author":[{"embeddable":true,"href":"https:\/\/analyse.optim.biz\/index.php?rest_route=\/wp\/v2\/users\/1"}],"replies":[{"embeddable":true,"href":"https:\/\/analyse.optim.biz\/index.php?rest_route=%2Fwp%2Fv2%2Fcomments&post=2085935"}],"version-history":[{"count":0,"href":"https:\/\/analyse.optim.biz\/index.php?rest_route=\/wp\/v2\/posts\/2085935\/revisions"}],"wp:attachment":[{"href":"https:\/\/analyse.optim.biz\/index.php?rest_route=%2Fwp%2Fv2%2Fmedia&parent=2085935"}],"wp:term":[{"taxonomy":"category","embeddable":true,"href":"https:\/\/analyse.optim.biz\/index.php?rest_route=%2Fwp%2Fv2%2Fcategories&post=2085935"},{"taxonomy":"post_tag","embeddable":true,"href":"https:\/\/analyse.optim.biz\/index.php?rest_route=%2Fwp%2Fv2%2Ftags&post=2085935"}],"curies":[{"name":"wp","href":"https:\/\/api.w.org\/{rel}","templated":true}]}}