{"id":2085934,"date":"2026-08-09T23:21:13","date_gmt":"2026-08-09T20:21:13","guid":{"rendered":"https:\/\/analyse.optim.biz\/?p=2085934"},"modified":"2026-08-09T23:21:13","modified_gmt":"2026-08-09T20:21:13","slug":"anm-anunta-canicula-in-timis-si-arad-marti-vine-varful-de-caldura","status":"publish","type":"post","link":"https:\/\/analyse.optim.biz\/?p=2085934","title":{"rendered":"ANM anun\u021b\u0103 canicul\u0103 \u00een Timi\u0219 \u0219i Arad. Mar\u021bi vine v\u00e2rful de c\u0103ldur\u0103"},"content":{"rendered":"<p>[analyse_image type=&#8221;featured&#8221; src=&#8221;https:\/\/orasul-timisoara.ro\/wp-content\/uploads\/2022\/07\/vreme-termometru.jpg&#8221;]<\/p>\n<article id=\"post-40165\" class=\"td-post-template-7 post-40165 post type-post status-publish format-standard has-post-thumbnail category-featured category-stiri-timisoara category-stiri-nationale-si-internationale tag-anm tag-arad tag-banat tag-bihor tag-canicula-2 tag-caras-severin-3 tag-cod-galben tag-crisana tag-mihai-timu tag-prognoza-meteo-2 tag-romania-2 tag-temperaturi-ridicate tag-timis-2 tag-vreme td-container-wrap\">\n<div class=\"td-full-screen-header-image-wrap\">\n<div class=\"td-container td-post-header\">\n<div class=\"td-crumb-container\">\n<div class=\"entry-crumbs\"><span><a title=\"Vede\u021bi toate articolele \u00een \u0218tiri Locale\" class=\"entry-crumb\" href=\"https:\/\/orasul-timisoara.ro\/local-category\/stiri-timisoara\/\">\u0218tiri Locale<\/a><\/span><span class=\"td-bred-no-url-last\">ANM anun\u021b\u0103 canicul\u0103 \u00een Timi\u0219 \u0219i Arad. Mar\u021bi vine v\u00e2rful de c\u0103ldur\u0103<\/span><\/div>\n<\/div>\n<div class=\"td-post-header-holder\">\n<div class=\"td-parallax-header\">\n<header class=\"td-post-title\">\n<ul class=\"td-category\">\n<li class=\"entry-category\"><a href=\"https:\/\/orasul-timisoara.ro\/local-category\/stiri-timisoara\/\">\u0218tiri Locale<\/a><\/li>\n<li class=\"entry-category\"><a href=\"https:\/\/orasul-timisoara.ro\/local-category\/stiri-nationale-si-internationale\/\">\u0218tiri na\u021bionale \u0219i interna\u021bionale<\/a><\/li>\n<\/ul>\n<h1 class=\"entry-title\">ANM anun\u021b\u0103 canicul\u0103 \u00een Timi\u0219 \u0219i Arad. Mar\u021bi vine v\u00e2rful de c\u0103ldur\u0103<\/h1>\n<div class=\"td-module-meta-info\">\n<div class=\"td-post-author-name\">\n<div class=\"td-author-by\">De c\u0103tre<\/div>\n<p><a href=\"https:\/\/orasul-timisoara.ro\/author\/timisoara\/\">redactia<\/a><\/p>\n<div class=\"td-author-line\"> &#8211; <\/div>\n<\/div>\n<p><span class=\"td-post-date\"><time class=\"entry-date updated td-module-date\" datetime=\"2026-08-10T02:21:13+03:00\">10\/08\/2026<\/time><\/span><\/div>\n<\/header>\n<\/div>\n<\/div>\n<\/div>\n<div id=\"td-full-screen-header-image\" class=\"td-image-gradient-style7\"><img decoding=\"async\" class=\"td-backstretch\" src=\"https:\/\/orasul-timisoara.ro\/wp-content\/uploads\/2022\/07\/vreme-termometru.jpg\"><\/div>\n<\/div>\n<div class=\"td-container\">\n<div class=\"td-pb-row\">\n<div class=\"td-pb-span8 td-main-content\" role=\"main\">\n<div class=\"td-ss-main-content\">\n<div class=\"td-post-sharing-top\">\n<div class=\"td-post-sharing-classic\"><iframe title=\"topFacebookLike\" frameborder src=\"https:\/\/www.facebook.com\/plugins\/like.php?href=https:\/\/orasul-timisoara.ro\/local-40165\/&amp;layout=button_count&amp;show_faces=false&amp;width=105&amp;action=like&amp;colorscheme=light&amp;height=21\"><\/iframe><\/div>\n<div id=\"td_social_sharing_article_top\" class=\"td-post-sharing td-ps-bg td-ps-notext td-post-sharing-style1 \">\n<div class=\"td-post-sharing-visible\"><a class=\"td-social-sharing-button td-social-sharing-button-js td-social-network td-social-facebook\" href=\"https:\/\/www.facebook.com\/sharer.php?u=https%3A%2F%2Forasul-timisoara.ro%2Flocal-40165%2F\" title=\"Facebook\"><\/p>\n<div class=\"td-social-but-text\">Facebook<\/div>\n<p><\/a><a class=\"td-social-sharing-button td-social-sharing-button-js td-social-network td-social-twitter\" href=\"https:\/\/twitter.com\/intent\/tweet?text=ANM+anun%C8%9B%C4%83+canicul%C4%83+%C3%AEn+Timi%C8%99+%C8%99i+Arad.+Mar%C8%9Bi+vine+v%C3%A2rful+de+c%C4%83ldur%C4%83&amp;url=https%3A%2F%2Forasul-timisoara.ro%2Flocal-40165%2F&amp;via=orasultm\" title=\"Twitter\"><\/p>\n<div class=\"td-social-but-text\">Twitter<\/div>\n<p><\/a><a class=\"td-social-sharing-button td-social-sharing-button-js td-social-network td-social-whatsapp\" href=\"https:\/\/api.whatsapp.com\/send?text=ANM+anun%C8%9B%C4%83+canicul%C4%83+%C3%AEn+Timi%C8%99+%C8%99i+Arad.+Mar%C8%9Bi+vine+v%C3%A2rful+de+c%C4%83ldur%C4%83%20%0A%0A%20https:\/\/orasul-timisoara.ro\/local-40165\/\" title=\"WhatsApp\"><\/p>\n<div class=\"td-social-but-text\">WhatsApp<\/div>\n<p><\/a><a class=\"td-social-sharing-button td-social-sharing-button-js td-social-network td-social-linkedin\" href=\"https:\/\/www.linkedin.com\/shareArticle?mini=true&amp;url=https:\/\/orasul-timisoara.ro\/local-40165\/&amp;title=ANM+anun%C8%9B%C4%83+canicul%C4%83+%C3%AEn+Timi%C8%99+%C8%99i+Arad.+Mar%C8%9Bi+vine+v%C3%A2rful+de+c%C4%83ldur%C4%83\" title=\"Linkedin\"><\/p>\n<div class=\"td-social-but-text\">Linkedin<\/div>\n<p><\/a><a class=\"td-social-sharing-button td-social-sharing-button-js td-social-network td-social-reddit\" href=\"https:\/\/reddit.com\/submit?url=https:\/\/orasul-timisoara.ro\/local-40165\/&amp;title=ANM+anun%C8%9B%C4%83+canicul%C4%83+%C3%AEn+Timi%C8%99+%C8%99i+Arad.+Mar%C8%9Bi+vine+v%C3%A2rful+de+c%C4%83ldur%C4%83\" title=\"ReddIt\"><\/p>\n<div class=\"td-social-but-text\">ReddIt<\/div>\n<p><\/a><a class=\"td-social-sharing-button td-social-sharing-button-js td-social-network td-social-mail\" href=\"mailto:?subject=ANM%20anun%C8%9B%C4%83%20canicul%C4%83%20%C3%AEn%20Timi%C8%99%20%C8%99i%20Arad.%20Mar%C8%9Bi%20vine%20v%C3%A2rful%20de%20c%C4%83ldur%C4%83&amp;body=https:\/\/orasul-timisoara.ro\/local-40165\/\" title=\"Email\"><\/p>\n<div class=\"td-social-but-text\">Email<\/div>\n<p><\/a><a class=\"td-social-sharing-button td-social-sharing-button-js td-social-network td-social-print\" href=\"https:\/\/orasul-timisoara.ro\/local-40165\/\" title=\"Imprimare\"><\/p>\n<div class=\"td-social-but-text\">Imprimare<\/div>\n<p><\/a><\/div>\n<\/div>\n<\/div>\n<div class=\"td-post-content tagdiv-type\">\n<p class=\"wp-block-paragraph\">Rom\u00e2nia intr\u0103 din nou sub influen\u021ba unui val de canicul\u0103, \u00eencep\u00e2nd de luni, 10 august, c\u00e2nd temperaturile vor urca p\u00e2n\u0103 la 36 de grade, iar \u00een zilele urm\u0103toare vor ajunge la 37-38 de grade \u00een C\u00e2mpia de Vest. Administra\u021bia Na\u021bional\u0103 de Meteorologie a emis o informare valabil\u0103 \u00een \u00eentreaga \u021bar\u0103 de luni, ora 10:00, p\u00e2n\u0103 miercuri, ora 21:00, pentru temperaturi deosebit de ridicate, disconfort termic \u0219i nop\u021bi tropicale.<\/p>\n<p class=\"wp-block-paragraph\">Pentru \u0219apte jude\u021be din vest \u0219i nord-vest a fost emis \u0219i un Cod galben de canicul\u0103, valabil de luni, ora 10:00, p\u00e2n\u0103 mar\u021bi, ora 10:00. Sunt vizate jude\u021bele Cara\u0219-Severin, Timi\u0219, Arad, Bihor, Satu Mare, S\u0103laj \u0219i Maramure\u0219, unde maximele vor ajunge la 34-36 de grade, iar \u00een zonele de deal din vest temperaturile minime pot r\u0103m\u00e2ne la 21-23 de grade.<\/p>\n<h2 class=\"wp-block-heading\">Un nou val de canicul\u0103 cuprinde Rom\u00e2nia<\/h2>\n<p class=\"wp-block-paragraph\">Potrivit meteorologilor, temperaturile vor fi deosebit de ridicate \u00een mai multe regiuni ale \u021b\u0103rii \u00een urm\u0103toarele trei zile. Luni, cele mai afectate vor fi zonele vestice, mar\u021bi c\u0103ldura se va extinde c\u0103tre nord-vest, centru \u0219i sud, iar miercuri valorile ridicate se vor men\u021bine local \u00een sud \u0219i sud-vest.<\/p>\n<p class=\"wp-block-paragraph\">Maximele se vor situa, \u00een general, \u00eentre 30 \u0219i 36 de grade. Mar\u021bi va fi ziua cu cele mai ridicate temperaturi, c\u00e2nd \u00een C\u00e2mpia de Vest sunt prognozate valori de 37-38 de grade Celsius.<\/p>\n<p class=\"wp-block-paragraph\">Meteorologul ANM Mihai Timu a explicat c\u0103 episodul de c\u0103ldur\u0103 este asociat cu p\u0103trunderea unui nou front de aer tropical dinspre nordul Africii.<\/p>\n<h2 class=\"wp-block-heading\">Mar\u021bi va fi v\u00e2rful episodului de c\u0103ldur\u0103<\/h2>\n<p class=\"wp-block-paragraph\">Potrivit prognozei prezentate de meteorologi, mar\u021bi va fi cea mai fierbinte zi a acestui episod. Canicula se va extinde din vest c\u0103tre nord-vest, centru \u0219i sud, \u00een timp ce estul \u021b\u0103rii va fi mai pu\u021bin afectat.<\/p>\n<p class=\"wp-block-paragraph\">\u00cen C\u00e2mpia de Vest sunt a\u0219teptate temperaturi de 37-38 de grade Celsius, ceea ce va accentua disconfortul termic. \u00cen vestul \u021b\u0103rii, inclusiv \u00een Banat \u0219i Cri\u0219ana, valorile termice vor ajunge \u00een jurul pragului de 35 de grade \u00eenc\u0103 de luni.<\/p>\n<h2 class=\"wp-block-heading\">Cod galben \u00een Timi\u0219, Arad \u0219i alte cinci jude\u021be<\/h2>\n<p class=\"wp-block-paragraph\">ANM a emis o aten\u021bionare Cod galben pentru Cara\u0219-Severin, Timi\u0219, Arad, Bihor, Satu Mare, S\u0103laj \u0219i Maramure\u0219. Avertizarea este valabil\u0103 timp de 24 de ore, de luni, ora 10:00, p\u00e2n\u0103 mar\u021bi, ora 10:00.<\/p>\n<p class=\"wp-block-paragraph\">\u00cen aceste jude\u021be sunt prognozate temperaturi maxime de 33-34 de grade \u00een Maramure\u0219 \u0219i nord-vestul Transilvaniei, respectiv 34-36 de grade \u00een Banat \u0219i Cri\u0219ana.<\/p>\n<p class=\"wp-block-paragraph\">Meteorologii avertizeaz\u0103 \u0219i asupra nop\u021bilor tropicale. \u00cen zonele de deal din vest, temperaturile minime pot ajunge la 21-23 de grade, ceea ce va face ca organismul s\u0103 se r\u0103coreasc\u0103 mai greu \u00een timpul nop\u021bii.<\/p>\n<h2 class=\"wp-block-heading\">Disconfortul termic va fi ridicat<\/h2>\n<p class=\"wp-block-paragraph\">Pe fondul temperaturilor ridicate, \u0219i disconfortul termic va cre\u0219te \u00een urm\u0103toarele zile. Indicele temperatur\u0103-umezeal\u0103 va atinge sau va dep\u0103\u0219i pragul critic de 80 de unit\u0103\u021bi \u00een mai multe regiuni.<\/p>\n<p class=\"wp-block-paragraph\">Luni, acest prag poate fi atins sau dep\u0103\u0219it \u00een vestul \u0219i sud-vestul \u021b\u0103rii. Mar\u021bi, fenomenul va fi prezent mai ales \u00een zonele de c\u00e2mpie, iar miercuri local \u00een sudul Rom\u00e2niei.<\/p>\n<p class=\"wp-block-paragraph\">Atingerea pragului critic al indicelui temperatur\u0103-umezeal\u0103 indic\u0103 un nivel ridicat de disconfort termic, \u00een special \u00een perioadele cu temperaturi maxime ridicate.<\/p>\n<h2 class=\"wp-block-heading\">Aerul tropical se retrage miercuri spre sud<\/h2>\n<p class=\"wp-block-paragraph\">Episodul de canicul\u0103 nu va dura \u00eens\u0103 foarte mult. Potrivit meteorologului Mihai Timu, miercuri masa de aer cald se va retrage c\u0103tre sud \u0219i sud-vest.<\/p>\n<p class=\"wp-block-paragraph\">\u00cen sudul Banatului, Oltenia \u0219i sud-vestul Munteniei se vor mai \u00eenregistra temperaturi de 35-37 de grade. Pentru joi \u0219i vineri este estimat\u0103 o r\u0103corire, cu temperaturi care se vor apropia din nou de valorile normale pentru aceast\u0103 perioad\u0103.<\/p>\n<h2 class=\"wp-block-heading\">Ploile vor fi pu\u021bine \u0219i izolate<\/h2>\n<p class=\"wp-block-paragraph\">Precipita\u021biile vor avea un caracter redus \u00een perioada urm\u0103toare. Ploi slabe \u0219i izolate sunt a\u0219teptate \u00een special \u00een zonele montane \u0219i mai ales dup\u0103-amiaza.<\/p>\n<p class=\"wp-block-paragraph\">\u00cen restul \u021b\u0103rii, vremea va r\u0103m\u00e2ne predominant cald\u0103 \u0219i uscat\u0103 pe parcursul acestui episod, \u00een condi\u021biile men\u021binerii maselor de aer cald.<\/p>\n<h2 class=\"wp-block-heading\">Vestul Rom\u00e2niei, printre cele mai afectate regiuni<\/h2>\n<p class=\"wp-block-paragraph\">Banatul \u0219i Cri\u0219ana se afl\u0103 printre regiunile \u00een care temperaturile vor urca cel mai mult la \u00eenceputul s\u0103pt\u0103m\u00e2nii. Timi\u0219ul \u0219i Aradul sunt incluse \u00een avertizarea Cod galben, iar temperaturile maxime pot ajunge aici la 34-36 de grade.<\/p>\n<p class=\"wp-block-paragraph\">Mar\u021bi, \u00een C\u00e2mpia de Vest, valorile pot urca p\u00e2n\u0103 la 37-38 de grade, ceea ce va transforma aceast\u0103 zi \u00een v\u00e2rful episodului de canicul\u0103.<\/p>\n<p class=\"wp-block-paragraph\">Dup\u0103 aceast\u0103 perioad\u0103, temperaturile sunt prognozate s\u0103 scad\u0103 joi \u0219i vineri, c\u00e2nd vremea ar urma s\u0103 revin\u0103 c\u0103tre valori apropiate de normalul climatologic al perioadei.<\/p>\n<\/div>\n<footer>\n<div class=\"td-post-source-tags\">\n<ul class=\"td-tags td-post-small-box clearfix\">\n<li><span>ETICHETE<\/span><\/li>\n<li><a href=\"https:\/\/orasul-timisoara.ro\/local-tag\/anm\/\">anm<\/a><\/li>\n<li><a href=\"https:\/\/orasul-timisoara.ro\/local-tag\/arad\/\">arad<\/a><\/li>\n<li><a href=\"https:\/\/orasul-timisoara.ro\/local-tag\/banat\/\">banat<\/a><\/li>\n<li><a href=\"https:\/\/orasul-timisoara.ro\/local-tag\/bihor\/\">bihor<\/a><\/li>\n<li><a href=\"https:\/\/orasul-timisoara.ro\/local-tag\/canicula-2\/\">canicul\u0103<\/a><\/li>\n<li><a href=\"https:\/\/orasul-timisoara.ro\/local-tag\/caras-severin-3\/\">Cara\u0219-Severin<\/a><\/li>\n<li><a href=\"https:\/\/orasul-timisoara.ro\/local-tag\/cod-galben\/\">cod galben<\/a><\/li>\n<li><a href=\"https:\/\/orasul-timisoara.ro\/local-tag\/crisana\/\">Cri\u0219ana<\/a><\/li>\n<li><a href=\"https:\/\/orasul-timisoara.ro\/local-tag\/mihai-timu\/\">Mihai Timu<\/a><\/li>\n<li><a href=\"https:\/\/orasul-timisoara.ro\/local-tag\/prognoza-meteo-2\/\">prognoz\u0103 meteo<\/a><\/li>\n<li><a href=\"https:\/\/orasul-timisoara.ro\/local-tag\/romania-2\/\">rom\u00e2nia<\/a><\/li>\n<li><a href=\"https:\/\/orasul-timisoara.ro\/local-tag\/temperaturi-ridicate\/\">temperaturi ridicate<\/a><\/li>\n<li><a href=\"https:\/\/orasul-timisoara.ro\/local-tag\/timis-2\/\">timi\u0219<\/a><\/li>\n<li><a href=\"https:\/\/orasul-timisoara.ro\/local-tag\/vreme\/\">vreme<\/a><\/li>\n<\/ul>\n<\/div>\n<div class=\"td-post-sharing-bottom\">\n<div class=\"td-post-sharing-classic\"><iframe title=\"bottomFacebookLike\" frameborder src=\"https:\/\/www.facebook.com\/plugins\/like.php?href=https:\/\/orasul-timisoara.ro\/local-40165\/&amp;layout=button_count&amp;show_faces=false&amp;width=105&amp;action=like&amp;colorscheme=light&amp;height=21\"><\/iframe><\/div>\n<div id=\"td_social_sharing_article_bottom\" class=\"td-post-sharing td-ps-bg td-ps-notext td-post-sharing-style1 \">\n<div class=\"td-post-sharing-visible\"><a class=\"td-social-sharing-button td-social-sharing-button-js td-social-network td-social-facebook\" href=\"https:\/\/www.facebook.com\/sharer.php?u=https%3A%2F%2Forasul-timisoara.ro%2Flocal-40165%2F\" title=\"Facebook\"><\/p>\n<div class=\"td-social-but-text\">Facebook<\/div>\n<p><\/a><a class=\"td-social-sharing-button td-social-sharing-button-js td-social-network td-social-twitter\" href=\"https:\/\/twitter.com\/intent\/tweet?text=ANM+anun%C8%9B%C4%83+canicul%C4%83+%C3%AEn+Timi%C8%99+%C8%99i+Arad.+Mar%C8%9Bi+vine+v%C3%A2rful+de+c%C4%83ldur%C4%83&amp;url=https%3A%2F%2Forasul-timisoara.ro%2Flocal-40165%2F&amp;via=orasultm\" title=\"Twitter\"><\/p>\n<div class=\"td-social-but-text\">Twitter<\/div>\n<p><\/a><a class=\"td-social-sharing-button td-social-sharing-button-js td-social-network td-social-whatsapp\" href=\"https:\/\/api.whatsapp.com\/send?text=ANM+anun%C8%9B%C4%83+canicul%C4%83+%C3%AEn+Timi%C8%99+%C8%99i+Arad.+Mar%C8%9Bi+vine+v%C3%A2rful+de+c%C4%83ldur%C4%83%20%0A%0A%20https:\/\/orasul-timisoara.ro\/local-40165\/\" title=\"WhatsApp\"><\/p>\n<div class=\"td-social-but-text\">WhatsApp<\/div>\n<p><\/a><a class=\"td-social-sharing-button td-social-sharing-button-js td-social-network td-social-linkedin\" href=\"https:\/\/www.linkedin.com\/shareArticle?mini=true&amp;url=https:\/\/orasul-timisoara.ro\/local-40165\/&amp;title=ANM+anun%C8%9B%C4%83+canicul%C4%83+%C3%AEn+Timi%C8%99+%C8%99i+Arad.+Mar%C8%9Bi+vine+v%C3%A2rful+de+c%C4%83ldur%C4%83\" title=\"Linkedin\"><\/p>\n<div class=\"td-social-but-text\">Linkedin<\/div>\n<p><\/a><a class=\"td-social-sharing-button td-social-sharing-button-js td-social-network td-social-reddit\" href=\"https:\/\/reddit.com\/submit?url=https:\/\/orasul-timisoara.ro\/local-40165\/&amp;title=ANM+anun%C8%9B%C4%83+canicul%C4%83+%C3%AEn+Timi%C8%99+%C8%99i+Arad.+Mar%C8%9Bi+vine+v%C3%A2rful+de+c%C4%83ldur%C4%83\" title=\"ReddIt\"><\/p>\n<div class=\"td-social-but-text\">ReddIt<\/div>\n<p><\/a><a class=\"td-social-sharing-button td-social-sharing-button-js td-social-network td-social-mail\" href=\"mailto:?subject=ANM%20anun%C8%9B%C4%83%20canicul%C4%83%20%C3%AEn%20Timi%C8%99%20%C8%99i%20Arad.%20Mar%C8%9Bi%20vine%20v%C3%A2rful%20de%20c%C4%83ldur%C4%83&amp;body=https:\/\/orasul-timisoara.ro\/local-40165\/\" title=\"Email\"><\/p>\n<div class=\"td-social-but-text\">Email<\/div>\n<p><\/a><a class=\"td-social-sharing-button td-social-sharing-button-js td-social-network td-social-print\" href=\"https:\/\/orasul-timisoara.ro\/local-40165\/\" title=\"Imprimare\"><\/p>\n<div class=\"td-social-but-text\">Imprimare<\/div>\n<p><\/a><\/div>\n<\/div>\n<\/div>\n<div class=\"td-block-row td-post-next-prev\">\n<div class=\"td-block-span6 td-post-prev-post\">\n<div class=\"td-post-next-prev-content\"><span>Articolul precedent<\/span><a href=\"https:\/\/orasul-timisoara.ro\/local-40162\/\">Alert\u0103 \u00een sta\u021bia Petro\u0219ani: plac\u0103 de beton \u0219i componente ale unui macaz, g\u0103site pe linie<\/a><\/div>\n<\/div>\n<\/div>\n<div class=\"td-author-name vcard author\"><span class=\"fn\"><a href=\"https:\/\/orasul-timisoara.ro\/author\/timisoara\/\">redactia<\/a><\/span><\/div>\n<p><span class=\"td-page-meta\"><\/span><span class=\"td-page-meta\"><span class=\"td-page-meta\"><\/span><\/span><span class=\"td-page-meta\"><\/span><\/footer>\n<div class=\"td_block_wrap td_block_related_posts tdi_3 td_with_ajax_pagination td-pb-border-top td_block_template_8\" data-td-block-uid=\"tdi_3\">\n<h4 class=\"td-related-title td-block-title\"><a id=\"tdi_4\" class=\"td-related-left td-cur-simple-item\" data-td_filter_value data-td_block_id=\"tdi_3\" href=\"https:\/\/orasul-timisoara.ro\/local-40165\/\">ARTICOLE SIMILARE<\/a><a id=\"tdi_5\" class=\"td-related-right\" data-td_filter_value=\"td_related_more_from_author\" data-td_block_id=\"tdi_3\" href=\"https:\/\/orasul-timisoara.ro\/local-40165\/\">DE LA ACELA\u0218I AUTOR<\/a><\/h4>\n<div id=\"tdi_3\" class=\"td_block_inner\">\n<div class=\"td-related-row\">\n<div class=\"td-related-span4\">\n<div class=\"td_module_related_posts td-animation-stack td_mod_related_posts\">\n<div class=\"td-module-image\">\n<div class=\"td-module-thumb\"><a href=\"https:\/\/orasul-timisoara.ro\/local-40147\/\" rel=\"bookmark\" class=\"td-image-wrap \" title=\"Consum record de ap\u0103 \u00een Timi\u0219oara. Aquatim a distribuit peste 2,5 milioane de metri cubi \u00een iulie\"><img loading=\"lazy\" decoding=\"async\" class=\"entry-thumb\" src=\"https:\/\/orasul-timisoara.ro\/wp-content\/uploads\/2026\/07\/femeie-bea-apa-4-436x300.jpg\" alt title=\"Consum record de ap\u0103 \u00een Timi\u0219oara. Aquatim a distribuit peste 2,5 milioane de metri cubi \u00een iulie\" width=\"218\" height=\"150\"><\/a><\/div>\n<\/div>\n<div class=\"item-details\">\n<h3 class=\"entry-title td-module-title\"><a href=\"https:\/\/orasul-timisoara.ro\/local-40147\/\" rel=\"bookmark\" title=\"Consum record de ap\u0103 \u00een Timi\u0219oara. Aquatim a distribuit peste 2,5 milioane de metri cubi \u00een iulie\">Consum record de ap\u0103 \u00een Timi\u0219oara. Aquatim a distribuit peste 2,5 milioane de metri cubi \u00een iulie<\/a><\/h3>\n<\/div>\n<\/div>\n<\/div>\n<div class=\"td-related-span4\">\n<div class=\"td_module_related_posts td-animation-stack td_mod_related_posts\">\n<div class=\"td-module-image\">\n<div class=\"td-module-thumb\"><a href=\"https:\/\/orasul-timisoara.ro\/local-40038\/\" rel=\"bookmark\" class=\"td-image-wrap \" title=\"ISU Timi\u0219 controleaz\u0103 spitalele dup\u0103 instituirea st\u0103rii de alert\u0103 \u0219i Codul Ro\u0219u de canicul\u0103\"><img loading=\"lazy\" decoding=\"async\" class=\"entry-thumb\" src=\"https:\/\/orasul-timisoara.ro\/wp-content\/uploads\/2026\/08\/cdfdf9c4-433e-47f1-8ada-8c72398f92dd-436x300.jpg\" alt title=\"ISU Timi\u0219 controleaz\u0103 spitalele dup\u0103 instituirea st\u0103rii de alert\u0103 \u0219i Codul Ro\u0219u de canicul\u0103\" width=\"218\" height=\"150\"><\/a><\/div>\n<\/div>\n<div class=\"item-details\">\n<h3 class=\"entry-title td-module-title\"><a href=\"https:\/\/orasul-timisoara.ro\/local-40038\/\" rel=\"bookmark\" title=\"ISU Timi\u0219 controleaz\u0103 spitalele dup\u0103 instituirea st\u0103rii de alert\u0103 \u0219i Codul Ro\u0219u de canicul\u0103\">ISU Timi\u0219 controleaz\u0103 spitalele dup\u0103 instituirea st\u0103rii de alert\u0103 \u0219i Codul Ro\u0219u de canicul\u0103<\/a><\/h3>\n<\/div>\n<\/div>\n<\/div>\n<div class=\"td-related-span4\">\n<div class=\"td_module_related_posts td-animation-stack td_mod_related_posts\">\n<div class=\"td-module-image\">\n<div class=\"td-module-thumb\"><a href=\"https:\/\/orasul-timisoara.ro\/local-39995\/\" rel=\"bookmark\" class=\"td-image-wrap \" title=\"Cod ro\u0219u de canicul\u0103 \u00een Timi\u0219. Temperaturi de p\u00e2n\u0103 la 41 de grade \u0219i nop\u021bi tropicale\"><img loading=\"lazy\" decoding=\"async\" class=\"entry-thumb\" src=\"https:\/\/orasul-timisoara.ro\/wp-content\/uploads\/2019\/06\/vremea-termometru-temperatura-40-grade-soare.jpeg\" alt title=\"Cod ro\u0219u de canicul\u0103 \u00een Timi\u0219. Temperaturi de p\u00e2n\u0103 la 41 de grade \u0219i nop\u021bi tropicale\" width=\"218\" height=\"150\"><\/a><\/div>\n<\/div>\n<div class=\"item-details\">\n<h3 class=\"entry-title td-module-title\"><a href=\"https:\/\/orasul-timisoara.ro\/local-39995\/\" rel=\"bookmark\" title=\"Cod ro\u0219u de canicul\u0103 \u00een Timi\u0219. Temperaturi de p\u00e2n\u0103 la 41 de grade \u0219i nop\u021bi tropicale\">Cod ro\u0219u de canicul\u0103 \u00een Timi\u0219. Temperaturi de p\u00e2n\u0103 la 41 de grade \u0219i nop\u021bi tropicale<\/a><\/h3>\n<\/div>\n<\/div>\n<\/div>\n<\/div>\n<\/div>\n<\/div>\n<div class=\"comments\" id=\"comments\">\n<div id=\"respond\" class=\"comment-respond\">\n<h3 id=\"reply-title\" class=\"comment-reply-title\">L\u0102SA\u021aI UN MESAJ<\/h3>\n<div class=\"comment-form-input-wrap td-form-comment\">\n<div class=\"td-warning-comment\">V\u0103 rug\u0103m s\u0103 introduce\u021bi comentariul dvs.!<\/div>\n<\/div>\n<div class=\"comment-form-input-wrap td-form-author\">\n<div class=\"td-warning-author\">Introduce\u021bi aici numele dvs.<\/div>\n<\/div>\n<div class=\"comment-form-input-wrap td-form-email\">\n<div class=\"td-warning-email-error\">A\u021bi introdus o adres\u0103 de e-mail incorect\u0103!<\/div>\n<div class=\"td-warning-email\">V\u0103 rug\u0103m s\u0103 introduce\u021bi adresa dvs. de e-mail aici<\/div>\n<\/div>\n<\/div>\n<p class=\"akismet_comment_form_privacy_notice\">Acest site folose\u0219te Akismet pentru a reduce spamul. <a href=\"https:\/\/akismet.com\/privacy\/\" target=\"_blank\" rel=\"nofollow noopener\">Afl\u0103 cum sunt procesate datele comentariilor tale<\/a>.<\/p>\n<\/div>\n<\/div>\n<\/div>\n<div class=\"td-pb-span4 td-main-sidebar\" role=\"complementary\">\n<div class=\"td-ss-main-sidebar\">\n<aside id=\"block-4\" class=\"td_block_template_8 widget block-4 widget_block widget_media_image\">\n<figure class=\"wp-block-image size-full\"><img loading=\"lazy\" decoding=\"async\" width=\"336\" height=\"280\" src=\"https:\/\/orasul-timisoara.ro\/wp-content\/uploads\/2024\/11\/ReTIM-Abonamentul-Verde-Google-Ads-336x280px.gif\" alt class=\"wp-image-29257\"><\/figure>\n<\/aside>\n<div class=\"td_block_wrap td_block_social_counter td_block_widget tdi_6 td-social-style5 td-social-boxed td-pb-border-top td_block_template_8\">\n<div class=\"td-block-title-wrap\">\n<h4 class=\"td-block-title\"><span>Urm\u0103re\u0219te-ne pe Social Media<\/span><\/h4>\n<\/div>\n<div class=\"td-social-list\">\n<div class=\"td_social_type td-pb-margin-side td_social_facebook\">\n<div class=\"td-social-box\"><span class=\"td_social_info td_social_info_counter\">344,595<\/span><span class=\"td_social_info td_social_info_name\">Fani<\/span><span class=\"td_social_button\"><a href=\"https:\/\/www.facebook.com\/247timisoara\" target=\"_blank\" rel=\"nofollow\">\u00cemi place<\/a><\/span><\/div>\n<\/div>\n<div class=\"td_social_type td-pb-margin-side td_social_instagram\">\n<div class=\"td-social-box\"><span class=\"td_social_info td_social_info_counter\">4,416<\/span><span class=\"td_social_info td_social_info_name\">Cititori<\/span><span class=\"td_social_button\"><a href=\"https:\/\/instagram.com\/orasultimisoararo\/\" target=\"_blank\" rel=\"nofollow\">Conecta\u021bi-v\u0103<\/a><\/span><\/div>\n<\/div>\n<div class=\"td_social_type td-pb-margin-side td_social_rss\">\n<div class=\"td-social-box\"><span class=\"td_social_info td_social_info_counter\">12,506<\/span><span class=\"td_social_info td_social_info_name\">Cititori<\/span><span class=\"td_social_button\"><a href=\"https:\/\/orasul-timisoara.ro\/feed\/\" target=\"_blank\" rel=\"nofollow\">Conecta\u021bi-v\u0103<\/a><\/span><\/div>\n<\/div>\n<div class=\"td_social_type td-pb-margin-side td_social_tiktok\">\n<div class=\"td-social-box\"><span class=\"td_social_info td_social_info_counter\">1,500<\/span><span class=\"td_social_info td_social_info_name\">Cititori<\/span><span class=\"td_social_button\"><a href=\"https:\/\/www.tiktok.com\/@orasultimisoara\" target=\"_blank\" rel=\"nofollow\">Conecta\u021bi-v\u0103<\/a><\/span><\/div>\n<\/div>\n<div class=\"td_social_type td-pb-margin-side td_social_twitter\">\n<div class=\"td-social-box\"><span class=\"td_social_info td_social_info_counter\">1,595<\/span><span class=\"td_social_info td_social_info_name\">Cititori<\/span><span class=\"td_social_button\"><a href=\"https:\/\/twitter.com\/orasultm\" target=\"_blank\" rel=\"nofollow\">Conecta\u021bi-v\u0103<\/a><\/span><\/div>\n<\/div>\n<div class=\"td_social_type td-pb-margin-side td_social_youtube\">\n<div class=\"td-social-box\"><span class=\"td_social_info td_social_info_counter\">3,506<\/span><span class=\"td_social_info td_social_info_name\">Abona\u021bi<\/span><span class=\"td_social_button\"><a href=\"https:\/\/www.youtube.com\/channel\/UCQNsQvs2XCSIm1Z-AHRturw?sub_confirmation=1\" target=\"_blank\" rel=\"nofollow\">Abona\u021bi-v\u0103<\/a><\/span><\/div>\n<\/div>\n<\/div>\n<\/div>\n<aside id=\"text-7\" class=\"td_block_template_8 widget text-7 widget_text\">\n<h4 class=\"td-block-title\"><span>C\u0103ut\u0103ri populare pe OTM<\/span><\/h4>\n<div class=\"textwidget\"><a href=\"https:\/\/orasul-timisoara.ro\/?s=timisoara\"><span>Timisoara<\/span><\/a><a href=\"https:\/\/orasul-timisoara.ro\/?s=calin+dobra\"><span>Calin Dobra<\/span><\/a><a href=\"https:\/\/orasul-timisoara.ro\/?s=primaria+timisoara\"><span>Primaria Timisoara<\/span><\/a><a href=\"https:\/\/orasul-timisoara.ro\/?s=dominic+fritz\"><span>Dominic Fritz<\/span><\/a><a href=\"https:\/\/orasul-timisoara.ro\/?s=nicolae+robu\"><span>Nicolae Robu<\/span><\/a><a href=\"https:\/\/orasul-timisoara.ro\/?s=consiliul+local+timisoara\">Consiliul Local Timisoara<\/a><a href=\"https:\/\/orasul-timisoara.ro\/?s=consiliul+judetean+timis\"><span>Consiliul Judetean Timis<\/span><\/a><a href=\"https:\/\/orasul-timisoara.ro\/?s=cjt\"><span>CJT<\/span><\/a><a href=\"https:\/\/orasul-timisoara.ro\/?s=Alfred+Simonis\"><span>Alfred Simonis<\/span><\/a><a href=\"https:\/\/orasul-timisoara.ro\/?s=PNL\"><span>PNL<\/span><\/a><a href=\"https:\/\/orasul-timisoara.ro\/?s=coronavirus\"><span>coronavirus<\/span><\/a><a href=\"https:\/\/orasul-timisoara.ro\/?s=teatru+timisoara\">teatru Timisoara<\/a><a href=\"https:\/\/orasul-timisoara.ro\/?s=restaurante\"><span>restaurante Timisoara<\/span><\/a><a href=\"https:\/\/orasul-timisoara.ro\/?s=diskoteka\"><span>Diskoteka<\/span><\/a><a href=\"https:\/\/orasul-timisoara.ro\/?s=iulius+town\"><span>Iulius Town<\/span><\/a><a href=\"https:\/\/orasul-timisoara.ro\/?s=iulius+mall\"><span>Iulius Mall<\/span><\/a><a href=\"https:\/\/orasul-timisoara.ro\/?s=stpt\"><span>STPT<\/span><\/a><a href=\"https:\/\/orasul-timisoara.ro\/?s=alin+nica\"><span>Alin Nica<\/span><\/a><a href=\"https:\/\/orasul-timisoara.ro\/?s=psd\"><span>PSD<\/span><\/a><a href=\"https:\/\/orasul-timisoara.ro\/?s=aeroport\"><span>Aeroportul International Timisoara<\/span><\/a><a href=\"https:\/\/orasul-timisoara.ro\/?s=babes\"><span>Spitalul Victor Babes Timisoara<\/span><\/a><a href=\"https:\/\/orasul-timisoara.ro\/?s=poli\"><span>Poli Timi\u0219oara<\/span><\/a><a href=\"https:\/\/orasul-timisoara.ro\/?s=carantina\"><span>carantina<\/span><\/a><a href=\"https:\/\/orasul-timisoara.ro\/?s=aquatim\"><span>Aquatim<\/span><\/a><a href=\"https:\/\/orasul-timisoara.ro\/local-category\/stiri-timisoara\/\"><span>Stiri Timisoara<\/span><\/a><a href=\"https:\/\/orasul-timisoara.ro\/local-category\/investitii-in-timisoara\/\"><span>Investi\u021bii in Timi\u0219oara<\/span><\/a><a href=\"https:\/\/orasul-timisoara.ro\/local-9463\/\"><span>shaorma<\/span><\/a><a href=\"https:\/\/orasul-timisoara.ro\/?s=trafic\"><span>trafic rutier<\/span><\/a><a href=\"https:\/\/orasul-timisoara.ro\/?s=politia\"><span>politia locala timisoara<\/span><\/a><a href=\"https:\/\/orasul-timisoara.ro\/?s=roxana\"><span>Roxana Iliescu<\/span><\/a><a href=\"https:\/\/orasul-timisoara.ro\/?s=colterm\"><span>Colterm<\/span><\/a><a href=\"https:\/\/orasul-timisoara.ro\/?s=latcau\"><span>Ruben La\u021bc\u0103u<\/span><\/a><a href=\"https:\/\/orasul-timisoara.ro\/?s=timis\"><span>\u0218tiri din Timi\u0219<\/span><\/a><a href=\"https:\/\/orasul-timisoara.ro\/?s=spital\"><span>Spitale din Timi\u0219oara<\/span><\/a><a href=\"https:\/\/orasul-timisoara.ro\/?s=tabara\"><span>Cosmin Tab\u0103r\u0103<\/span><\/a><\/div>\n<\/aside>\n<aside id=\"rss-2\" class=\"td_block_template_8 widget rss-2 widget_rss\">\n<h4 class=\"td-block-title\"><span><a class=\"rsswidget rss-widget-feed\" href=\"https:\/\/fashionfridays.ro\/feed\"><img decoding=\"async\" class=\"rss-widget-icon\" width=\"14\" height=\"14\" src=\"https:\/\/orasul-timisoara.ro\/wp-includes\/images\/rss.png\" alt=\"RSS\" loading=\"lazy\"><\/a><a class=\"rsswidget rss-widget-title\" href=\"https:\/\/fashionfridays.ro\/\">Fashion Fridays<\/a><\/span><\/h4>\n<ul>\n<li><a class=\"rsswidget\" href=\"https:\/\/fashionfridays.ro\/romania-devine-a-29-a-piata-vogue-o-noua-era-pentru-industria-locala-de-moda\/\">Rom\u00e2nia devine a 29-a pia\u021b\u0103 Vogue: o nou\u0103 er\u0103 pentru industria local\u0103 de mod\u0103<\/a>\n<div class=\"rssSummary\">Revista Vogue \u00ee\u0219i extinde prezen\u021ba global\u0103 \u0219i va fi lansat\u0103 oficial \u00een Rom\u00e2nia \u00een prim\u0103vara anului 2027, marc\u00e2nd intrarea pe cea de-a 29-a pia\u021b\u0103 interna\u021bional\u0103. Proiectul este realizat \u00een parteneriat cu AEMME Publishing, o companie media recent \u00eenfiin\u021bat\u0103, care va publica edi\u021bia local\u0103 sub licen\u021b\u0103. Noua edi\u021bie, Vogue Rom\u00e2nia, \u00ee\u0219i propune s\u0103 combine autoritatea global\u0103 [\u2026]<\/div>\n<\/li>\n<\/ul>\n<\/aside>\n<aside id=\"rss-4\" class=\"td_block_template_8 widget rss-4 widget_rss\">\n<h4 class=\"td-block-title\"><span><a class=\"rsswidget rss-widget-feed\" href=\"https:\/\/emasini.ro\/feed\"><img decoding=\"async\" class=\"rss-widget-icon\" width=\"14\" height=\"14\" src=\"https:\/\/orasul-timisoara.ro\/wp-includes\/images\/rss.png\" alt=\"RSS\" loading=\"lazy\"><\/a><a class=\"rsswidget rss-widget-title\" href=\"https:\/\/emasini.ro\/\">eMasini<\/a><\/span><\/h4>\n<ul>\n<li><a class=\"rsswidget\" href=\"https:\/\/emasini.ro\/bmw-testeaza-noul-i4-convertible-primul-cabrio-electric-accesibil-al-marcii\/\">BMW testeaz\u0103 noul i4 Convertible, primul cabrio electric accesibil al m\u0103rcii<\/a>\n<div class=\"rssSummary\">BMW accelereaz\u0103 dezvoltarea noii genera\u021bii de modele electrice bazate pe platforma Neue Klasse, iar unul dintre cele mai interesante proiecte aflate \u00een teste este viitorul BMW i4 Convertible. Prototipul camuflat a fost surprins pe \u0219osele, confirm\u00e2nd c\u0103 produc\u0103torul german preg\u0103te\u0219te o decapotabil\u0103 electric\u0103 destinat\u0103 unui segment \u00een care oferta este, \u00een prezent, extrem de limitat\u0103. [\u2026]<\/div>\n<\/li>\n<\/ul>\n<\/aside>\n<\/div>\n<\/div>\n<\/div>\n<\/div>\n<\/article>\n<div class=\"td-post-content tagdiv-type\">\n<p class=\"wp-block-paragraph\">Rom\u00e2nia intr\u0103 din nou sub influen\u021ba unui val de canicul\u0103, \u00eencep\u00e2nd de luni, 10 august, c\u00e2nd temperaturile vor urca p\u00e2n\u0103 la 36 de grade, iar \u00een zilele urm\u0103toare vor ajunge la 37-38 de grade \u00een C\u00e2mpia de Vest. Administra\u021bia Na\u021bional\u0103 de Meteorologie a emis o informare valabil\u0103 \u00een \u00eentreaga \u021bar\u0103 de luni, ora 10:00, p\u00e2n\u0103 miercuri, ora 21:00, pentru temperaturi deosebit de ridicate, disconfort termic \u0219i nop\u021bi tropicale.<\/p>\n<p class=\"wp-block-paragraph\">Pentru \u0219apte jude\u021be din vest \u0219i nord-vest a fost emis \u0219i un Cod galben de canicul\u0103, valabil de luni, ora 10:00, p\u00e2n\u0103 mar\u021bi, ora 10:00. Sunt vizate jude\u021bele Cara\u0219-Severin, Timi\u0219, Arad, Bihor, Satu Mare, S\u0103laj \u0219i Maramure\u0219, unde maximele vor ajunge la 34-36 de grade, iar \u00een zonele de deal din vest temperaturile minime pot r\u0103m\u00e2ne la 21-23 de grade.<\/p>\n<h2 class=\"wp-block-heading\">Un nou val de canicul\u0103 cuprinde Rom\u00e2nia<\/h2>\n<p class=\"wp-block-paragraph\">Potrivit meteorologilor, temperaturile vor fi deosebit de ridicate \u00een mai multe regiuni ale \u021b\u0103rii \u00een urm\u0103toarele trei zile. Luni, cele mai afectate vor fi zonele vestice, mar\u021bi c\u0103ldura se va extinde c\u0103tre nord-vest, centru \u0219i sud, iar miercuri valorile ridicate se vor men\u021bine local \u00een sud \u0219i sud-vest.<\/p>\n<p class=\"wp-block-paragraph\">Maximele se vor situa, \u00een general, \u00eentre 30 \u0219i 36 de grade. Mar\u021bi va fi ziua cu cele mai ridicate temperaturi, c\u00e2nd \u00een C\u00e2mpia de Vest sunt prognozate valori de 37-38 de grade Celsius.<\/p>\n<p class=\"wp-block-paragraph\">Meteorologul ANM Mihai Timu a explicat c\u0103 episodul de c\u0103ldur\u0103 este asociat cu p\u0103trunderea unui nou front de aer tropical dinspre nordul Africii.<\/p>\n<h2 class=\"wp-block-heading\">Mar\u021bi va fi v\u00e2rful episodului de c\u0103ldur\u0103<\/h2>\n<p class=\"wp-block-paragraph\">Potrivit prognozei prezentate de meteorologi, mar\u021bi va fi cea mai fierbinte zi a acestui episod. Canicula se va extinde din vest c\u0103tre nord-vest, centru \u0219i sud, \u00een timp ce estul \u021b\u0103rii va fi mai pu\u021bin afectat.<\/p>\n<p class=\"wp-block-paragraph\">\u00cen C\u00e2mpia de Vest sunt a\u0219teptate temperaturi de 37-38 de grade Celsius, ceea ce va accentua disconfortul termic. \u00cen vestul \u021b\u0103rii, inclusiv \u00een Banat \u0219i Cri\u0219ana, valorile termice vor ajunge \u00een jurul pragului de 35 de grade \u00eenc\u0103 de luni.<\/p>\n<h2 class=\"wp-block-heading\">Cod galben \u00een Timi\u0219, Arad \u0219i alte cinci jude\u021be<\/h2>\n<p class=\"wp-block-paragraph\">ANM a emis o aten\u021bionare Cod galben pentru Cara\u0219-Severin, Timi\u0219, Arad, Bihor, Satu Mare, S\u0103laj \u0219i Maramure\u0219. Avertizarea este valabil\u0103 timp de 24 de ore, de luni, ora 10:00, p\u00e2n\u0103 mar\u021bi, ora 10:00.<\/p>\n<p class=\"wp-block-paragraph\">\u00cen aceste jude\u021be sunt prognozate temperaturi maxime de 33-34 de grade \u00een Maramure\u0219 \u0219i nord-vestul Transilvaniei, respectiv 34-36 de grade \u00een Banat \u0219i Cri\u0219ana.<\/p>\n<p class=\"wp-block-paragraph\">Meteorologii avertizeaz\u0103 \u0219i asupra nop\u021bilor tropicale. \u00cen zonele de deal din vest, temperaturile minime pot ajunge la 21-23 de grade, ceea ce va face ca organismul s\u0103 se r\u0103coreasc\u0103 mai greu \u00een timpul nop\u021bii.<\/p>\n<h2 class=\"wp-block-heading\">Disconfortul termic va fi ridicat<\/h2>\n<p class=\"wp-block-paragraph\">Pe fondul temperaturilor ridicate, \u0219i disconfortul termic va cre\u0219te \u00een urm\u0103toarele zile. Indicele temperatur\u0103-umezeal\u0103 va atinge sau va dep\u0103\u0219i pragul critic de 80 de unit\u0103\u021bi \u00een mai multe regiuni.<\/p>\n<p class=\"wp-block-paragraph\">Luni, acest prag poate fi atins sau dep\u0103\u0219it \u00een vestul \u0219i sud-vestul \u021b\u0103rii. Mar\u021bi, fenomenul va fi prezent mai ales \u00een zonele de c\u00e2mpie, iar miercuri local \u00een sudul Rom\u00e2niei.<\/p>\n<p class=\"wp-block-paragraph\">Atingerea pragului critic al indicelui temperatur\u0103-umezeal\u0103 indic\u0103 un nivel ridicat de disconfort termic, \u00een special \u00een perioadele cu temperaturi maxime ridicate.<\/p>\n<h2 class=\"wp-block-heading\">Aerul tropical se retrage miercuri spre sud<\/h2>\n<p class=\"wp-block-paragraph\">Episodul de canicul\u0103 nu va dura \u00eens\u0103 foarte mult. Potrivit meteorologului Mihai Timu, miercuri masa de aer cald se va retrage c\u0103tre sud \u0219i sud-vest.<\/p>\n<p class=\"wp-block-paragraph\">\u00cen sudul Banatului, Oltenia \u0219i sud-vestul Munteniei se vor mai \u00eenregistra temperaturi de 35-37 de grade. Pentru joi \u0219i vineri este estimat\u0103 o r\u0103corire, cu temperaturi care se vor apropia din nou de valorile normale pentru aceast\u0103 perioad\u0103.<\/p>\n<h2 class=\"wp-block-heading\">Ploile vor fi pu\u021bine \u0219i izolate<\/h2>\n<p class=\"wp-block-paragraph\">Precipita\u021biile vor avea un caracter redus \u00een perioada urm\u0103toare. Ploi slabe \u0219i izolate sunt a\u0219teptate \u00een special \u00een zonele montane \u0219i mai ales dup\u0103-amiaza.<\/p>\n<p class=\"wp-block-paragraph\">\u00cen restul \u021b\u0103rii, vremea va r\u0103m\u00e2ne predominant cald\u0103 \u0219i uscat\u0103 pe parcursul acestui episod, \u00een condi\u021biile men\u021binerii maselor de aer cald.<\/p>\n<h2 class=\"wp-block-heading\">Vestul Rom\u00e2niei, printre cele mai afectate regiuni<\/h2>\n<p class=\"wp-block-paragraph\">Banatul \u0219i Cri\u0219ana se afl\u0103 printre regiunile \u00een care temperaturile vor urca cel mai mult la \u00eenceputul s\u0103pt\u0103m\u00e2nii. Timi\u0219ul \u0219i Aradul sunt incluse \u00een avertizarea Cod galben, iar temperaturile maxime pot ajunge aici la 34-36 de grade.<\/p>\n<p class=\"wp-block-paragraph\">Mar\u021bi, \u00een C\u00e2mpia de Vest, valorile pot urca p\u00e2n\u0103 la 37-38 de grade, ceea ce va transforma aceast\u0103 zi \u00een v\u00e2rful episodului de canicul\u0103.<\/p>\n<p class=\"wp-block-paragraph\">Dup\u0103 aceast\u0103 perioad\u0103, temperaturile sunt prognozate s\u0103 scad\u0103 joi \u0219i vineri, c\u00e2nd vremea ar urma s\u0103 revin\u0103 c\u0103tre valori apropiate de normalul climatologic al perioadei.<\/p>\n<\/div>\n<p>[analyse_source url=&#8221;https:\/\/orasul-timisoara.ro\/local-40165\/&#8221;]<\/p>\n","protected":false},"excerpt":{"rendered":"<p>[analyse_image type=&#8221;featured&#8221; src=&#8221;https:\/\/orasul-timisoara.ro\/wp-content\/uploads\/2022\/07\/vreme-termometru.jpg&#8221;] \u0218tiri LocaleANM anun\u021b\u0103 canicul\u0103 \u00een Timi\u0219 \u0219i Arad. Mar\u021bi vine v\u00e2rful de c\u0103ldur\u0103 \u0218tiri Locale \u0218tiri na\u021bionale \u0219i interna\u021bionale ANM anun\u021b\u0103 canicul\u0103 \u00een Timi\u0219 \u0219i Arad. Mar\u021bi vine v\u00e2rful de c\u0103ldur\u0103 De c\u0103tre redactia &#8211; 10\/08\/2026 Facebook Twitter WhatsApp Linkedin ReddIt Email Imprimare Rom\u00e2nia intr\u0103 din nou sub influen\u021ba unui val de [&hellip;]<\/p>\n","protected":false},"author":1,"featured_media":0,"comment_status":"open","ping_status":"","sticky":false,"template":"","format":"standard","meta":{"footnotes":""},"categories":[89],"tags":[226,189],"class_list":["post-2085934","post","type-post","status-publish","format-standard","hentry","category-romania","tag-crawlmanager","tag-orasul-timisoara-ro"],"_links":{"self":[{"href":"https:\/\/analyse.optim.biz\/index.php?rest_route=\/wp\/v2\/posts\/2085934","targetHints":{"allow":["GET"]}}],"collection":[{"href":"https:\/\/analyse.optim.biz\/index.php?rest_route=\/wp\/v2\/posts"}],"about":[{"href":"https:\/\/analyse.optim.biz\/index.php?rest_route=\/wp\/v2\/types\/post"}],"author":[{"embeddable":true,"href":"https:\/\/analyse.optim.biz\/index.php?rest_route=\/wp\/v2\/users\/1"}],"replies":[{"embeddable":true,"href":"https:\/\/analyse.optim.biz\/index.php?rest_route=%2Fwp%2Fv2%2Fcomments&post=2085934"}],"version-history":[{"count":0,"href":"https:\/\/analyse.optim.biz\/index.php?rest_route=\/wp\/v2\/posts\/2085934\/revisions"}],"wp:attachment":[{"href":"https:\/\/analyse.optim.biz\/index.php?rest_route=%2Fwp%2Fv2%2Fmedia&parent=2085934"}],"wp:term":[{"taxonomy":"category","embeddable":true,"href":"https:\/\/analyse.optim.biz\/index.php?rest_route=%2Fwp%2Fv2%2Fcategories&post=2085934"},{"taxonomy":"post_tag","embeddable":true,"href":"https:\/\/analyse.optim.biz\/index.php?rest_route=%2Fwp%2Fv2%2Ftags&post=2085934"}],"curies":[{"name":"wp","href":"https:\/\/api.w.org\/{rel}","templated":true}]}}