{"id":2085933,"date":"2026-08-10T09:00:28","date_gmt":"2026-08-10T06:00:28","guid":{"rendered":"https:\/\/analyse.optim.biz\/?p=2085933"},"modified":"2026-08-10T09:00:28","modified_gmt":"2026-08-10T06:00:28","slug":"bratianu-se-muta-la-azur-in-cladirea-din-centru-vine-shakespeare","status":"publish","type":"post","link":"https:\/\/analyse.optim.biz\/?p=2085933","title":{"rendered":"\u201eBr\u0103tianu\u201d se mut\u0103 la Azur. \u00cen cl\u0103direa din centru vine \u201eShakespeare\u201d"},"content":{"rendered":"<p>[analyse_image type=&#8221;featured&#8221; src=&#8221;https:\/\/www.tion.ro\/wp-content\/uploads\/2026\/08\/+otf\/1200&#215;630\/xST1t77RSMZpkMLa5zO5rk5PVF9WRVJZX1NFQ7ir0f6YxEN__SHO1jTPK4SPksV0GykfD4plFF6DjMxn8ToxyXD8umHwDcB6__z51ldChzg5wVS8yYaltbxrEnTDY=\/63521554690676055727460687129903473647693052245954n.jpg&#8221;]<\/p>\n<article id=\"post-2331228\" class>\n<div class=\"entry-content clearfix\">\n<div class=\"enewsArticleContent\">\n<p>Prim\u0103ria Timi\u0219oara a elaborat \u0219i publicat proiectul privind \u201emodificarea re\u021belei \u0219colare a unit\u0103\u021bilor de \u00eenv\u0103\u021b\u0103m\u00e2nt preuniversitar de stat din Municipiul Timi\u0219oara pentru anul \u0219colar 2026-2027\u201d. Practic, re\u021beaua de \u00eenv\u0103\u021b\u0103m\u00e2nt ar urma s\u0103 sufere dou\u0103 modific\u0103ri: Liceul Tehnologic \u201eIon I.C. Br\u0103tianu\u201d se va muta pe Calea Martirilor, \u00een locul fostului Liceu Azur. \u00cen cl\u0103direa din Pia\u021ba Huniade ar urma s\u0103 vin\u0103 clase ale Liceului Teoretic \u201eWilliam Shakespeare\u201d.<\/p>\n<p>Pe scurt, municipalitatea sus\u021bine c\u0103 pentru \u201especializ\u0103rile diverse\u201d din cadrul fostului \u201eMiu\u201d cl\u0103direa din centru \u201enu r\u0103spunde integral acestor cerin\u021be\u201d. Imobilul din Calea Martirilor nr. 64, \u00eens\u0103, ar permite desf\u0103\u0219urarea activit\u0103\u021bilor didactice specifice.<\/p>\n<blockquote>\n<p>\u201e\u00cen definitiv, actualizarea sediului administrativ al Liceului Tehnologic \u00abIon. I. C. Br\u0103tianu\u00bb la adresa Calea Martirilor 64 are ca obiectiv concentrarea activit\u0103\u021bii unit\u0103\u021bii \u00een spa\u021bii adecvate desf\u0103\u0219ur\u0103rii procesului educa\u021bional \u0219i eficientizarea administr\u0103rii patrimoniului \u0219colar la nivelul municipiului. M\u0103sura permite o utilizare mai ra\u021bional\u0103 a spa\u021biilor disponibile \u0219i o administrare unitar\u0103 a bazei materiale.<\/p>\n<p>\u00cen ceea ce prive\u0219te Liceul Teoretic \u00abWilliam Shakespeare\u00bb, modificarea propus\u0103 r\u0103spunde necesit\u0103\u021bii asigur\u0103rii unor spa\u021bii suplimentare pentru desf\u0103\u0219urarea activit\u0103\u021bii didactice, determinate de evolu\u021bia efectivelor de elevi \u0219i de cerin\u021bele organizatorice ale procesului educa\u021bional. Relocarea \u00een Pia\u021ba Iancu Huniade nr. 2 contribuie la \u00eembun\u0103t\u0103\u021birea condi\u021biilor de desf\u0103\u0219urare a activit\u0103\u021bilor didactice \u0219i la utilizarea eficient\u0103 a fondului imobiliar aflat \u00een administrarea Municipiului Timi\u0219oara\u201d, se arat\u0103 \u00een anexele proiectului de hot\u0103r\u00e2re.<\/p>\n<\/blockquote>\n<p>De asemenea, proiectul include \u0219i actualizarea adreselor unor sediil administrative de \u0219coal\u0103 sau, dup\u0103 caz, introducerea sediilor secundare \u00een liste.<\/p>\n<p>P\u00e2n\u0103 la intrarea \u00een vigoare a mut\u0103rilor, mai este nevoie \u0219i aprobare \u00een Consiliul Local Timi\u0219oara. Proiectul de hot\u0103r\u00e2re poate fi consultat <strong><a href=\"https:\/\/www.primariatm.ro\/proiecte-hcl\/31ccdcfe-a39f-41c1-b0c6-bdf38b30e209\" target=\"_blank\" rel=\"noopener\">AICI<\/a><\/strong>.<\/p>\n<h3><strong>Peti\u021bie pentru anularea mut\u0103rii<\/strong><\/h3>\n<p>Mutarea elevilor de la \u201eBr\u0103tianu\u201d a fost anticipat\u0103 \u00eenc\u0103 de acum c\u00e2teva luni. Pe atunci, nemul\u021bumi\u021bi de decizia de a fi trimi\u0219i din centru \u00een Soarelui, p\u0103rin\u021bii \u0219i elevii au lansat o <strong><a href=\"https:\/\/campaniamea.declic.ro\/petitions\/salvati-liceul-nostru\" target=\"_blank\" rel=\"noopener\">peti\u021bie online<\/a><\/strong>, care a ajuns la aproximativ 1.300 de semn\u0103turi.<\/p>\n<blockquote>\n<p>\u201eV\u0103 scriu \u00een numele numele elevilor, numele p\u0103rin\u021bilor \u0219i numele profesorilor ai Liceului Tehnologic \u00abIon I.C. Br\u0103tianu\u00bb Timi\u0219oara pentru a v\u0103 exprima profunda noastr\u0103 \u00eengrijorare \u0219i opozi\u021bie fa\u021b\u0103 de planurile de a muta liceul nostru \u00een alt\u0103 loca\u021bie. Liceul nostru este o institu\u021bie de \u00eenv\u0103\u021b\u0103m\u00e2nt cu o istorie \u00eendelungat\u0103 \u0219i o reputa\u021bie excelent\u0103 \u00een comunitate. Elevii no\u0219tri au ob\u021binut rezultate remarcabile \u00een \u00eenv\u0103\u021b\u0103m\u00e2nt \u0219i au reprezentat cu onoare \u0219coala \u00een diverse competi\u021bii \u0219i activit\u0103\u021bi extracurriculare\u201d, scria, printre altele \u00een peti\u021bie.<\/p>\n<\/blockquote>\n<p>Printre argumentele invocate de ini\u021biatoarea peti\u021biei adresate primarului, consiliului local \u0219i inspectoratului \u0219coalr, se g\u0103seau: dificult\u0103\u021bi de transport pentru elevi \u0219i profesori, pierderea identit\u0103\u021bii \u0219i a spiritului de \u0219coal\u0103, diminuarea calit\u0103\u021bii procesului de \u00eenv\u0103\u021b\u0103m\u00e2nt \u0219i impact negativ asupra dezvolt\u0103rii sociale \u0219i emo\u021bionale a elevilor.<\/p>\n<p>\u00cen ciuda cererilor, prim\u0103ria a mers mai departe cu demersul, iar \u00een urm\u0103 cu dou\u0103 s\u0103pt\u0103m\u00e2ni, dup\u0103 discu\u021bii cu conducerea liceului \u0219i inspectoratul, <strong><a href=\"https:\/\/www.tion.ro\/stirile-judetului-timis\/schimbari-importante-pentru-doua-licee-din-timisoara-2321397\/\" target=\"_blank\" rel=\"noopener\">viceprimarul Ruben La\u021bc\u0103u a transmis c\u0103 mutarea este iminent\u0103<\/a><\/strong>, urm\u00e2nd a se petrece din toamn\u0103, la \u00eenceputul noului an \u0219colar. Situa\u021bia era prezentat\u0103 de acesta ca \u201etransformare a Liceul Azur \u00eentr-un pol tehnologic dedicat meseriilor c\u0103utate pe pia\u021ba muncii\u201d, odat\u0103 cu mutarea Liceului \u201eBr\u0103tianu\u201d aici.<\/p>\n<p>\u00a0<\/p>\n<div class=\"fbShareLikeTwitterAndEmailContainer\">\n<div class=\"wrapper\">\n<div class=\"email\">\n<div id=\"mailto-pop\" class=\"pop-form pop-form-mailto\">\n<div class=\"pop-form-header\">\n<h4>Trimite articolul<\/h4>\n<p><a class=\"pop-form-close\">X<\/a><\/div>\n<\/div>\n<\/div>\n<\/div>\n<\/div>\n<div class=\"tagsContainer\">\n<div class=\"tagsLabel\">Taguri:<\/div>\n<div class=\"tags\">\n<div class=\"tag\"><a href=\"https:\/\/www.tion.ro\/cimke\/liceul-azur\" rel=\"tag\"><span class=\"link\">liceul azur<\/span><span class=\"separator\">,<\/span><\/a><\/div>\n<div class=\"tag\"><a href=\"https:\/\/www.tion.ro\/cimke\/liceul-ion-i-c-bratianu\" rel=\"tag\"><span class=\"link\">liceul ion i.c. br\u0103tianu<\/span><span class=\"separator\">,<\/span><\/a><\/div>\n<div class=\"tag\"><a href=\"https:\/\/www.tion.ro\/cimke\/liceul-william-shakespeare\" rel=\"tag\"><span class=\"link\">liceul william shakespeare<\/span><\/a><\/div>\n<\/div>\n<\/div>\n<div class=\"comments\">\n<div class=\"top\">\n<div class=\"commentsNumber\"><span class=\"number\">3<\/span><span class=\"text\">Comentarii<\/span><\/div>\n<\/div>\n<div class=\"center\">\n<div id=\"respond\" class=\"comment-respond\">\n<h3 id=\"reply-title\" class=\"comment-reply-title\"><small><a rel=\"nofollow\" id=\"cancel-comment-reply-link\" href=\"https:\/\/www.tion.ro\/stirile-judetului-timis\/bratianu-se-muta-la-azur-in-cladirea-din-centru-vine-shakespeare-2331228\/#respond\">Cancel reply<\/a><\/small><\/h3>\n<p class=\"comment-notes\"><span id=\"email-notes\">Your email address will not be published.<\/span><span class=\"required-field-message\">Required fields are marked <span class=\"required\">*<\/span><\/span><\/p>\n<p class=\"commentFormComment\"><span id=\"commentFormCount\"><br \/>\n                            inca<br \/>\n                            <span id=\"countCommentText\">1000<\/span><br \/>\n                            caractere ramase<br \/>\n                        <\/span><\/p>\n<\/div>\n<\/div>\n<div class=\"bottom\">\n<p class=\"forumDisclaimerHuRo\">\n            Citi\u021bi principiile noastre de moderare <a href=\"https:\/\/www.tion.ro\/reguli-postare-comentarii\/\" target=\"_blank\">aici<\/a>!\n        <\/p>\n<\/div>\n<\/div>\n<div id=\"forum\">\n<li class=\"comment even thread-even depth-1 parent\" id=\"comment-1012986\">\n<div id=\"div-comment-1012986\" class=\"comment-body\">\n<div class=\"comment-author vcard\"><img decoding=\"async\" alt src=\"https:\/\/secure.gravatar.com\/avatar\/9633b5f595d0367d07728ebdc7b59f2e?s=32&amp;d=mm&amp;r=g\" class=\"avatar avatar-32 photo\" height=\"32\" width=\"32\" loading=\"lazy\"><cite class=\"fn\">Alin<\/cite><span class=\"says\">says:<\/span><\/div>\n<div class=\"comment-meta commentmetadata\"><a href=\"https:\/\/www.tion.ro\/stirile-judetului-timis\/bratianu-se-muta-la-azur-in-cladirea-din-centru-vine-shakespeare-2331228\/#comment-1012986\">August 10, 2026 at 12:11 pm<\/a><\/div>\n<p>Practic se favorizeaza citeva licee teoretice \u2013 cica mai de elita, probabil de parinti cu pile (vezi si cazul Lenau vs. Industrial 7 \u2013 si se defavorizeaza liceele industriale.<\/p>\n<p>Pretexte \u201cca de aia este necesar, mai bine \u2026\u201d se pot gasi oricind. Ca in bancul cu iepurasul \u201cde ce n-ai basca\u201d!<\/p>\n<p>Sa le fie rusine Primariei (chit ca imi place de Fritz) si Inspectoratului scolar. asa-i daca n-ai pile. Traiasca PCR-ul (Pile Cunostinte Relatii).<\/p>\n<div class=\"reply\"><a rel=\"nofollow\" class=\"comment-reply-link\" href=\"https:\/\/www.tion.ro\/stirile-judetului-timis\/bratianu-se-muta-la-azur-in-cladirea-din-centru-vine-shakespeare-2331228\/#comment-1012986\" data-commentid=\"1012986\" data-postid=\"2331228\" data-belowelement=\"div-comment-1012986\" data-respondelement=\"respond\" data-replyto=\"Reply to Alin\" aria-label=\"Reply to Alin\">Reply<\/a><\/div>\n<\/div>\n<ul class=\"children\">\n<li class=\"comment odd alt depth-2\" id=\"comment-1012995\">\n<div id=\"div-comment-1012995\" class=\"comment-body\">\n<div class=\"comment-author vcard\"><img decoding=\"async\" alt src=\"https:\/\/secure.gravatar.com\/avatar\/28c2b371e442c4c2c0da88fbd61b2069?s=32&amp;d=mm&amp;r=g\" class=\"avatar avatar-32 photo\" height=\"32\" width=\"32\" loading=\"lazy\"><cite class=\"fn\">Alin b\u0103iat fin<\/cite><span class=\"says\">says:<\/span><\/div>\n<div class=\"comment-meta commentmetadata\"><a href=\"https:\/\/www.tion.ro\/stirile-judetului-timis\/bratianu-se-muta-la-azur-in-cladirea-din-centru-vine-shakespeare-2331228\/#comment-1012995\">August 10, 2026 at 12:57 pm<\/a><\/div>\n<p>A\u0219a trebuie, oricum boga\u021bii stau \u00een centru \u0219i s\u0103r\u0103cii la periferie.<\/p>\n<div class=\"reply\"><a rel=\"nofollow\" class=\"comment-reply-link\" href=\"https:\/\/www.tion.ro\/stirile-judetului-timis\/bratianu-se-muta-la-azur-in-cladirea-din-centru-vine-shakespeare-2331228\/#comment-1012995\" data-commentid=\"1012995\" data-postid=\"2331228\" data-belowelement=\"div-comment-1012995\" data-respondelement=\"respond\" data-replyto=\"Reply to Alin b\u0103iat fin\" aria-label=\"Reply to Alin b\u0103iat fin\">Reply<\/a><\/div>\n<\/div>\n<\/li>\n<\/ul>\n<\/li>\n<li class=\"comment even thread-odd thread-alt depth-1\" id=\"comment-1013001\">\n<div id=\"div-comment-1013001\" class=\"comment-body\">\n<div class=\"comment-author vcard\"><img decoding=\"async\" alt src=\"https:\/\/secure.gravatar.com\/avatar\/48f1caf8c86c05eb4798e9da1e6b4c5f?s=32&amp;d=mm&amp;r=g\" class=\"avatar avatar-32 photo\" height=\"32\" width=\"32\" loading=\"lazy\"><cite class=\"fn\">dap<\/cite><span class=\"says\">says:<\/span><\/div>\n<div class=\"comment-meta commentmetadata\"><a href=\"https:\/\/www.tion.ro\/stirile-judetului-timis\/bratianu-se-muta-la-azur-in-cladirea-din-centru-vine-shakespeare-2331228\/#comment-1013001\">August 10, 2026 at 1:08 pm<\/a><\/div>\n<p>dap, Frigz ce parere are? Ah, el nu isi asociaza imaginea sa\u2026 integra (desi gentia nationala de integritate a cam demascat impostura acestui individ) cu deciziile cu potential de scandal, isi scoate la inaintare pechinezul, el doar se trage un poze cu diverse \u201crealizari\u201d, chit ca sunt cu intarzieri aberante, asta abia e motiv sa revina periodic sa ne anunte noi si noi realizari maretze pe aceeasi lucrare intarziata si eventual cu fonduri pierdute, si chit ca sunt realizari la care el n-a avut niciun merit.<br \/>\nMacar la nivel local putem spune ca asta s-a votat, asta avem, asa ca:<\/p>\n<p>Slava!<\/p>\n<div class=\"reply\"><a rel=\"nofollow\" class=\"comment-reply-link\" href=\"https:\/\/www.tion.ro\/stirile-judetului-timis\/bratianu-se-muta-la-azur-in-cladirea-din-centru-vine-shakespeare-2331228\/#comment-1013001\" data-commentid=\"1013001\" data-postid=\"2331228\" data-belowelement=\"div-comment-1013001\" data-respondelement=\"respond\" data-replyto=\"Reply to dap\" aria-label=\"Reply to dap\">Reply<\/a><\/div>\n<\/div>\n<\/li>\n<\/div>\n<\/div>\n<\/div>\n<\/article>\n<div class=\"entry-content clearfix\">\n<div class=\"enewsArticleContent\">\n<p>Prim\u0103ria Timi\u0219oara a elaborat \u0219i publicat proiectul privind \u201emodificarea re\u021belei \u0219colare a unit\u0103\u021bilor de \u00eenv\u0103\u021b\u0103m\u00e2nt preuniversitar de stat din Municipiul Timi\u0219oara pentru anul \u0219colar 2026-2027\u201d. Practic, re\u021beaua de \u00eenv\u0103\u021b\u0103m\u00e2nt ar urma s\u0103 sufere dou\u0103 modific\u0103ri: Liceul Tehnologic \u201eIon I.C. Br\u0103tianu\u201d se va muta pe Calea Martirilor, \u00een locul fostului Liceu Azur. \u00cen cl\u0103direa din Pia\u021ba Huniade ar urma s\u0103 vin\u0103 clase ale Liceului Teoretic \u201eWilliam Shakespeare\u201d.<\/p>\n<p>Pe scurt, municipalitatea sus\u021bine c\u0103 pentru \u201especializ\u0103rile diverse\u201d din cadrul fostului \u201eMiu\u201d cl\u0103direa din centru \u201enu r\u0103spunde integral acestor cerin\u021be\u201d. Imobilul din Calea Martirilor nr. 64, \u00eens\u0103, ar permite desf\u0103\u0219urarea activit\u0103\u021bilor didactice specifice.<\/p>\n<blockquote>\n<p>\u201e\u00cen definitiv, actualizarea sediului administrativ al Liceului Tehnologic \u00abIon. I. C. Br\u0103tianu\u00bb la adresa Calea Martirilor 64 are ca obiectiv concentrarea activit\u0103\u021bii unit\u0103\u021bii \u00een spa\u021bii adecvate desf\u0103\u0219ur\u0103rii procesului educa\u021bional \u0219i eficientizarea administr\u0103rii patrimoniului \u0219colar la nivelul municipiului. M\u0103sura permite o utilizare mai ra\u021bional\u0103 a spa\u021biilor disponibile \u0219i o administrare unitar\u0103 a bazei materiale.<\/p>\n<p>\u00cen ceea ce prive\u0219te Liceul Teoretic \u00abWilliam Shakespeare\u00bb, modificarea propus\u0103 r\u0103spunde necesit\u0103\u021bii asigur\u0103rii unor spa\u021bii suplimentare pentru desf\u0103\u0219urarea activit\u0103\u021bii didactice, determinate de evolu\u021bia efectivelor de elevi \u0219i de cerin\u021bele organizatorice ale procesului educa\u021bional. Relocarea \u00een Pia\u021ba Iancu Huniade nr. 2 contribuie la \u00eembun\u0103t\u0103\u021birea condi\u021biilor de desf\u0103\u0219urare a activit\u0103\u021bilor didactice \u0219i la utilizarea eficient\u0103 a fondului imobiliar aflat \u00een administrarea Municipiului Timi\u0219oara\u201d, se arat\u0103 \u00een anexele proiectului de hot\u0103r\u00e2re.<\/p>\n<\/blockquote>\n<p>De asemenea, proiectul include \u0219i actualizarea adreselor unor sediil administrative de \u0219coal\u0103 sau, dup\u0103 caz, introducerea sediilor secundare \u00een liste.<\/p>\n<p>P\u00e2n\u0103 la intrarea \u00een vigoare a mut\u0103rilor, mai este nevoie \u0219i aprobare \u00een Consiliul Local Timi\u0219oara. Proiectul de hot\u0103r\u00e2re poate fi consultat <strong><a href=\"https:\/\/www.primariatm.ro\/proiecte-hcl\/31ccdcfe-a39f-41c1-b0c6-bdf38b30e209\" target=\"_blank\" rel=\"noopener\">AICI<\/a><\/strong>.<\/p>\n<h3><strong>Peti\u021bie pentru anularea mut\u0103rii<\/strong><\/h3>\n<p>Mutarea elevilor de la \u201eBr\u0103tianu\u201d a fost anticipat\u0103 \u00eenc\u0103 de acum c\u00e2teva luni. Pe atunci, nemul\u021bumi\u021bi de decizia de a fi trimi\u0219i din centru \u00een Soarelui, p\u0103rin\u021bii \u0219i elevii au lansat o <strong><a href=\"https:\/\/campaniamea.declic.ro\/petitions\/salvati-liceul-nostru\" target=\"_blank\" rel=\"noopener\">peti\u021bie online<\/a><\/strong>, care a ajuns la aproximativ 1.300 de semn\u0103turi.<\/p>\n<blockquote>\n<p>\u201eV\u0103 scriu \u00een numele numele elevilor, numele p\u0103rin\u021bilor \u0219i numele profesorilor ai Liceului Tehnologic \u00abIon I.C. Br\u0103tianu\u00bb Timi\u0219oara pentru a v\u0103 exprima profunda noastr\u0103 \u00eengrijorare \u0219i opozi\u021bie fa\u021b\u0103 de planurile de a muta liceul nostru \u00een alt\u0103 loca\u021bie. Liceul nostru este o institu\u021bie de \u00eenv\u0103\u021b\u0103m\u00e2nt cu o istorie \u00eendelungat\u0103 \u0219i o reputa\u021bie excelent\u0103 \u00een comunitate. Elevii no\u0219tri au ob\u021binut rezultate remarcabile \u00een \u00eenv\u0103\u021b\u0103m\u00e2nt \u0219i au reprezentat cu onoare \u0219coala \u00een diverse competi\u021bii \u0219i activit\u0103\u021bi extracurriculare\u201d, scria, printre altele \u00een peti\u021bie.<\/p>\n<\/blockquote>\n<p>Printre argumentele invocate de ini\u021biatoarea peti\u021biei adresate primarului, consiliului local \u0219i inspectoratului \u0219coalr, se g\u0103seau: dificult\u0103\u021bi de transport pentru elevi \u0219i profesori, pierderea identit\u0103\u021bii \u0219i a spiritului de \u0219coal\u0103, diminuarea calit\u0103\u021bii procesului de \u00eenv\u0103\u021b\u0103m\u00e2nt \u0219i impact negativ asupra dezvolt\u0103rii sociale \u0219i emo\u021bionale a elevilor.<\/p>\n<p>\u00cen ciuda cererilor, prim\u0103ria a mers mai departe cu demersul, iar \u00een urm\u0103 cu dou\u0103 s\u0103pt\u0103m\u00e2ni, dup\u0103 discu\u021bii cu conducerea liceului \u0219i inspectoratul, <strong><a href=\"https:\/\/www.tion.ro\/stirile-judetului-timis\/schimbari-importante-pentru-doua-licee-din-timisoara-2321397\/\" target=\"_blank\" rel=\"noopener\">viceprimarul Ruben La\u021bc\u0103u a transmis c\u0103 mutarea este iminent\u0103<\/a><\/strong>, urm\u00e2nd a se petrece din toamn\u0103, la \u00eenceputul noului an \u0219colar. Situa\u021bia era prezentat\u0103 de acesta ca \u201etransformare a Liceul Azur \u00eentr-un pol tehnologic dedicat meseriilor c\u0103utate pe pia\u021ba muncii\u201d, odat\u0103 cu mutarea Liceului \u201eBr\u0103tianu\u201d aici.<\/p>\n<p>\u00a0<\/p>\n<div class=\"fbShareLikeTwitterAndEmailContainer\">\n<div class=\"wrapper\">\n<div class=\"email\">\n<div id=\"mailto-pop\" class=\"pop-form pop-form-mailto\">\n<div class=\"pop-form-header\">\n<h4>Trimite articolul<\/h4>\n<p><a class=\"pop-form-close\">X<\/a><\/div>\n<\/div>\n<\/div>\n<\/div>\n<\/div>\n<div class=\"tagsContainer\">\n<div class=\"tagsLabel\">Taguri:<\/div>\n<div class=\"tags\">\n<div class=\"tag\"><a href=\"https:\/\/www.tion.ro\/cimke\/liceul-azur\" rel=\"tag\"><span class=\"link\">liceul azur<\/span><span class=\"separator\">,<\/span><\/a><\/div>\n<div class=\"tag\"><a href=\"https:\/\/www.tion.ro\/cimke\/liceul-ion-i-c-bratianu\" rel=\"tag\"><span class=\"link\">liceul ion i.c. br\u0103tianu<\/span><span class=\"separator\">,<\/span><\/a><\/div>\n<div class=\"tag\"><a href=\"https:\/\/www.tion.ro\/cimke\/liceul-william-shakespeare\" rel=\"tag\"><span class=\"link\">liceul william shakespeare<\/span><\/a><\/div>\n<\/div>\n<\/div>\n<div class=\"comments\">\n<div class=\"top\">\n<div class=\"commentsNumber\"><span class=\"number\">3<\/span><span class=\"text\">Comentarii<\/span><\/div>\n<\/div>\n<div class=\"center\">\n<div id=\"respond\" class=\"comment-respond\">\n<h3 id=\"reply-title\" class=\"comment-reply-title\"><small><a rel=\"nofollow\" id=\"cancel-comment-reply-link\" href=\"https:\/\/www.tion.ro\/stirile-judetului-timis\/bratianu-se-muta-la-azur-in-cladirea-din-centru-vine-shakespeare-2331228\/#respond\">Cancel reply<\/a><\/small><\/h3>\n<p class=\"comment-notes\"><span id=\"email-notes\">Your email address will not be published.<\/span><span class=\"required-field-message\">Required fields are marked <span class=\"required\">*<\/span><\/span><\/p>\n<p class=\"commentFormComment\"><span id=\"commentFormCount\"><br \/>\n                            inca<br \/>\n                            <span id=\"countCommentText\">1000<\/span><br \/>\n                            caractere ramase<br \/>\n                        <\/span><\/p>\n<\/div>\n<\/div>\n<div class=\"bottom\">\n<p class=\"forumDisclaimerHuRo\">\n            Citi\u021bi principiile noastre de moderare <a href=\"https:\/\/www.tion.ro\/reguli-postare-comentarii\/\" target=\"_blank\">aici<\/a>!\n        <\/p>\n<\/div>\n<\/div>\n<div id=\"forum\">\n<li class=\"comment even thread-even depth-1 parent\" id=\"comment-1012986\">\n<div id=\"div-comment-1012986\" class=\"comment-body\">\n<div class=\"comment-author vcard\"><img decoding=\"async\" alt src=\"https:\/\/secure.gravatar.com\/avatar\/9633b5f595d0367d07728ebdc7b59f2e?s=32&amp;d=mm&amp;r=g\" class=\"avatar avatar-32 photo\" height=\"32\" width=\"32\" loading=\"lazy\"><cite class=\"fn\">Alin<\/cite><span class=\"says\">says:<\/span><\/div>\n<div class=\"comment-meta commentmetadata\"><a href=\"https:\/\/www.tion.ro\/stirile-judetului-timis\/bratianu-se-muta-la-azur-in-cladirea-din-centru-vine-shakespeare-2331228\/#comment-1012986\">August 10, 2026 at 12:11 pm<\/a><\/div>\n<p>Practic se favorizeaza citeva licee teoretice \u2013 cica mai de elita, probabil de parinti cu pile (vezi si cazul Lenau vs. Industrial 7 \u2013 si se defavorizeaza liceele industriale.<\/p>\n<p>Pretexte \u201cca de aia este necesar, mai bine \u2026\u201d se pot gasi oricind. Ca in bancul cu iepurasul \u201cde ce n-ai basca\u201d!<\/p>\n<p>Sa le fie rusine Primariei (chit ca imi place de Fritz) si Inspectoratului scolar. asa-i daca n-ai pile. Traiasca PCR-ul (Pile Cunostinte Relatii).<\/p>\n<div class=\"reply\"><a rel=\"nofollow\" class=\"comment-reply-link\" href=\"https:\/\/www.tion.ro\/stirile-judetului-timis\/bratianu-se-muta-la-azur-in-cladirea-din-centru-vine-shakespeare-2331228\/#comment-1012986\" data-commentid=\"1012986\" data-postid=\"2331228\" data-belowelement=\"div-comment-1012986\" data-respondelement=\"respond\" data-replyto=\"Reply to Alin\" aria-label=\"Reply to Alin\">Reply<\/a><\/div>\n<\/div>\n<ul class=\"children\">\n<li class=\"comment odd alt depth-2\" id=\"comment-1012995\">\n<div id=\"div-comment-1012995\" class=\"comment-body\">\n<div class=\"comment-author vcard\"><img decoding=\"async\" alt src=\"https:\/\/secure.gravatar.com\/avatar\/28c2b371e442c4c2c0da88fbd61b2069?s=32&amp;d=mm&amp;r=g\" class=\"avatar avatar-32 photo\" height=\"32\" width=\"32\" loading=\"lazy\"><cite class=\"fn\">Alin b\u0103iat fin<\/cite><span class=\"says\">says:<\/span><\/div>\n<div class=\"comment-meta commentmetadata\"><a href=\"https:\/\/www.tion.ro\/stirile-judetului-timis\/bratianu-se-muta-la-azur-in-cladirea-din-centru-vine-shakespeare-2331228\/#comment-1012995\">August 10, 2026 at 12:57 pm<\/a><\/div>\n<p>A\u0219a trebuie, oricum boga\u021bii stau \u00een centru \u0219i s\u0103r\u0103cii la periferie.<\/p>\n<div class=\"reply\"><a rel=\"nofollow\" class=\"comment-reply-link\" href=\"https:\/\/www.tion.ro\/stirile-judetului-timis\/bratianu-se-muta-la-azur-in-cladirea-din-centru-vine-shakespeare-2331228\/#comment-1012995\" data-commentid=\"1012995\" data-postid=\"2331228\" data-belowelement=\"div-comment-1012995\" data-respondelement=\"respond\" data-replyto=\"Reply to Alin b\u0103iat fin\" aria-label=\"Reply to Alin b\u0103iat fin\">Reply<\/a><\/div>\n<\/div>\n<\/li>\n<\/ul>\n<\/li>\n<li class=\"comment even thread-odd thread-alt depth-1\" id=\"comment-1013001\">\n<div id=\"div-comment-1013001\" class=\"comment-body\">\n<div class=\"comment-author vcard\"><img decoding=\"async\" alt src=\"https:\/\/secure.gravatar.com\/avatar\/48f1caf8c86c05eb4798e9da1e6b4c5f?s=32&amp;d=mm&amp;r=g\" class=\"avatar avatar-32 photo\" height=\"32\" width=\"32\" loading=\"lazy\"><cite class=\"fn\">dap<\/cite><span class=\"says\">says:<\/span><\/div>\n<div class=\"comment-meta commentmetadata\"><a href=\"https:\/\/www.tion.ro\/stirile-judetului-timis\/bratianu-se-muta-la-azur-in-cladirea-din-centru-vine-shakespeare-2331228\/#comment-1013001\">August 10, 2026 at 1:08 pm<\/a><\/div>\n<p>dap, Frigz ce parere are? Ah, el nu isi asociaza imaginea sa\u2026 integra (desi gentia nationala de integritate a cam demascat impostura acestui individ) cu deciziile cu potential de scandal, isi scoate la inaintare pechinezul, el doar se trage un poze cu diverse \u201crealizari\u201d, chit ca sunt cu intarzieri aberante, asta abia e motiv sa revina periodic sa ne anunte noi si noi realizari maretze pe aceeasi lucrare intarziata si eventual cu fonduri pierdute, si chit ca sunt realizari la care el n-a avut niciun merit.<br \/>\nMacar la nivel local putem spune ca asta s-a votat, asta avem, asa ca:<\/p>\n<p>Slava!<\/p>\n<div class=\"reply\"><a rel=\"nofollow\" class=\"comment-reply-link\" href=\"https:\/\/www.tion.ro\/stirile-judetului-timis\/bratianu-se-muta-la-azur-in-cladirea-din-centru-vine-shakespeare-2331228\/#comment-1013001\" data-commentid=\"1013001\" data-postid=\"2331228\" data-belowelement=\"div-comment-1013001\" data-respondelement=\"respond\" data-replyto=\"Reply to dap\" aria-label=\"Reply to dap\">Reply<\/a><\/div>\n<\/div>\n<\/li>\n<\/div>\n<\/div>\n<\/div>\n<p>[analyse_source url=&#8221;https:\/\/www.tion.ro\/stirile-judetului-timis\/bratianu-se-muta-la-azur-in-cladirea-din-centru-vine-shakespeare-2331228\/&#8221;]<\/p>\n","protected":false},"excerpt":{"rendered":"<p>[analyse_image type=&#8221;featured&#8221; src=&#8221;https:\/\/www.tion.ro\/wp-content\/uploads\/2026\/08\/+otf\/1200&#215;630\/xST1t77RSMZpkMLa5zO5rk5PVF9WRVJZX1NFQ7ir0f6YxEN__SHO1jTPK4SPksV0GykfD4plFF6DjMxn8ToxyXD8umHwDcB6__z51ldChzg5wVS8yYaltbxrEnTDY=\/63521554690676055727460687129903473647693052245954n.jpg&#8221;] Prim\u0103ria Timi\u0219oara a elaborat \u0219i publicat proiectul privind \u201emodificarea re\u021belei \u0219colare a unit\u0103\u021bilor de \u00eenv\u0103\u021b\u0103m\u00e2nt preuniversitar de stat din Municipiul Timi\u0219oara pentru anul \u0219colar 2026-2027\u201d. Practic, re\u021beaua de \u00eenv\u0103\u021b\u0103m\u00e2nt ar urma s\u0103 sufere dou\u0103 modific\u0103ri: Liceul Tehnologic \u201eIon I.C. Br\u0103tianu\u201d se va muta pe Calea Martirilor, \u00een locul fostului Liceu Azur. \u00cen [&hellip;]<\/p>\n","protected":false},"author":1,"featured_media":0,"comment_status":"open","ping_status":"","sticky":false,"template":"","format":"standard","meta":{"footnotes":""},"categories":[89],"tags":[226,191],"class_list":["post-2085933","post","type-post","status-publish","format-standard","hentry","category-romania","tag-crawlmanager","tag-tion-ro"],"_links":{"self":[{"href":"https:\/\/analyse.optim.biz\/index.php?rest_route=\/wp\/v2\/posts\/2085933","targetHints":{"allow":["GET"]}}],"collection":[{"href":"https:\/\/analyse.optim.biz\/index.php?rest_route=\/wp\/v2\/posts"}],"about":[{"href":"https:\/\/analyse.optim.biz\/index.php?rest_route=\/wp\/v2\/types\/post"}],"author":[{"embeddable":true,"href":"https:\/\/analyse.optim.biz\/index.php?rest_route=\/wp\/v2\/users\/1"}],"replies":[{"embeddable":true,"href":"https:\/\/analyse.optim.biz\/index.php?rest_route=%2Fwp%2Fv2%2Fcomments&post=2085933"}],"version-history":[{"count":0,"href":"https:\/\/analyse.optim.biz\/index.php?rest_route=\/wp\/v2\/posts\/2085933\/revisions"}],"wp:attachment":[{"href":"https:\/\/analyse.optim.biz\/index.php?rest_route=%2Fwp%2Fv2%2Fmedia&parent=2085933"}],"wp:term":[{"taxonomy":"category","embeddable":true,"href":"https:\/\/analyse.optim.biz\/index.php?rest_route=%2Fwp%2Fv2%2Fcategories&post=2085933"},{"taxonomy":"post_tag","embeddable":true,"href":"https:\/\/analyse.optim.biz\/index.php?rest_route=%2Fwp%2Fv2%2Ftags&post=2085933"}],"curies":[{"name":"wp","href":"https:\/\/api.w.org\/{rel}","templated":true}]}}