{"id":2085932,"date":"2026-08-09T17:48:34","date_gmt":"2026-08-09T14:48:34","guid":{"rendered":"https:\/\/analyse.optim.biz\/?p=2085932"},"modified":"2026-08-09T17:48:34","modified_gmt":"2026-08-09T14:48:34","slug":"romania-campioana-la-medalii-la-mondialele-u19-de-canotaj-de-la-plovdiv","status":"publish","type":"post","link":"https:\/\/analyse.optim.biz\/?p=2085932","title":{"rendered":"Rom\u00e2nia, campioan\u0103 la medalii la Mondialele U19 de canotaj de la Plovdiv"},"content":{"rendered":"<p>[analyse_image type=&#8221;featured&#8221; src=&#8221;https:\/\/orasul-timisoara.ro\/wp-content\/uploads\/2026\/08\/canotaj-campioni.jpg&#8221;]<\/p>\n<article id=\"post-40159\" class=\"td-post-template-7 post-40159 post type-post status-publish format-standard has-post-thumbnail category-featured category-sport-local category-stiri-nationale-si-internationale tag-81-feminin tag-amsterdam tag-aur tag-bulgaria tag-campionatele-europene tag-campionatele-mondiale-de-canotaj tag-campionatele-mondiale-u19 tag-canotaj tag-canotaj-juniori tag-medalii-romania tag-plovdiv tag-romania-2 tag-sport-romanesc td-container-wrap\">\n<div class=\"td-full-screen-header-image-wrap\">\n<div class=\"td-container td-post-header\">\n<div class=\"td-crumb-container\">\n<div class=\"entry-crumbs\"><span><a title=\"Vede\u021bi toate articolele \u00een Sport Local\" class=\"entry-crumb\" href=\"https:\/\/orasul-timisoara.ro\/local-category\/sport-local\/\">Sport Local<\/a><\/span><span class=\"td-bred-no-url-last\">Rom\u00e2nia, campioan\u0103 la medalii la Mondialele U19 de canotaj de la Plovdiv<\/span><\/div>\n<\/div>\n<div class=\"td-post-header-holder\">\n<div class=\"td-parallax-header\">\n<header class=\"td-post-title\">\n<ul class=\"td-category\">\n<li class=\"entry-category\"><a href=\"https:\/\/orasul-timisoara.ro\/local-category\/sport-local\/\">Sport Local<\/a><\/li>\n<li class=\"entry-category\"><a href=\"https:\/\/orasul-timisoara.ro\/local-category\/stiri-nationale-si-internationale\/\">\u0218tiri na\u021bionale \u0219i interna\u021bionale<\/a><\/li>\n<\/ul>\n<h1 class=\"entry-title\">Rom\u00e2nia, campioan\u0103 la medalii la Mondialele U19 de canotaj de la Plovdiv<\/h1>\n<div class=\"td-module-meta-info\">\n<div class=\"td-post-author-name\">\n<div class=\"td-author-by\">De c\u0103tre<\/div>\n<p><a href=\"https:\/\/orasul-timisoara.ro\/author\/timisoara\/\">redactia<\/a><\/p>\n<div class=\"td-author-line\"> &#8211; <\/div>\n<\/div>\n<p><span class=\"td-post-date\"><time class=\"entry-date updated td-module-date\" datetime=\"2026-08-09T20:48:34+03:00\">09\/08\/2026<\/time><\/span><\/div>\n<\/header>\n<\/div>\n<\/div>\n<\/div>\n<div id=\"td-full-screen-header-image\" class=\"td-image-gradient-style7\"><img decoding=\"async\" class=\"td-backstretch\" src=\"https:\/\/orasul-timisoara.ro\/wp-content\/uploads\/2026\/08\/canotaj-campioni.jpg\"><\/div>\n<\/div>\n<div class=\"td-container\">\n<div class=\"td-pb-row\">\n<div class=\"td-pb-span8 td-main-content\" role=\"main\">\n<div class=\"td-ss-main-content\">\n<div class=\"td-post-sharing-top\">\n<div class=\"td-post-sharing-classic\"><iframe title=\"topFacebookLike\" frameborder src=\"https:\/\/www.facebook.com\/plugins\/like.php?href=https:\/\/orasul-timisoara.ro\/local-40159\/&amp;layout=button_count&amp;show_faces=false&amp;width=105&amp;action=like&amp;colorscheme=light&amp;height=21\"><\/iframe><\/div>\n<div id=\"td_social_sharing_article_top\" class=\"td-post-sharing td-ps-bg td-ps-notext td-post-sharing-style1 \">\n<div class=\"td-post-sharing-visible\"><a class=\"td-social-sharing-button td-social-sharing-button-js td-social-network td-social-facebook\" href=\"https:\/\/www.facebook.com\/sharer.php?u=https%3A%2F%2Forasul-timisoara.ro%2Flocal-40159%2F\" title=\"Facebook\"><\/p>\n<div class=\"td-social-but-text\">Facebook<\/div>\n<p><\/a><a class=\"td-social-sharing-button td-social-sharing-button-js td-social-network td-social-twitter\" href=\"https:\/\/twitter.com\/intent\/tweet?text=Rom%C3%A2nia%2C+campioan%C4%83+la+medalii+la+Mondialele+U19+de+canotaj+de+la+Plovdiv&amp;url=https%3A%2F%2Forasul-timisoara.ro%2Flocal-40159%2F&amp;via=orasultm\" title=\"Twitter\"><\/p>\n<div class=\"td-social-but-text\">Twitter<\/div>\n<p><\/a><a class=\"td-social-sharing-button td-social-sharing-button-js td-social-network td-social-whatsapp\" href=\"https:\/\/api.whatsapp.com\/send?text=Rom%C3%A2nia%2C+campioan%C4%83+la+medalii+la+Mondialele+U19+de+canotaj+de+la+Plovdiv%20%0A%0A%20https:\/\/orasul-timisoara.ro\/local-40159\/\" title=\"WhatsApp\"><\/p>\n<div class=\"td-social-but-text\">WhatsApp<\/div>\n<p><\/a><a class=\"td-social-sharing-button td-social-sharing-button-js td-social-network td-social-linkedin\" href=\"https:\/\/www.linkedin.com\/shareArticle?mini=true&amp;url=https:\/\/orasul-timisoara.ro\/local-40159\/&amp;title=Rom%C3%A2nia%2C+campioan%C4%83+la+medalii+la+Mondialele+U19+de+canotaj+de+la+Plovdiv\" title=\"Linkedin\"><\/p>\n<div class=\"td-social-but-text\">Linkedin<\/div>\n<p><\/a><a class=\"td-social-sharing-button td-social-sharing-button-js td-social-network td-social-reddit\" href=\"https:\/\/reddit.com\/submit?url=https:\/\/orasul-timisoara.ro\/local-40159\/&amp;title=Rom%C3%A2nia%2C+campioan%C4%83+la+medalii+la+Mondialele+U19+de+canotaj+de+la+Plovdiv\" title=\"ReddIt\"><\/p>\n<div class=\"td-social-but-text\">ReddIt<\/div>\n<p><\/a><a class=\"td-social-sharing-button td-social-sharing-button-js td-social-network td-social-mail\" href=\"mailto:?subject=Rom%C3%A2nia,%20campioan%C4%83%20la%20medalii%20la%20Mondialele%20U19%20de%20canotaj%20de%20la%20Plovdiv&amp;body=https:\/\/orasul-timisoara.ro\/local-40159\/\" title=\"Email\"><\/p>\n<div class=\"td-social-but-text\">Email<\/div>\n<p><\/a><a class=\"td-social-sharing-button td-social-sharing-button-js td-social-network td-social-print\" href=\"https:\/\/orasul-timisoara.ro\/local-40159\/\" title=\"Imprimare\"><\/p>\n<div class=\"td-social-but-text\">Imprimare<\/div>\n<p><\/a><\/div>\n<\/div>\n<\/div>\n<div class=\"td-post-content tagdiv-type\">\n<p class=\"wp-block-paragraph\">Rom\u00e2nia a \u00eencheiat Campionatele Mondiale de canotaj U19 de la Plovdiv, Bulgaria, pe primul loc \u00een clasamentul pe medalii, dup\u0103 ce sportivii tricolori au ob\u021binut trei medalii de aur, una de argint \u0219i dou\u0103 de bronz. Performan\u021ba confirm\u0103 rezultatele foarte bune \u00eenregistrate de juniorii rom\u00e2ni \u00een competi\u021biile interna\u021bionale din acest sezon.<\/p>\n<p class=\"wp-block-paragraph\">Ultima zi de concurs a adus Rom\u00e2niei \u00eenc\u0103 o medalie de aur, \u00een proba de 8+1 feminin, dup\u0103 ce echipajele tricolore cuceriser\u0103 dou\u0103 titluri mondiale \u00een ziua precedent\u0103. Rom\u00e2nia a mai ob\u021binut argintul \u00een proba de opt rame cu c\u00e2rmaci mixt \u0219i medalii de bronz la dublu v\u00e2sle feminin \u0219i patru v\u00e2sle feminin.<\/p>\n<h2 class=\"wp-block-heading\">Rom\u00e2nia, trei titluri mondiale la Plovdiv<\/h2>\n<p class=\"wp-block-paragraph\">Cel mai valoros rezultat al delega\u021biei Rom\u00e2niei a fost ob\u021binerea celor trei medalii de aur, \u00een probele de 8+1 feminin, dublu rame masculin \u0219i patru rame feminin.<\/p>\n<p class=\"wp-block-paragraph\">Titlul mondial la 8+1 feminin a fost cucerit \u00een ultima zi a competi\u021biei de echipajul format din Teodora Sandu, Carolina P\u0103nu\u021b\u0103, Elena Bianca Ni\u021bu, Maya Renata Bumbac, Elena Denisa Baciu, Mariana Casu, Angela Gabriela Cazacu, M\u0103d\u0103lina-Dumitri\u021ba Ursaciuc \u0219i Sarra-Maria Vasca.<\/p>\n<p class=\"wp-block-paragraph\">Echipajul rom\u00e2nesc a \u00eencheiat finala cu timpul de 6:16.02, devans\u00e2nd Germania cu mai mult de dou\u0103 secunde. Marea Britanie a ocupat locul al treilea, la aproximativ opt secunde \u00een urma campioanei mondiale.<\/p>\n<h2 class=\"wp-block-heading\">Argint pentru echipajul mixt de opt rame cu c\u00e2rmaci<\/h2>\n<p class=\"wp-block-paragraph\">A doua zi de concurs a adus Rom\u00e2niei \u0219i o medalie de argint, \u00een proba de opt rame cu c\u00e2rmaci mixt.<\/p>\n<p class=\"wp-block-paragraph\">Pe locul secund s-a clasat echipajul alc\u0103tuit din Anca-Andreea Culidiuc, Denisa Mihaela Vasilica, R\u0103zvan Ioan Marin, Andrei Mihai B\u0103lan, Radu-Andrei Enescu, Dumitru Cristian Pascari, Marina Ariana Balint, Jessica Popescu \u0219i Sarra-Maria Vasca.<\/p>\n<p class=\"wp-block-paragraph\">Rezultatul a completat palmaresul delega\u021biei tricolore \u0219i a contribuit la pozi\u021bionarea Rom\u00e2niei \u00een fruntea clasamentului general pe medalii.<\/p>\n<h2 class=\"wp-block-heading\">Dou\u0103 medalii de bronz pentru Rom\u00e2nia<\/h2>\n<p class=\"wp-block-paragraph\">Pe l\u00e2ng\u0103 cele trei titluri mondiale \u0219i medalia de argint, Rom\u00e2nia a mai urcat de dou\u0103 ori pe treapta a treia a podiumului.<\/p>\n<p class=\"wp-block-paragraph\">Medaliile de bronz au fost ob\u021binute \u00een probele de dublu v\u00e2sle feminin (JW2x) \u0219i patru v\u00e2sle feminin (JW4x). Astfel, bilan\u021bul final al Rom\u00e2niei la Plovdiv a ajuns la \u0219ase medalii.<\/p>\n<h2 class=\"wp-block-heading\">Rom\u00e2nia a dominat clasamentul pe medalii<\/h2>\n<p class=\"wp-block-paragraph\">Cu trei medalii de aur, una de argint \u0219i dou\u0103 de bronz, Rom\u00e2nia a \u00eencheiat Campionatele Mondiale U19 de la Plovdiv pe primul loc \u00een clasamentul pe medalii.<\/p>\n<p class=\"wp-block-paragraph\">Rezultatul vine dup\u0103 o perioad\u0103 foarte bun\u0103 pentru canotajul juvenil rom\u00e2nesc. Cu o s\u0103pt\u0103m\u00e2n\u0103 \u00eenaintea Mondialelor U19, Rom\u00e2nia \u00eencheiase \u0219i Campionatele Europene cu opt medalii, dintre care \u0219ase de aur, una de argint \u0219i una de bronz.<\/p>\n<h2 class=\"wp-block-heading\">Urmeaz\u0103 Campionatele Mondiale de seniori de la Amsterdam<\/h2>\n<p class=\"wp-block-paragraph\">Sezonul interna\u021bional continu\u0103 pentru canotajul rom\u00e2nesc cu o competi\u021bie major\u0103 dedicat\u0103 seniorilor.<\/p>\n<p class=\"wp-block-paragraph\">Campionatele Mondiale de canotaj pentru seniori sunt programate la Amsterdam, \u00een Olanda, \u00een perioada 24\u201330 august. Rom\u00e2nia va \u00eencerca s\u0103 continue seria rezultatelor bune ob\u021binute \u00een competi\u021biile europene \u0219i mondiale din acest an.<\/p>\n<h2 class=\"wp-block-heading\">Un nou rezultat important pentru canotajul rom\u00e2nesc<\/h2>\n<p class=\"wp-block-paragraph\">Performan\u021ba de la Plovdiv confirm\u0103 nivelul ridicat atins de canotajul rom\u00e2nesc la categoria U19. Cele \u0219ase medalii ob\u021binute la Campionatele Mondiale, dintre care trei de aur, plaseaz\u0103 Rom\u00e2nia \u00een fruntea ierarhiei pe na\u021biuni \u0219i \u00eencheie cu succes participarea tricolorilor la competi\u021bia din Bulgaria.<\/p>\n<\/div>\n<footer>\n<div class=\"td-post-source-tags\">\n<ul class=\"td-tags td-post-small-box clearfix\">\n<li><span>ETICHETE<\/span><\/li>\n<li><a href=\"https:\/\/orasul-timisoara.ro\/local-tag\/81-feminin\/\">8+1 feminin<\/a><\/li>\n<li><a href=\"https:\/\/orasul-timisoara.ro\/local-tag\/amsterdam\/\">amsterdam<\/a><\/li>\n<li><a href=\"https:\/\/orasul-timisoara.ro\/local-tag\/aur\/\">aur<\/a><\/li>\n<li><a href=\"https:\/\/orasul-timisoara.ro\/local-tag\/bulgaria\/\">bulgaria<\/a><\/li>\n<li><a href=\"https:\/\/orasul-timisoara.ro\/local-tag\/campionatele-europene\/\">campionatele europene<\/a><\/li>\n<li><a href=\"https:\/\/orasul-timisoara.ro\/local-tag\/campionatele-mondiale-de-canotaj\/\">Campionatele Mondiale de canotaj<\/a><\/li>\n<li><a href=\"https:\/\/orasul-timisoara.ro\/local-tag\/campionatele-mondiale-u19\/\">Campionatele Mondiale U19<\/a><\/li>\n<li><a href=\"https:\/\/orasul-timisoara.ro\/local-tag\/canotaj\/\">canotaj<\/a><\/li>\n<li><a href=\"https:\/\/orasul-timisoara.ro\/local-tag\/canotaj-juniori\/\">canotaj juniori<\/a><\/li>\n<li><a href=\"https:\/\/orasul-timisoara.ro\/local-tag\/medalii-romania\/\">medalii Rom\u00e2nia<\/a><\/li>\n<li><a href=\"https:\/\/orasul-timisoara.ro\/local-tag\/plovdiv\/\">Plovdiv<\/a><\/li>\n<li><a href=\"https:\/\/orasul-timisoara.ro\/local-tag\/romania-2\/\">rom\u00e2nia<\/a><\/li>\n<li><a href=\"https:\/\/orasul-timisoara.ro\/local-tag\/sport-romanesc\/\">sport rom\u00e2nesc<\/a><\/li>\n<\/ul>\n<\/div>\n<div class=\"td-post-sharing-bottom\">\n<div class=\"td-post-sharing-classic\"><iframe title=\"bottomFacebookLike\" frameborder src=\"https:\/\/www.facebook.com\/plugins\/like.php?href=https:\/\/orasul-timisoara.ro\/local-40159\/&amp;layout=button_count&amp;show_faces=false&amp;width=105&amp;action=like&amp;colorscheme=light&amp;height=21\"><\/iframe><\/div>\n<div id=\"td_social_sharing_article_bottom\" class=\"td-post-sharing td-ps-bg td-ps-notext td-post-sharing-style1 \">\n<div class=\"td-post-sharing-visible\"><a class=\"td-social-sharing-button td-social-sharing-button-js td-social-network td-social-facebook\" href=\"https:\/\/www.facebook.com\/sharer.php?u=https%3A%2F%2Forasul-timisoara.ro%2Flocal-40159%2F\" title=\"Facebook\"><\/p>\n<div class=\"td-social-but-text\">Facebook<\/div>\n<p><\/a><a class=\"td-social-sharing-button td-social-sharing-button-js td-social-network td-social-twitter\" href=\"https:\/\/twitter.com\/intent\/tweet?text=Rom%C3%A2nia%2C+campioan%C4%83+la+medalii+la+Mondialele+U19+de+canotaj+de+la+Plovdiv&amp;url=https%3A%2F%2Forasul-timisoara.ro%2Flocal-40159%2F&amp;via=orasultm\" title=\"Twitter\"><\/p>\n<div class=\"td-social-but-text\">Twitter<\/div>\n<p><\/a><a class=\"td-social-sharing-button td-social-sharing-button-js td-social-network td-social-whatsapp\" href=\"https:\/\/api.whatsapp.com\/send?text=Rom%C3%A2nia%2C+campioan%C4%83+la+medalii+la+Mondialele+U19+de+canotaj+de+la+Plovdiv%20%0A%0A%20https:\/\/orasul-timisoara.ro\/local-40159\/\" title=\"WhatsApp\"><\/p>\n<div class=\"td-social-but-text\">WhatsApp<\/div>\n<p><\/a><a class=\"td-social-sharing-button td-social-sharing-button-js td-social-network td-social-linkedin\" href=\"https:\/\/www.linkedin.com\/shareArticle?mini=true&amp;url=https:\/\/orasul-timisoara.ro\/local-40159\/&amp;title=Rom%C3%A2nia%2C+campioan%C4%83+la+medalii+la+Mondialele+U19+de+canotaj+de+la+Plovdiv\" title=\"Linkedin\"><\/p>\n<div class=\"td-social-but-text\">Linkedin<\/div>\n<p><\/a><a class=\"td-social-sharing-button td-social-sharing-button-js td-social-network td-social-reddit\" href=\"https:\/\/reddit.com\/submit?url=https:\/\/orasul-timisoara.ro\/local-40159\/&amp;title=Rom%C3%A2nia%2C+campioan%C4%83+la+medalii+la+Mondialele+U19+de+canotaj+de+la+Plovdiv\" title=\"ReddIt\"><\/p>\n<div class=\"td-social-but-text\">ReddIt<\/div>\n<p><\/a><a class=\"td-social-sharing-button td-social-sharing-button-js td-social-network td-social-mail\" href=\"mailto:?subject=Rom%C3%A2nia,%20campioan%C4%83%20la%20medalii%20la%20Mondialele%20U19%20de%20canotaj%20de%20la%20Plovdiv&amp;body=https:\/\/orasul-timisoara.ro\/local-40159\/\" title=\"Email\"><\/p>\n<div class=\"td-social-but-text\">Email<\/div>\n<p><\/a><a class=\"td-social-sharing-button td-social-sharing-button-js td-social-network td-social-print\" href=\"https:\/\/orasul-timisoara.ro\/local-40159\/\" title=\"Imprimare\"><\/p>\n<div class=\"td-social-but-text\">Imprimare<\/div>\n<p><\/a><\/div>\n<\/div>\n<\/div>\n<div class=\"td-block-row td-post-next-prev\">\n<div class=\"td-block-span6 td-post-prev-post\">\n<div class=\"td-post-next-prev-content\"><span>Articolul precedent<\/span><a href=\"https:\/\/orasul-timisoara.ro\/local-40157\/\">Noi \u00eentreruperi de ap\u0103 \u00een Timi\u0219oara pe 10 \u0219i 11 august. Str\u0103zile afectate<\/a><\/div>\n<\/div>\n<div class=\"td-block-span6 td-post-next-post\">\n<div class=\"td-post-next-prev-content\"><span>Articolul urm\u0103tor<\/span><a href=\"https:\/\/orasul-timisoara.ro\/local-40162\/\">Alert\u0103 \u00een sta\u021bia Petro\u0219ani: plac\u0103 de beton \u0219i componente ale unui macaz, g\u0103site pe linie<\/a><\/div>\n<\/div>\n<\/div>\n<div class=\"td-author-name vcard author\"><span class=\"fn\"><a href=\"https:\/\/orasul-timisoara.ro\/author\/timisoara\/\">redactia<\/a><\/span><\/div>\n<p><span class=\"td-page-meta\"><\/span><span class=\"td-page-meta\"><span class=\"td-page-meta\"><\/span><\/span><span class=\"td-page-meta\"><\/span><\/footer>\n<div class=\"td_block_wrap td_block_related_posts tdi_3 td_with_ajax_pagination td-pb-border-top td_block_template_8\" data-td-block-uid=\"tdi_3\">\n<h4 class=\"td-related-title td-block-title\"><a id=\"tdi_4\" class=\"td-related-left td-cur-simple-item\" data-td_filter_value data-td_block_id=\"tdi_3\" href=\"https:\/\/orasul-timisoara.ro\/local-40159\/\">ARTICOLE SIMILARE<\/a><a id=\"tdi_5\" class=\"td-related-right\" data-td_filter_value=\"td_related_more_from_author\" data-td_block_id=\"tdi_3\" href=\"https:\/\/orasul-timisoara.ro\/local-40159\/\">DE LA ACELA\u0218I AUTOR<\/a><\/h4>\n<div id=\"tdi_3\" class=\"td_block_inner\">\n<div class=\"td-related-row\">\n<div class=\"td-related-span4\">\n<div class=\"td_module_related_posts td-animation-stack td_mod_related_posts\">\n<div class=\"td-module-image\">\n<div class=\"td-module-thumb\"><a href=\"https:\/\/orasul-timisoara.ro\/local-40076\/\" rel=\"bookmark\" class=\"td-image-wrap \" title=\"Liviu Gherman acuz\u0103 o campanie de denigrare dup\u0103 procesul c\u00e2\u0219tigat \u00eempotriva Prim\u0103riei S\u00e2nandrei \u0219i public\u0103 documente: \u201eAm c\u00e2\u0219tigat \u00een instan\u021b\u0103, dar autorit\u0103\u021bile refuz\u0103 s\u0103 restituie sumele\u201d\"><img loading=\"lazy\" decoding=\"async\" class=\"entry-thumb\" src=\"https:\/\/orasul-timisoara.ro\/wp-content\/uploads\/2026\/08\/liviu-ghrerman-biaren-timisoara-436x300.jpg\" alt title=\"Liviu Gherman acuz\u0103 o campanie de denigrare dup\u0103 procesul c\u00e2\u0219tigat \u00eempotriva Prim\u0103riei S\u00e2nandrei \u0219i public\u0103 documente: \u201eAm c\u00e2\u0219tigat \u00een instan\u021b\u0103, dar autorit\u0103\u021bile refuz\u0103 s\u0103 restituie sumele\u201d\" width=\"218\" height=\"150\"><\/a><\/div>\n<\/div>\n<div class=\"item-details\">\n<h3 class=\"entry-title td-module-title\"><a href=\"https:\/\/orasul-timisoara.ro\/local-40076\/\" rel=\"bookmark\" title=\"Liviu Gherman acuz\u0103 o campanie de denigrare dup\u0103 procesul c\u00e2\u0219tigat \u00eempotriva Prim\u0103riei S\u00e2nandrei \u0219i public\u0103 documente: \u201eAm c\u00e2\u0219tigat \u00een instan\u021b\u0103, dar autorit\u0103\u021bile refuz\u0103 s\u0103 restituie sumele\u201d\">Liviu Gherman acuz\u0103 o campanie de denigrare dup\u0103 procesul c\u00e2\u0219tigat \u00eempotriva Prim\u0103riei S\u00e2nandrei \u0219i public\u0103 documente: \u201eAm c\u00e2\u0219tigat \u00een instan\u021b\u0103, dar autorit\u0103\u021bile refuz\u0103 s\u0103&#8230;<\/a><\/h3>\n<\/div>\n<\/div>\n<\/div>\n<div class=\"td-related-span4\">\n<div class=\"td_module_related_posts td-animation-stack td_mod_related_posts\">\n<div class=\"td-module-image\">\n<div class=\"td-module-thumb\"><a href=\"https:\/\/orasul-timisoara.ro\/local-39566\/\" rel=\"bookmark\" class=\"td-image-wrap \" title=\"Sondaj politic: PNL reduce diferen\u021ba fa\u021b\u0103 de AUR, PSD este indicat drept principal responsabil pentru criz\u0103\"><img loading=\"lazy\" decoding=\"async\" class=\"entry-thumb\" src=\"https:\/\/orasul-timisoara.ro\/wp-content\/uploads\/2025\/07\/dominic-fritz-ilie-bolojan-436x300.jpg\" alt title=\"Sondaj politic: PNL reduce diferen\u021ba fa\u021b\u0103 de AUR, PSD este indicat drept principal responsabil pentru criz\u0103\" width=\"218\" height=\"150\"><\/a><\/div>\n<\/div>\n<div class=\"item-details\">\n<h3 class=\"entry-title td-module-title\"><a href=\"https:\/\/orasul-timisoara.ro\/local-39566\/\" rel=\"bookmark\" title=\"Sondaj politic: PNL reduce diferen\u021ba fa\u021b\u0103 de AUR, PSD este indicat drept principal responsabil pentru criz\u0103\">Sondaj politic: PNL reduce diferen\u021ba fa\u021b\u0103 de AUR, PSD este indicat drept principal responsabil pentru criz\u0103<\/a><\/h3>\n<\/div>\n<\/div>\n<\/div>\n<div class=\"td-related-span4\">\n<div class=\"td_module_related_posts td-animation-stack td_mod_related_posts\">\n<div class=\"td-module-image\">\n<div class=\"td-module-thumb\"><a href=\"https:\/\/orasul-timisoara.ro\/local-39306\/\" rel=\"bookmark\" class=\"td-image-wrap \" title=\"Guvernul Ve\u0219tea nu a trecut de Parlament. Doar 212 voturi exprimate \u00een plen, 189 pentru si 23 impotriva\"><img loading=\"lazy\" decoding=\"async\" class=\"entry-thumb\" src=\"https:\/\/orasul-timisoara.ro\/wp-content\/uploads\/2026\/06\/Screenshot-2026-06-22-233355-436x300.jpg\" alt title=\"Guvernul Ve\u0219tea nu a trecut de Parlament. Doar 212 voturi exprimate \u00een plen, 189 pentru si 23 impotriva\" width=\"218\" height=\"150\"><\/a><\/div>\n<\/div>\n<div class=\"item-details\">\n<h3 class=\"entry-title td-module-title\"><a href=\"https:\/\/orasul-timisoara.ro\/local-39306\/\" rel=\"bookmark\" title=\"Guvernul Ve\u0219tea nu a trecut de Parlament. Doar 212 voturi exprimate \u00een plen, 189 pentru si 23 impotriva\">Guvernul Ve\u0219tea nu a trecut de Parlament. Doar 212 voturi exprimate \u00een plen, 189 pentru si 23 impotriva<\/a><\/h3>\n<\/div>\n<\/div>\n<\/div>\n<\/div>\n<\/div>\n<\/div>\n<div class=\"comments\" id=\"comments\">\n<div id=\"respond\" class=\"comment-respond\">\n<h3 id=\"reply-title\" class=\"comment-reply-title\">L\u0102SA\u021aI UN MESAJ<\/h3>\n<div class=\"comment-form-input-wrap td-form-comment\">\n<div class=\"td-warning-comment\">V\u0103 rug\u0103m s\u0103 introduce\u021bi comentariul dvs.!<\/div>\n<\/div>\n<div class=\"comment-form-input-wrap td-form-author\">\n<div class=\"td-warning-author\">Introduce\u021bi aici numele dvs.<\/div>\n<\/div>\n<div class=\"comment-form-input-wrap td-form-email\">\n<div class=\"td-warning-email-error\">A\u021bi introdus o adres\u0103 de e-mail incorect\u0103!<\/div>\n<div class=\"td-warning-email\">V\u0103 rug\u0103m s\u0103 introduce\u021bi adresa dvs. de e-mail aici<\/div>\n<\/div>\n<\/div>\n<p class=\"akismet_comment_form_privacy_notice\">Acest site folose\u0219te Akismet pentru a reduce spamul. <a href=\"https:\/\/akismet.com\/privacy\/\" target=\"_blank\" rel=\"nofollow noopener\">Afl\u0103 cum sunt procesate datele comentariilor tale<\/a>.<\/p>\n<\/div>\n<\/div>\n<\/div>\n<div class=\"td-pb-span4 td-main-sidebar\" role=\"complementary\">\n<div class=\"td-ss-main-sidebar\">\n<aside id=\"block-4\" class=\"td_block_template_8 widget block-4 widget_block widget_media_image\">\n<figure class=\"wp-block-image size-full\"><img loading=\"lazy\" decoding=\"async\" width=\"336\" height=\"280\" src=\"https:\/\/orasul-timisoara.ro\/wp-content\/uploads\/2024\/11\/ReTIM-Abonamentul-Verde-Google-Ads-336x280px.gif\" alt class=\"wp-image-29257\"><\/figure>\n<\/aside>\n<div class=\"td_block_wrap td_block_social_counter td_block_widget tdi_6 td-social-style5 td-social-boxed td-pb-border-top td_block_template_8\">\n<div class=\"td-block-title-wrap\">\n<h4 class=\"td-block-title\"><span>Urm\u0103re\u0219te-ne pe Social Media<\/span><\/h4>\n<\/div>\n<div class=\"td-social-list\">\n<div class=\"td_social_type td-pb-margin-side td_social_facebook\">\n<div class=\"td-social-box\"><span class=\"td_social_info td_social_info_counter\">344,595<\/span><span class=\"td_social_info td_social_info_name\">Fani<\/span><span class=\"td_social_button\"><a href=\"https:\/\/www.facebook.com\/247timisoara\" target=\"_blank\" rel=\"nofollow\">\u00cemi place<\/a><\/span><\/div>\n<\/div>\n<div class=\"td_social_type td-pb-margin-side td_social_instagram\">\n<div class=\"td-social-box\"><span class=\"td_social_info td_social_info_counter\">4,416<\/span><span class=\"td_social_info td_social_info_name\">Cititori<\/span><span class=\"td_social_button\"><a href=\"https:\/\/instagram.com\/orasultimisoararo\/\" target=\"_blank\" rel=\"nofollow\">Conecta\u021bi-v\u0103<\/a><\/span><\/div>\n<\/div>\n<div class=\"td_social_type td-pb-margin-side td_social_rss\">\n<div class=\"td-social-box\"><span class=\"td_social_info td_social_info_counter\">12,506<\/span><span class=\"td_social_info td_social_info_name\">Cititori<\/span><span class=\"td_social_button\"><a href=\"https:\/\/orasul-timisoara.ro\/feed\/\" target=\"_blank\" rel=\"nofollow\">Conecta\u021bi-v\u0103<\/a><\/span><\/div>\n<\/div>\n<div class=\"td_social_type td-pb-margin-side td_social_tiktok\">\n<div class=\"td-social-box\"><span class=\"td_social_info td_social_info_counter\">1,500<\/span><span class=\"td_social_info td_social_info_name\">Cititori<\/span><span class=\"td_social_button\"><a href=\"https:\/\/www.tiktok.com\/@orasultimisoara\" target=\"_blank\" rel=\"nofollow\">Conecta\u021bi-v\u0103<\/a><\/span><\/div>\n<\/div>\n<div class=\"td_social_type td-pb-margin-side td_social_twitter\">\n<div class=\"td-social-box\"><span class=\"td_social_info td_social_info_counter\">1,595<\/span><span class=\"td_social_info td_social_info_name\">Cititori<\/span><span class=\"td_social_button\"><a href=\"https:\/\/twitter.com\/orasultm\" target=\"_blank\" rel=\"nofollow\">Conecta\u021bi-v\u0103<\/a><\/span><\/div>\n<\/div>\n<div class=\"td_social_type td-pb-margin-side td_social_youtube\">\n<div class=\"td-social-box\"><span class=\"td_social_info td_social_info_counter\">3,506<\/span><span class=\"td_social_info td_social_info_name\">Abona\u021bi<\/span><span class=\"td_social_button\"><a href=\"https:\/\/www.youtube.com\/channel\/UCQNsQvs2XCSIm1Z-AHRturw?sub_confirmation=1\" target=\"_blank\" rel=\"nofollow\">Abona\u021bi-v\u0103<\/a><\/span><\/div>\n<\/div>\n<\/div>\n<\/div>\n<aside id=\"text-7\" class=\"td_block_template_8 widget text-7 widget_text\">\n<h4 class=\"td-block-title\"><span>C\u0103ut\u0103ri populare pe OTM<\/span><\/h4>\n<div class=\"textwidget\"><a href=\"https:\/\/orasul-timisoara.ro\/?s=timisoara\"><span>Timisoara<\/span><\/a><a href=\"https:\/\/orasul-timisoara.ro\/?s=calin+dobra\"><span>Calin Dobra<\/span><\/a><a href=\"https:\/\/orasul-timisoara.ro\/?s=primaria+timisoara\"><span>Primaria Timisoara<\/span><\/a><a href=\"https:\/\/orasul-timisoara.ro\/?s=dominic+fritz\"><span>Dominic Fritz<\/span><\/a><a href=\"https:\/\/orasul-timisoara.ro\/?s=nicolae+robu\"><span>Nicolae Robu<\/span><\/a><a href=\"https:\/\/orasul-timisoara.ro\/?s=consiliul+local+timisoara\">Consiliul Local Timisoara<\/a><a href=\"https:\/\/orasul-timisoara.ro\/?s=consiliul+judetean+timis\"><span>Consiliul Judetean Timis<\/span><\/a><a href=\"https:\/\/orasul-timisoara.ro\/?s=cjt\"><span>CJT<\/span><\/a><a href=\"https:\/\/orasul-timisoara.ro\/?s=Alfred+Simonis\"><span>Alfred Simonis<\/span><\/a><a href=\"https:\/\/orasul-timisoara.ro\/?s=PNL\"><span>PNL<\/span><\/a><a href=\"https:\/\/orasul-timisoara.ro\/?s=coronavirus\"><span>coronavirus<\/span><\/a><a href=\"https:\/\/orasul-timisoara.ro\/?s=teatru+timisoara\">teatru Timisoara<\/a><a href=\"https:\/\/orasul-timisoara.ro\/?s=restaurante\"><span>restaurante Timisoara<\/span><\/a><a href=\"https:\/\/orasul-timisoara.ro\/?s=diskoteka\"><span>Diskoteka<\/span><\/a><a href=\"https:\/\/orasul-timisoara.ro\/?s=iulius+town\"><span>Iulius Town<\/span><\/a><a href=\"https:\/\/orasul-timisoara.ro\/?s=iulius+mall\"><span>Iulius Mall<\/span><\/a><a href=\"https:\/\/orasul-timisoara.ro\/?s=stpt\"><span>STPT<\/span><\/a><a href=\"https:\/\/orasul-timisoara.ro\/?s=alin+nica\"><span>Alin Nica<\/span><\/a><a href=\"https:\/\/orasul-timisoara.ro\/?s=psd\"><span>PSD<\/span><\/a><a href=\"https:\/\/orasul-timisoara.ro\/?s=aeroport\"><span>Aeroportul International Timisoara<\/span><\/a><a href=\"https:\/\/orasul-timisoara.ro\/?s=babes\"><span>Spitalul Victor Babes Timisoara<\/span><\/a><a href=\"https:\/\/orasul-timisoara.ro\/?s=poli\"><span>Poli Timi\u0219oara<\/span><\/a><a href=\"https:\/\/orasul-timisoara.ro\/?s=carantina\"><span>carantina<\/span><\/a><a href=\"https:\/\/orasul-timisoara.ro\/?s=aquatim\"><span>Aquatim<\/span><\/a><a href=\"https:\/\/orasul-timisoara.ro\/local-category\/stiri-timisoara\/\"><span>Stiri Timisoara<\/span><\/a><a href=\"https:\/\/orasul-timisoara.ro\/local-category\/investitii-in-timisoara\/\"><span>Investi\u021bii in Timi\u0219oara<\/span><\/a><a href=\"https:\/\/orasul-timisoara.ro\/local-9463\/\"><span>shaorma<\/span><\/a><a href=\"https:\/\/orasul-timisoara.ro\/?s=trafic\"><span>trafic rutier<\/span><\/a><a href=\"https:\/\/orasul-timisoara.ro\/?s=politia\"><span>politia locala timisoara<\/span><\/a><a href=\"https:\/\/orasul-timisoara.ro\/?s=roxana\"><span>Roxana Iliescu<\/span><\/a><a href=\"https:\/\/orasul-timisoara.ro\/?s=colterm\"><span>Colterm<\/span><\/a><a href=\"https:\/\/orasul-timisoara.ro\/?s=latcau\"><span>Ruben La\u021bc\u0103u<\/span><\/a><a href=\"https:\/\/orasul-timisoara.ro\/?s=timis\"><span>\u0218tiri din Timi\u0219<\/span><\/a><a href=\"https:\/\/orasul-timisoara.ro\/?s=spital\"><span>Spitale din Timi\u0219oara<\/span><\/a><a href=\"https:\/\/orasul-timisoara.ro\/?s=tabara\"><span>Cosmin Tab\u0103r\u0103<\/span><\/a><\/div>\n<\/aside>\n<aside id=\"rss-2\" class=\"td_block_template_8 widget rss-2 widget_rss\">\n<h4 class=\"td-block-title\"><span><a class=\"rsswidget rss-widget-feed\" href=\"https:\/\/fashionfridays.ro\/feed\"><img decoding=\"async\" class=\"rss-widget-icon\" width=\"14\" height=\"14\" src=\"https:\/\/orasul-timisoara.ro\/wp-includes\/images\/rss.png\" alt=\"RSS\" loading=\"lazy\"><\/a><a class=\"rsswidget rss-widget-title\" href=\"https:\/\/fashionfridays.ro\/\">Fashion Fridays<\/a><\/span><\/h4>\n<ul>\n<li><a class=\"rsswidget\" href=\"https:\/\/fashionfridays.ro\/romania-devine-a-29-a-piata-vogue-o-noua-era-pentru-industria-locala-de-moda\/\">Rom\u00e2nia devine a 29-a pia\u021b\u0103 Vogue: o nou\u0103 er\u0103 pentru industria local\u0103 de mod\u0103<\/a>\n<div class=\"rssSummary\">Revista Vogue \u00ee\u0219i extinde prezen\u021ba global\u0103 \u0219i va fi lansat\u0103 oficial \u00een Rom\u00e2nia \u00een prim\u0103vara anului 2027, marc\u00e2nd intrarea pe cea de-a 29-a pia\u021b\u0103 interna\u021bional\u0103. Proiectul este realizat \u00een parteneriat cu AEMME Publishing, o companie media recent \u00eenfiin\u021bat\u0103, care va publica edi\u021bia local\u0103 sub licen\u021b\u0103. Noua edi\u021bie, Vogue Rom\u00e2nia, \u00ee\u0219i propune s\u0103 combine autoritatea global\u0103 [\u2026]<\/div>\n<\/li>\n<\/ul>\n<\/aside>\n<aside id=\"rss-4\" class=\"td_block_template_8 widget rss-4 widget_rss\">\n<h4 class=\"td-block-title\"><span><a class=\"rsswidget rss-widget-feed\" href=\"https:\/\/emasini.ro\/feed\"><img decoding=\"async\" class=\"rss-widget-icon\" width=\"14\" height=\"14\" src=\"https:\/\/orasul-timisoara.ro\/wp-includes\/images\/rss.png\" alt=\"RSS\" loading=\"lazy\"><\/a><a class=\"rsswidget rss-widget-title\" href=\"https:\/\/emasini.ro\/\">eMasini<\/a><\/span><\/h4>\n<ul>\n<li><a class=\"rsswidget\" href=\"https:\/\/emasini.ro\/bmw-testeaza-noul-i4-convertible-primul-cabrio-electric-accesibil-al-marcii\/\">BMW testeaz\u0103 noul i4 Convertible, primul cabrio electric accesibil al m\u0103rcii<\/a>\n<div class=\"rssSummary\">BMW accelereaz\u0103 dezvoltarea noii genera\u021bii de modele electrice bazate pe platforma Neue Klasse, iar unul dintre cele mai interesante proiecte aflate \u00een teste este viitorul BMW i4 Convertible. Prototipul camuflat a fost surprins pe \u0219osele, confirm\u00e2nd c\u0103 produc\u0103torul german preg\u0103te\u0219te o decapotabil\u0103 electric\u0103 destinat\u0103 unui segment \u00een care oferta este, \u00een prezent, extrem de limitat\u0103. [\u2026]<\/div>\n<\/li>\n<\/ul>\n<\/aside>\n<\/div>\n<\/div>\n<\/div>\n<\/div>\n<\/article>\n<div class=\"td-post-content tagdiv-type\">\n<p class=\"wp-block-paragraph\">Rom\u00e2nia a \u00eencheiat Campionatele Mondiale de canotaj U19 de la Plovdiv, Bulgaria, pe primul loc \u00een clasamentul pe medalii, dup\u0103 ce sportivii tricolori au ob\u021binut trei medalii de aur, una de argint \u0219i dou\u0103 de bronz. Performan\u021ba confirm\u0103 rezultatele foarte bune \u00eenregistrate de juniorii rom\u00e2ni \u00een competi\u021biile interna\u021bionale din acest sezon.<\/p>\n<p class=\"wp-block-paragraph\">Ultima zi de concurs a adus Rom\u00e2niei \u00eenc\u0103 o medalie de aur, \u00een proba de 8+1 feminin, dup\u0103 ce echipajele tricolore cuceriser\u0103 dou\u0103 titluri mondiale \u00een ziua precedent\u0103. Rom\u00e2nia a mai ob\u021binut argintul \u00een proba de opt rame cu c\u00e2rmaci mixt \u0219i medalii de bronz la dublu v\u00e2sle feminin \u0219i patru v\u00e2sle feminin.<\/p>\n<h2 class=\"wp-block-heading\">Rom\u00e2nia, trei titluri mondiale la Plovdiv<\/h2>\n<p class=\"wp-block-paragraph\">Cel mai valoros rezultat al delega\u021biei Rom\u00e2niei a fost ob\u021binerea celor trei medalii de aur, \u00een probele de 8+1 feminin, dublu rame masculin \u0219i patru rame feminin.<\/p>\n<p class=\"wp-block-paragraph\">Titlul mondial la 8+1 feminin a fost cucerit \u00een ultima zi a competi\u021biei de echipajul format din Teodora Sandu, Carolina P\u0103nu\u021b\u0103, Elena Bianca Ni\u021bu, Maya Renata Bumbac, Elena Denisa Baciu, Mariana Casu, Angela Gabriela Cazacu, M\u0103d\u0103lina-Dumitri\u021ba Ursaciuc \u0219i Sarra-Maria Vasca.<\/p>\n<p class=\"wp-block-paragraph\">Echipajul rom\u00e2nesc a \u00eencheiat finala cu timpul de 6:16.02, devans\u00e2nd Germania cu mai mult de dou\u0103 secunde. Marea Britanie a ocupat locul al treilea, la aproximativ opt secunde \u00een urma campioanei mondiale.<\/p>\n<h2 class=\"wp-block-heading\">Argint pentru echipajul mixt de opt rame cu c\u00e2rmaci<\/h2>\n<p class=\"wp-block-paragraph\">A doua zi de concurs a adus Rom\u00e2niei \u0219i o medalie de argint, \u00een proba de opt rame cu c\u00e2rmaci mixt.<\/p>\n<p class=\"wp-block-paragraph\">Pe locul secund s-a clasat echipajul alc\u0103tuit din Anca-Andreea Culidiuc, Denisa Mihaela Vasilica, R\u0103zvan Ioan Marin, Andrei Mihai B\u0103lan, Radu-Andrei Enescu, Dumitru Cristian Pascari, Marina Ariana Balint, Jessica Popescu \u0219i Sarra-Maria Vasca.<\/p>\n<p class=\"wp-block-paragraph\">Rezultatul a completat palmaresul delega\u021biei tricolore \u0219i a contribuit la pozi\u021bionarea Rom\u00e2niei \u00een fruntea clasamentului general pe medalii.<\/p>\n<h2 class=\"wp-block-heading\">Dou\u0103 medalii de bronz pentru Rom\u00e2nia<\/h2>\n<p class=\"wp-block-paragraph\">Pe l\u00e2ng\u0103 cele trei titluri mondiale \u0219i medalia de argint, Rom\u00e2nia a mai urcat de dou\u0103 ori pe treapta a treia a podiumului.<\/p>\n<p class=\"wp-block-paragraph\">Medaliile de bronz au fost ob\u021binute \u00een probele de dublu v\u00e2sle feminin (JW2x) \u0219i patru v\u00e2sle feminin (JW4x). Astfel, bilan\u021bul final al Rom\u00e2niei la Plovdiv a ajuns la \u0219ase medalii.<\/p>\n<h2 class=\"wp-block-heading\">Rom\u00e2nia a dominat clasamentul pe medalii<\/h2>\n<p class=\"wp-block-paragraph\">Cu trei medalii de aur, una de argint \u0219i dou\u0103 de bronz, Rom\u00e2nia a \u00eencheiat Campionatele Mondiale U19 de la Plovdiv pe primul loc \u00een clasamentul pe medalii.<\/p>\n<p class=\"wp-block-paragraph\">Rezultatul vine dup\u0103 o perioad\u0103 foarte bun\u0103 pentru canotajul juvenil rom\u00e2nesc. Cu o s\u0103pt\u0103m\u00e2n\u0103 \u00eenaintea Mondialelor U19, Rom\u00e2nia \u00eencheiase \u0219i Campionatele Europene cu opt medalii, dintre care \u0219ase de aur, una de argint \u0219i una de bronz.<\/p>\n<h2 class=\"wp-block-heading\">Urmeaz\u0103 Campionatele Mondiale de seniori de la Amsterdam<\/h2>\n<p class=\"wp-block-paragraph\">Sezonul interna\u021bional continu\u0103 pentru canotajul rom\u00e2nesc cu o competi\u021bie major\u0103 dedicat\u0103 seniorilor.<\/p>\n<p class=\"wp-block-paragraph\">Campionatele Mondiale de canotaj pentru seniori sunt programate la Amsterdam, \u00een Olanda, \u00een perioada 24\u201330 august. Rom\u00e2nia va \u00eencerca s\u0103 continue seria rezultatelor bune ob\u021binute \u00een competi\u021biile europene \u0219i mondiale din acest an.<\/p>\n<h2 class=\"wp-block-heading\">Un nou rezultat important pentru canotajul rom\u00e2nesc<\/h2>\n<p class=\"wp-block-paragraph\">Performan\u021ba de la Plovdiv confirm\u0103 nivelul ridicat atins de canotajul rom\u00e2nesc la categoria U19. Cele \u0219ase medalii ob\u021binute la Campionatele Mondiale, dintre care trei de aur, plaseaz\u0103 Rom\u00e2nia \u00een fruntea ierarhiei pe na\u021biuni \u0219i \u00eencheie cu succes participarea tricolorilor la competi\u021bia din Bulgaria.<\/p>\n<\/div>\n<p>[analyse_source url=&#8221;https:\/\/orasul-timisoara.ro\/local-40159\/&#8221;]<\/p>\n","protected":false},"excerpt":{"rendered":"<p>[analyse_image type=&#8221;featured&#8221; src=&#8221;https:\/\/orasul-timisoara.ro\/wp-content\/uploads\/2026\/08\/canotaj-campioni.jpg&#8221;] Sport LocalRom\u00e2nia, campioan\u0103 la medalii la Mondialele U19 de canotaj de la Plovdiv Sport Local \u0218tiri na\u021bionale \u0219i interna\u021bionale Rom\u00e2nia, campioan\u0103 la medalii la Mondialele U19 de canotaj de la Plovdiv De c\u0103tre redactia &#8211; 09\/08\/2026 Facebook Twitter WhatsApp Linkedin ReddIt Email Imprimare Rom\u00e2nia a \u00eencheiat Campionatele Mondiale de canotaj U19 de [&hellip;]<\/p>\n","protected":false},"author":1,"featured_media":0,"comment_status":"open","ping_status":"","sticky":false,"template":"","format":"standard","meta":{"footnotes":""},"categories":[89],"tags":[226,189],"class_list":["post-2085932","post","type-post","status-publish","format-standard","hentry","category-romania","tag-crawlmanager","tag-orasul-timisoara-ro"],"_links":{"self":[{"href":"https:\/\/analyse.optim.biz\/index.php?rest_route=\/wp\/v2\/posts\/2085932","targetHints":{"allow":["GET"]}}],"collection":[{"href":"https:\/\/analyse.optim.biz\/index.php?rest_route=\/wp\/v2\/posts"}],"about":[{"href":"https:\/\/analyse.optim.biz\/index.php?rest_route=\/wp\/v2\/types\/post"}],"author":[{"embeddable":true,"href":"https:\/\/analyse.optim.biz\/index.php?rest_route=\/wp\/v2\/users\/1"}],"replies":[{"embeddable":true,"href":"https:\/\/analyse.optim.biz\/index.php?rest_route=%2Fwp%2Fv2%2Fcomments&post=2085932"}],"version-history":[{"count":0,"href":"https:\/\/analyse.optim.biz\/index.php?rest_route=\/wp\/v2\/posts\/2085932\/revisions"}],"wp:attachment":[{"href":"https:\/\/analyse.optim.biz\/index.php?rest_route=%2Fwp%2Fv2%2Fmedia&parent=2085932"}],"wp:term":[{"taxonomy":"category","embeddable":true,"href":"https:\/\/analyse.optim.biz\/index.php?rest_route=%2Fwp%2Fv2%2Fcategories&post=2085932"},{"taxonomy":"post_tag","embeddable":true,"href":"https:\/\/analyse.optim.biz\/index.php?rest_route=%2Fwp%2Fv2%2Ftags&post=2085932"}],"curies":[{"name":"wp","href":"https:\/\/api.w.org\/{rel}","templated":true}]}}