{"id":2085931,"date":"2026-08-10T08:18:06","date_gmt":"2026-08-10T05:18:06","guid":{"rendered":"https:\/\/analyse.optim.biz\/?p=2085931"},"modified":"2026-08-10T08:18:06","modified_gmt":"2026-08-10T05:18:06","slug":"ziua-internationala-a-tineretului-sarbatorita-la-timisoara-cu-arta-si-muzica","status":"publish","type":"post","link":"https:\/\/analyse.optim.biz\/?p=2085931","title":{"rendered":"Ziua Interna\u021bional\u0103 a Tineretului, s\u0103rb\u0103torit\u0103 la Timi\u0219oara cu art\u0103 \u0219i muzic\u0103"},"content":{"rendered":"<p>[analyse_image type=&#8221;featured&#8221; src=&#8221;https:\/\/www.tion.ro\/wp-content\/uploads\/2026\/08\/+otf\/1200&#215;630\/Ntuq18uDvLou80A5B8zSqU5PVF9WRVJZX1NFQ2xhdehfN__b6mb__Z+2c8AP3EELvyKYxcmSMOIOXZbSY8rVATGaj5i__zbYSWZa8oJUMl80+153G03vetmSJquihU=\/6349783MXM4683-scaled.jpg&#8221;]<\/p>\n<article id=\"post-2331168\" class>\n<div class=\"entry-content clearfix\">\n<div class=\"enewsArticleContent\">\n<p>Programul preg\u0103tit de organizatori va \u00eencepe la ora 17:00, cu expozi\u021bia \u201eFrom roots to routes\u201d, care reune\u0219te lucr\u0103rile realizate de voluntarii \u0219i participan\u021bii la atelierele din cadrul proiectului.<\/p>\n<p>Expozi\u021bia include lucr\u0103ri de art\u0103 digital\u0103, mozaicuri ceramice, precum \u0219i fotografii realizate at\u00e2t \u00een format digital, c\u00e2t \u0219i analog.<\/p>\n<p>Vizitatorii vor putea parcurge un traseu artistic prin Casa Tineretului, construit \u00een jurul ideii de \u201er\u0103d\u0103cini\u201d \u0219i \u201edrumuri\u201d. Lucr\u0103rile exploreaz\u0103 identitatea personal\u0103 \u0219i cultural\u0103, diversitatea, apartenen\u021ba, istoria \u0219i experien\u021bele interculturale, dar \u0219i leg\u0103turile create \u00eentre participan\u021bi pe parcursul proiectului.<\/p>\n<p>De la ora 20:00, programul se mut\u0103 \u00een zona muzical\u0103. Pe scen\u0103 va urca Vlad Corb, unul dintre arti\u0219tii noii genera\u021bii de rock din Rom\u00e2nia.<\/p>\n<p>Artistul este cunoscut pentru spectacolele sale live \u0219i pentru stilul \u00een care combin\u0103 rockul indie-alternativ cu texturi cinematice, sonorit\u0103\u021bi onirice \u0219i ritmuri inspirate din muzica de club.<\/p>\n<p>Organizatorii spun c\u0103 evenimentul \u00ee\u0219i propune s\u0103 transforme Casa Tineretului \u00eentr-un spa\u021biu de \u00eent\u00e2lnire pentru tineri \u0219i comunitatea local\u0103, \u00een care participan\u021bii s\u0103 descopere noi forme de expresie artistic\u0103 \u0219i s\u0103 celebreze \u00eempreun\u0103 Ziua Interna\u021bional\u0103 a Tineretului.<\/p>\n<p>Participarea este gratuit\u0103, iar cei interesa\u021bi se pot \u00eenscrie la expozi\u021bie, la concert sau la ambele activit\u0103\u021bi, prin <strong><a href=\"https:\/\/forms.cloud.microsoft\/pages\/responsepage.aspx?id=vwpLSunhbEKU8hj15nlMY4tVBWvM72NMp7MPlzjfNNRUQk83N1ZaNUJLNTBaTVA4NEs4S1oxMEJSVy4u&amp;route=shorturl\" target=\"_blank\" rel=\"noopener\">formularul<\/a><\/strong> pus la dispozi\u021bie de organizatori.<\/p>\n<p>Youth Summer Fest se afl\u0103 la cea de-a cincea edi\u021bie \u0219i este un proiect finan\u021bat de Prim\u0103ria Timi\u0219oara prin Centrul de Proiecte \u0219i cofinan\u021bat de Uniunea European\u0103 prin programul Corpul European de Solidaritate.<\/p>\n<p>Funda\u021bia Jude\u021bean\u0103 pentru Tineret Timi\u0219 este o organiza\u021bie neguvernamental\u0103, structur\u0103-umbrel\u0103 pentru 29 de organiza\u021bii membre, \u00eenfiin\u021bat\u0103 \u00een 1990 \u0219i condus\u0103 exclusiv de tineri.<\/p>\n<p>FITT deruleaz\u0103 programe de educa\u021bie non-formal\u0103, voluntariat, mobilit\u0103\u021bi interna\u021bionale \u0219i proiecte culturale \u0219i ofer\u0103 spa\u021bii pentru ini\u021biative dedicate tinerilor. Casa Tineretului din Timi\u0219oara de\u021bine, din 2016, Certificatul de Calitate pentru Centre de Tineret oferit de Consiliul Europei, fiind primul \u0219i, potrivit organiza\u021biei, singurul centru din Rom\u00e2nia care de\u021bine aceast\u0103 certificare.<\/p>\n<p>\u00cen 2025, Casa Tineretului a \u00eenregistrat peste 400.000 de vizite, potrivit reprezentan\u021bilor FITT.<\/p>\n<div class=\"fbShareLikeTwitterAndEmailContainer\">\n<div class=\"wrapper\">\n<div class=\"email\">\n<div id=\"mailto-pop\" class=\"pop-form pop-form-mailto\">\n<div class=\"pop-form-header\">\n<h4>Trimite articolul<\/h4>\n<p><a class=\"pop-form-close\">X<\/a><\/div>\n<\/div>\n<\/div>\n<\/div>\n<\/div>\n<div class=\"tagsContainer\">\n<div class=\"tagsLabel\">Taguri:<\/div>\n<div class=\"tags\">\n<div class=\"tag\"><a href=\"https:\/\/www.tion.ro\/cimke\/casa-tineretului\" rel=\"tag\"><span class=\"link\">casa tineretului<\/span><span class=\"separator\">,<\/span><\/a><\/div>\n<div class=\"tag\"><a href=\"https:\/\/www.tion.ro\/cimke\/concert\" rel=\"tag\"><span class=\"link\">concert<\/span><span class=\"separator\">,<\/span><\/a><\/div>\n<div class=\"tag\"><a href=\"https:\/\/www.tion.ro\/cimke\/fitt\" rel=\"tag\"><span class=\"link\">fitt<\/span><\/a><\/div>\n<\/div>\n<\/div>\n<div class=\"comments\">\n<div class=\"top\">\n<div class=\"commentsNumber\"><span class=\"number\">0<\/span><span class=\"text\">Comentarii<\/span><\/div>\n<\/div>\n<div class=\"center\">\n<div id=\"respond\" class=\"comment-respond\">\n<h3 id=\"reply-title\" class=\"comment-reply-title\"><small><a rel=\"nofollow\" id=\"cancel-comment-reply-link\" href=\"https:\/\/www.tion.ro\/stirile-judetului-timis\/ziua-internationala-a-tineretului-sarbatorita-la-timisoara-cu-arta-si-muzica-2331168\/#respond\">Cancel reply<\/a><\/small><\/h3>\n<p class=\"comment-notes\"><span id=\"email-notes\">Your email address will not be published.<\/span><span class=\"required-field-message\">Required fields are marked <span class=\"required\">*<\/span><\/span><\/p>\n<p class=\"commentFormComment\"><span id=\"commentFormCount\"><br \/>\n                            inca<br \/>\n                            <span id=\"countCommentText\">1000<\/span><br \/>\n                            caractere ramase<br \/>\n                        <\/span><\/p>\n<\/div>\n<\/div>\n<div class=\"bottom\">\n<p class=\"forumDisclaimerHuRo\">\n            Citi\u021bi principiile noastre de moderare <a href=\"https:\/\/www.tion.ro\/reguli-postare-comentarii\/\" target=\"_blank\">aici<\/a>!\n        <\/p>\n<\/div>\n<\/div>\n<\/div>\n<\/div>\n<\/article>\n<div class=\"entry-content clearfix\">\n<div class=\"enewsArticleContent\">\n<p>Programul preg\u0103tit de organizatori va \u00eencepe la ora 17:00, cu expozi\u021bia \u201eFrom roots to routes\u201d, care reune\u0219te lucr\u0103rile realizate de voluntarii \u0219i participan\u021bii la atelierele din cadrul proiectului.<\/p>\n<p>Expozi\u021bia include lucr\u0103ri de art\u0103 digital\u0103, mozaicuri ceramice, precum \u0219i fotografii realizate at\u00e2t \u00een format digital, c\u00e2t \u0219i analog.<\/p>\n<p>Vizitatorii vor putea parcurge un traseu artistic prin Casa Tineretului, construit \u00een jurul ideii de \u201er\u0103d\u0103cini\u201d \u0219i \u201edrumuri\u201d. Lucr\u0103rile exploreaz\u0103 identitatea personal\u0103 \u0219i cultural\u0103, diversitatea, apartenen\u021ba, istoria \u0219i experien\u021bele interculturale, dar \u0219i leg\u0103turile create \u00eentre participan\u021bi pe parcursul proiectului.<\/p>\n<p>De la ora 20:00, programul se mut\u0103 \u00een zona muzical\u0103. Pe scen\u0103 va urca Vlad Corb, unul dintre arti\u0219tii noii genera\u021bii de rock din Rom\u00e2nia.<\/p>\n<p>Artistul este cunoscut pentru spectacolele sale live \u0219i pentru stilul \u00een care combin\u0103 rockul indie-alternativ cu texturi cinematice, sonorit\u0103\u021bi onirice \u0219i ritmuri inspirate din muzica de club.<\/p>\n<p>Organizatorii spun c\u0103 evenimentul \u00ee\u0219i propune s\u0103 transforme Casa Tineretului \u00eentr-un spa\u021biu de \u00eent\u00e2lnire pentru tineri \u0219i comunitatea local\u0103, \u00een care participan\u021bii s\u0103 descopere noi forme de expresie artistic\u0103 \u0219i s\u0103 celebreze \u00eempreun\u0103 Ziua Interna\u021bional\u0103 a Tineretului.<\/p>\n<p>Participarea este gratuit\u0103, iar cei interesa\u021bi se pot \u00eenscrie la expozi\u021bie, la concert sau la ambele activit\u0103\u021bi, prin <strong><a href=\"https:\/\/forms.cloud.microsoft\/pages\/responsepage.aspx?id=vwpLSunhbEKU8hj15nlMY4tVBWvM72NMp7MPlzjfNNRUQk83N1ZaNUJLNTBaTVA4NEs4S1oxMEJSVy4u&amp;route=shorturl\" target=\"_blank\" rel=\"noopener\">formularul<\/a><\/strong> pus la dispozi\u021bie de organizatori.<\/p>\n<p>Youth Summer Fest se afl\u0103 la cea de-a cincea edi\u021bie \u0219i este un proiect finan\u021bat de Prim\u0103ria Timi\u0219oara prin Centrul de Proiecte \u0219i cofinan\u021bat de Uniunea European\u0103 prin programul Corpul European de Solidaritate.<\/p>\n<p>Funda\u021bia Jude\u021bean\u0103 pentru Tineret Timi\u0219 este o organiza\u021bie neguvernamental\u0103, structur\u0103-umbrel\u0103 pentru 29 de organiza\u021bii membre, \u00eenfiin\u021bat\u0103 \u00een 1990 \u0219i condus\u0103 exclusiv de tineri.<\/p>\n<p>FITT deruleaz\u0103 programe de educa\u021bie non-formal\u0103, voluntariat, mobilit\u0103\u021bi interna\u021bionale \u0219i proiecte culturale \u0219i ofer\u0103 spa\u021bii pentru ini\u021biative dedicate tinerilor. Casa Tineretului din Timi\u0219oara de\u021bine, din 2016, Certificatul de Calitate pentru Centre de Tineret oferit de Consiliul Europei, fiind primul \u0219i, potrivit organiza\u021biei, singurul centru din Rom\u00e2nia care de\u021bine aceast\u0103 certificare.<\/p>\n<p>\u00cen 2025, Casa Tineretului a \u00eenregistrat peste 400.000 de vizite, potrivit reprezentan\u021bilor FITT.<\/p>\n<div class=\"fbShareLikeTwitterAndEmailContainer\">\n<div class=\"wrapper\">\n<div class=\"email\">\n<div id=\"mailto-pop\" class=\"pop-form pop-form-mailto\">\n<div class=\"pop-form-header\">\n<h4>Trimite articolul<\/h4>\n<p><a class=\"pop-form-close\">X<\/a><\/div>\n<\/div>\n<\/div>\n<\/div>\n<\/div>\n<div class=\"tagsContainer\">\n<div class=\"tagsLabel\">Taguri:<\/div>\n<div class=\"tags\">\n<div class=\"tag\"><a href=\"https:\/\/www.tion.ro\/cimke\/casa-tineretului\" rel=\"tag\"><span class=\"link\">casa tineretului<\/span><span class=\"separator\">,<\/span><\/a><\/div>\n<div class=\"tag\"><a href=\"https:\/\/www.tion.ro\/cimke\/concert\" rel=\"tag\"><span class=\"link\">concert<\/span><span class=\"separator\">,<\/span><\/a><\/div>\n<div class=\"tag\"><a href=\"https:\/\/www.tion.ro\/cimke\/fitt\" rel=\"tag\"><span class=\"link\">fitt<\/span><\/a><\/div>\n<\/div>\n<\/div>\n<div class=\"comments\">\n<div class=\"top\">\n<div class=\"commentsNumber\"><span class=\"number\">0<\/span><span class=\"text\">Comentarii<\/span><\/div>\n<\/div>\n<div class=\"center\">\n<div id=\"respond\" class=\"comment-respond\">\n<h3 id=\"reply-title\" class=\"comment-reply-title\"><small><a rel=\"nofollow\" id=\"cancel-comment-reply-link\" href=\"https:\/\/www.tion.ro\/stirile-judetului-timis\/ziua-internationala-a-tineretului-sarbatorita-la-timisoara-cu-arta-si-muzica-2331168\/#respond\">Cancel reply<\/a><\/small><\/h3>\n<p class=\"comment-notes\"><span id=\"email-notes\">Your email address will not be published.<\/span><span class=\"required-field-message\">Required fields are marked <span class=\"required\">*<\/span><\/span><\/p>\n<p class=\"commentFormComment\"><span id=\"commentFormCount\"><br \/>\n                            inca<br \/>\n                            <span id=\"countCommentText\">1000<\/span><br \/>\n                            caractere ramase<br \/>\n                        <\/span><\/p>\n<\/div>\n<\/div>\n<div class=\"bottom\">\n<p class=\"forumDisclaimerHuRo\">\n            Citi\u021bi principiile noastre de moderare <a href=\"https:\/\/www.tion.ro\/reguli-postare-comentarii\/\" target=\"_blank\">aici<\/a>!\n        <\/p>\n<\/div>\n<\/div>\n<\/div>\n<\/div>\n<p>[analyse_source url=&#8221;https:\/\/www.tion.ro\/stirile-judetului-timis\/ziua-internationala-a-tineretului-sarbatorita-la-timisoara-cu-arta-si-muzica-2331168\/&#8221;]<\/p>\n","protected":false},"excerpt":{"rendered":"<p>[analyse_image type=&#8221;featured&#8221; src=&#8221;https:\/\/www.tion.ro\/wp-content\/uploads\/2026\/08\/+otf\/1200&#215;630\/Ntuq18uDvLou80A5B8zSqU5PVF9WRVJZX1NFQ2xhdehfN__b6mb__Z+2c8AP3EELvyKYxcmSMOIOXZbSY8rVATGaj5i__zbYSWZa8oJUMl80+153G03vetmSJquihU=\/6349783MXM4683-scaled.jpg&#8221;] Programul preg\u0103tit de organizatori va \u00eencepe la ora 17:00, cu expozi\u021bia \u201eFrom roots to routes\u201d, care reune\u0219te lucr\u0103rile realizate de voluntarii \u0219i participan\u021bii la atelierele din cadrul proiectului. Expozi\u021bia include lucr\u0103ri de art\u0103 digital\u0103, mozaicuri ceramice, precum \u0219i fotografii realizate at\u00e2t \u00een format digital, c\u00e2t \u0219i analog. Vizitatorii vor putea parcurge un [&hellip;]<\/p>\n","protected":false},"author":1,"featured_media":0,"comment_status":"open","ping_status":"","sticky":false,"template":"","format":"standard","meta":{"footnotes":""},"categories":[89],"tags":[226,191],"class_list":["post-2085931","post","type-post","status-publish","format-standard","hentry","category-romania","tag-crawlmanager","tag-tion-ro"],"_links":{"self":[{"href":"https:\/\/analyse.optim.biz\/index.php?rest_route=\/wp\/v2\/posts\/2085931","targetHints":{"allow":["GET"]}}],"collection":[{"href":"https:\/\/analyse.optim.biz\/index.php?rest_route=\/wp\/v2\/posts"}],"about":[{"href":"https:\/\/analyse.optim.biz\/index.php?rest_route=\/wp\/v2\/types\/post"}],"author":[{"embeddable":true,"href":"https:\/\/analyse.optim.biz\/index.php?rest_route=\/wp\/v2\/users\/1"}],"replies":[{"embeddable":true,"href":"https:\/\/analyse.optim.biz\/index.php?rest_route=%2Fwp%2Fv2%2Fcomments&post=2085931"}],"version-history":[{"count":0,"href":"https:\/\/analyse.optim.biz\/index.php?rest_route=\/wp\/v2\/posts\/2085931\/revisions"}],"wp:attachment":[{"href":"https:\/\/analyse.optim.biz\/index.php?rest_route=%2Fwp%2Fv2%2Fmedia&parent=2085931"}],"wp:term":[{"taxonomy":"category","embeddable":true,"href":"https:\/\/analyse.optim.biz\/index.php?rest_route=%2Fwp%2Fv2%2Fcategories&post=2085931"},{"taxonomy":"post_tag","embeddable":true,"href":"https:\/\/analyse.optim.biz\/index.php?rest_route=%2Fwp%2Fv2%2Ftags&post=2085931"}],"curies":[{"name":"wp","href":"https:\/\/api.w.org\/{rel}","templated":true}]}}