{"id":2085929,"date":"2026-08-09T18:05:34","date_gmt":"2026-08-09T15:05:34","guid":{"rendered":"https:\/\/analyse.optim.biz\/?p=2085929"},"modified":"2026-08-09T18:05:34","modified_gmt":"2026-08-09T15:05:34","slug":"alerta-in-statia-petrosani-placa-de-beton-si-componente-ale-unui-macaz-gasite-pe-linie","status":"publish","type":"post","link":"https:\/\/analyse.optim.biz\/?p=2085929","title":{"rendered":"Alert\u0103 \u00een sta\u021bia Petro\u0219ani: plac\u0103 de beton \u0219i componente ale unui macaz, g\u0103site pe linie"},"content":{"rendered":"<p>[analyse_image type=&#8221;featured&#8221; src=&#8221;https:\/\/orasul-timisoara.ro\/wp-content\/uploads\/2026\/08\/gata-petrosni.jpg&#8221;]<\/p>\n<article id=\"post-40162\" class=\"td-post-template-7 post-40162 post type-post status-publish format-standard has-post-thumbnail category-featured category-stiri-nationale-si-internationale tag-cale-ferata-2 tag-cfr tag-cfr-infrastructura-2 tag-dispozitiv-dam tag-incident-feroviar tag-infrastructura-feroviara tag-macaz tag-petrosani tag-politia-transporturi-feroviare tag-rail-cargo-carrier tag-siguranta-feroviara tag-statia-petrosani tag-tren-de-marfa td-container-wrap\">\n<div class=\"td-full-screen-header-image-wrap\">\n<div class=\"td-container td-post-header\">\n<div class=\"td-crumb-container\">\n<div class=\"entry-crumbs\"><span><a title=\"Vede\u021bi toate articolele \u00een \u0218tiri na\u021bionale \u0219i interna\u021bionale\" class=\"entry-crumb\" href=\"https:\/\/orasul-timisoara.ro\/local-category\/stiri-nationale-si-internationale\/\">\u0218tiri na\u021bionale \u0219i interna\u021bionale<\/a><\/span><span class=\"td-bred-no-url-last\">Alert\u0103 \u00een sta\u021bia Petro\u0219ani: plac\u0103 de beton \u0219i componente ale unui macaz,&#8230;<\/span><\/div>\n<\/div>\n<div class=\"td-post-header-holder\">\n<div class=\"td-parallax-header\">\n<header class=\"td-post-title\">\n<ul class=\"td-category\">\n<li class=\"entry-category\"><a href=\"https:\/\/orasul-timisoara.ro\/local-category\/stiri-nationale-si-internationale\/\">\u0218tiri na\u021bionale \u0219i interna\u021bionale<\/a><\/li>\n<\/ul>\n<h1 class=\"entry-title\">Alert\u0103 \u00een sta\u021bia Petro\u0219ani: plac\u0103 de beton \u0219i componente ale unui macaz, g\u0103site pe linie<\/h1>\n<div class=\"td-module-meta-info\">\n<div class=\"td-post-author-name\">\n<div class=\"td-author-by\">De c\u0103tre<\/div>\n<p><a href=\"https:\/\/orasul-timisoara.ro\/author\/timisoara\/\">redactia<\/a><\/p>\n<div class=\"td-author-line\"> &#8211; <\/div>\n<\/div>\n<p><span class=\"td-post-date\"><time class=\"entry-date updated td-module-date\" datetime=\"2026-08-09T21:05:34+03:00\">09\/08\/2026<\/time><\/span><\/div>\n<\/header>\n<\/div>\n<\/div>\n<\/div>\n<div id=\"td-full-screen-header-image\" class=\"td-image-gradient-style7\"><img decoding=\"async\" class=\"td-backstretch\" src=\"https:\/\/orasul-timisoara.ro\/wp-content\/uploads\/2026\/08\/gata-petrosni.jpg\"><\/div>\n<\/div>\n<div class=\"td-container\">\n<div class=\"td-pb-row\">\n<div class=\"td-pb-span8 td-main-content\" role=\"main\">\n<div class=\"td-ss-main-content\">\n<div class=\"td-post-sharing-top\">\n<div class=\"td-post-sharing-classic\"><iframe title=\"topFacebookLike\" frameborder src=\"https:\/\/www.facebook.com\/plugins\/like.php?href=https:\/\/orasul-timisoara.ro\/local-40162\/&amp;layout=button_count&amp;show_faces=false&amp;width=105&amp;action=like&amp;colorscheme=light&amp;height=21\"><\/iframe><\/div>\n<div id=\"td_social_sharing_article_top\" class=\"td-post-sharing td-ps-bg td-ps-notext td-post-sharing-style1 \">\n<div class=\"td-post-sharing-visible\"><a class=\"td-social-sharing-button td-social-sharing-button-js td-social-network td-social-facebook\" href=\"https:\/\/www.facebook.com\/sharer.php?u=https%3A%2F%2Forasul-timisoara.ro%2Flocal-40162%2F\" title=\"Facebook\"><\/p>\n<div class=\"td-social-but-text\">Facebook<\/div>\n<p><\/a><a class=\"td-social-sharing-button td-social-sharing-button-js td-social-network td-social-twitter\" href=\"https:\/\/twitter.com\/intent\/tweet?text=Alert%C4%83+%C3%AEn+sta%C8%9Bia+Petro%C8%99ani%3A+plac%C4%83+de+beton+%C8%99i+componente+ale+unui+macaz%2C+g%C4%83site+pe+linie&amp;url=https%3A%2F%2Forasul-timisoara.ro%2Flocal-40162%2F&amp;via=orasultm\" title=\"Twitter\"><\/p>\n<div class=\"td-social-but-text\">Twitter<\/div>\n<p><\/a><a class=\"td-social-sharing-button td-social-sharing-button-js td-social-network td-social-whatsapp\" href=\"https:\/\/api.whatsapp.com\/send?text=Alert%C4%83+%C3%AEn+sta%C8%9Bia+Petro%C8%99ani%3A+plac%C4%83+de+beton+%C8%99i+componente+ale+unui+macaz%2C+g%C4%83site+pe+linie%20%0A%0A%20https:\/\/orasul-timisoara.ro\/local-40162\/\" title=\"WhatsApp\"><\/p>\n<div class=\"td-social-but-text\">WhatsApp<\/div>\n<p><\/a><a class=\"td-social-sharing-button td-social-sharing-button-js td-social-network td-social-linkedin\" href=\"https:\/\/www.linkedin.com\/shareArticle?mini=true&amp;url=https:\/\/orasul-timisoara.ro\/local-40162\/&amp;title=Alert%C4%83+%C3%AEn+sta%C8%9Bia+Petro%C8%99ani%3A+plac%C4%83+de+beton+%C8%99i+componente+ale+unui+macaz%2C+g%C4%83site+pe+linie\" title=\"Linkedin\"><\/p>\n<div class=\"td-social-but-text\">Linkedin<\/div>\n<p><\/a><a class=\"td-social-sharing-button td-social-sharing-button-js td-social-network td-social-reddit\" href=\"https:\/\/reddit.com\/submit?url=https:\/\/orasul-timisoara.ro\/local-40162\/&amp;title=Alert%C4%83+%C3%AEn+sta%C8%9Bia+Petro%C8%99ani%3A+plac%C4%83+de+beton+%C8%99i+componente+ale+unui+macaz%2C+g%C4%83site+pe+linie\" title=\"ReddIt\"><\/p>\n<div class=\"td-social-but-text\">ReddIt<\/div>\n<p><\/a><a class=\"td-social-sharing-button td-social-sharing-button-js td-social-network td-social-mail\" href=\"mailto:?subject=Alert%C4%83%20%C3%AEn%20sta%C8%9Bia%20Petro%C8%99ani:%20plac%C4%83%20de%20beton%20%C8%99i%20componente%20ale%20unui%20macaz,%20g%C4%83site%20pe%20linie&amp;body=https:\/\/orasul-timisoara.ro\/local-40162\/\" title=\"Email\"><\/p>\n<div class=\"td-social-but-text\">Email<\/div>\n<p><\/a><a class=\"td-social-sharing-button td-social-sharing-button-js td-social-network td-social-print\" href=\"https:\/\/orasul-timisoara.ro\/local-40162\/\" title=\"Imprimare\"><\/p>\n<div class=\"td-social-but-text\">Imprimare<\/div>\n<p><\/a><\/div>\n<\/div>\n<\/div>\n<div class=\"td-post-content tagdiv-type\">\n<p class=\"wp-block-paragraph\">Un tren de marf\u0103 operat de Rail Cargo Carrier a \u00eent\u00e2lnit, duminic\u0103, \u00een jurul orei 16:10, mai multe obiecte amplasate pe calea ferat\u0103, \u00een sta\u021bia CF Petro\u0219ani, pe linia 2. Incidentul s-a produs pe raza Sucursalei Regionale de C\u0103i Ferate Timi\u0219oara, iar primele verific\u0103ri ale CFR indic\u0103 o posibil\u0103 interven\u021bie neautorizat\u0103 asupra unor elemente ale infrastructurii feroviare.<\/p>\n<p class=\"wp-block-paragraph\">Trenul a \u00eent\u00e2lnit ini\u021bial placa unui dispozitiv DAM, folosit pentru manevrarea macazului, care fusese desf\u0103cut\u0103 \u0219i ridicat\u0103. Ulterior, pe traseul trenului a fost identificat\u0103 \u0219i o plac\u0103 de beton aferent\u0103 canalului de cabluri. Poli\u021bia Transporturi Feroviare a fost sesizat\u0103, iar cercet\u0103rile pentru stabilirea \u00eemprejur\u0103rilor \u0219i identificarea persoanelor implicate sunt \u00een desf\u0103\u0219urare.<\/p>\n<h2 class=\"wp-block-heading\">Obiecte g\u0103site pe linia 2 din sta\u021bia Petro\u0219ani<\/h2>\n<p class=\"wp-block-paragraph\">Potrivit primelor informa\u021bii transmise de CFR, incidentul a avut loc \u00een jurul orei 16:10, c\u00e2nd trenul de marf\u0103 operat de Rail Cargo Carrier se afla \u00een parcurs \u00een sta\u021bia CF Petro\u0219ani.<\/p>\n<p class=\"wp-block-paragraph\">Primul obstacol \u00eent\u00e2lnit a fost placa dispozitivului DAM, un element utilizat pentru manevrarea macazului. CFR precizeaz\u0103 c\u0103, \u00een condi\u021bii normale de exploatare, aceast\u0103 component\u0103 este sigilat\u0103 \u0219i asigurat\u0103, \u00eens\u0103 \u00een momentul incidentului fusese desf\u0103cut\u0103 \u0219i ridicat\u0103.<\/p>\n<p class=\"wp-block-paragraph\">Ulterior, \u00een parcursul trenului a fost identificat\u0103 pe linie \u0219i o plac\u0103 de beton aferent\u0103 canalului de cabluri.<\/p>\n<h2 class=\"wp-block-heading\">CFR suspecteaz\u0103 o interven\u021bie neautorizat\u0103<\/h2>\n<p class=\"wp-block-paragraph\">Primele constat\u0103ri efectuate la fa\u021ba locului indic\u0103 existen\u021ba unor indicii privind o interven\u021bie neautorizat\u0103 asupra infrastructurii feroviare.<\/p>\n<p class=\"wp-block-paragraph\">Deocamdat\u0103 nu sunt cunoscute circumstan\u021bele exacte \u00een care placa de beton a ajuns pe linie \u0219i nici motivele pentru care dispozitivul DAM a fost desf\u0103cut. Stabilirea acestor aspecte revine autorit\u0103\u021bilor competente, care efectueaz\u0103 cercet\u0103ri \u00een acest caz.<\/p>\n<h2 class=\"wp-block-heading\">Poli\u021bia Transporturi Feroviare face cercet\u0103ri<\/h2>\n<p class=\"wp-block-paragraph\">Poli\u021bia Transporturi Feroviare a fost anun\u021bat\u0103 imediat dup\u0103 producerea incidentului, iar reprezentan\u021bii institu\u021biei s-au deplasat la fa\u021ba locului pentru verific\u0103ri.<\/p>\n<p class=\"wp-block-paragraph\">Ancheta urm\u0103re\u0219te stabilirea modului \u00een care au fost amplasate obiectele pe calea ferat\u0103 \u0219i identificarea eventualelor persoane implicate. CFR a anun\u021bat c\u0103 va pune la dispozi\u021bia autorit\u0103\u021bilor toate informa\u021biile necesare pentru clarificarea situa\u021biei.<\/p>\n<h2 class=\"wp-block-heading\">Circula\u021bia feroviar\u0103 a fost reluat\u0103 dup\u0103 o or\u0103<\/h2>\n<p class=\"wp-block-paragraph\">Dup\u0103 producerea incidentului, personalul de specialitate al CFR S.A. a verificat infrastructura \u0219i instala\u021biile din zona afectat\u0103.<\/p>\n<p class=\"wp-block-paragraph\">Circula\u021bia feroviar\u0103 a fost redeschis\u0103 la ora 17:10, dup\u0103 efectuarea verific\u0103rilor necesare pentru ca traficul s\u0103 poat\u0103 fi reluat \u00een condi\u021bii de siguran\u021b\u0103.<\/p>\n<h2 class=\"wp-block-heading\">CFR avertizeaz\u0103 asupra riscurilor pentru trenuri \u0219i infrastructur\u0103<\/h2>\n<p class=\"wp-block-paragraph\">Compania Na\u021bional\u0103 de C\u0103i Ferate \u201eCFR\u201d S.A. consider\u0103 extrem de grave interven\u021biile neautorizate asupra infrastructurii feroviare \u0219i amplasarea de obiecte pe calea ferat\u0103.<\/p>\n<p class=\"wp-block-paragraph\">O plac\u0103 de beton aflat\u0103 \u00een gabaritul c\u0103ii poate reprezenta un obstacol direct pentru trenuri \u0219i poate provoca avarii materialului rulant sau infrastructurii. \u00cen acela\u0219i timp, interven\u021biile asupra elementelor unui macaz sau asupra dispozitivelor aferente pot afecta func\u021bionarea acestora \u0219i condi\u021biile de siguran\u021b\u0103 ale circula\u021biei.<\/p>\n<h2 class=\"wp-block-heading\">Accesul neautorizat \u00een zona feroviar\u0103 poate avea consecin\u021be grave<\/h2>\n<p class=\"wp-block-paragraph\">CFR reaminte\u0219te c\u0103 accesul neautorizat \u00een zona infrastructurii feroviare, amplasarea obiectelor pe calea ferat\u0103 \u0219i interven\u021biile asupra instala\u021biilor \u0219i echipamentelor reprezint\u0103 ac\u021biuni extrem de periculoase.<\/p>\n<p class=\"wp-block-paragraph\">Astfel de fapte pot pune \u00een pericol siguran\u021ba trenurilor, a personalului feroviar \u0219i a pasagerilor, dar pot provoca \u0219i distrugeri importante ale infrastructurii \u0219i materialului rulant.<\/p>\n<h2 class=\"wp-block-heading\">Ancheta continu\u0103 la Petro\u0219ani<\/h2>\n<p class=\"wp-block-paragraph\">Cercet\u0103rile Poli\u021biei Transporturi Feroviare sunt \u00een desf\u0103\u0219urare, iar autorit\u0103\u021bile urmeaz\u0103 s\u0103 stabileasc\u0103 exact modul \u00een care s-a produs incidentul \u0219i dac\u0103 \u00een spatele acestuia se afl\u0103 o interven\u021bie inten\u021bionat\u0103 asupra infrastructurii.<\/p>\n<p class=\"wp-block-paragraph\">CFR S.A. anun\u021b\u0103 c\u0103 va sprijini ancheta \u0219i va sesiza autorit\u0103\u021bile ori de c\u00e2te ori sunt identificate ac\u021biuni care pot pune \u00een pericol circula\u021bia trenurilor, integritatea infrastructurii sau siguran\u021ba personalului feroviar.<\/p>\n<\/div>\n<footer>\n<div class=\"td-post-source-tags\">\n<ul class=\"td-tags td-post-small-box clearfix\">\n<li><span>ETICHETE<\/span><\/li>\n<li><a href=\"https:\/\/orasul-timisoara.ro\/local-tag\/cale-ferata-2\/\">cale ferat\u0103<\/a><\/li>\n<li><a href=\"https:\/\/orasul-timisoara.ro\/local-tag\/cfr\/\">cfr<\/a><\/li>\n<li><a href=\"https:\/\/orasul-timisoara.ro\/local-tag\/cfr-infrastructura-2\/\">CFR Infrastructur\u0103<\/a><\/li>\n<li><a href=\"https:\/\/orasul-timisoara.ro\/local-tag\/dispozitiv-dam\/\">dispozitiv DAM<\/a><\/li>\n<li><a href=\"https:\/\/orasul-timisoara.ro\/local-tag\/incident-feroviar\/\">incident feroviar<\/a><\/li>\n<li><a href=\"https:\/\/orasul-timisoara.ro\/local-tag\/infrastructura-feroviara\/\">infrastructur\u0103 feroviar\u0103<\/a><\/li>\n<li><a href=\"https:\/\/orasul-timisoara.ro\/local-tag\/macaz\/\">macaz<\/a><\/li>\n<li><a href=\"https:\/\/orasul-timisoara.ro\/local-tag\/petrosani\/\">Petro\u0219ani<\/a><\/li>\n<li><a href=\"https:\/\/orasul-timisoara.ro\/local-tag\/politia-transporturi-feroviare\/\">Poli\u021bia Transporturi Feroviare<\/a><\/li>\n<li><a href=\"https:\/\/orasul-timisoara.ro\/local-tag\/rail-cargo-carrier\/\">Rail Cargo Carrier<\/a><\/li>\n<li><a href=\"https:\/\/orasul-timisoara.ro\/local-tag\/siguranta-feroviara\/\">siguran\u021b\u0103 feroviar\u0103<\/a><\/li>\n<li><a href=\"https:\/\/orasul-timisoara.ro\/local-tag\/statia-petrosani\/\">sta\u021bia Petro\u0219ani<\/a><\/li>\n<li><a href=\"https:\/\/orasul-timisoara.ro\/local-tag\/tren-de-marfa\/\">tren de marf\u0103<\/a><\/li>\n<\/ul>\n<\/div>\n<div class=\"td-post-sharing-bottom\">\n<div class=\"td-post-sharing-classic\"><iframe title=\"bottomFacebookLike\" frameborder src=\"https:\/\/www.facebook.com\/plugins\/like.php?href=https:\/\/orasul-timisoara.ro\/local-40162\/&amp;layout=button_count&amp;show_faces=false&amp;width=105&amp;action=like&amp;colorscheme=light&amp;height=21\"><\/iframe><\/div>\n<div id=\"td_social_sharing_article_bottom\" class=\"td-post-sharing td-ps-bg td-ps-notext td-post-sharing-style1 \">\n<div class=\"td-post-sharing-visible\"><a class=\"td-social-sharing-button td-social-sharing-button-js td-social-network td-social-facebook\" href=\"https:\/\/www.facebook.com\/sharer.php?u=https%3A%2F%2Forasul-timisoara.ro%2Flocal-40162%2F\" title=\"Facebook\"><\/p>\n<div class=\"td-social-but-text\">Facebook<\/div>\n<p><\/a><a class=\"td-social-sharing-button td-social-sharing-button-js td-social-network td-social-twitter\" href=\"https:\/\/twitter.com\/intent\/tweet?text=Alert%C4%83+%C3%AEn+sta%C8%9Bia+Petro%C8%99ani%3A+plac%C4%83+de+beton+%C8%99i+componente+ale+unui+macaz%2C+g%C4%83site+pe+linie&amp;url=https%3A%2F%2Forasul-timisoara.ro%2Flocal-40162%2F&amp;via=orasultm\" title=\"Twitter\"><\/p>\n<div class=\"td-social-but-text\">Twitter<\/div>\n<p><\/a><a class=\"td-social-sharing-button td-social-sharing-button-js td-social-network td-social-whatsapp\" href=\"https:\/\/api.whatsapp.com\/send?text=Alert%C4%83+%C3%AEn+sta%C8%9Bia+Petro%C8%99ani%3A+plac%C4%83+de+beton+%C8%99i+componente+ale+unui+macaz%2C+g%C4%83site+pe+linie%20%0A%0A%20https:\/\/orasul-timisoara.ro\/local-40162\/\" title=\"WhatsApp\"><\/p>\n<div class=\"td-social-but-text\">WhatsApp<\/div>\n<p><\/a><a class=\"td-social-sharing-button td-social-sharing-button-js td-social-network td-social-linkedin\" href=\"https:\/\/www.linkedin.com\/shareArticle?mini=true&amp;url=https:\/\/orasul-timisoara.ro\/local-40162\/&amp;title=Alert%C4%83+%C3%AEn+sta%C8%9Bia+Petro%C8%99ani%3A+plac%C4%83+de+beton+%C8%99i+componente+ale+unui+macaz%2C+g%C4%83site+pe+linie\" title=\"Linkedin\"><\/p>\n<div class=\"td-social-but-text\">Linkedin<\/div>\n<p><\/a><a class=\"td-social-sharing-button td-social-sharing-button-js td-social-network td-social-reddit\" href=\"https:\/\/reddit.com\/submit?url=https:\/\/orasul-timisoara.ro\/local-40162\/&amp;title=Alert%C4%83+%C3%AEn+sta%C8%9Bia+Petro%C8%99ani%3A+plac%C4%83+de+beton+%C8%99i+componente+ale+unui+macaz%2C+g%C4%83site+pe+linie\" title=\"ReddIt\"><\/p>\n<div class=\"td-social-but-text\">ReddIt<\/div>\n<p><\/a><a class=\"td-social-sharing-button td-social-sharing-button-js td-social-network td-social-mail\" href=\"mailto:?subject=Alert%C4%83%20%C3%AEn%20sta%C8%9Bia%20Petro%C8%99ani:%20plac%C4%83%20de%20beton%20%C8%99i%20componente%20ale%20unui%20macaz,%20g%C4%83site%20pe%20linie&amp;body=https:\/\/orasul-timisoara.ro\/local-40162\/\" title=\"Email\"><\/p>\n<div class=\"td-social-but-text\">Email<\/div>\n<p><\/a><a class=\"td-social-sharing-button td-social-sharing-button-js td-social-network td-social-print\" href=\"https:\/\/orasul-timisoara.ro\/local-40162\/\" title=\"Imprimare\"><\/p>\n<div class=\"td-social-but-text\">Imprimare<\/div>\n<p><\/a><\/div>\n<\/div>\n<\/div>\n<div class=\"td-block-row td-post-next-prev\">\n<div class=\"td-block-span6 td-post-prev-post\">\n<div class=\"td-post-next-prev-content\"><span>Articolul precedent<\/span><a href=\"https:\/\/orasul-timisoara.ro\/local-40159\/\">Rom\u00e2nia, campioan\u0103 la medalii la Mondialele U19 de canotaj de la Plovdiv<\/a><\/div>\n<\/div>\n<div class=\"td-block-span6 td-post-next-post\">\n<div class=\"td-post-next-prev-content\"><span>Articolul urm\u0103tor<\/span><a href=\"https:\/\/orasul-timisoara.ro\/local-40165\/\">ANM anun\u021b\u0103 canicul\u0103 \u00een Timi\u0219 \u0219i Arad. Mar\u021bi vine v\u00e2rful de c\u0103ldur\u0103<\/a><\/div>\n<\/div>\n<\/div>\n<div class=\"td-author-name vcard author\"><span class=\"fn\"><a href=\"https:\/\/orasul-timisoara.ro\/author\/timisoara\/\">redactia<\/a><\/span><\/div>\n<p><span class=\"td-page-meta\"><\/span><span class=\"td-page-meta\"><span class=\"td-page-meta\"><\/span><\/span><span class=\"td-page-meta\"><\/span><\/footer>\n<div class=\"td_block_wrap td_block_related_posts tdi_3 td_with_ajax_pagination td-pb-border-top td_block_template_8\" data-td-block-uid=\"tdi_3\">\n<h4 class=\"td-related-title td-block-title\"><a id=\"tdi_4\" class=\"td-related-left td-cur-simple-item\" data-td_filter_value data-td_block_id=\"tdi_3\" href=\"https:\/\/orasul-timisoara.ro\/local-40162\/\">ARTICOLE SIMILARE<\/a><a id=\"tdi_5\" class=\"td-related-right\" data-td_filter_value=\"td_related_more_from_author\" data-td_block_id=\"tdi_3\" href=\"https:\/\/orasul-timisoara.ro\/local-40162\/\">DE LA ACELA\u0218I AUTOR<\/a><\/h4>\n<div id=\"tdi_3\" class=\"td_block_inner\">\n<div class=\"td-related-row\">\n<div class=\"td-related-span4\">\n<div class=\"td_module_related_posts td-animation-stack td_mod_related_posts\">\n<div class=\"td-module-image\">\n<div class=\"td-module-thumb\"><a href=\"https:\/\/orasul-timisoara.ro\/local-39860\/\" rel=\"bookmark\" class=\"td-image-wrap \" title=\"Accesul c\u0103tre Aeroportul Timi\u0219oara, afectat de lucr\u0103rile la calea ferat\u0103 p\u00e2n\u0103 la sf\u00e2r\u0219itul lunii august\"><img loading=\"lazy\" decoding=\"async\" class=\"entry-thumb\" src=\"https:\/\/orasul-timisoara.ro\/wp-content\/uploads\/2026\/07\/WhatsApp-Image-2026-07-24-at-14.26.28-436x300.jpg\" alt title=\"Accesul c\u0103tre Aeroportul Timi\u0219oara, afectat de lucr\u0103rile la calea ferat\u0103 p\u00e2n\u0103 la sf\u00e2r\u0219itul lunii august\" width=\"218\" height=\"150\"><\/a><\/div>\n<\/div>\n<div class=\"item-details\">\n<h3 class=\"entry-title td-module-title\"><a href=\"https:\/\/orasul-timisoara.ro\/local-39860\/\" rel=\"bookmark\" title=\"Accesul c\u0103tre Aeroportul Timi\u0219oara, afectat de lucr\u0103rile la calea ferat\u0103 p\u00e2n\u0103 la sf\u00e2r\u0219itul lunii august\">Accesul c\u0103tre Aeroportul Timi\u0219oara, afectat de lucr\u0103rile la calea ferat\u0103 p\u00e2n\u0103 la sf\u00e2r\u0219itul lunii august<\/a><\/h3>\n<\/div>\n<\/div>\n<\/div>\n<div class=\"td-related-span4\">\n<div class=\"td_module_related_posts td-animation-stack td_mod_related_posts\">\n<div class=\"td-module-image\">\n<div class=\"td-module-thumb\"><a href=\"https:\/\/orasul-timisoara.ro\/local-39008\/\" rel=\"bookmark\" class=\"td-image-wrap \" title=\"Prim\u0103ria Timi\u0219oara preg\u0103te\u0219te modernizarea zonelor din jurul G\u0103rii de Nord \u0219i G\u0103rii de Sud\"><img loading=\"lazy\" decoding=\"async\" class=\"entry-thumb\" src=\"https:\/\/orasul-timisoara.ro\/wp-content\/uploads\/2026\/06\/gara-de-nord-tm-002-436x300.jpg\" alt title=\"Prim\u0103ria Timi\u0219oara preg\u0103te\u0219te modernizarea zonelor din jurul G\u0103rii de Nord \u0219i G\u0103rii de Sud\" width=\"218\" height=\"150\"><\/a><\/div>\n<\/div>\n<div class=\"item-details\">\n<h3 class=\"entry-title td-module-title\"><a href=\"https:\/\/orasul-timisoara.ro\/local-39008\/\" rel=\"bookmark\" title=\"Prim\u0103ria Timi\u0219oara preg\u0103te\u0219te modernizarea zonelor din jurul G\u0103rii de Nord \u0219i G\u0103rii de Sud\">Prim\u0103ria Timi\u0219oara preg\u0103te\u0219te modernizarea zonelor din jurul G\u0103rii de Nord \u0219i G\u0103rii de Sud<\/a><\/h3>\n<\/div>\n<\/div>\n<\/div>\n<div class=\"td-related-span4\">\n<div class=\"td_module_related_posts td-animation-stack td_mod_related_posts\">\n<div class=\"td-module-image\">\n<div class=\"td-module-thumb\"><a href=\"https:\/\/orasul-timisoara.ro\/local-38925\/\" rel=\"bookmark\" class=\"td-image-wrap \" title=\"Montarea elementelor de infrastructur\u0103 continu\u0103 pe calea ferat\u0103 dintre Lugoj \u2013 Timi\u0219oara. Noul pod feroviar peste Bega cre\u0219te de la o zi la alta\"><img loading=\"lazy\" decoding=\"async\" class=\"entry-thumb\" src=\"https:\/\/orasul-timisoara.ro\/wp-content\/uploads\/2026\/05\/pod-cfr-lugoj-bega-436x300.jpg\" alt title=\"Montarea elementelor de infrastructur\u0103 continu\u0103 pe calea ferat\u0103 dintre Lugoj \u2013 Timi\u0219oara. Noul pod feroviar peste Bega cre\u0219te de la o zi la alta\" width=\"218\" height=\"150\"><\/a><\/div>\n<\/div>\n<div class=\"item-details\">\n<h3 class=\"entry-title td-module-title\"><a href=\"https:\/\/orasul-timisoara.ro\/local-38925\/\" rel=\"bookmark\" title=\"Montarea elementelor de infrastructur\u0103 continu\u0103 pe calea ferat\u0103 dintre Lugoj \u2013 Timi\u0219oara. Noul pod feroviar peste Bega cre\u0219te de la o zi la alta\">Montarea elementelor de infrastructur\u0103 continu\u0103 pe calea ferat\u0103 dintre Lugoj \u2013 Timi\u0219oara. Noul pod feroviar peste Bega cre\u0219te de la o zi la alta<\/a><\/h3>\n<\/div>\n<\/div>\n<\/div>\n<\/div>\n<\/div>\n<\/div>\n<div class=\"comments\" id=\"comments\">\n<div id=\"respond\" class=\"comment-respond\">\n<h3 id=\"reply-title\" class=\"comment-reply-title\">L\u0102SA\u021aI UN MESAJ<\/h3>\n<div class=\"comment-form-input-wrap td-form-comment\">\n<div class=\"td-warning-comment\">V\u0103 rug\u0103m s\u0103 introduce\u021bi comentariul dvs.!<\/div>\n<\/div>\n<div class=\"comment-form-input-wrap td-form-author\">\n<div class=\"td-warning-author\">Introduce\u021bi aici numele dvs.<\/div>\n<\/div>\n<div class=\"comment-form-input-wrap td-form-email\">\n<div class=\"td-warning-email-error\">A\u021bi introdus o adres\u0103 de e-mail incorect\u0103!<\/div>\n<div class=\"td-warning-email\">V\u0103 rug\u0103m s\u0103 introduce\u021bi adresa dvs. de e-mail aici<\/div>\n<\/div>\n<\/div>\n<p class=\"akismet_comment_form_privacy_notice\">Acest site folose\u0219te Akismet pentru a reduce spamul. <a href=\"https:\/\/akismet.com\/privacy\/\" target=\"_blank\" rel=\"nofollow noopener\">Afl\u0103 cum sunt procesate datele comentariilor tale<\/a>.<\/p>\n<\/div>\n<\/div>\n<\/div>\n<div class=\"td-pb-span4 td-main-sidebar\" role=\"complementary\">\n<div class=\"td-ss-main-sidebar\">\n<aside id=\"block-4\" class=\"td_block_template_8 widget block-4 widget_block widget_media_image\">\n<figure class=\"wp-block-image size-full\"><img loading=\"lazy\" decoding=\"async\" width=\"336\" height=\"280\" src=\"https:\/\/orasul-timisoara.ro\/wp-content\/uploads\/2024\/11\/ReTIM-Abonamentul-Verde-Google-Ads-336x280px.gif\" alt class=\"wp-image-29257\"><\/figure>\n<\/aside>\n<div class=\"td_block_wrap td_block_social_counter td_block_widget tdi_6 td-social-style5 td-social-boxed td-pb-border-top td_block_template_8\">\n<div class=\"td-block-title-wrap\">\n<h4 class=\"td-block-title\"><span>Urm\u0103re\u0219te-ne pe Social Media<\/span><\/h4>\n<\/div>\n<div class=\"td-social-list\">\n<div class=\"td_social_type td-pb-margin-side td_social_facebook\">\n<div class=\"td-social-box\"><span class=\"td_social_info td_social_info_counter\">344,595<\/span><span class=\"td_social_info td_social_info_name\">Fani<\/span><span class=\"td_social_button\"><a href=\"https:\/\/www.facebook.com\/247timisoara\" target=\"_blank\" rel=\"nofollow\">\u00cemi place<\/a><\/span><\/div>\n<\/div>\n<div class=\"td_social_type td-pb-margin-side td_social_instagram\">\n<div class=\"td-social-box\"><span class=\"td_social_info td_social_info_counter\">4,416<\/span><span class=\"td_social_info td_social_info_name\">Cititori<\/span><span class=\"td_social_button\"><a href=\"https:\/\/instagram.com\/orasultimisoararo\/\" target=\"_blank\" rel=\"nofollow\">Conecta\u021bi-v\u0103<\/a><\/span><\/div>\n<\/div>\n<div class=\"td_social_type td-pb-margin-side td_social_rss\">\n<div class=\"td-social-box\"><span class=\"td_social_info td_social_info_counter\">12,506<\/span><span class=\"td_social_info td_social_info_name\">Cititori<\/span><span class=\"td_social_button\"><a href=\"https:\/\/orasul-timisoara.ro\/feed\/\" target=\"_blank\" rel=\"nofollow\">Conecta\u021bi-v\u0103<\/a><\/span><\/div>\n<\/div>\n<div class=\"td_social_type td-pb-margin-side td_social_tiktok\">\n<div class=\"td-social-box\"><span class=\"td_social_info td_social_info_counter\">1,500<\/span><span class=\"td_social_info td_social_info_name\">Cititori<\/span><span class=\"td_social_button\"><a href=\"https:\/\/www.tiktok.com\/@orasultimisoara\" target=\"_blank\" rel=\"nofollow\">Conecta\u021bi-v\u0103<\/a><\/span><\/div>\n<\/div>\n<div class=\"td_social_type td-pb-margin-side td_social_twitter\">\n<div class=\"td-social-box\"><span class=\"td_social_info td_social_info_counter\">1,595<\/span><span class=\"td_social_info td_social_info_name\">Cititori<\/span><span class=\"td_social_button\"><a href=\"https:\/\/twitter.com\/orasultm\" target=\"_blank\" rel=\"nofollow\">Conecta\u021bi-v\u0103<\/a><\/span><\/div>\n<\/div>\n<div class=\"td_social_type td-pb-margin-side td_social_youtube\">\n<div class=\"td-social-box\"><span class=\"td_social_info td_social_info_counter\">3,506<\/span><span class=\"td_social_info td_social_info_name\">Abona\u021bi<\/span><span class=\"td_social_button\"><a href=\"https:\/\/www.youtube.com\/channel\/UCQNsQvs2XCSIm1Z-AHRturw?sub_confirmation=1\" target=\"_blank\" rel=\"nofollow\">Abona\u021bi-v\u0103<\/a><\/span><\/div>\n<\/div>\n<\/div>\n<\/div>\n<aside id=\"text-7\" class=\"td_block_template_8 widget text-7 widget_text\">\n<h4 class=\"td-block-title\"><span>C\u0103ut\u0103ri populare pe OTM<\/span><\/h4>\n<div class=\"textwidget\"><a href=\"https:\/\/orasul-timisoara.ro\/?s=timisoara\"><span>Timisoara<\/span><\/a><a href=\"https:\/\/orasul-timisoara.ro\/?s=calin+dobra\"><span>Calin Dobra<\/span><\/a><a href=\"https:\/\/orasul-timisoara.ro\/?s=primaria+timisoara\"><span>Primaria Timisoara<\/span><\/a><a href=\"https:\/\/orasul-timisoara.ro\/?s=dominic+fritz\"><span>Dominic Fritz<\/span><\/a><a href=\"https:\/\/orasul-timisoara.ro\/?s=nicolae+robu\"><span>Nicolae Robu<\/span><\/a><a href=\"https:\/\/orasul-timisoara.ro\/?s=consiliul+local+timisoara\">Consiliul Local Timisoara<\/a><a href=\"https:\/\/orasul-timisoara.ro\/?s=consiliul+judetean+timis\"><span>Consiliul Judetean Timis<\/span><\/a><a href=\"https:\/\/orasul-timisoara.ro\/?s=cjt\"><span>CJT<\/span><\/a><a href=\"https:\/\/orasul-timisoara.ro\/?s=Alfred+Simonis\"><span>Alfred Simonis<\/span><\/a><a href=\"https:\/\/orasul-timisoara.ro\/?s=PNL\"><span>PNL<\/span><\/a><a href=\"https:\/\/orasul-timisoara.ro\/?s=coronavirus\"><span>coronavirus<\/span><\/a><a href=\"https:\/\/orasul-timisoara.ro\/?s=teatru+timisoara\">teatru Timisoara<\/a><a href=\"https:\/\/orasul-timisoara.ro\/?s=restaurante\"><span>restaurante Timisoara<\/span><\/a><a href=\"https:\/\/orasul-timisoara.ro\/?s=diskoteka\"><span>Diskoteka<\/span><\/a><a href=\"https:\/\/orasul-timisoara.ro\/?s=iulius+town\"><span>Iulius Town<\/span><\/a><a href=\"https:\/\/orasul-timisoara.ro\/?s=iulius+mall\"><span>Iulius Mall<\/span><\/a><a href=\"https:\/\/orasul-timisoara.ro\/?s=stpt\"><span>STPT<\/span><\/a><a href=\"https:\/\/orasul-timisoara.ro\/?s=alin+nica\"><span>Alin Nica<\/span><\/a><a href=\"https:\/\/orasul-timisoara.ro\/?s=psd\"><span>PSD<\/span><\/a><a href=\"https:\/\/orasul-timisoara.ro\/?s=aeroport\"><span>Aeroportul International Timisoara<\/span><\/a><a href=\"https:\/\/orasul-timisoara.ro\/?s=babes\"><span>Spitalul Victor Babes Timisoara<\/span><\/a><a href=\"https:\/\/orasul-timisoara.ro\/?s=poli\"><span>Poli Timi\u0219oara<\/span><\/a><a href=\"https:\/\/orasul-timisoara.ro\/?s=carantina\"><span>carantina<\/span><\/a><a href=\"https:\/\/orasul-timisoara.ro\/?s=aquatim\"><span>Aquatim<\/span><\/a><a href=\"https:\/\/orasul-timisoara.ro\/local-category\/stiri-timisoara\/\"><span>Stiri Timisoara<\/span><\/a><a href=\"https:\/\/orasul-timisoara.ro\/local-category\/investitii-in-timisoara\/\"><span>Investi\u021bii in Timi\u0219oara<\/span><\/a><a href=\"https:\/\/orasul-timisoara.ro\/local-9463\/\"><span>shaorma<\/span><\/a><a href=\"https:\/\/orasul-timisoara.ro\/?s=trafic\"><span>trafic rutier<\/span><\/a><a href=\"https:\/\/orasul-timisoara.ro\/?s=politia\"><span>politia locala timisoara<\/span><\/a><a href=\"https:\/\/orasul-timisoara.ro\/?s=roxana\"><span>Roxana Iliescu<\/span><\/a><a href=\"https:\/\/orasul-timisoara.ro\/?s=colterm\"><span>Colterm<\/span><\/a><a href=\"https:\/\/orasul-timisoara.ro\/?s=latcau\"><span>Ruben La\u021bc\u0103u<\/span><\/a><a href=\"https:\/\/orasul-timisoara.ro\/?s=timis\"><span>\u0218tiri din Timi\u0219<\/span><\/a><a href=\"https:\/\/orasul-timisoara.ro\/?s=spital\"><span>Spitale din Timi\u0219oara<\/span><\/a><a href=\"https:\/\/orasul-timisoara.ro\/?s=tabara\"><span>Cosmin Tab\u0103r\u0103<\/span><\/a><\/div>\n<\/aside>\n<aside id=\"rss-2\" class=\"td_block_template_8 widget rss-2 widget_rss\">\n<h4 class=\"td-block-title\"><span><a class=\"rsswidget rss-widget-feed\" href=\"https:\/\/fashionfridays.ro\/feed\"><img decoding=\"async\" class=\"rss-widget-icon\" width=\"14\" height=\"14\" src=\"https:\/\/orasul-timisoara.ro\/wp-includes\/images\/rss.png\" alt=\"RSS\" loading=\"lazy\"><\/a><a class=\"rsswidget rss-widget-title\" href=\"https:\/\/fashionfridays.ro\/\">Fashion Fridays<\/a><\/span><\/h4>\n<ul>\n<li><a class=\"rsswidget\" href=\"https:\/\/fashionfridays.ro\/romania-devine-a-29-a-piata-vogue-o-noua-era-pentru-industria-locala-de-moda\/\">Rom\u00e2nia devine a 29-a pia\u021b\u0103 Vogue: o nou\u0103 er\u0103 pentru industria local\u0103 de mod\u0103<\/a>\n<div class=\"rssSummary\">Revista Vogue \u00ee\u0219i extinde prezen\u021ba global\u0103 \u0219i va fi lansat\u0103 oficial \u00een Rom\u00e2nia \u00een prim\u0103vara anului 2027, marc\u00e2nd intrarea pe cea de-a 29-a pia\u021b\u0103 interna\u021bional\u0103. Proiectul este realizat \u00een parteneriat cu AEMME Publishing, o companie media recent \u00eenfiin\u021bat\u0103, care va publica edi\u021bia local\u0103 sub licen\u021b\u0103. Noua edi\u021bie, Vogue Rom\u00e2nia, \u00ee\u0219i propune s\u0103 combine autoritatea global\u0103 [\u2026]<\/div>\n<\/li>\n<\/ul>\n<\/aside>\n<aside id=\"rss-4\" class=\"td_block_template_8 widget rss-4 widget_rss\">\n<h4 class=\"td-block-title\"><span><a class=\"rsswidget rss-widget-feed\" href=\"https:\/\/emasini.ro\/feed\"><img decoding=\"async\" class=\"rss-widget-icon\" width=\"14\" height=\"14\" src=\"https:\/\/orasul-timisoara.ro\/wp-includes\/images\/rss.png\" alt=\"RSS\" loading=\"lazy\"><\/a><a class=\"rsswidget rss-widget-title\" href=\"https:\/\/emasini.ro\/\">eMasini<\/a><\/span><\/h4>\n<ul>\n<li><a class=\"rsswidget\" href=\"https:\/\/emasini.ro\/bmw-testeaza-noul-i4-convertible-primul-cabrio-electric-accesibil-al-marcii\/\">BMW testeaz\u0103 noul i4 Convertible, primul cabrio electric accesibil al m\u0103rcii<\/a>\n<div class=\"rssSummary\">BMW accelereaz\u0103 dezvoltarea noii genera\u021bii de modele electrice bazate pe platforma Neue Klasse, iar unul dintre cele mai interesante proiecte aflate \u00een teste este viitorul BMW i4 Convertible. Prototipul camuflat a fost surprins pe \u0219osele, confirm\u00e2nd c\u0103 produc\u0103torul german preg\u0103te\u0219te o decapotabil\u0103 electric\u0103 destinat\u0103 unui segment \u00een care oferta este, \u00een prezent, extrem de limitat\u0103. [\u2026]<\/div>\n<\/li>\n<\/ul>\n<\/aside>\n<\/div>\n<\/div>\n<\/div>\n<\/div>\n<\/article>\n<div class=\"td-post-content tagdiv-type\">\n<p class=\"wp-block-paragraph\">Un tren de marf\u0103 operat de Rail Cargo Carrier a \u00eent\u00e2lnit, duminic\u0103, \u00een jurul orei 16:10, mai multe obiecte amplasate pe calea ferat\u0103, \u00een sta\u021bia CF Petro\u0219ani, pe linia 2. Incidentul s-a produs pe raza Sucursalei Regionale de C\u0103i Ferate Timi\u0219oara, iar primele verific\u0103ri ale CFR indic\u0103 o posibil\u0103 interven\u021bie neautorizat\u0103 asupra unor elemente ale infrastructurii feroviare.<\/p>\n<p class=\"wp-block-paragraph\">Trenul a \u00eent\u00e2lnit ini\u021bial placa unui dispozitiv DAM, folosit pentru manevrarea macazului, care fusese desf\u0103cut\u0103 \u0219i ridicat\u0103. Ulterior, pe traseul trenului a fost identificat\u0103 \u0219i o plac\u0103 de beton aferent\u0103 canalului de cabluri. Poli\u021bia Transporturi Feroviare a fost sesizat\u0103, iar cercet\u0103rile pentru stabilirea \u00eemprejur\u0103rilor \u0219i identificarea persoanelor implicate sunt \u00een desf\u0103\u0219urare.<\/p>\n<h2 class=\"wp-block-heading\">Obiecte g\u0103site pe linia 2 din sta\u021bia Petro\u0219ani<\/h2>\n<p class=\"wp-block-paragraph\">Potrivit primelor informa\u021bii transmise de CFR, incidentul a avut loc \u00een jurul orei 16:10, c\u00e2nd trenul de marf\u0103 operat de Rail Cargo Carrier se afla \u00een parcurs \u00een sta\u021bia CF Petro\u0219ani.<\/p>\n<p class=\"wp-block-paragraph\">Primul obstacol \u00eent\u00e2lnit a fost placa dispozitivului DAM, un element utilizat pentru manevrarea macazului. CFR precizeaz\u0103 c\u0103, \u00een condi\u021bii normale de exploatare, aceast\u0103 component\u0103 este sigilat\u0103 \u0219i asigurat\u0103, \u00eens\u0103 \u00een momentul incidentului fusese desf\u0103cut\u0103 \u0219i ridicat\u0103.<\/p>\n<p class=\"wp-block-paragraph\">Ulterior, \u00een parcursul trenului a fost identificat\u0103 pe linie \u0219i o plac\u0103 de beton aferent\u0103 canalului de cabluri.<\/p>\n<h2 class=\"wp-block-heading\">CFR suspecteaz\u0103 o interven\u021bie neautorizat\u0103<\/h2>\n<p class=\"wp-block-paragraph\">Primele constat\u0103ri efectuate la fa\u021ba locului indic\u0103 existen\u021ba unor indicii privind o interven\u021bie neautorizat\u0103 asupra infrastructurii feroviare.<\/p>\n<p class=\"wp-block-paragraph\">Deocamdat\u0103 nu sunt cunoscute circumstan\u021bele exacte \u00een care placa de beton a ajuns pe linie \u0219i nici motivele pentru care dispozitivul DAM a fost desf\u0103cut. Stabilirea acestor aspecte revine autorit\u0103\u021bilor competente, care efectueaz\u0103 cercet\u0103ri \u00een acest caz.<\/p>\n<h2 class=\"wp-block-heading\">Poli\u021bia Transporturi Feroviare face cercet\u0103ri<\/h2>\n<p class=\"wp-block-paragraph\">Poli\u021bia Transporturi Feroviare a fost anun\u021bat\u0103 imediat dup\u0103 producerea incidentului, iar reprezentan\u021bii institu\u021biei s-au deplasat la fa\u021ba locului pentru verific\u0103ri.<\/p>\n<p class=\"wp-block-paragraph\">Ancheta urm\u0103re\u0219te stabilirea modului \u00een care au fost amplasate obiectele pe calea ferat\u0103 \u0219i identificarea eventualelor persoane implicate. CFR a anun\u021bat c\u0103 va pune la dispozi\u021bia autorit\u0103\u021bilor toate informa\u021biile necesare pentru clarificarea situa\u021biei.<\/p>\n<h2 class=\"wp-block-heading\">Circula\u021bia feroviar\u0103 a fost reluat\u0103 dup\u0103 o or\u0103<\/h2>\n<p class=\"wp-block-paragraph\">Dup\u0103 producerea incidentului, personalul de specialitate al CFR S.A. a verificat infrastructura \u0219i instala\u021biile din zona afectat\u0103.<\/p>\n<p class=\"wp-block-paragraph\">Circula\u021bia feroviar\u0103 a fost redeschis\u0103 la ora 17:10, dup\u0103 efectuarea verific\u0103rilor necesare pentru ca traficul s\u0103 poat\u0103 fi reluat \u00een condi\u021bii de siguran\u021b\u0103.<\/p>\n<h2 class=\"wp-block-heading\">CFR avertizeaz\u0103 asupra riscurilor pentru trenuri \u0219i infrastructur\u0103<\/h2>\n<p class=\"wp-block-paragraph\">Compania Na\u021bional\u0103 de C\u0103i Ferate \u201eCFR\u201d S.A. consider\u0103 extrem de grave interven\u021biile neautorizate asupra infrastructurii feroviare \u0219i amplasarea de obiecte pe calea ferat\u0103.<\/p>\n<p class=\"wp-block-paragraph\">O plac\u0103 de beton aflat\u0103 \u00een gabaritul c\u0103ii poate reprezenta un obstacol direct pentru trenuri \u0219i poate provoca avarii materialului rulant sau infrastructurii. \u00cen acela\u0219i timp, interven\u021biile asupra elementelor unui macaz sau asupra dispozitivelor aferente pot afecta func\u021bionarea acestora \u0219i condi\u021biile de siguran\u021b\u0103 ale circula\u021biei.<\/p>\n<h2 class=\"wp-block-heading\">Accesul neautorizat \u00een zona feroviar\u0103 poate avea consecin\u021be grave<\/h2>\n<p class=\"wp-block-paragraph\">CFR reaminte\u0219te c\u0103 accesul neautorizat \u00een zona infrastructurii feroviare, amplasarea obiectelor pe calea ferat\u0103 \u0219i interven\u021biile asupra instala\u021biilor \u0219i echipamentelor reprezint\u0103 ac\u021biuni extrem de periculoase.<\/p>\n<p class=\"wp-block-paragraph\">Astfel de fapte pot pune \u00een pericol siguran\u021ba trenurilor, a personalului feroviar \u0219i a pasagerilor, dar pot provoca \u0219i distrugeri importante ale infrastructurii \u0219i materialului rulant.<\/p>\n<h2 class=\"wp-block-heading\">Ancheta continu\u0103 la Petro\u0219ani<\/h2>\n<p class=\"wp-block-paragraph\">Cercet\u0103rile Poli\u021biei Transporturi Feroviare sunt \u00een desf\u0103\u0219urare, iar autorit\u0103\u021bile urmeaz\u0103 s\u0103 stabileasc\u0103 exact modul \u00een care s-a produs incidentul \u0219i dac\u0103 \u00een spatele acestuia se afl\u0103 o interven\u021bie inten\u021bionat\u0103 asupra infrastructurii.<\/p>\n<p class=\"wp-block-paragraph\">CFR S.A. anun\u021b\u0103 c\u0103 va sprijini ancheta \u0219i va sesiza autorit\u0103\u021bile ori de c\u00e2te ori sunt identificate ac\u021biuni care pot pune \u00een pericol circula\u021bia trenurilor, integritatea infrastructurii sau siguran\u021ba personalului feroviar.<\/p>\n<\/div>\n<p>[analyse_source url=&#8221;https:\/\/orasul-timisoara.ro\/local-40162\/&#8221;]<\/p>\n","protected":false},"excerpt":{"rendered":"<p>[analyse_image type=&#8221;featured&#8221; src=&#8221;https:\/\/orasul-timisoara.ro\/wp-content\/uploads\/2026\/08\/gata-petrosni.jpg&#8221;] \u0218tiri na\u021bionale \u0219i interna\u021bionaleAlert\u0103 \u00een sta\u021bia Petro\u0219ani: plac\u0103 de beton \u0219i componente ale unui macaz,&#8230; \u0218tiri na\u021bionale \u0219i interna\u021bionale Alert\u0103 \u00een sta\u021bia Petro\u0219ani: plac\u0103 de beton \u0219i componente ale unui macaz, g\u0103site pe linie De c\u0103tre redactia &#8211; 09\/08\/2026 Facebook Twitter WhatsApp Linkedin ReddIt Email Imprimare Un tren de marf\u0103 operat de [&hellip;]<\/p>\n","protected":false},"author":1,"featured_media":0,"comment_status":"open","ping_status":"","sticky":false,"template":"","format":"standard","meta":{"footnotes":""},"categories":[89],"tags":[226,189],"class_list":["post-2085929","post","type-post","status-publish","format-standard","hentry","category-romania","tag-crawlmanager","tag-orasul-timisoara-ro"],"_links":{"self":[{"href":"https:\/\/analyse.optim.biz\/index.php?rest_route=\/wp\/v2\/posts\/2085929","targetHints":{"allow":["GET"]}}],"collection":[{"href":"https:\/\/analyse.optim.biz\/index.php?rest_route=\/wp\/v2\/posts"}],"about":[{"href":"https:\/\/analyse.optim.biz\/index.php?rest_route=\/wp\/v2\/types\/post"}],"author":[{"embeddable":true,"href":"https:\/\/analyse.optim.biz\/index.php?rest_route=\/wp\/v2\/users\/1"}],"replies":[{"embeddable":true,"href":"https:\/\/analyse.optim.biz\/index.php?rest_route=%2Fwp%2Fv2%2Fcomments&post=2085929"}],"version-history":[{"count":0,"href":"https:\/\/analyse.optim.biz\/index.php?rest_route=\/wp\/v2\/posts\/2085929\/revisions"}],"wp:attachment":[{"href":"https:\/\/analyse.optim.biz\/index.php?rest_route=%2Fwp%2Fv2%2Fmedia&parent=2085929"}],"wp:term":[{"taxonomy":"category","embeddable":true,"href":"https:\/\/analyse.optim.biz\/index.php?rest_route=%2Fwp%2Fv2%2Fcategories&post=2085929"},{"taxonomy":"post_tag","embeddable":true,"href":"https:\/\/analyse.optim.biz\/index.php?rest_route=%2Fwp%2Fv2%2Ftags&post=2085929"}],"curies":[{"name":"wp","href":"https:\/\/api.w.org\/{rel}","templated":true}]}}