{"id":2085928,"date":"2026-08-10T07:09:10","date_gmt":"2026-08-10T04:09:10","guid":{"rendered":"https:\/\/analyse.optim.biz\/?p=2085928"},"modified":"2026-08-10T07:09:10","modified_gmt":"2026-08-10T04:09:10","slug":"interventie-de-urgenta-in-cheile-rudariei-un-tanar-s-a-catarat-la-20-de-metri-inaltime-cu-slapi-si-a-ramas-blocat","status":"publish","type":"post","link":"https:\/\/analyse.optim.biz\/?p=2085928","title":{"rendered":"Interven\u021bie de urgen\u021b\u0103 \u00een Cheile Rud\u0103riei. Un t\u00e2n\u0103r s-a c\u0103\u021b\u0103rat la 20 de metri \u00een\u0103l\u021bime cu \u0219lapi \u0219i a r\u0103mas blocat"},"content":{"rendered":"<p>[analyse_image type=&#8221;featured&#8221; src=&#8221;https:\/\/www.tion.ro\/wp-content\/uploads\/2026\/08\/+otf\/1200&#215;630\/OVpGNTQBEDf96ceivRFI2U5PVF9WRVJZX1NFQyGMrqK0G0fG330ly53f3Tg2bbni__HXiulVNjA5es5uwpkWA1J6k93X8xe+73wv__MrNZMdnaGW3L17AFX7hCwi8=\/6345662collage.png&#8221;]<\/p>\n<article id=\"post-2331126\" class>\n<div class=\"entry-content clearfix\">\n<div class=\"enewsArticleContent\">\n<p>Salvamont Cara\u0219-Severin a transmis c\u0103 pentru recuperarea t\u00e2n\u0103rului a fost necesar\u0103 mobilizarea mai multor for\u021be de interven\u021bie. Salvatorii atrag aten\u021bia c\u0103 astfel de situa\u021bii pot pune \u00een pericol at\u00e2t via\u021ba celor care se aventureaz\u0103 f\u0103r\u0103 preg\u0103tire, c\u00e2t \u0219i pe cea a echipelor care sunt nevoite s\u0103 intervin\u0103.<\/p>\n<blockquote>\n<p>\u201eIncon\u0219tien\u021b\u0103, teribilism, nep\u0103sare, probabil nu vom afla vreodat\u0103\u2026\u201d, au transmis reprezentan\u021bii Salvamont Cara\u0219-Severin, referindu-se la decizia t\u00e2n\u0103rului de a urca f\u0103r\u0103 niciun fel de echipament \u0219i f\u0103r\u0103 cuno\u0219tin\u021be \u00een domeniul escaladei sau alpinismului.<\/p>\n<\/blockquote>\n<p>Interven\u021bia a avut loc \u00eentr-un moment \u00een care echipele de salvare sunt deja solicitate de numeroase alte situa\u021bii. Salvamonti\u0219tii se \u00eendreptau c\u0103tre un alt accident produs \u00een zona Cheilor Nerei, la aproximativ dou\u0103 ore de condus de baz\u0103, dup\u0103 ce fuseser\u0103 mobiliza\u021bi anterior \u0219i pentru o persoan\u0103 care nu avea semnal la telefon.<\/p>\n<blockquote>\n<p>\u201eCu trei apeluri situate la distan\u021b\u0103 unul fa\u021b\u0103 de cel\u0103lalt \u0219i cu un personal subdimensionat este greu de intervenit\u201d, au mai precizat salvamonti\u0219tii.<\/p>\n<\/blockquote>\n<p>\u00cen aceast\u0103 perioad\u0103, \u0219i celelalte structuri de interven\u021bie sunt puternic solicitate. Pompierii se confrunt\u0103 cu numeroase incendii de vegeta\u021bie, \u00een timp ce echipajele SMURD intervin la accidente grave.<\/p>\n<p>Salvamonti\u0219tii le recomand\u0103 turi\u0219tilor s\u0103 manifeste pruden\u021b\u0103 \u0219i s\u0103 \u00ee\u0219i evalueze cu aten\u021bie traseul \u00eenainte de a porni la drum. Echipamentul trebuie s\u0103 fie adaptat activit\u0103\u021bii \u0219i nivelului de dificultate al traseului, iar persoanele care pleac\u0103 \u00een zone montane sunt sf\u0103tuite s\u0103 \u00ee\u0219i informeze apropia\u021bii cu privire la traseul \u0219i planul lor.<\/p>\n<p>\u00a0<\/p>\n<div class=\"fbShareLikeTwitterAndEmailContainer\">\n<div class=\"wrapper\">\n<div class=\"email\">\n<div id=\"mailto-pop\" class=\"pop-form pop-form-mailto\">\n<div class=\"pop-form-header\">\n<h4>Trimite articolul<\/h4>\n<p><a class=\"pop-form-close\">X<\/a><\/div>\n<\/div>\n<\/div>\n<\/div>\n<\/div>\n<div class=\"tagsContainer\">\n<div class=\"tagsLabel\">Taguri:<\/div>\n<div class=\"tags\">\n<div class=\"tag\"><a href=\"https:\/\/www.tion.ro\/cimke\/caras-severin\" rel=\"tag\"><span class=\"link\">caras severin<\/span><span class=\"separator\">,<\/span><\/a><\/div>\n<div class=\"tag\"><a href=\"https:\/\/www.tion.ro\/cimke\/salvamont\" rel=\"tag\"><span class=\"link\">salvamont<\/span><span class=\"separator\">,<\/span><\/a><\/div>\n<div class=\"tag\"><a href=\"https:\/\/www.tion.ro\/cimke\/slapi\" rel=\"tag\"><span class=\"link\">slapi<\/span><\/a><\/div>\n<\/div>\n<\/div>\n<div class=\"comments\">\n<div class=\"top\">\n<div class=\"commentsNumber\"><span class=\"number\">0<\/span><span class=\"text\">Comentarii<\/span><\/div>\n<\/div>\n<div class=\"center\">\n<div id=\"respond\" class=\"comment-respond\">\n<h3 id=\"reply-title\" class=\"comment-reply-title\"><small><a rel=\"nofollow\" id=\"cancel-comment-reply-link\" href=\"https:\/\/www.tion.ro\/stirile-judetului-timis\/interventie-de-urgenta-in-cheile-rudariei-un-tanar-s-a-catarat-la-20-de-metri-inaltime-cu-slapi-si-a-ramas-blocat-2331126\/#respond\">Cancel reply<\/a><\/small><\/h3>\n<p class=\"comment-notes\"><span id=\"email-notes\">Your email address will not be published.<\/span><span class=\"required-field-message\">Required fields are marked <span class=\"required\">*<\/span><\/span><\/p>\n<p class=\"commentFormComment\"><span id=\"commentFormCount\"><br \/>\n                            inca<br \/>\n                            <span id=\"countCommentText\">1000<\/span><br \/>\n                            caractere ramase<br \/>\n                        <\/span><\/p>\n<\/div>\n<\/div>\n<div class=\"bottom\">\n<p class=\"forumDisclaimerHuRo\">\n            Citi\u021bi principiile noastre de moderare <a href=\"https:\/\/www.tion.ro\/reguli-postare-comentarii\/\" target=\"_blank\">aici<\/a>!\n        <\/p>\n<\/div>\n<\/div>\n<\/div>\n<\/div>\n<\/article>\n<div class=\"entry-content clearfix\">\n<div class=\"enewsArticleContent\">\n<p>Salvamont Cara\u0219-Severin a transmis c\u0103 pentru recuperarea t\u00e2n\u0103rului a fost necesar\u0103 mobilizarea mai multor for\u021be de interven\u021bie. Salvatorii atrag aten\u021bia c\u0103 astfel de situa\u021bii pot pune \u00een pericol at\u00e2t via\u021ba celor care se aventureaz\u0103 f\u0103r\u0103 preg\u0103tire, c\u00e2t \u0219i pe cea a echipelor care sunt nevoite s\u0103 intervin\u0103.<\/p>\n<blockquote>\n<p>\u201eIncon\u0219tien\u021b\u0103, teribilism, nep\u0103sare, probabil nu vom afla vreodat\u0103\u2026\u201d, au transmis reprezentan\u021bii Salvamont Cara\u0219-Severin, referindu-se la decizia t\u00e2n\u0103rului de a urca f\u0103r\u0103 niciun fel de echipament \u0219i f\u0103r\u0103 cuno\u0219tin\u021be \u00een domeniul escaladei sau alpinismului.<\/p>\n<\/blockquote>\n<p>Interven\u021bia a avut loc \u00eentr-un moment \u00een care echipele de salvare sunt deja solicitate de numeroase alte situa\u021bii. Salvamonti\u0219tii se \u00eendreptau c\u0103tre un alt accident produs \u00een zona Cheilor Nerei, la aproximativ dou\u0103 ore de condus de baz\u0103, dup\u0103 ce fuseser\u0103 mobiliza\u021bi anterior \u0219i pentru o persoan\u0103 care nu avea semnal la telefon.<\/p>\n<blockquote>\n<p>\u201eCu trei apeluri situate la distan\u021b\u0103 unul fa\u021b\u0103 de cel\u0103lalt \u0219i cu un personal subdimensionat este greu de intervenit\u201d, au mai precizat salvamonti\u0219tii.<\/p>\n<\/blockquote>\n<p>\u00cen aceast\u0103 perioad\u0103, \u0219i celelalte structuri de interven\u021bie sunt puternic solicitate. Pompierii se confrunt\u0103 cu numeroase incendii de vegeta\u021bie, \u00een timp ce echipajele SMURD intervin la accidente grave.<\/p>\n<p>Salvamonti\u0219tii le recomand\u0103 turi\u0219tilor s\u0103 manifeste pruden\u021b\u0103 \u0219i s\u0103 \u00ee\u0219i evalueze cu aten\u021bie traseul \u00eenainte de a porni la drum. Echipamentul trebuie s\u0103 fie adaptat activit\u0103\u021bii \u0219i nivelului de dificultate al traseului, iar persoanele care pleac\u0103 \u00een zone montane sunt sf\u0103tuite s\u0103 \u00ee\u0219i informeze apropia\u021bii cu privire la traseul \u0219i planul lor.<\/p>\n<p>\u00a0<\/p>\n<div class=\"fbShareLikeTwitterAndEmailContainer\">\n<div class=\"wrapper\">\n<div class=\"email\">\n<div id=\"mailto-pop\" class=\"pop-form pop-form-mailto\">\n<div class=\"pop-form-header\">\n<h4>Trimite articolul<\/h4>\n<p><a class=\"pop-form-close\">X<\/a><\/div>\n<\/div>\n<\/div>\n<\/div>\n<\/div>\n<div class=\"tagsContainer\">\n<div class=\"tagsLabel\">Taguri:<\/div>\n<div class=\"tags\">\n<div class=\"tag\"><a href=\"https:\/\/www.tion.ro\/cimke\/caras-severin\" rel=\"tag\"><span class=\"link\">caras severin<\/span><span class=\"separator\">,<\/span><\/a><\/div>\n<div class=\"tag\"><a href=\"https:\/\/www.tion.ro\/cimke\/salvamont\" rel=\"tag\"><span class=\"link\">salvamont<\/span><span class=\"separator\">,<\/span><\/a><\/div>\n<div class=\"tag\"><a href=\"https:\/\/www.tion.ro\/cimke\/slapi\" rel=\"tag\"><span class=\"link\">slapi<\/span><\/a><\/div>\n<\/div>\n<\/div>\n<div class=\"comments\">\n<div class=\"top\">\n<div class=\"commentsNumber\"><span class=\"number\">0<\/span><span class=\"text\">Comentarii<\/span><\/div>\n<\/div>\n<div class=\"center\">\n<div id=\"respond\" class=\"comment-respond\">\n<h3 id=\"reply-title\" class=\"comment-reply-title\"><small><a rel=\"nofollow\" id=\"cancel-comment-reply-link\" href=\"https:\/\/www.tion.ro\/stirile-judetului-timis\/interventie-de-urgenta-in-cheile-rudariei-un-tanar-s-a-catarat-la-20-de-metri-inaltime-cu-slapi-si-a-ramas-blocat-2331126\/#respond\">Cancel reply<\/a><\/small><\/h3>\n<p class=\"comment-notes\"><span id=\"email-notes\">Your email address will not be published.<\/span><span class=\"required-field-message\">Required fields are marked <span class=\"required\">*<\/span><\/span><\/p>\n<p class=\"commentFormComment\"><span id=\"commentFormCount\"><br \/>\n                            inca<br \/>\n                            <span id=\"countCommentText\">1000<\/span><br \/>\n                            caractere ramase<br \/>\n                        <\/span><\/p>\n<\/div>\n<\/div>\n<div class=\"bottom\">\n<p class=\"forumDisclaimerHuRo\">\n            Citi\u021bi principiile noastre de moderare <a href=\"https:\/\/www.tion.ro\/reguli-postare-comentarii\/\" target=\"_blank\">aici<\/a>!\n        <\/p>\n<\/div>\n<\/div>\n<\/div>\n<\/div>\n<p>[analyse_source url=&#8221;https:\/\/www.tion.ro\/stirile-judetului-timis\/interventie-de-urgenta-in-cheile-rudariei-un-tanar-s-a-catarat-la-20-de-metri-inaltime-cu-slapi-si-a-ramas-blocat-2331126\/&#8221;]<\/p>\n","protected":false},"excerpt":{"rendered":"<p>[analyse_image type=&#8221;featured&#8221; src=&#8221;https:\/\/www.tion.ro\/wp-content\/uploads\/2026\/08\/+otf\/1200&#215;630\/OVpGNTQBEDf96ceivRFI2U5PVF9WRVJZX1NFQyGMrqK0G0fG330ly53f3Tg2bbni__HXiulVNjA5es5uwpkWA1J6k93X8xe+73wv__MrNZMdnaGW3L17AFX7hCwi8=\/6345662collage.png&#8221;] Salvamont Cara\u0219-Severin a transmis c\u0103 pentru recuperarea t\u00e2n\u0103rului a fost necesar\u0103 mobilizarea mai multor for\u021be de interven\u021bie. Salvatorii atrag aten\u021bia c\u0103 astfel de situa\u021bii pot pune \u00een pericol at\u00e2t via\u021ba celor care se aventureaz\u0103 f\u0103r\u0103 preg\u0103tire, c\u00e2t \u0219i pe cea a echipelor care sunt nevoite s\u0103 intervin\u0103. \u201eIncon\u0219tien\u021b\u0103, teribilism, nep\u0103sare, probabil nu [&hellip;]<\/p>\n","protected":false},"author":1,"featured_media":0,"comment_status":"open","ping_status":"","sticky":false,"template":"","format":"standard","meta":{"footnotes":""},"categories":[89],"tags":[226,191],"class_list":["post-2085928","post","type-post","status-publish","format-standard","hentry","category-romania","tag-crawlmanager","tag-tion-ro"],"_links":{"self":[{"href":"https:\/\/analyse.optim.biz\/index.php?rest_route=\/wp\/v2\/posts\/2085928","targetHints":{"allow":["GET"]}}],"collection":[{"href":"https:\/\/analyse.optim.biz\/index.php?rest_route=\/wp\/v2\/posts"}],"about":[{"href":"https:\/\/analyse.optim.biz\/index.php?rest_route=\/wp\/v2\/types\/post"}],"author":[{"embeddable":true,"href":"https:\/\/analyse.optim.biz\/index.php?rest_route=\/wp\/v2\/users\/1"}],"replies":[{"embeddable":true,"href":"https:\/\/analyse.optim.biz\/index.php?rest_route=%2Fwp%2Fv2%2Fcomments&post=2085928"}],"version-history":[{"count":0,"href":"https:\/\/analyse.optim.biz\/index.php?rest_route=\/wp\/v2\/posts\/2085928\/revisions"}],"wp:attachment":[{"href":"https:\/\/analyse.optim.biz\/index.php?rest_route=%2Fwp%2Fv2%2Fmedia&parent=2085928"}],"wp:term":[{"taxonomy":"category","embeddable":true,"href":"https:\/\/analyse.optim.biz\/index.php?rest_route=%2Fwp%2Fv2%2Fcategories&post=2085928"},{"taxonomy":"post_tag","embeddable":true,"href":"https:\/\/analyse.optim.biz\/index.php?rest_route=%2Fwp%2Fv2%2Ftags&post=2085928"}],"curies":[{"name":"wp","href":"https:\/\/api.w.org\/{rel}","templated":true}]}}