{"id":2085926,"date":"2026-08-10T09:18:24","date_gmt":"2026-08-10T06:18:24","guid":{"rendered":"https:\/\/analyse.optim.biz\/?p=2085926"},"modified":"2026-08-10T09:18:24","modified_gmt":"2026-08-10T06:18:24","slug":"o-fata-de-16-ani-a-fost-violata-langa-faget-suspectul-de-19-ani-arestat-preventiv","status":"publish","type":"post","link":"https:\/\/analyse.optim.biz\/?p=2085926","title":{"rendered":"O fat\u0103 de 16 ani a fost violat\u0103 l\u00e2ng\u0103 F\u0103get. Suspectul de 19 ani, arestat preventiv"},"content":{"rendered":"<p>[analyse_image type=&#8221;featured&#8221; src=&#8221;https:\/\/www.tion.ro\/wp-content\/uploads\/2025\/05\/+otf\/1200&#215;630\/+lxMP6wsi1PaEeWoNZi4YE5PVF9WRVJZX1NFQ3+opdoSd1NkuWW0DZ7Hf39g3qxxT53pdQPPF03JTZDoXGFxUhLWHkc__9n__xQYSOLP6viblQh3FnXcWEYwva2Vo=\/8248966arestatretinutcatuse1-scaled.jpg&#8221;]<\/p>\n<article id=\"post-2331084\" class>\n<div class=\"entry-content clearfix\">\n<div class=\"enewsArticleContent\">\n<p class=\"isSelectedEnd\">Un t\u00e2n\u0103r de 19 ani a ajuns \u00een arest preventiv dup\u0103 ce ar fi agresat sexual o fat\u0103 de 16 ani. Incidentul ar fi avut loc \u00een urm\u0103 cu c\u00e2teva zile, \u00eentr-o zon\u0103 izolat\u0103 din apropierea ora\u0219ului F\u0103get.<\/p>\n<p class=\"isSelectedEnd\">Poli\u021bi\u0219tii au fost sesiza\u021bi pe 6 august de reprezentantul legal al fetei, care a anun\u021bat c\u0103 aceasta ar fi fost victima unei agresiuni sexuale pe 3 august.<\/p>\n<p class=\"isSelectedEnd\">Din primele informa\u021bii, \u00een acea zi, fata s-ar fi \u00eent\u00e2lnit cu t\u00e2n\u0103rul de 19 ani. Acesta ar fi luat-o cu ma\u0219ina \u0219i ar fi dus-o \u00eentr-o zon\u0103 izolat\u0103 de l\u00e2ng\u0103 F\u0103get. Acolo, sus\u021bin anchetatorii, t\u00e2n\u0103rul ar fi constr\u00e2ns-o fizic \u0219i moral \u0219i a violat-o.<\/p>\n<p class=\"isSelectedEnd\">Poli\u021bi\u0219tii de la Investiga\u021bii Criminale din F\u0103get au f\u0103cut verific\u0103ri \u0219i au str\u00e2ns probe \u00een acest caz. \u00cen urma acestora, t\u00e2n\u0103rul a fost re\u021binut pentru 24 de ore \u0219i este cercetat pentru viol s\u0103v\u00e2r\u0219it asupra unui minor.<\/p>\n<p class=\"isSelectedEnd\">Pe 6 august, acesta a fost prezentat \u00een fa\u021ba magistra\u021bilor, care au decis s\u0103-l aresteze preventiv pentru 30 de zile.<\/p>\n<p>Ancheta este \u00een continuare \u00een desf\u0103\u0219urare, sub coordonarea procurorului de la Parchetul de pe l\u00e2ng\u0103 Judec\u0103toria F\u0103get<\/p>\n<div class=\"fbShareLikeTwitterAndEmailContainer\">\n<div class=\"wrapper\">\n<div class=\"email\">\n<div id=\"mailto-pop\" class=\"pop-form pop-form-mailto\">\n<div class=\"pop-form-header\">\n<h4>Trimite articolul<\/h4>\n<p><a class=\"pop-form-close\">X<\/a><\/div>\n<\/div>\n<\/div>\n<\/div>\n<\/div>\n<div class=\"tagsContainer\">\n<div class=\"tagsLabel\">Taguri:<\/div>\n<div class=\"tags\">\n<div class=\"tag\"><a href=\"https:\/\/www.tion.ro\/cimke\/faget\" rel=\"tag\"><span class=\"link\">faget<\/span><span class=\"separator\">,<\/span><\/a><\/div>\n<div class=\"tag\"><a href=\"https:\/\/www.tion.ro\/cimke\/viol\" rel=\"tag\"><span class=\"link\">viol<\/span><\/a><\/div>\n<\/div>\n<\/div>\n<div class=\"comments\">\n<div class=\"top\">\n<div class=\"commentsNumber\"><span class=\"number\">0<\/span><span class=\"text\">Comentarii<\/span><\/div>\n<\/div>\n<div class=\"center\">\n<div id=\"respond\" class=\"comment-respond\">\n<h3 id=\"reply-title\" class=\"comment-reply-title\"><small><a rel=\"nofollow\" id=\"cancel-comment-reply-link\" href=\"https:\/\/www.tion.ro\/eveniment\/o-fata-de-16-ani-a-fost-violata-langa-faget-suspectul-de-19-ani-arestat-preventiv-2331084\/#respond\">Cancel reply<\/a><\/small><\/h3>\n<p class=\"comment-notes\"><span id=\"email-notes\">Your email address will not be published.<\/span><span class=\"required-field-message\">Required fields are marked <span class=\"required\">*<\/span><\/span><\/p>\n<p class=\"commentFormComment\"><span id=\"commentFormCount\"><br \/>\n                            inca<br \/>\n                            <span id=\"countCommentText\">1000<\/span><br \/>\n                            caractere ramase<br \/>\n                        <\/span><\/p>\n<\/div>\n<\/div>\n<div class=\"bottom\">\n<p class=\"forumDisclaimerHuRo\">\n            Citi\u021bi principiile noastre de moderare <a href=\"https:\/\/www.tion.ro\/reguli-postare-comentarii\/\" target=\"_blank\">aici<\/a>!\n        <\/p>\n<\/div>\n<\/div>\n<\/div>\n<\/div>\n<\/article>\n<div class=\"entry-content clearfix\">\n<div class=\"enewsArticleContent\">\n<p class=\"isSelectedEnd\">Un t\u00e2n\u0103r de 19 ani a ajuns \u00een arest preventiv dup\u0103 ce ar fi agresat sexual o fat\u0103 de 16 ani. Incidentul ar fi avut loc \u00een urm\u0103 cu c\u00e2teva zile, \u00eentr-o zon\u0103 izolat\u0103 din apropierea ora\u0219ului F\u0103get.<\/p>\n<p class=\"isSelectedEnd\">Poli\u021bi\u0219tii au fost sesiza\u021bi pe 6 august de reprezentantul legal al fetei, care a anun\u021bat c\u0103 aceasta ar fi fost victima unei agresiuni sexuale pe 3 august.<\/p>\n<p class=\"isSelectedEnd\">Din primele informa\u021bii, \u00een acea zi, fata s-ar fi \u00eent\u00e2lnit cu t\u00e2n\u0103rul de 19 ani. Acesta ar fi luat-o cu ma\u0219ina \u0219i ar fi dus-o \u00eentr-o zon\u0103 izolat\u0103 de l\u00e2ng\u0103 F\u0103get. Acolo, sus\u021bin anchetatorii, t\u00e2n\u0103rul ar fi constr\u00e2ns-o fizic \u0219i moral \u0219i a violat-o.<\/p>\n<p class=\"isSelectedEnd\">Poli\u021bi\u0219tii de la Investiga\u021bii Criminale din F\u0103get au f\u0103cut verific\u0103ri \u0219i au str\u00e2ns probe \u00een acest caz. \u00cen urma acestora, t\u00e2n\u0103rul a fost re\u021binut pentru 24 de ore \u0219i este cercetat pentru viol s\u0103v\u00e2r\u0219it asupra unui minor.<\/p>\n<p class=\"isSelectedEnd\">Pe 6 august, acesta a fost prezentat \u00een fa\u021ba magistra\u021bilor, care au decis s\u0103-l aresteze preventiv pentru 30 de zile.<\/p>\n<p>Ancheta este \u00een continuare \u00een desf\u0103\u0219urare, sub coordonarea procurorului de la Parchetul de pe l\u00e2ng\u0103 Judec\u0103toria F\u0103get<\/p>\n<div class=\"fbShareLikeTwitterAndEmailContainer\">\n<div class=\"wrapper\">\n<div class=\"email\">\n<div id=\"mailto-pop\" class=\"pop-form pop-form-mailto\">\n<div class=\"pop-form-header\">\n<h4>Trimite articolul<\/h4>\n<p><a class=\"pop-form-close\">X<\/a><\/div>\n<\/div>\n<\/div>\n<\/div>\n<\/div>\n<div class=\"tagsContainer\">\n<div class=\"tagsLabel\">Taguri:<\/div>\n<div class=\"tags\">\n<div class=\"tag\"><a href=\"https:\/\/www.tion.ro\/cimke\/faget\" rel=\"tag\"><span class=\"link\">faget<\/span><span class=\"separator\">,<\/span><\/a><\/div>\n<div class=\"tag\"><a href=\"https:\/\/www.tion.ro\/cimke\/viol\" rel=\"tag\"><span class=\"link\">viol<\/span><\/a><\/div>\n<\/div>\n<\/div>\n<div class=\"comments\">\n<div class=\"top\">\n<div class=\"commentsNumber\"><span class=\"number\">0<\/span><span class=\"text\">Comentarii<\/span><\/div>\n<\/div>\n<div class=\"center\">\n<div id=\"respond\" class=\"comment-respond\">\n<h3 id=\"reply-title\" class=\"comment-reply-title\"><small><a rel=\"nofollow\" id=\"cancel-comment-reply-link\" href=\"https:\/\/www.tion.ro\/eveniment\/o-fata-de-16-ani-a-fost-violata-langa-faget-suspectul-de-19-ani-arestat-preventiv-2331084\/#respond\">Cancel reply<\/a><\/small><\/h3>\n<p class=\"comment-notes\"><span id=\"email-notes\">Your email address will not be published.<\/span><span class=\"required-field-message\">Required fields are marked <span class=\"required\">*<\/span><\/span><\/p>\n<p class=\"commentFormComment\"><span id=\"commentFormCount\"><br \/>\n                            inca<br \/>\n                            <span id=\"countCommentText\">1000<\/span><br \/>\n                            caractere ramase<br \/>\n                        <\/span><\/p>\n<\/div>\n<\/div>\n<div class=\"bottom\">\n<p class=\"forumDisclaimerHuRo\">\n            Citi\u021bi principiile noastre de moderare <a href=\"https:\/\/www.tion.ro\/reguli-postare-comentarii\/\" target=\"_blank\">aici<\/a>!\n        <\/p>\n<\/div>\n<\/div>\n<\/div>\n<\/div>\n<p>[analyse_source url=&#8221;https:\/\/www.tion.ro\/eveniment\/o-fata-de-16-ani-a-fost-violata-langa-faget-suspectul-de-19-ani-arestat-preventiv-2331084\/&#8221;]<\/p>\n","protected":false},"excerpt":{"rendered":"<p>[analyse_image type=&#8221;featured&#8221; src=&#8221;https:\/\/www.tion.ro\/wp-content\/uploads\/2025\/05\/+otf\/1200&#215;630\/+lxMP6wsi1PaEeWoNZi4YE5PVF9WRVJZX1NFQ3+opdoSd1NkuWW0DZ7Hf39g3qxxT53pdQPPF03JTZDoXGFxUhLWHkc__9n__xQYSOLP6viblQh3FnXcWEYwva2Vo=\/8248966arestatretinutcatuse1-scaled.jpg&#8221;] Un t\u00e2n\u0103r de 19 ani a ajuns \u00een arest preventiv dup\u0103 ce ar fi agresat sexual o fat\u0103 de 16 ani. Incidentul ar fi avut loc \u00een urm\u0103 cu c\u00e2teva zile, \u00eentr-o zon\u0103 izolat\u0103 din apropierea ora\u0219ului F\u0103get. Poli\u021bi\u0219tii au fost sesiza\u021bi pe 6 august de reprezentantul legal al fetei, care a [&hellip;]<\/p>\n","protected":false},"author":1,"featured_media":0,"comment_status":"open","ping_status":"","sticky":false,"template":"","format":"standard","meta":{"footnotes":""},"categories":[89],"tags":[226,191],"class_list":["post-2085926","post","type-post","status-publish","format-standard","hentry","category-romania","tag-crawlmanager","tag-tion-ro"],"_links":{"self":[{"href":"https:\/\/analyse.optim.biz\/index.php?rest_route=\/wp\/v2\/posts\/2085926","targetHints":{"allow":["GET"]}}],"collection":[{"href":"https:\/\/analyse.optim.biz\/index.php?rest_route=\/wp\/v2\/posts"}],"about":[{"href":"https:\/\/analyse.optim.biz\/index.php?rest_route=\/wp\/v2\/types\/post"}],"author":[{"embeddable":true,"href":"https:\/\/analyse.optim.biz\/index.php?rest_route=\/wp\/v2\/users\/1"}],"replies":[{"embeddable":true,"href":"https:\/\/analyse.optim.biz\/index.php?rest_route=%2Fwp%2Fv2%2Fcomments&post=2085926"}],"version-history":[{"count":0,"href":"https:\/\/analyse.optim.biz\/index.php?rest_route=\/wp\/v2\/posts\/2085926\/revisions"}],"wp:attachment":[{"href":"https:\/\/analyse.optim.biz\/index.php?rest_route=%2Fwp%2Fv2%2Fmedia&parent=2085926"}],"wp:term":[{"taxonomy":"category","embeddable":true,"href":"https:\/\/analyse.optim.biz\/index.php?rest_route=%2Fwp%2Fv2%2Fcategories&post=2085926"},{"taxonomy":"post_tag","embeddable":true,"href":"https:\/\/analyse.optim.biz\/index.php?rest_route=%2Fwp%2Fv2%2Ftags&post=2085926"}],"curies":[{"name":"wp","href":"https:\/\/api.w.org\/{rel}","templated":true}]}}