{"id":2085917,"date":"2026-08-08T12:17:59","date_gmt":"2026-08-08T09:17:59","guid":{"rendered":"https:\/\/analyse.optim.biz\/?p=2085917"},"modified":"2026-08-08T12:17:59","modified_gmt":"2026-08-08T09:17:59","slug":"cetatea-1932-suceava-obtine-prima-victorie-in-liga-a-ii-a-2-0-la-targu-mures","status":"publish","type":"post","link":"https:\/\/analyse.optim.biz\/?p=2085917","title":{"rendered":"Cetatea 1932 Suceava ob\u021bine prima victorie \u00een Liga a II-a: 2-0 la T\u00e2rgu Mure\u0219"},"content":{"rendered":"<p>[analyse_image type=&#8221;featured&#8221; src=&#8221;https:\/\/www.newsbucovina.ro\/wp-content\/uploads\/2026\/08\/WhatsApp-Image-2026-08-08-at-14.52.56-1.jpeghttps:\/\/cdn.newsbucovina.ro\/wp-content\/uploads\/2026\/08\/WhatsApp-Image-2026-08-08-at-14.52.56-1.jpeg&#8221;]<\/p>\n<div class=\"td-post-content tagdiv-type\">\n<div class=\"td-a-rec td-a-rec-id-content_top  tdi_3 td_block_template_1\"><strong>Intr\u0103 acum \u0219i \u00een grupul de <\/p>\n<div class=\"wp-block-button\"><a class=\"wp-block-button__link wp-element-button\" href=\"https:\/\/t.me\/+TH8wcfnp8fw5NWI0\">Telegram News Bucovina<\/a><\/div>\n<p><\/strong><\/div>\n<p class=\"wp-block-paragraph\">Cetatea 1932 Suceava a ob\u021binut primele puncte ale sezonului 2026\/2027 din Liga a II-a Casa Pariurilor. S\u00e2mb\u0103t\u0103, 8 august, forma\u021bia antrenat\u0103 de Petre Grigora\u0219 s-a impus cu 2-0 pe terenul celor de la ASA T\u00e2rgu Mure\u0219, \u00eentr-un meci din etapa a doua a campionatului.<\/p>\n<figure class=\"wp-block-gallery has-nested-images columns-default is-cropped wp-block-gallery-1 is-layout-flex wp-block-gallery-is-layout-flex\">\n<figure class=\"wp-block-image size-large\"><a href=\"https:\/\/cdn.newsbucovina.ro\/wp-content\/uploads\/2026\/08\/WhatsApp-Image-2026-08-08-at-14.52.55-1.jpeg\"><img loading=\"lazy\" decoding=\"async\" width=\"1024\" height=\"576\" data-id=\"445928\" src=\"https:\/\/cdn.newsbucovina.ro\/wp-content\/uploads\/2026\/08\/WhatsApp-Image-2026-08-08-at-14.52.55-1-1024x576.jpeg\" alt class=\"wp-image-445928\"><\/a><\/figure>\n<figure class=\"wp-block-image size-large\"><a href=\"https:\/\/cdn.newsbucovina.ro\/wp-content\/uploads\/2026\/08\/WhatsApp-Image-2026-08-08-at-14.52.55-2.jpeg\"><img loading=\"lazy\" decoding=\"async\" width=\"1024\" height=\"576\" data-id=\"445931\" src=\"https:\/\/cdn.newsbucovina.ro\/wp-content\/uploads\/2026\/08\/WhatsApp-Image-2026-08-08-at-14.52.55-2-1024x576.jpeg\" alt class=\"wp-image-445931\"><\/a><\/figure>\n<figure class=\"wp-block-image size-large\"><a href=\"https:\/\/cdn.newsbucovina.ro\/wp-content\/uploads\/2026\/08\/WhatsApp-Image-2026-08-08-at-14.52.55-3.jpeg\"><img loading=\"lazy\" decoding=\"async\" width=\"1024\" height=\"576\" data-id=\"445930\" src=\"https:\/\/cdn.newsbucovina.ro\/wp-content\/uploads\/2026\/08\/WhatsApp-Image-2026-08-08-at-14.52.55-3-1024x576.jpeg\" alt class=\"wp-image-445930\"><\/a><\/figure>\n<figure class=\"wp-block-image size-large\"><a href=\"https:\/\/cdn.newsbucovina.ro\/wp-content\/uploads\/2026\/08\/WhatsApp-Image-2026-08-08-at-14.52.55.jpeg\"><img decoding=\"async\" loading=\"lazy\" width=\"1024\" height=\"576\" data-id=\"445932\" src=\"https:\/\/cdn.newsbucovina.ro\/wp-content\/uploads\/2026\/08\/WhatsApp-Image-2026-08-08-at-14.52.55-1024x576.jpeg\" alt class=\"wp-image-445932\"><\/a><\/figure>\n<figure class=\"wp-block-image size-large\"><a href=\"https:\/\/cdn.newsbucovina.ro\/wp-content\/uploads\/2026\/08\/WhatsApp-Image-2026-08-08-at-14.52.56-1.jpeg\"><img decoding=\"async\" loading=\"lazy\" width=\"1024\" height=\"576\" data-id=\"445927\" src=\"https:\/\/cdn.newsbucovina.ro\/wp-content\/uploads\/2026\/08\/WhatsApp-Image-2026-08-08-at-14.52.56-1-1024x576.jpeg\" alt class=\"wp-image-445927\"><\/a><\/figure>\n<figure class=\"wp-block-image size-large\"><a href=\"https:\/\/cdn.newsbucovina.ro\/wp-content\/uploads\/2026\/08\/WhatsApp-Image-2026-08-08-at-14.52.56.jpeg\"><img decoding=\"async\" loading=\"lazy\" width=\"1024\" height=\"576\" data-id=\"445929\" src=\"https:\/\/cdn.newsbucovina.ro\/wp-content\/uploads\/2026\/08\/WhatsApp-Image-2026-08-08-at-14.52.56-1024x576.jpeg\" alt class=\"wp-image-445929\"><\/a><\/figure>\n<\/figure>\n<p class=\"wp-block-paragraph\">Sucevenii au oferit o evolu\u021bie solid\u0103 \u0219i determinat\u0103, \u00een spiritul jocului bun din partea secund\u0103 a confrunt\u0103rii din prima rund\u0103, cu Concordia Chiajna. Alb-alba\u0219trii au \u00eenceput curajos, iar Gabriel R\u0103ducan a avut prima mare ocazie \u00eenc\u0103 din minutul 4. Cetatea a crescut constant ritmul \u0219i a pus st\u0103p\u00e2nire pe joc. Superioritatea s-a materializat \u00een minutul 38, c\u00e2nd acela\u0219i R\u0103ducan a reluat cu capul o centrare a lui Ferhaoui \u0219i a deschis scorul.<\/p>\n<p class=\"wp-block-paragraph\">Din acel moment, echipa sucevean\u0103 a r\u0103mas constant mai periculoas\u0103. Aftanache \u0219i F\u00fcl\u00f6p au ratat mai multe situa\u021bii excelente de a majora avantajul, iar Aftanache a lovit \u0219i bara \u00een minutul 40, \u00eentr-o faz\u0103 spectaculoas\u0103. Lini\u0219tea a venit \u00eens\u0103 tot de la R\u0103ducan, care a \u00eenchis tabela \u00een minutul 55, stabilind scorul final de 2-0.<\/p>\n<p class=\"wp-block-paragraph\">Finalul partidei a apar\u021binut tot oaspe\u021bilor. \u00cen minutul 82, Aftanache a trimis un \u0219ut excelent, respins spectaculos de portarul Florin Iacob, iar \u00een minutul 88 acela\u0219i goalkeeper al gazdelor a intervenit \u0219i la execu\u021bia lui Cerlinc\u0103.<\/p>\n<p class=\"wp-block-paragraph\">Petre Grigora\u0219 a \u00eenceput meciul cu urm\u0103toarea forma\u021bie de start: Ciobanu \u2013 Vi\u0219inar, Perju, Cimbru, Bai \u2013 F\u00fcl\u00f6p, David, Ferhaoui, Golofca \u2013 Aftanache, R\u0103ducan. Pe parcurs au mai intrat Bujor, Sumanariu, Cerlinc\u0103, Chelari \u0219i Vlad Ilie.<\/p>\n<p class=\"wp-block-paragraph\">\u00cen etapa urm\u0103toare, s\u00e2mb\u0103t\u0103, 15 august, Cetatea 1932 Suceava va primi, pe teren propriu, vizita Olimpiei Satu Mare. \u00cenainte de acest joc, miercuri, 12 august, alb-alba\u0219trii vor evolua \u00een turul 3 al Cupei Rom\u00e2niei, \u00een deplasare, \u00eempotriva forma\u021biei ACS USV Ia\u0219i.<\/p>\n<figure class=\"wp-block-embed is-type-video is-provider-youtube wp-block-embed-youtube wp-embed-aspect-16-9 wp-has-aspect-ratio\">\n<div class=\"wp-block-embed__wrapper\">\n<div class=\"youtube-embed\" data-video_id=\"owaoRC5i8gM\"><iframe loading=\"lazy\" title=\"De ce s\u0103 vrei s\u0103 MORI la 23 de ani?? Buchet de infrac\u021biuni = ADIO via\u021b\u0103!!! Nu a avut nicio \u0219ans\u0103...\" width=\"696\" height=\"392\" src=\"https:\/\/www.youtube.com\/embed\/owaoRC5i8gM?start=15&amp;feature=oembed\" frameborder allow=\"accelerometer; autoplay; clipboard-write; encrypted-media; gyroscope; picture-in-picture; web-share\" referrerpolicy=\"strict-origin-when-cross-origin\" allowfullscreen><\/iframe><\/div>\n<\/div>\n<\/figure>\n<div class=\"td-a-rec td-a-rec-id-content_bottom  tdi_4 td_block_template_1\"><strong>Intr\u0103 acum \u0219i \u00een grupul de <\/p>\n<div class=\"wp-block-button\"><a class=\"wp-block-button__link wp-element-button\" href=\"https:\/\/t.me\/+TH8wcfnp8fw5NWI0\">Telegram News Bucovina<\/a><\/div>\n<p><\/strong><\/div>\n<\/div>\n<div class=\"td-post-content tagdiv-type\">\n<div class=\"td-a-rec td-a-rec-id-content_top  tdi_3 td_block_template_1\"><strong>Intr\u0103 acum \u0219i \u00een grupul de <\/p>\n<div class=\"wp-block-button\"><a class=\"wp-block-button__link wp-element-button\" href=\"https:\/\/t.me\/+TH8wcfnp8fw5NWI0\">Telegram News Bucovina<\/a><\/div>\n<p><\/strong><\/div>\n<p class=\"wp-block-paragraph\">Cetatea 1932 Suceava a ob\u021binut primele puncte ale sezonului 2026\/2027 din Liga a II-a Casa Pariurilor. S\u00e2mb\u0103t\u0103, 8 august, forma\u021bia antrenat\u0103 de Petre Grigora\u0219 s-a impus cu 2-0 pe terenul celor de la ASA T\u00e2rgu Mure\u0219, \u00eentr-un meci din etapa a doua a campionatului.<\/p>\n<figure class=\"wp-block-gallery has-nested-images columns-default is-cropped wp-block-gallery-1 is-layout-flex wp-block-gallery-is-layout-flex\">\n<figure class=\"wp-block-image size-large\"><a href=\"https:\/\/cdn.newsbucovina.ro\/wp-content\/uploads\/2026\/08\/WhatsApp-Image-2026-08-08-at-14.52.55-1.jpeg\"><img loading=\"lazy\" decoding=\"async\" width=\"1024\" height=\"576\" data-id=\"445928\" src=\"https:\/\/cdn.newsbucovina.ro\/wp-content\/uploads\/2026\/08\/WhatsApp-Image-2026-08-08-at-14.52.55-1-1024x576.jpeg\" alt class=\"wp-image-445928\"><\/a><\/figure>\n<figure class=\"wp-block-image size-large\"><a href=\"https:\/\/cdn.newsbucovina.ro\/wp-content\/uploads\/2026\/08\/WhatsApp-Image-2026-08-08-at-14.52.55-2.jpeg\"><img loading=\"lazy\" decoding=\"async\" width=\"1024\" height=\"576\" data-id=\"445931\" src=\"https:\/\/cdn.newsbucovina.ro\/wp-content\/uploads\/2026\/08\/WhatsApp-Image-2026-08-08-at-14.52.55-2-1024x576.jpeg\" alt class=\"wp-image-445931\"><\/a><\/figure>\n<figure class=\"wp-block-image size-large\"><a href=\"https:\/\/cdn.newsbucovina.ro\/wp-content\/uploads\/2026\/08\/WhatsApp-Image-2026-08-08-at-14.52.55-3.jpeg\"><img loading=\"lazy\" decoding=\"async\" width=\"1024\" height=\"576\" data-id=\"445930\" src=\"https:\/\/cdn.newsbucovina.ro\/wp-content\/uploads\/2026\/08\/WhatsApp-Image-2026-08-08-at-14.52.55-3-1024x576.jpeg\" alt class=\"wp-image-445930\"><\/a><\/figure>\n<figure class=\"wp-block-image size-large\"><a href=\"https:\/\/cdn.newsbucovina.ro\/wp-content\/uploads\/2026\/08\/WhatsApp-Image-2026-08-08-at-14.52.55.jpeg\"><img decoding=\"async\" loading=\"lazy\" width=\"1024\" height=\"576\" data-id=\"445932\" src=\"https:\/\/cdn.newsbucovina.ro\/wp-content\/uploads\/2026\/08\/WhatsApp-Image-2026-08-08-at-14.52.55-1024x576.jpeg\" alt class=\"wp-image-445932\"><\/a><\/figure>\n<figure class=\"wp-block-image size-large\"><a href=\"https:\/\/cdn.newsbucovina.ro\/wp-content\/uploads\/2026\/08\/WhatsApp-Image-2026-08-08-at-14.52.56-1.jpeg\"><img decoding=\"async\" loading=\"lazy\" width=\"1024\" height=\"576\" data-id=\"445927\" src=\"https:\/\/cdn.newsbucovina.ro\/wp-content\/uploads\/2026\/08\/WhatsApp-Image-2026-08-08-at-14.52.56-1-1024x576.jpeg\" alt class=\"wp-image-445927\"><\/a><\/figure>\n<figure class=\"wp-block-image size-large\"><a href=\"https:\/\/cdn.newsbucovina.ro\/wp-content\/uploads\/2026\/08\/WhatsApp-Image-2026-08-08-at-14.52.56.jpeg\"><img decoding=\"async\" loading=\"lazy\" width=\"1024\" height=\"576\" data-id=\"445929\" src=\"https:\/\/cdn.newsbucovina.ro\/wp-content\/uploads\/2026\/08\/WhatsApp-Image-2026-08-08-at-14.52.56-1024x576.jpeg\" alt class=\"wp-image-445929\"><\/a><\/figure>\n<\/figure>\n<p class=\"wp-block-paragraph\">Sucevenii au oferit o evolu\u021bie solid\u0103 \u0219i determinat\u0103, \u00een spiritul jocului bun din partea secund\u0103 a confrunt\u0103rii din prima rund\u0103, cu Concordia Chiajna. Alb-alba\u0219trii au \u00eenceput curajos, iar Gabriel R\u0103ducan a avut prima mare ocazie \u00eenc\u0103 din minutul 4. Cetatea a crescut constant ritmul \u0219i a pus st\u0103p\u00e2nire pe joc. Superioritatea s-a materializat \u00een minutul 38, c\u00e2nd acela\u0219i R\u0103ducan a reluat cu capul o centrare a lui Ferhaoui \u0219i a deschis scorul.<\/p>\n<p class=\"wp-block-paragraph\">Din acel moment, echipa sucevean\u0103 a r\u0103mas constant mai periculoas\u0103. Aftanache \u0219i F\u00fcl\u00f6p au ratat mai multe situa\u021bii excelente de a majora avantajul, iar Aftanache a lovit \u0219i bara \u00een minutul 40, \u00eentr-o faz\u0103 spectaculoas\u0103. Lini\u0219tea a venit \u00eens\u0103 tot de la R\u0103ducan, care a \u00eenchis tabela \u00een minutul 55, stabilind scorul final de 2-0.<\/p>\n<p class=\"wp-block-paragraph\">Finalul partidei a apar\u021binut tot oaspe\u021bilor. \u00cen minutul 82, Aftanache a trimis un \u0219ut excelent, respins spectaculos de portarul Florin Iacob, iar \u00een minutul 88 acela\u0219i goalkeeper al gazdelor a intervenit \u0219i la execu\u021bia lui Cerlinc\u0103.<\/p>\n<p class=\"wp-block-paragraph\">Petre Grigora\u0219 a \u00eenceput meciul cu urm\u0103toarea forma\u021bie de start: Ciobanu \u2013 Vi\u0219inar, Perju, Cimbru, Bai \u2013 F\u00fcl\u00f6p, David, Ferhaoui, Golofca \u2013 Aftanache, R\u0103ducan. Pe parcurs au mai intrat Bujor, Sumanariu, Cerlinc\u0103, Chelari \u0219i Vlad Ilie.<\/p>\n<p class=\"wp-block-paragraph\">\u00cen etapa urm\u0103toare, s\u00e2mb\u0103t\u0103, 15 august, Cetatea 1932 Suceava va primi, pe teren propriu, vizita Olimpiei Satu Mare. \u00cenainte de acest joc, miercuri, 12 august, alb-alba\u0219trii vor evolua \u00een turul 3 al Cupei Rom\u00e2niei, \u00een deplasare, \u00eempotriva forma\u021biei ACS USV Ia\u0219i.<\/p>\n<figure class=\"wp-block-embed is-type-video is-provider-youtube wp-block-embed-youtube wp-embed-aspect-16-9 wp-has-aspect-ratio\">\n<div class=\"wp-block-embed__wrapper\">\n<div class=\"youtube-embed\" data-video_id=\"owaoRC5i8gM\"><iframe loading=\"lazy\" title=\"De ce s\u0103 vrei s\u0103 MORI la 23 de ani?? Buchet de infrac\u021biuni = ADIO via\u021b\u0103!!! Nu a avut nicio \u0219ans\u0103...\" width=\"696\" height=\"392\" src=\"https:\/\/www.youtube.com\/embed\/owaoRC5i8gM?start=15&amp;feature=oembed\" frameborder allow=\"accelerometer; autoplay; clipboard-write; encrypted-media; gyroscope; picture-in-picture; web-share\" referrerpolicy=\"strict-origin-when-cross-origin\" allowfullscreen><\/iframe><\/div>\n<\/div>\n<\/figure>\n<div class=\"td-a-rec td-a-rec-id-content_bottom  tdi_4 td_block_template_1\"><strong>Intr\u0103 acum \u0219i \u00een grupul de <\/p>\n<div class=\"wp-block-button\"><a class=\"wp-block-button__link wp-element-button\" href=\"https:\/\/t.me\/+TH8wcfnp8fw5NWI0\">Telegram News Bucovina<\/a><\/div>\n<p><\/strong><\/div>\n<\/div>\n<p>[analyse_source url=&#8221;https:\/\/www.newsbucovina.ro\/actualitate\/445926\/cetatea-1932-suceava-obtine-prima-victorie-in-liga-a-ii-a-2-0-la-targu-mures&#8221;]<\/p>\n","protected":false},"excerpt":{"rendered":"<p>[analyse_image type=&#8221;featured&#8221; src=&#8221;https:\/\/www.newsbucovina.ro\/wp-content\/uploads\/2026\/08\/WhatsApp-Image-2026-08-08-at-14.52.56-1.jpeghttps:\/\/cdn.newsbucovina.ro\/wp-content\/uploads\/2026\/08\/WhatsApp-Image-2026-08-08-at-14.52.56-1.jpeg&#8221;] Intr\u0103 acum \u0219i \u00een grupul de Telegram News Bucovina Cetatea 1932 Suceava a ob\u021binut primele puncte ale sezonului 2026\/2027 din Liga a II-a Casa Pariurilor. S\u00e2mb\u0103t\u0103, 8 august, forma\u021bia antrenat\u0103 de Petre Grigora\u0219 s-a impus cu 2-0 pe terenul celor de la ASA T\u00e2rgu Mure\u0219, \u00eentr-un meci din etapa a doua a [&hellip;]<\/p>\n","protected":false},"author":1,"featured_media":0,"comment_status":"open","ping_status":"","sticky":false,"template":"","format":"standard","meta":{"footnotes":""},"categories":[89],"tags":[226,165],"class_list":["post-2085917","post","type-post","status-publish","format-standard","hentry","category-romania","tag-crawlmanager","tag-newsbucovina-ro"],"_links":{"self":[{"href":"https:\/\/analyse.optim.biz\/index.php?rest_route=\/wp\/v2\/posts\/2085917","targetHints":{"allow":["GET"]}}],"collection":[{"href":"https:\/\/analyse.optim.biz\/index.php?rest_route=\/wp\/v2\/posts"}],"about":[{"href":"https:\/\/analyse.optim.biz\/index.php?rest_route=\/wp\/v2\/types\/post"}],"author":[{"embeddable":true,"href":"https:\/\/analyse.optim.biz\/index.php?rest_route=\/wp\/v2\/users\/1"}],"replies":[{"embeddable":true,"href":"https:\/\/analyse.optim.biz\/index.php?rest_route=%2Fwp%2Fv2%2Fcomments&post=2085917"}],"version-history":[{"count":0,"href":"https:\/\/analyse.optim.biz\/index.php?rest_route=\/wp\/v2\/posts\/2085917\/revisions"}],"wp:attachment":[{"href":"https:\/\/analyse.optim.biz\/index.php?rest_route=%2Fwp%2Fv2%2Fmedia&parent=2085917"}],"wp:term":[{"taxonomy":"category","embeddable":true,"href":"https:\/\/analyse.optim.biz\/index.php?rest_route=%2Fwp%2Fv2%2Fcategories&post=2085917"},{"taxonomy":"post_tag","embeddable":true,"href":"https:\/\/analyse.optim.biz\/index.php?rest_route=%2Fwp%2Fv2%2Ftags&post=2085917"}],"curies":[{"name":"wp","href":"https:\/\/api.w.org\/{rel}","templated":true}]}}