{"id":2085910,"date":"2026-08-10T09:20:30","date_gmt":"2026-08-10T06:20:30","guid":{"rendered":"https:\/\/analyse.optim.biz\/?p=2085910"},"modified":"2026-08-10T09:20:30","modified_gmt":"2026-08-10T06:20:30","slug":"video-o-masina-electrica-zeekr-7x-a-luat-foc-din-senin-in-timp-ce-se-afla-intr-o-statie-de-incarcare-din-china","status":"publish","type":"post","link":"https:\/\/analyse.optim.biz\/?p=2085910","title":{"rendered":"VIDEO | O ma\u0219in\u0103 electric\u0103 Zeekr 7X a luat foc din senin \u00een timp ce se afla \u00eentr-o sta\u021bie de \u00eenc\u0103rcare din China"},"content":{"rendered":"<p>[analyse_image type=&#8221;featured&#8221; src=&#8221;https:\/\/r3media.ro\/wp-content\/uploads\/2026\/08\/masina-electrica-zeekr-7x-a-luat-foc-in-statia-de-incarcare.pnghttps:\/\/r3media.ro\/wp-content\/uploads\/2026\/08\/masina-electrica-zeekr-7x-a-luat-foc-in-statia-de-incarcare.png&#8221;]<\/p>\n<article id=\"template-id-109\" class=\"post-109 tdb_templates type-tdb_templates status-publish post\">\n<div id=\"tdi_2\" class=\"tdc-zone\">\n<div class=\"tdc_zone tdi_3  wpb_row td-pb-row\">\n<div id=\"tdi_4\" class=\"tdc-row\">\n<div class=\"vc_row tdi_5  wpb_row td-pb-row\">\n<div class=\"vc_column tdi_7  wpb_column vc_column_container tdc-column td-pb-span8\">\n<div class=\"wpb_wrapper\">\n<div class=\"td_block_wrap tdb_breadcrumbs tdi_8 td-pb-border-top td_block_template_1 tdb-breadcrumbs \" data-td-block-uid=\"tdi_8\">\n<div class=\"tdb-block-inner td-fix-index\"><span><a title=\"Vede\u021bi toate articolele \u00een FEATURED\" class=\"tdb-entry-crumb\" href=\"https:\/\/r3media.ro\/category\/featured\/\">FEATURED<\/a><\/span><span class=\"tdb-bred-no-url-last\">VIDEO | O ma\u0219in\u0103 electric\u0103 Zeekr 7X a luat foc din senin&#8230;<\/span><\/div>\n<\/div>\n<div class=\"td_block_wrap tdb_single_categories tdi_9 td-pb-border-top td_block_template_1 \" data-td-block-uid=\"tdi_9\">\n<div class=\"tdb-category td-fix-index\"><a class=\"tdb-entry-category\" href=\"https:\/\/r3media.ro\/category\/featured\/\">FEATURED<\/a><a class=\"tdb-entry-category\" href=\"https:\/\/r3media.ro\/category\/stiri\/\">\u0218TIRI<\/a><\/div>\n<\/div>\n<div class=\"td_block_wrap tdb_title tdi_10 tdb-single-title td-pb-border-top td_block_template_1\" data-td-block-uid=\"tdi_10\">\n<div class=\"tdb-block-inner td-fix-index\">\n<h1 class=\"tdb-title-text\">VIDEO | O ma\u0219in\u0103 electric\u0103 Zeekr 7X a luat foc din senin \u00een timp ce se afla \u00eentr-o sta\u021bie de \u00eenc\u0103rcare din China<\/h1>\n<\/div>\n<\/div>\n<div class=\"vc_row_inner tdi_12  vc_row vc_inner wpb_row td-pb-row\">\n<div class=\"vc_column_inner tdi_14  wpb_column vc_column_container tdc-inner-column td-pb-span12\">\n<div class=\"vc_column-inner\">\n<div class=\"wpb_wrapper\">\n<div class=\"td_block_wrap tdb_single_author tdi_15 td-pb-border-top td_block_template_1 tdb-post-meta\" data-td-block-uid=\"tdi_15\">\n<div class=\"tdb-block-inner td-fix-index\">\n<div class=\"tdb-author-name-wrap\"><a class=\"tdb-author-name\" href=\"https:\/\/r3media.ro\/author\/oana\/\">Oana Ivan<\/a><\/div>\n<\/div>\n<\/div>\n<div class=\"td_block_wrap tdb_single_date tdi_16 td-pb-border-top td_block_template_1 tdb-post-meta\" data-td-block-uid=\"tdi_16\">\n<div class=\"tdb-block-inner td-fix-index\"><time class=\"entry-date updated td-module-date\" datetime=\"2026-08-10T12:20:30+03:00\">10\/08\/2026<\/time><\/div>\n<\/div>\n<\/div>\n<\/div>\n<\/div>\n<\/div>\n<div class=\"td_block_wrap tdb_single_featured_image tdi_17 tdb-content-horiz-left td-pb-border-top td_block_template_1\" data-td-block-uid=\"tdi_17\">\n<div class=\"tdb-block-inner td-fix-index\">\n<figure><figcaption class=\"tdb-caption-text\">Surs\u0103 &#8211; CarNewsChina<\/figcaption><\/figure>\n<\/div>\n<\/div>\n<div class=\"td_block_wrap tdb_single_content tdi_18 td-pb-border-top td_block_template_1 td-post-content tagdiv-type\" data-td-block-uid=\"tdi_18\">\n<div class=\"tdb-block-inner td-fix-index\">\n<p>Zeekr a emis o declara\u021bie oficial\u0103 dup\u0103 ce o <a href=\"https:\/\/r3media.ro\/tag\/masini-electrice\/\" target=\"_blank\" rel=\"noopener\"><strong>ma\u0219in\u0103 electric\u0103<\/strong><\/a> 7X a luat foc la o sta\u021bie de \u00eenc\u0103rcare din China. Accidentul a avut loc pe 9 august \u00een ora\u0219ul Ningbo. Nu au fost raportate victime, deoarece pompierii au reu\u0219it s\u0103 sting\u0103 incendiul, potrivit <a href=\"https:\/\/carnewschina.com\/2026\/08\/10\/zeekr-released-statement-on-the-7x-suv-firing-at-the-charging-station\/\" target=\"_blank\" rel=\"noopener\">CarNewsChina<\/a>.<\/p>\n<p>\u00cen videoclipul din partea de jos se poate vedea ma\u0219ina, care nu era conectat\u0103 la nicio sta\u021bie de \u00eenc\u0103rcare \u00een timpul incidentului. Prin urmare, cauza aprinderii a fost neclar\u0103. Cu toate acestea, utilizatorii chinezi de pe re\u021belele de socializare au subliniat c\u0103 ma\u0219ina p\u0103rea \u201esuspect\u0103\u201d, deoarece era parcat\u0103 cu capota deschis\u0103. Ma\u0219ina a luat foc brusc, cu un sunet asem\u0103n\u0103tor unei explozii. Vehiculul a \u00eenceput apoi s\u0103 scoat\u0103 fum, produc\u00e2nd continuu sunete de explozie cu sc\u00e2ntei.<\/p>\n<h2><strong>O ma\u0219in\u0103 electric\u0103 Zeekr 7X a luat foc din senin \u00een timp ce se afla \u00eentr-o sta\u021bie de \u00eenc\u0103rcare. Ce spune compania<\/strong><\/h2>\n<p>\u00a0<\/p>\n<p>Zeekr a emis o declara\u021bie oficial\u0103 la scurt timp dup\u0103 ce accidentul a avut loc \u00een Ningbo. Potrivit acestora, ancheta preliminar\u0103 a relevat c\u0103 acest SUV 7X a fost implicat \u00eentr-o coliziune grav\u0103 \u0219i nu a fost inspectat sau reparat de niciun centru de service oficial. Cauza specific\u0103 a incendiului este \u00een curs de investigare.<\/p>\n<p>Reprezentan\u021bii Zeekr au reamintit c\u0103 bateria, sistemul de \u00eenalt\u0103 tensiune \u0219i caroseria necesit\u0103 inspec\u021bie \u0219i evaluare dup\u0103 o coliziune. Exist\u0103 riscul unui pericol pentru siguran\u021b\u0103 dac\u0103 un vehicul nu a fost supus unei inspec\u021bii \u0219i repara\u021bii corespunz\u0103toare. Zeekr a recomandat, de asemenea, verificarea \u00eenregistr\u0103rilor accidentelor \u0219i repara\u021biilor la achizi\u021bionarea unei ma\u0219ini electrice second-hand. De asemenea, este important s\u0103 se inspecteze bateria de alimentare \u0219i centrul de \u00eenalt\u0103 tensiune pentru a asigura siguran\u021ba.<\/p>\n<p>Compania Zeekr este foarte \u00eengrijorat\u0103 de reputa\u021bia. Anterior, aceasta a comercializat vehiculele ca av\u00e2nd zero aprinderi spontane f\u0103r\u0103 o cauz\u0103 extern\u0103. Ultima dat\u0103 c\u00e2nd compania a men\u021bionat acest lucru a fost \u00een mai 2024. Zeekr a precizat c\u0103 livr\u0103rile sale cumulative au ajuns la 240.000 de unit\u0103\u021bi.<\/p>\n<h2><strong>Zeekr, o ma\u0219in\u0103 electric\u0103 v\u00e2ndut\u0103 la nivel global<\/strong><\/h2>\n<p>\u00a0<\/p>\n<p>Zeekr 7X este o ma\u0219in\u0103 global\u0103, v\u00e2ndut\u0103 \u00een diverse regiuni, inclusiv Europa, Asia Central\u0103, America Latin\u0103, Orientul Mijlociu, Asia de Sud-Est \u0219i multe altele. A ob\u021binut ratingul de siguran\u021b\u0103 de 5 stele Euro NCAP \u00een 2025, cu un scor de 91% pentru protec\u021bia adul\u021bilor \u0219i 90% pentru protec\u021bia copiilor.<\/p>\n<p>Versiunea chinez\u0103 a Zeekr 7X are dimensiuni de 4825\/1930\/1666 mm, cu un ampatament de 2.925 mm. Are dou\u0103 variante de sistem de propulsie:<\/p>\n<ul>\n<li>RWD pentru 370 kW (496 CP)<\/li>\n<li>AWD pentru 585 kW (784 CP).<\/li>\n<\/ul>\n<p>Sunt disponibile dou\u0103 baterii pentru 75 kWh (LFP) \u0219i 103 kWh (NMC ternar). Autonomia este cuprins\u0103 \u00eentre 620 \u0219i 802 km \u00een condi\u021bii CLTC.<\/p>\n<p>Modelul 7X cost\u0103 \u00eentre 229.800 \u0219i 269.800 de yuani (34.060 \u0219i 39.985 USD) \u00een China. Conform China EV DataTracker, Zeekr a livrat pe pia\u021ba intern\u0103 28.025 de unit\u0103\u021bi ale modelului 7X \u00een prima jum\u0103tate a anului 2026, \u00een sc\u0103dere cu 4,4% fa\u021b\u0103 de anul precedent.<\/p>\n<p>Varianta global\u0103 a modelului Zeekr 7X ofer\u0103 dimensiuni de 4787\/1930\/1650 mm, cu un ampatament de 2.900 mm. Ma\u0219ina entry-level are un singur motor electric pe puntea spate pentru 310 kW (416 CP) \u0219i o baterie LFP de 75 kWh pentru o autonomie WLTP de 480 km. Exist\u0103, de asemenea, un model cu autonomie lung\u0103 cu acela\u0219i motor electric \u0219i un pachet NMC ternar de 100 kWh pentru 615 km WLTP. Versiunea de top 7X adopt\u0103 o baterie de 100 kWh \u0219i dou\u0103 motoare electrice cu o putere maxim\u0103 combinat\u0103 de 475 kW (637 CP).<\/p>\n<div class=\"youtube-embed\" data-video_id=\"WcHJXVVPOY4\"><\/div>\n<div class=\"crp_related     crp-masonry\">\n<h2>\u00ceN CONTEXT<\/h2>\n<ul>\n<li><a href=\"https:\/\/r3media.ro\/fara-tine-in-google-r3media-dispare-iata-ce-poti-face-in-10-secunde\/\" class=\"crp_link post-119031\"><span class=\"crp_title\">F\u0103r\u0103 tine \u00een Google, R3media dispare. Iat\u0103 ce po\u021bi face \u00een 10 secunde<\/span><\/a><\/li>\n<li><a href=\"https:\/\/r3media.ro\/drama-cumplita-australian-masina-hubrida-plug-cumparat-groaznice-consum-combustibil-diesel\/\" class=\"crp_link post-112397\"><span class=\"crp_title\">Drama cumplit\u0103 prin care a trecut un australian cu ma\u0219ina hibrid\u0103 plug-in pe care tocmai\u2026<\/span><\/a><\/li>\n<li><a href=\"https:\/\/r3media.ro\/lovitura-usturatoare-masini-electrice-guvernul-bolojan-gand-rau-plata-impozite-echitate-sociala\/\" class=\"crp_link post-112532\"><span class=\"crp_title\">Lovitur\u0103 ustur\u0103toare pentru rom\u00e2nii care au ma\u0219ini electrice: Guvernul Bolojan le-a pus g\u00e2nd\u2026<\/span><\/a><\/li>\n<li><a href=\"https:\/\/r3media.ro\/kia-recheama-service-prima-generatie-masini-electrice-e-niro-risc-incendiu\/\" class=\"crp_link post-120931\"><span class=\"crp_title\">Kia recheam\u0103 \u00een service prima genera\u021bie de ma\u0219ini electrice e-Niro din cauza riscului de incendiu<\/span><\/a><\/li>\n<li><a href=\"https:\/\/r3media.ro\/femeie-cumparat-automobil-electric-mana-a-doua-surpriza-plecat-masina\/\" class=\"crp_link post-119601\"><span class=\"crp_title\">O femeie care \u0219i-a achizi\u021bionat un automobil electric la m\u00e2na a doua a avut parte de o\u2026<\/span><\/a><\/li>\n<li><a href=\"https:\/\/r3media.ro\/atac-sua-venezuela-unda-verde-china-taiwan-radu-georgescu-2026-complicat-economic-politic-social\/\" class=\"crp_link post-114659\"><span class=\"crp_title\">Atacul SUA \u00een Venezuela a dat und\u0103 verde Chinei s\u0103 atace Taiwanul | Radu Georgescu: Se\u2026<\/span><\/a><\/li>\n<li><a href=\"https:\/\/r3media.ro\/europa-vanzari-masini-electrice-china-america-de-nord\/\" class=\"crp_link post-116212\"><span class=\"crp_title\">Europa, singurul continent unde v\u00e2nz\u0103rile de ma\u0219ini electrice au crescut. China \u0219i America\u2026<\/span><\/a><\/li>\n<li><a href=\"https:\/\/r3media.ro\/tara-europa-norvegia-masini-electrice-inmatriculate-cota-ridicata\/\" class=\"crp_link post-120796\"><span class=\"crp_title\">\u021aara din Europa unde aproape toate ma\u0219inile \u00eenmatriculate sune electrice. Cota a ajuns la\u2026<\/span><\/a><\/li>\n<\/ul>\n<\/div>\n<\/div>\n<\/div>\n<div class=\"td_block_wrap tdb_single_tags tdi_19 td-pb-border-top td_block_template_1\" data-td-block-uid=\"tdi_19\">\n<div class=\"tdb-block-inner td-fix-index\">\n<ul class=\"tdb-tags\">\n<li><span>SUBIECTE FIERBIN\u021aI<\/span><\/li>\n<li><a href=\"https:\/\/r3media.ro\/tag\/china\/\">china<\/a><\/li>\n<li><a href=\"https:\/\/r3media.ro\/tag\/masini-electrice\/\">masini electrice<\/a><\/li>\n<\/ul>\n<\/div>\n<\/div>\n<div class=\"td_block_wrap td_block_9 tdi_20 td_with_ajax_pagination td-pb-border-top td_block_template_1 td-column-2 td_block_padding td_block_bot_line\" data-td-block-uid=\"tdi_20\">\n<div class=\"td-block-title-wrap\">\n<h4 class=\"block-title td-block-title\"><span class=\"td-pulldown-size\">CITE\u0218TE MAI MULT<\/span><\/h4>\n<\/div>\n<div id=\"tdi_20\" class=\"td_block_inner\">\n<div class=\"td-block-row\">\n<div class=\"td-block-span6\">\n<div class=\"td_module_8 td_module_wrap\">\n<div class=\"item-details\">\n<h3 class=\"entry-title td-module-title\"><a href=\"https:\/\/r3media.ro\/show-iluzie-si-realitate-de-la-the-truman-show-la-son-of-a-rich\/\" rel=\"bookmark\" title=\"Show, iluzie \u0219i realitate: de la The Truman Show la Son of a Rich\">Show, iluzie \u0219i realitate: de la The Truman Show la Son of a Rich<\/a><\/h3>\n<div class=\"td-module-meta-info\"><a href=\"https:\/\/r3media.ro\/category\/actualitate\/\" class=\"td-post-category\">ACTUALITATE<\/a><span class=\"td-post-author-name\"><a href=\"https:\/\/r3media.ro\/author\/costi_balasoiu\/\">Constantin B\u0103l\u0103\u0219oiu<\/a><span>&#8211;<\/span><\/span><span class=\"td-post-date\"><time class=\"entry-date updated td-module-date\" datetime=\"2026-08-08T15:30:25+03:00\">08\/08\/2026<\/time><\/span><\/div>\n<\/div>\n<\/div>\n<\/div>\n<div class=\"td-block-span6\">\n<div class=\"td_module_8 td_module_wrap\">\n<div class=\"item-details\">\n<h3 class=\"entry-title td-module-title\"><a href=\"https:\/\/r3media.ro\/fani-stapanul-inelelor-surpriza-sezonul-3-sauron\/\" rel=\"bookmark\" title=\"Fanii \u201eSt\u0103p\u00e2nul Inelelor\u201c ar putea avea o surpriz\u0103 \u00een sezonul 3 din serialul \u201eInelele Puterii\u201c. Sauron se va confrunta cu o creatur\u0103 de temut\">Fanii \u201eSt\u0103p\u00e2nul Inelelor\u201c ar putea avea o surpriz\u0103 \u00een sezonul 3 din serialul \u201eInelele&#8230;<\/a><\/h3>\n<div class=\"td-module-meta-info\"><a href=\"https:\/\/r3media.ro\/category\/actualitate\/\" class=\"td-post-category\">ACTUALITATE<\/a><span class=\"td-post-author-name\"><a href=\"https:\/\/r3media.ro\/author\/oana\/\">Oana Ivan<\/a><span>&#8211;<\/span><\/span><span class=\"td-post-date\"><time class=\"entry-date updated td-module-date\" datetime=\"2026-08-08T00:19:31+03:00\">08\/08\/2026<\/time><\/span><\/div>\n<\/div>\n<\/div>\n<\/div>\n<\/div>\n<div class=\"td-block-row\">\n<div class=\"td-block-span6\">\n<div class=\"td_module_8 td_module_wrap\">\n<div class=\"item-details\">\n<h3 class=\"entry-title td-module-title\"><a href=\"https:\/\/r3media.ro\/david-popovici-fair-play-sportivi-rusi-competitii\/\" rel=\"bookmark\" title=\"David Popovici, fair-play la revenirea sportivilor ru\u0219i \u00een competi\u021bii: Le urez succes, sper s\u0103 fiu mai bun dec\u00e2t ei\">David Popovici, fair-play la revenirea sportivilor ru\u0219i \u00een competi\u021bii: Le urez succes, sper s\u0103&#8230;<\/a><\/h3>\n<div class=\"td-module-meta-info\"><a href=\"https:\/\/r3media.ro\/category\/actualitate\/\" class=\"td-post-category\">ACTUALITATE<\/a><span class=\"td-post-author-name\"><a href=\"https:\/\/r3media.ro\/author\/redactia\/\">Redac\u021bia<\/a><span>&#8211;<\/span><\/span><span class=\"td-post-date\"><time class=\"entry-date updated td-module-date\" datetime=\"2026-08-07T15:07:51+03:00\">07\/08\/2026<\/time><\/span><\/div>\n<\/div>\n<\/div>\n<\/div>\n<div class=\"td-block-span6\">\n<div class=\"td_module_8 td_module_wrap\">\n<div class=\"item-details\">\n<h3 class=\"entry-title td-module-title\"><a href=\"https:\/\/r3media.ro\/kia-recheama-service-prima-generatie-masini-electrice-e-niro-risc-incendiu\/\" rel=\"bookmark\" title=\"Kia recheam\u0103 \u00een service prima genera\u021bie de ma\u0219ini electrice e-Niro din cauza riscului de incendiu\">Kia recheam\u0103 \u00een service prima genera\u021bie de ma\u0219ini electrice e-Niro din cauza riscului de&#8230;<\/a><\/h3>\n<div class=\"td-module-meta-info\"><a href=\"https:\/\/r3media.ro\/category\/actualitate\/\" class=\"td-post-category\">ACTUALITATE<\/a><span class=\"td-post-author-name\"><a href=\"https:\/\/r3media.ro\/author\/oana\/\">Oana Ivan<\/a><span>&#8211;<\/span><\/span><span class=\"td-post-date\"><time class=\"entry-date updated td-module-date\" datetime=\"2026-08-06T17:07:42+03:00\">06\/08\/2026<\/time><\/span><\/div>\n<\/div>\n<\/div>\n<\/div>\n<\/div>\n<div class=\"td-block-row\">\n<div class=\"td-block-span6\">\n<div class=\"td_module_8 td_module_wrap\">\n<div class=\"item-details\">\n<h3 class=\"entry-title td-module-title\"><a href=\"https:\/\/r3media.ro\/drona-gasita-mare-mamaia-zona-loft-video\/\" rel=\"bookmark\" title=\"VIDEO | O dron\u0103 a fost g\u0103sit\u0103 \u00een mare, \u00een Mamaia, \u00een zona Loft\">VIDEO | O dron\u0103 a fost g\u0103sit\u0103 \u00een mare, \u00een Mamaia, \u00een zona Loft<\/a><\/h3>\n<div class=\"td-module-meta-info\"><a href=\"https:\/\/r3media.ro\/category\/actualitate\/\" class=\"td-post-category\">ACTUALITATE<\/a><span class=\"td-post-author-name\"><a href=\"https:\/\/r3media.ro\/author\/oana\/\">Oana Ivan<\/a><span>&#8211;<\/span><\/span><span class=\"td-post-date\"><time class=\"entry-date updated td-module-date\" datetime=\"2026-08-05T21:48:11+03:00\">05\/08\/2026<\/time><\/span><\/div>\n<\/div>\n<\/div>\n<\/div>\n<div class=\"td-block-span6\">\n<div class=\"td_module_8 td_module_wrap\">\n<div class=\"item-details\">\n<h3 class=\"entry-title td-module-title\"><a href=\"https:\/\/r3media.ro\/cand-incepe-scoala-in-2026-structura-an-nou-scolar\/\" rel=\"bookmark\" title=\"C\u00e2nd \u00eencepe \u0219coala \u00een 2026: Structura noului an \u0219colar, vacan\u021bele \u0219i zilele libere\">C\u00e2nd \u00eencepe \u0219coala \u00een 2026: Structura noului an \u0219colar, vacan\u021bele \u0219i zilele libere<\/a><\/h3>\n<div class=\"td-module-meta-info\"><a href=\"https:\/\/r3media.ro\/category\/actualitate\/\" class=\"td-post-category\">ACTUALITATE<\/a><span class=\"td-post-author-name\"><a href=\"https:\/\/r3media.ro\/author\/oana\/\">Oana Ivan<\/a><span>&#8211;<\/span><\/span><span class=\"td-post-date\"><time class=\"entry-date updated td-module-date\" datetime=\"2026-08-03T22:23:20+03:00\">03\/08\/2026<\/time><\/span><\/div>\n<\/div>\n<\/div>\n<\/div>\n<\/div>\n<div class=\"td-block-row\">\n<div class=\"td-block-span6\">\n<div class=\"td_module_8 td_module_wrap\">\n<div class=\"item-details\">\n<h3 class=\"entry-title td-module-title\"><a href=\"https:\/\/r3media.ro\/tara-europa-norvegia-masini-electrice-inmatriculate-cota-ridicata\/\" rel=\"bookmark\" title=\"\u021aara din Europa unde aproape toate ma\u0219inile \u00eenmatriculate sune electrice. Cota a ajuns la 97,6% \u00een iulie\">\u021aara din Europa unde aproape toate ma\u0219inile \u00eenmatriculate sune electrice. Cota a ajuns la&#8230;<\/a><\/h3>\n<div class=\"td-module-meta-info\"><a href=\"https:\/\/r3media.ro\/category\/actualitate\/\" class=\"td-post-category\">ACTUALITATE<\/a><span class=\"td-post-author-name\"><a href=\"https:\/\/r3media.ro\/author\/oana\/\">Oana Ivan<\/a><span>&#8211;<\/span><\/span><span class=\"td-post-date\"><time class=\"entry-date updated td-module-date\" datetime=\"2026-08-03T17:01:21+03:00\">03\/08\/2026<\/time><\/span><\/div>\n<\/div>\n<\/div>\n<\/div>\n<div class=\"td-block-span6\">\n<div class=\"td_module_8 td_module_wrap\">\n<div class=\"item-details\">\n<h3 class=\"entry-title td-module-title\"><a href=\"https:\/\/r3media.ro\/puterea-mitologica-instalata-a-romaniei\/\" rel=\"bookmark\" title=\"Puterea mitologic\u0103 instalat\u0103 a Rom\u00e2niei\">Puterea mitologic\u0103 instalat\u0103 a Rom\u00e2niei<\/a><\/h3>\n<div class=\"td-module-meta-info\"><a href=\"https:\/\/r3media.ro\/category\/opinii\/\" class=\"td-post-category\">OPINII<\/a><span class=\"td-post-author-name\"><a href=\"https:\/\/r3media.ro\/author\/tru\/\">TRU (Traian Ungureanu)<\/a><span>&#8211;<\/span><\/span><span class=\"td-post-date\"><time class=\"entry-date updated td-module-date\" datetime=\"2026-08-02T22:08:04+03:00\">02\/08\/2026<\/time><\/span><\/div>\n<\/div>\n<\/div>\n<\/div>\n<\/div>\n<div class=\"td-block-row\">\n<div class=\"td-block-span6\">\n<div class=\"td_module_8 td_module_wrap\">\n<div class=\"item-details\">\n<h3 class=\"entry-title td-module-title\"><a href=\"https:\/\/r3media.ro\/hyundai-recheama-service-masini-electrice-inster-risc-incendiu\/\" rel=\"bookmark\" title=\"Hyundai recheam\u0103 \u00een service zeci de mii de ma\u0219ini electrice din cauza riscului de incendiu\">Hyundai recheam\u0103 \u00een service zeci de mii de ma\u0219ini electrice din cauza riscului de&#8230;<\/a><\/h3>\n<div class=\"td-module-meta-info\"><a href=\"https:\/\/r3media.ro\/category\/actualitate\/\" class=\"td-post-category\">ACTUALITATE<\/a><span class=\"td-post-author-name\"><a href=\"https:\/\/r3media.ro\/author\/oana\/\">Oana Ivan<\/a><span>&#8211;<\/span><\/span><span class=\"td-post-date\"><time class=\"entry-date updated td-module-date\" datetime=\"2026-08-02T08:34:05+03:00\">02\/08\/2026<\/time><\/span><\/div>\n<\/div>\n<\/div>\n<\/div>\n<div class=\"td-block-span6\">\n<div class=\"td_module_8 td_module_wrap\">\n<div class=\"item-details\">\n<h3 class=\"entry-title td-module-title\"><a href=\"https:\/\/r3media.ro\/dragostea-care-transcende-epoci-descult-in-parc-1967\/\" rel=\"bookmark\" title=\"Dragostea care transcende epoci \u2014 Descul\u021b \u00een parc (1967)\">Dragostea care transcende epoci \u2014 Descul\u021b \u00een parc (1967)<\/a><\/h3>\n<div class=\"td-module-meta-info\"><a href=\"https:\/\/r3media.ro\/category\/opinii\/\" class=\"td-post-category\">OPINII<\/a><span class=\"td-post-author-name\"><a href=\"https:\/\/r3media.ro\/author\/costi_balasoiu\/\">Constantin B\u0103l\u0103\u0219oiu<\/a><span>&#8211;<\/span><\/span><span class=\"td-post-date\"><time class=\"entry-date updated td-module-date\" datetime=\"2026-08-01T13:45:14+03:00\">01\/08\/2026<\/time><\/span><\/div>\n<\/div>\n<\/div>\n<\/div>\n<\/div>\n<div class=\"td-block-row\">\n<div class=\"td-block-span6\">\n<div class=\"td_module_8 td_module_wrap\">\n<div class=\"item-details\">\n<h3 class=\"entry-title td-module-title\"><a href=\"https:\/\/r3media.ro\/masina-electrica-foc-turcia-incarcat-vehicul-explozie-pompieri-stingere-incendiu-video\/\" rel=\"bookmark\" title=\"VIDEO | O ma\u0219in\u0103 electric\u0103 a luat foc \u00een timp ce se afla la \u00eenc\u0103rcat. Vehiculul a explodat chiar c\u00e2nd pompierii \u00eencercau s\u0103 sting\u0103 incendiul folosind o p\u0103tur\u0103 ignifug\u0103\">VIDEO | O ma\u0219in\u0103 electric\u0103 a luat foc \u00een timp ce se afla la&#8230;<\/a><\/h3>\n<div class=\"td-module-meta-info\"><a href=\"https:\/\/r3media.ro\/category\/actualitate\/\" class=\"td-post-category\">ACTUALITATE<\/a><span class=\"td-post-author-name\"><a href=\"https:\/\/r3media.ro\/author\/oana\/\">Oana Ivan<\/a><span>&#8211;<\/span><\/span><span class=\"td-post-date\"><time class=\"entry-date updated td-module-date\" datetime=\"2026-07-31T13:33:48+03:00\">31\/07\/2026<\/time><\/span><\/div>\n<\/div>\n<\/div>\n<\/div>\n<div class=\"td-block-span6\">\n<div class=\"td_module_8 td_module_wrap\">\n<div class=\"item-details\">\n<h3 class=\"entry-title td-module-title\"><a href=\"https:\/\/r3media.ro\/spania-asediu-migranti-exclava-ceuta-africa-madrid-trupe-securitate-video\/\" rel=\"bookmark\" title=\"VIDEO | Spania se afl\u0103 sub asediu: Mii de migran\u021bi au luat cu asalt exclava Ceuta din Africa. Madridul a trimis trupe pentru a consolida securitatea\">VIDEO | Spania se afl\u0103 sub asediu: Mii de migran\u021bi au luat cu asalt&#8230;<\/a><\/h3>\n<div class=\"td-module-meta-info\"><a href=\"https:\/\/r3media.ro\/category\/actualitate\/\" class=\"td-post-category\">ACTUALITATE<\/a><span class=\"td-post-author-name\"><a href=\"https:\/\/r3media.ro\/author\/oana\/\">Oana Ivan<\/a><span>&#8211;<\/span><\/span><span class=\"td-post-date\"><time class=\"entry-date updated td-module-date\" datetime=\"2026-07-31T12:39:57+03:00\">31\/07\/2026<\/time><\/span><\/div>\n<\/div>\n<\/div>\n<\/div>\n<\/div>\n<\/div>\n<div class=\"td-load-more-wrap td-load-more-infinite-wrap\" id=\"infinite-lm-tdi_20\"><a href=\"https:\/\/r3media.ro\/masina-electrica-zeekr-7x-foc-statie-incarcare-china-video\/\" class=\"td_ajax_load_more td_ajax_load_more_js\" aria-label=\"\u00cenc\u0103rca\u021bi mai multe\" id=\"next-page-tdi_20\" data-td_block_id=\"tdi_20\">\u00cenc\u0103rca\u021bi mai multe<\/a><\/div>\n<\/div>\n<div class=\"td_block_wrap tdb_single_comments tdi_21 tdb-comm-layout2 td-pb-border-top td_block_template_1\" data-td-block-uid=\"tdi_21\">\n<div class=\"tdb-block-inner td-fix-index\">\n<div class=\"comments\" id=\"comments\">\n<div id=\"respond\" class=\"comment-respond\">\n<h3 id=\"reply-title\" class=\"comment-reply-title\">AI CEVA DE SPUS? <small><a rel=\"nofollow\" id=\"cancel-comment-reply-link\" href=\"https:\/\/r3media.ro\/masina-electrica-zeekr-7x-foc-statie-incarcare-china-video\/#respond\">Renun\u021ba\u021bi la r\u0103spuns<\/a><\/small><\/h3>\n<div class=\"comment-form-input-wrap td-form-comment\">\n<div class=\"td-warning-comment\">V\u0103 rug\u0103m s\u0103 introduce\u021bi comentariul dvs.!<\/div>\n<\/div>\n<div class=\"comment-form-input-wrap td-form-author\">\n<div class=\"td-warning-author\">Introduce\u021bi aici numele dvs.<\/div>\n<\/div>\n<div class=\"comment-form-input-wrap td-form-email\">\n<div class=\"td-warning-email-error\">A\u021bi introdus o adres\u0103 de e-mail incorect\u0103!<\/div>\n<div class=\"td-warning-email\">V\u0103 rug\u0103m s\u0103 introduce\u021bi adresa dvs. de e-mail aici<\/div>\n<\/div>\n<\/div>\n<\/div>\n<\/div>\n<\/div>\n<\/div>\n<\/div>\n<div class=\"vc_column tdi_23  wpb_column vc_column_container tdc-column td-pb-span4 td-is-sticky\">\n<div class=\"wpb_wrapper\" data-sticky-enabled-on=\"W3RydWUsdHJ1ZSx0cnVlLHRydWVd\" data-sticky-offset=\"20\" data-sticky-is-width-auto=\"W2ZhbHNlLGZhbHNlLGZhbHNlLGZhbHNlXQ==\">\n<div class=\"wpb_wrapper td_block_wrap vc_widget_sidebar tdi_25 \">\n<div class=\"td_block_wrap td_block_7 td_block_widget tdi_26 td-pb-border-top td_block_template_1 td-column-1 td_block_padding\" data-td-block-uid=\"tdi_26\">\n<div class=\"td-block-title-wrap\">\n<h4 class=\"block-title td-block-title\"><span class=\"td-pulldown-size\">Articole RELA\u021aIONATE<\/span><\/h4>\n<\/div>\n<div id=\"tdi_26\" class=\"td_block_inner\">\n<div class=\"td-block-span12\">\n<div class=\"td_module_6 td_module_wrap td-animation-stack\">\n<div class=\"td-module-thumb\"><a href=\"https:\/\/r3media.ro\/presedintele-serbiei-razboiul-din-ucraina\/\" rel=\"bookmark\" class=\"td-image-wrap \" title=\"Pre\u0219edintele Serbiei nu crede c\u0103 r\u0103zboiul din Ucraina se termin\u0103 cur\u00e2nd: Cred c\u0103 ne afl\u0103m la \u00eenceputul unui r\u0103zboi mult, mult mai mare\"><img loading=\"lazy\" decoding=\"async\" class=\"entry-thumb\" src=\"https:\/\/r3media.ro\/wp-content\/uploads\/2022\/10\/vucic-serbia-kosovo-100x70.jpg\" alt title=\"Pre\u0219edintele Serbiei nu crede c\u0103 r\u0103zboiul din Ucraina se termin\u0103 cur\u00e2nd: Cred c\u0103 ne afl\u0103m la \u00eenceputul unui r\u0103zboi mult, mult mai mare\" width=\"100\" height=\"70\"><\/a><\/div>\n<div class=\"item-details\">\n<h3 class=\"entry-title td-module-title\"><a href=\"https:\/\/r3media.ro\/presedintele-serbiei-razboiul-din-ucraina\/\" rel=\"bookmark\" title=\"Pre\u0219edintele Serbiei nu crede c\u0103 r\u0103zboiul din Ucraina se termin\u0103 cur\u00e2nd: Cred c\u0103 ne afl\u0103m la \u00eenceputul unui r\u0103zboi mult, mult mai mare\">Pre\u0219edintele Serbiei nu crede c\u0103 r\u0103zboiul din Ucraina se termin\u0103 cur\u00e2nd:&#8230;<\/a><\/h3>\n<div class=\"td-module-meta-info\"><span class=\"td-post-date\"><time class=\"entry-date updated td-module-date\" datetime=\"2026-08-10T12:22:44+03:00\">10\/08\/2026<\/time><\/span><\/div>\n<\/div>\n<\/div>\n<\/div>\n<div class=\"td-block-span12\">\n<div class=\"td_module_6 td_module_wrap td-animation-stack\">\n<div class=\"td-module-thumb\"><a href=\"https:\/\/r3media.ro\/pis-propune-deportare-polonia-ucraineni-someri\/\" rel=\"bookmark\" class=\"td-image-wrap \" title=\"PiS propune deportarea din Polonia a tuturor ucrainenilor \u0219omeri de v\u00e2rst\u0103 militar\u0103\"><img loading=\"lazy\" decoding=\"async\" class=\"entry-thumb\" src=\"https:\/\/r3media.ro\/wp-content\/uploads\/2023\/03\/Jaroslaw-Kaczynski-100x70.png\" alt title=\"PiS propune deportarea din Polonia a tuturor ucrainenilor \u0219omeri de v\u00e2rst\u0103 militar\u0103\" width=\"100\" height=\"70\"><\/a><\/div>\n<div class=\"item-details\">\n<h3 class=\"entry-title td-module-title\"><a href=\"https:\/\/r3media.ro\/pis-propune-deportare-polonia-ucraineni-someri\/\" rel=\"bookmark\" title=\"PiS propune deportarea din Polonia a tuturor ucrainenilor \u0219omeri de v\u00e2rst\u0103 militar\u0103\">PiS propune deportarea din Polonia a tuturor ucrainenilor \u0219omeri de v\u00e2rst\u0103&#8230;<\/a><\/h3>\n<div class=\"td-module-meta-info\"><span class=\"td-post-date\"><time class=\"entry-date updated td-module-date\" datetime=\"2026-08-10T12:02:26+03:00\">10\/08\/2026<\/time><\/span><\/div>\n<\/div>\n<\/div>\n<\/div>\n<div class=\"td-block-span12\">\n<div class=\"td_module_6 td_module_wrap td-animation-stack\">\n<div class=\"td-module-thumb\"><a href=\"https:\/\/r3media.ro\/serbia-candidatura-ucrainei-aderare-ue-kosovo\/\" rel=\"bookmark\" class=\"td-image-wrap \" title=\"Serbia sus\u021bine candidatura Ucrainei pentru aderarea la UE, Kievul nu recunoa\u0219te Kosovo\"><img loading=\"lazy\" decoding=\"async\" class=\"entry-thumb\" src=\"https:\/\/r3media.ro\/wp-content\/uploads\/2026\/08\/zelenski-vucic-100x70.webp\" alt title=\"Serbia sus\u021bine candidatura Ucrainei pentru aderarea la UE, Kievul nu recunoa\u0219te Kosovo\" width=\"100\" height=\"70\"><\/a><\/div>\n<div class=\"item-details\">\n<h3 class=\"entry-title td-module-title\"><a href=\"https:\/\/r3media.ro\/serbia-candidatura-ucrainei-aderare-ue-kosovo\/\" rel=\"bookmark\" title=\"Serbia sus\u021bine candidatura Ucrainei pentru aderarea la UE, Kievul nu recunoa\u0219te Kosovo\">Serbia sus\u021bine candidatura Ucrainei pentru aderarea la UE, Kievul nu recunoa\u0219te&#8230;<\/a><\/h3>\n<div class=\"td-module-meta-info\"><span class=\"td-post-date\"><time class=\"entry-date updated td-module-date\" datetime=\"2026-08-10T11:20:44+03:00\">10\/08\/2026<\/time><\/span><\/div>\n<\/div>\n<\/div>\n<\/div>\n<div class=\"td-block-span12\">\n<div class=\"td_module_6 td_module_wrap td-animation-stack\">\n<div class=\"td-module-thumb\"><a href=\"https:\/\/r3media.ro\/calin-georgescu-mihai-viteazul\/\" rel=\"bookmark\" class=\"td-image-wrap \" title=\"C\u0103lin Georgescu a declarat c\u0103 \u201eacelea\u0219i interese imperiale\u201d care l-au asasinat pe Mihai Viteazul ac\u021bioneaz\u0103 \u0219i \u00een prezent\"><img loading=\"lazy\" decoding=\"async\" class=\"entry-thumb\" src=\"https:\/\/r3media.ro\/wp-content\/uploads\/2024\/12\/calin-georgescu-ccr-100x70.jpg\" alt title=\"C\u0103lin Georgescu a declarat c\u0103 \u201eacelea\u0219i interese imperiale\u201d care l-au asasinat pe Mihai Viteazul ac\u021bioneaz\u0103 \u0219i \u00een prezent\" width=\"100\" height=\"70\"><\/a><\/div>\n<div class=\"item-details\">\n<h3 class=\"entry-title td-module-title\"><a href=\"https:\/\/r3media.ro\/calin-georgescu-mihai-viteazul\/\" rel=\"bookmark\" title=\"C\u0103lin Georgescu a declarat c\u0103 \u201eacelea\u0219i interese imperiale\u201d care l-au asasinat pe Mihai Viteazul ac\u021bioneaz\u0103 \u0219i \u00een prezent\">C\u0103lin Georgescu a declarat c\u0103 \u201eacelea\u0219i interese imperiale\u201d care l-au asasinat&#8230;<\/a><\/h3>\n<div class=\"td-module-meta-info\"><span class=\"td-post-date\"><time class=\"entry-date updated td-module-date\" datetime=\"2026-08-10T09:49:08+03:00\">10\/08\/2026<\/time><\/span><\/div>\n<\/div>\n<\/div>\n<\/div>\n<div class=\"td-block-span12\">\n<div class=\"td_module_6 td_module_wrap td-animation-stack\">\n<div class=\"td-module-thumb\"><a href=\"https:\/\/r3media.ro\/fara-apa-fara-curent-fara-viitor-cum-au-sacrificat-pro-europenii-romania-pe-altarul-ecologiei-ieftine\/\" rel=\"bookmark\" class=\"td-image-wrap \" title=\"F\u0103r\u0103 ap\u0103, f\u0103r\u0103 curent, f\u0103r\u0103 viitor: cum au sacrificat pro-europenii Rom\u00e2nia pe altarul ecologiei ieftine\"><img loading=\"lazy\" decoding=\"async\" class=\"entry-thumb\" src=\"https:\/\/r3media.ro\/wp-content\/uploads\/2026\/02\/energie-articol-100x70.jpg\" alt title=\"F\u0103r\u0103 ap\u0103, f\u0103r\u0103 curent, f\u0103r\u0103 viitor: cum au sacrificat pro-europenii Rom\u00e2nia pe altarul ecologiei ieftine\" width=\"100\" height=\"70\"><\/a><\/div>\n<div class=\"item-details\">\n<h3 class=\"entry-title td-module-title\"><a href=\"https:\/\/r3media.ro\/fara-apa-fara-curent-fara-viitor-cum-au-sacrificat-pro-europenii-romania-pe-altarul-ecologiei-ieftine\/\" rel=\"bookmark\" title=\"F\u0103r\u0103 ap\u0103, f\u0103r\u0103 curent, f\u0103r\u0103 viitor: cum au sacrificat pro-europenii Rom\u00e2nia pe altarul ecologiei ieftine\">F\u0103r\u0103 ap\u0103, f\u0103r\u0103 curent, f\u0103r\u0103 viitor: cum au sacrificat pro-europenii Rom\u00e2nia&#8230;<\/a><\/h3>\n<div class=\"td-module-meta-info\"><span class=\"td-post-date\"><time class=\"entry-date updated td-module-date\" datetime=\"2026-08-08T22:30:54+03:00\">08\/08\/2026<\/time><\/span><\/div>\n<\/div>\n<\/div>\n<\/div>\n<div class=\"td-block-span12\">\n<div class=\"td_module_6 td_module_wrap td-animation-stack\">\n<div class=\"td-module-thumb\"><a href=\"https:\/\/r3media.ro\/9-august-moartea-lui-mihai-viteazu-primul-unificator-al-romanilor\/\" rel=\"bookmark\" class=\"td-image-wrap \" title=\"Calendarul zilei 9 august: 425 de ani de la moartea lui Mihai Viteazul. Primul unificator al rom\u00e2nilor a fost ucis mi\u0219ele\u0219te chiar de alia\u021bii s\u0103i\"><img loading=\"lazy\" decoding=\"async\" class=\"entry-thumb\" src=\"https:\/\/r3media.ro\/wp-content\/uploads\/2021\/08\/Asasinarea-lui-Mihai-Viteazul-1024x715-1-100x70.jpg\" alt title=\"Calendarul zilei 9 august: 425 de ani de la moartea lui Mihai Viteazul. Primul unificator al rom\u00e2nilor a fost ucis mi\u0219ele\u0219te chiar de alia\u021bii s\u0103i\" width=\"100\" height=\"70\"><\/a><\/div>\n<div class=\"item-details\">\n<h3 class=\"entry-title td-module-title\"><a href=\"https:\/\/r3media.ro\/9-august-moartea-lui-mihai-viteazu-primul-unificator-al-romanilor\/\" rel=\"bookmark\" title=\"Calendarul zilei 9 august: 425 de ani de la moartea lui Mihai Viteazul. Primul unificator al rom\u00e2nilor a fost ucis mi\u0219ele\u0219te chiar de alia\u021bii s\u0103i\">Calendarul zilei 9 august: 425 de ani de la moartea lui&#8230;<\/a><\/h3>\n<div class=\"td-module-meta-info\"><span class=\"td-post-date\"><time class=\"entry-date updated td-module-date\" datetime=\"2026-08-08T22:20:24+03:00\">08\/08\/2026<\/time><\/span><\/div>\n<\/div>\n<\/div>\n<\/div>\n<div class=\"td-block-span12\">\n<div class=\"td_module_6 td_module_wrap td-animation-stack\">\n<div class=\"td-module-thumb\"><a href=\"https:\/\/r3media.ro\/calendarul-zilei-9-august-sfantul-apostol-matia\/\" rel=\"bookmark\" class=\"td-image-wrap \" title=\"Calendarul zilei 9 august: Sf\u00e2ntul Apostol Matia\"><img loading=\"lazy\" decoding=\"async\" class=\"entry-thumb\" src=\"https:\/\/r3media.ro\/wp-content\/uploads\/2023\/08\/sddefault-2-100x70.jpg\" alt title=\"Calendarul zilei 9 august: Sf\u00e2ntul Apostol Matia\" width=\"100\" height=\"70\"><\/a><\/div>\n<div class=\"item-details\">\n<h3 class=\"entry-title td-module-title\"><a href=\"https:\/\/r3media.ro\/calendarul-zilei-9-august-sfantul-apostol-matia\/\" rel=\"bookmark\" title=\"Calendarul zilei 9 august: Sf\u00e2ntul Apostol Matia\">Calendarul zilei 9 august: Sf\u00e2ntul Apostol Matia<\/a><\/h3>\n<div class=\"td-module-meta-info\"><span class=\"td-post-date\"><time class=\"entry-date updated td-module-date\" datetime=\"2026-08-08T22:19:56+03:00\">08\/08\/2026<\/time><\/span><\/div>\n<\/div>\n<\/div>\n<\/div>\n<\/div>\n<\/div>\n<aside class=\"td_block_template_1 widget widget_recent_comments\">\n<h4 class=\"block-title\"><span>INTR\u0102 \u00ceN DISCU\u021aIE!<\/span><\/h4>\n<ul id=\"recentcomments\">\n<li class=\"recentcomments\"><span class=\"comment-author-link\">Cet\u0103\u021bean<\/span> la <a href=\"https:\/\/r3media.ro\/bulgaria-drona-ucraineana-kiev-ucraina\/#comment-40367\">Bulgaria anun\u0163\u0103 c\u0103 drona explodat\u0103 l\u00e2ng\u0103 gazoductul transbalcanic e ucrainean\u0103 \u015fi a convocat-o pe ambasadoarea Kievului. Ucraina transmite c\u0103 nu vizeaz\u0103 \u201e\u00een mod deliberat\u201d Bulgaria<\/a><\/li>\n<li class=\"recentcomments\"><span class=\"comment-author-link\">B<\/span> la <a href=\"https:\/\/r3media.ro\/papi-si-conclavuri-traditie-si-anticlericalism-in-cinema-cei-doi-papi-si-conclavul\/#comment-40365\">Papi \u0219i conclavuri, tradi\u021bie \u0219i anticlericalism \u00een cinema: Cei doi papi \u0219i Conclavul<\/a><\/li>\n<li class=\"recentcomments\"><span class=\"comment-author-link\">E.T.<\/span> la <a href=\"https:\/\/r3media.ro\/papi-si-conclavuri-traditie-si-anticlericalism-in-cinema-cei-doi-papi-si-conclavul\/#comment-40364\">Papi \u0219i conclavuri, tradi\u021bie \u0219i anticlericalism \u00een cinema: Cei doi papi \u0219i Conclavul<\/a><\/li>\n<li class=\"recentcomments\"><span class=\"comment-author-link\">M&#8230; CG<\/span> la <a href=\"https:\/\/r3media.ro\/fara-apa-fara-curent-fara-viitor-cum-au-sacrificat-pro-europenii-romania-pe-altarul-ecologiei-ieftine\/#comment-40363\">F\u0103r\u0103 ap\u0103, f\u0103r\u0103 curent, f\u0103r\u0103 viitor: cum au sacrificat pro-europenii Rom\u00e2nia pe altarul ecologiei ieftine<\/a><\/li>\n<li class=\"recentcomments\"><span class=\"comment-author-link\">Nicu<\/span> la <a href=\"https:\/\/r3media.ro\/bulgaria-drona-ucraineana-kiev-ucraina\/#comment-40362\">Bulgaria anun\u0163\u0103 c\u0103 drona explodat\u0103 l\u00e2ng\u0103 gazoductul transbalcanic e ucrainean\u0103 \u015fi a convocat-o pe ambasadoarea Kievului. Ucraina transmite c\u0103 nu vizeaz\u0103 \u201e\u00een mod deliberat\u201d Bulgaria<\/a><\/li>\n<li class=\"recentcomments\"><span class=\"comment-author-link\">Nicu<\/span> la <a href=\"https:\/\/r3media.ro\/alex-suler-rugby-mort-pancreatita-severa\/#comment-40361\">Fostul rugbist Alex \u0218uler a murit la 25 de ani dup\u0103 o pancreatit\u0103 sever\u0103<\/a><\/li>\n<li class=\"recentcomments\"><span class=\"comment-author-link\">anonim<\/span> la <a href=\"https:\/\/r3media.ro\/adrian-agachi-bor-sadhguru-untold-cluj\/#comment-40360\">Pr. Adrian Agachi (BOR), dup\u0103 ce Sadhguru a urcat pe scena UNTOLD: Nu, dragilor, f\u0103r\u0103 oameni planeta nu ar fi mai bun\u0103, planeta \u0219i-ar rata definitiv scopul!<\/a><\/li>\n<\/ul>\n<\/aside>\n<aside class=\"td_block_template_1 widget widget_search\">\n<h4 class=\"block-title\"><span>CAUT\u0102 \u0218I VEI G\u0102SI<\/span><\/h4>\n<\/aside>\n<\/div>\n<\/div>\n<\/div>\n<\/div>\n<\/div>\n<\/div>\n<\/div>\n<p><span class=\"td-page-meta\"><\/span><span class=\"td-page-meta\"><span class=\"td-page-meta\"><\/span><\/span><span class=\"td-page-meta\"><\/span><\/article>\n<\/p>\n<div class=\"td_block_wrap tdb_single_content tdi_18 td-pb-border-top td_block_template_1 td-post-content tagdiv-type\" data-td-block-uid=\"tdi_18\">\n<div class=\"tdb-block-inner td-fix-index\">\n<p>Zeekr a emis o declara\u021bie oficial\u0103 dup\u0103 ce o <a href=\"https:\/\/r3media.ro\/tag\/masini-electrice\/\" target=\"_blank\" rel=\"noopener\"><strong>ma\u0219in\u0103 electric\u0103<\/strong><\/a> 7X a luat foc la o sta\u021bie de \u00eenc\u0103rcare din China. Accidentul a avut loc pe 9 august \u00een ora\u0219ul Ningbo. Nu au fost raportate victime, deoarece pompierii au reu\u0219it s\u0103 sting\u0103 incendiul, potrivit <a href=\"https:\/\/carnewschina.com\/2026\/08\/10\/zeekr-released-statement-on-the-7x-suv-firing-at-the-charging-station\/\" target=\"_blank\" rel=\"noopener\">CarNewsChina<\/a>.<\/p>\n<p>\u00cen videoclipul din partea de jos se poate vedea ma\u0219ina, care nu era conectat\u0103 la nicio sta\u021bie de \u00eenc\u0103rcare \u00een timpul incidentului. Prin urmare, cauza aprinderii a fost neclar\u0103. Cu toate acestea, utilizatorii chinezi de pe re\u021belele de socializare au subliniat c\u0103 ma\u0219ina p\u0103rea \u201esuspect\u0103\u201d, deoarece era parcat\u0103 cu capota deschis\u0103. Ma\u0219ina a luat foc brusc, cu un sunet asem\u0103n\u0103tor unei explozii. Vehiculul a \u00eenceput apoi s\u0103 scoat\u0103 fum, produc\u00e2nd continuu sunete de explozie cu sc\u00e2ntei.<\/p>\n<h2><strong>O ma\u0219in\u0103 electric\u0103 Zeekr 7X a luat foc din senin \u00een timp ce se afla \u00eentr-o sta\u021bie de \u00eenc\u0103rcare. Ce spune compania<\/strong><\/h2>\n<p>\u00a0<\/p>\n<p>Zeekr a emis o declara\u021bie oficial\u0103 la scurt timp dup\u0103 ce accidentul a avut loc \u00een Ningbo. Potrivit acestora, ancheta preliminar\u0103 a relevat c\u0103 acest SUV 7X a fost implicat \u00eentr-o coliziune grav\u0103 \u0219i nu a fost inspectat sau reparat de niciun centru de service oficial. Cauza specific\u0103 a incendiului este \u00een curs de investigare.<\/p>\n<p>Reprezentan\u021bii Zeekr au reamintit c\u0103 bateria, sistemul de \u00eenalt\u0103 tensiune \u0219i caroseria necesit\u0103 inspec\u021bie \u0219i evaluare dup\u0103 o coliziune. Exist\u0103 riscul unui pericol pentru siguran\u021b\u0103 dac\u0103 un vehicul nu a fost supus unei inspec\u021bii \u0219i repara\u021bii corespunz\u0103toare. Zeekr a recomandat, de asemenea, verificarea \u00eenregistr\u0103rilor accidentelor \u0219i repara\u021biilor la achizi\u021bionarea unei ma\u0219ini electrice second-hand. De asemenea, este important s\u0103 se inspecteze bateria de alimentare \u0219i centrul de \u00eenalt\u0103 tensiune pentru a asigura siguran\u021ba.<\/p>\n<p>Compania Zeekr este foarte \u00eengrijorat\u0103 de reputa\u021bia. Anterior, aceasta a comercializat vehiculele ca av\u00e2nd zero aprinderi spontane f\u0103r\u0103 o cauz\u0103 extern\u0103. Ultima dat\u0103 c\u00e2nd compania a men\u021bionat acest lucru a fost \u00een mai 2024. Zeekr a precizat c\u0103 livr\u0103rile sale cumulative au ajuns la 240.000 de unit\u0103\u021bi.<\/p>\n<h2><strong>Zeekr, o ma\u0219in\u0103 electric\u0103 v\u00e2ndut\u0103 la nivel global<\/strong><\/h2>\n<p>\u00a0<\/p>\n<p>Zeekr 7X este o ma\u0219in\u0103 global\u0103, v\u00e2ndut\u0103 \u00een diverse regiuni, inclusiv Europa, Asia Central\u0103, America Latin\u0103, Orientul Mijlociu, Asia de Sud-Est \u0219i multe altele. A ob\u021binut ratingul de siguran\u021b\u0103 de 5 stele Euro NCAP \u00een 2025, cu un scor de 91% pentru protec\u021bia adul\u021bilor \u0219i 90% pentru protec\u021bia copiilor.<\/p>\n<p>Versiunea chinez\u0103 a Zeekr 7X are dimensiuni de 4825\/1930\/1666 mm, cu un ampatament de 2.925 mm. Are dou\u0103 variante de sistem de propulsie:<\/p>\n<ul>\n<li>RWD pentru 370 kW (496 CP)<\/li>\n<li>AWD pentru 585 kW (784 CP).<\/li>\n<\/ul>\n<p>Sunt disponibile dou\u0103 baterii pentru 75 kWh (LFP) \u0219i 103 kWh (NMC ternar). Autonomia este cuprins\u0103 \u00eentre 620 \u0219i 802 km \u00een condi\u021bii CLTC.<\/p>\n<p>Modelul 7X cost\u0103 \u00eentre 229.800 \u0219i 269.800 de yuani (34.060 \u0219i 39.985 USD) \u00een China. Conform China EV DataTracker, Zeekr a livrat pe pia\u021ba intern\u0103 28.025 de unit\u0103\u021bi ale modelului 7X \u00een prima jum\u0103tate a anului 2026, \u00een sc\u0103dere cu 4,4% fa\u021b\u0103 de anul precedent.<\/p>\n<p>Varianta global\u0103 a modelului Zeekr 7X ofer\u0103 dimensiuni de 4787\/1930\/1650 mm, cu un ampatament de 2.900 mm. Ma\u0219ina entry-level are un singur motor electric pe puntea spate pentru 310 kW (416 CP) \u0219i o baterie LFP de 75 kWh pentru o autonomie WLTP de 480 km. Exist\u0103, de asemenea, un model cu autonomie lung\u0103 cu acela\u0219i motor electric \u0219i un pachet NMC ternar de 100 kWh pentru 615 km WLTP. Versiunea de top 7X adopt\u0103 o baterie de 100 kWh \u0219i dou\u0103 motoare electrice cu o putere maxim\u0103 combinat\u0103 de 475 kW (637 CP).<\/p>\n<div class=\"youtube-embed\" data-video_id=\"WcHJXVVPOY4\"><\/div>\n<div class=\"crp_related     crp-masonry\">\n<h2>\u00ceN CONTEXT<\/h2>\n<ul>\n<li><a href=\"https:\/\/r3media.ro\/fara-tine-in-google-r3media-dispare-iata-ce-poti-face-in-10-secunde\/\" class=\"crp_link post-119031\"><span class=\"crp_title\">F\u0103r\u0103 tine \u00een Google, R3media dispare. Iat\u0103 ce po\u021bi face \u00een 10 secunde<\/span><\/a><\/li>\n<li><a href=\"https:\/\/r3media.ro\/drama-cumplita-australian-masina-hubrida-plug-cumparat-groaznice-consum-combustibil-diesel\/\" class=\"crp_link post-112397\"><span class=\"crp_title\">Drama cumplit\u0103 prin care a trecut un australian cu ma\u0219ina hibrid\u0103 plug-in pe care tocmai\u2026<\/span><\/a><\/li>\n<li><a href=\"https:\/\/r3media.ro\/lovitura-usturatoare-masini-electrice-guvernul-bolojan-gand-rau-plata-impozite-echitate-sociala\/\" class=\"crp_link post-112532\"><span class=\"crp_title\">Lovitur\u0103 ustur\u0103toare pentru rom\u00e2nii care au ma\u0219ini electrice: Guvernul Bolojan le-a pus g\u00e2nd\u2026<\/span><\/a><\/li>\n<li><a href=\"https:\/\/r3media.ro\/kia-recheama-service-prima-generatie-masini-electrice-e-niro-risc-incendiu\/\" class=\"crp_link post-120931\"><span class=\"crp_title\">Kia recheam\u0103 \u00een service prima genera\u021bie de ma\u0219ini electrice e-Niro din cauza riscului de incendiu<\/span><\/a><\/li>\n<li><a href=\"https:\/\/r3media.ro\/femeie-cumparat-automobil-electric-mana-a-doua-surpriza-plecat-masina\/\" class=\"crp_link post-119601\"><span class=\"crp_title\">O femeie care \u0219i-a achizi\u021bionat un automobil electric la m\u00e2na a doua a avut parte de o\u2026<\/span><\/a><\/li>\n<li><a href=\"https:\/\/r3media.ro\/atac-sua-venezuela-unda-verde-china-taiwan-radu-georgescu-2026-complicat-economic-politic-social\/\" class=\"crp_link post-114659\"><span class=\"crp_title\">Atacul SUA \u00een Venezuela a dat und\u0103 verde Chinei s\u0103 atace Taiwanul | Radu Georgescu: Se\u2026<\/span><\/a><\/li>\n<li><a href=\"https:\/\/r3media.ro\/europa-vanzari-masini-electrice-china-america-de-nord\/\" class=\"crp_link post-116212\"><span class=\"crp_title\">Europa, singurul continent unde v\u00e2nz\u0103rile de ma\u0219ini electrice au crescut. China \u0219i America\u2026<\/span><\/a><\/li>\n<li><a href=\"https:\/\/r3media.ro\/tara-europa-norvegia-masini-electrice-inmatriculate-cota-ridicata\/\" class=\"crp_link post-120796\"><span class=\"crp_title\">\u021aara din Europa unde aproape toate ma\u0219inile \u00eenmatriculate sune electrice. Cota a ajuns la\u2026<\/span><\/a><\/li>\n<\/ul>\n<\/div>\n<\/div>\n<\/div>\n<p>[analyse_source url=&#8221;https:\/\/r3media.ro\/masina-electrica-zeekr-7x-foc-statie-incarcare-china-video\/&#8221;]<\/p>\n","protected":false},"excerpt":{"rendered":"<p>[analyse_image type=&#8221;featured&#8221; src=&#8221;https:\/\/r3media.ro\/wp-content\/uploads\/2026\/08\/masina-electrica-zeekr-7x-a-luat-foc-in-statia-de-incarcare.pnghttps:\/\/r3media.ro\/wp-content\/uploads\/2026\/08\/masina-electrica-zeekr-7x-a-luat-foc-in-statia-de-incarcare.png&#8221;] FEATUREDVIDEO | O ma\u0219in\u0103 electric\u0103 Zeekr 7X a luat foc din senin&#8230; FEATURED\u0218TIRI VIDEO | O ma\u0219in\u0103 electric\u0103 Zeekr 7X a luat foc din senin \u00een timp ce se afla \u00eentr-o sta\u021bie de \u00eenc\u0103rcare din China Oana Ivan 10\/08\/2026 Surs\u0103 &#8211; CarNewsChina Zeekr a emis o declara\u021bie oficial\u0103 dup\u0103 ce o ma\u0219in\u0103 [&hellip;]<\/p>\n","protected":false},"author":1,"featured_media":0,"comment_status":"open","ping_status":"","sticky":false,"template":"","format":"standard","meta":{"footnotes":""},"categories":[89],"tags":[226,93],"class_list":["post-2085910","post","type-post","status-publish","format-standard","hentry","category-romania","tag-crawlmanager","tag-r3media-ro"],"_links":{"self":[{"href":"https:\/\/analyse.optim.biz\/index.php?rest_route=\/wp\/v2\/posts\/2085910","targetHints":{"allow":["GET"]}}],"collection":[{"href":"https:\/\/analyse.optim.biz\/index.php?rest_route=\/wp\/v2\/posts"}],"about":[{"href":"https:\/\/analyse.optim.biz\/index.php?rest_route=\/wp\/v2\/types\/post"}],"author":[{"embeddable":true,"href":"https:\/\/analyse.optim.biz\/index.php?rest_route=\/wp\/v2\/users\/1"}],"replies":[{"embeddable":true,"href":"https:\/\/analyse.optim.biz\/index.php?rest_route=%2Fwp%2Fv2%2Fcomments&post=2085910"}],"version-history":[{"count":0,"href":"https:\/\/analyse.optim.biz\/index.php?rest_route=\/wp\/v2\/posts\/2085910\/revisions"}],"wp:attachment":[{"href":"https:\/\/analyse.optim.biz\/index.php?rest_route=%2Fwp%2Fv2%2Fmedia&parent=2085910"}],"wp:term":[{"taxonomy":"category","embeddable":true,"href":"https:\/\/analyse.optim.biz\/index.php?rest_route=%2Fwp%2Fv2%2Fcategories&post=2085910"},{"taxonomy":"post_tag","embeddable":true,"href":"https:\/\/analyse.optim.biz\/index.php?rest_route=%2Fwp%2Fv2%2Ftags&post=2085910"}],"curies":[{"name":"wp","href":"https:\/\/api.w.org\/{rel}","templated":true}]}}