{"id":2085897,"date":"2026-08-10T09:01:39","date_gmt":"2026-08-10T06:01:39","guid":{"rendered":"https:\/\/analyse.optim.biz\/?p=2085897"},"modified":"2026-08-10T09:01:39","modified_gmt":"2026-08-10T06:01:39","slug":"femeia-si-catelusa-cu-pui-sunt-victimele-aceleiasi-administratii-buzaul-plateste-pretul-unei-politici-care-nu-rezolva-cauza-problemei-video","status":"publish","type":"post","link":"https:\/\/analyse.optim.biz\/?p=2085897","title":{"rendered":"FEMEIA \u0219i C\u0102\u021aELU\u0218A cu pui SUNT VICTIMELE aceleia\u0219i ADMINISTRA\u021aII! Buz\u0103ul pl\u0103te\u0219te pre\u021bul unei politici care nu rezolv\u0103 cauza problemei (VIDEO)"},"content":{"rendered":"<p>[analyse_image type=&#8221;featured&#8221; src=&#8221;https:\/\/gazetabuzoiana.ro\/wp-content\/uploads\/2026\/08\/catelusa-foto-articol.png&#8221;]<\/p>\n<div class=\"entry-content entry clearfix\">\n<p class=\"wp-block-paragraph\">O femeie a ajuns la UPU, \u00een aceast\u0103 diminea\u021b\u0103 dup\u0103 ce a fost mu\u0219cat\u0103 de o c\u0103\u021belu\u0219\u0103 \u00een zona Clubului Poli\u021bi\u0219tilor. Este un fapt grav \u0219i nimeni nu-\u0219i permite Niciun om nu ar trebui s\u0103 se team\u0103 c\u0103 va fi atacat pe strad\u0103, iar administra\u021bia local\u0103 are obliga\u021bia s\u0103 se ocupe de c\u00e2inii f\u0103r\u0103 st\u0103p\u00e2n.<\/p>\n<figure class=\"wp-block-gallery has-nested-images columns-default is-cropped wp-block-gallery-1 is-layout-flex wp-block-gallery-is-layout-flex\">\n<figure class=\"wp-block-image size-large\"><img loading=\"lazy\" decoding=\"async\" width=\"768\" height=\"1024\" data-id=\"21999\" src=\"https:\/\/gazetabuzoiana.ro\/wp-content\/uploads\/2026\/08\/3-768x1024.jpeg\" alt class=\"wp-image-21999\"><\/figure>\n<figure class=\"wp-block-image size-large\"><img decoding=\"async\" loading=\"lazy\" width=\"768\" height=\"1024\" data-id=\"21997\" src=\"https:\/\/gazetabuzoiana.ro\/wp-content\/uploads\/2026\/08\/1-1-768x1024.jpeg\" alt class=\"wp-image-21997\"><\/figure>\n<\/figure>\n<p class=\"wp-block-paragraph\">Exist\u0103, \u00eens\u0103, o parte a acestei pove\u0219ti despre care se vorbe\u0219te mult mai pu\u021bin.<\/p>\n<p class=\"wp-block-paragraph\">C\u00e2\u021bi dintre noi \u00een\u021beleg c\u0103 \u0219i c\u0103\u021belu\u0219a care a mu\u0219cat femeia este, la r\u00e2ndul ei, o victim\u0103.<\/p>\n<p class=\"wp-block-paragraph\">Este o c\u0103\u021belu\u0219\u0103 cu pui, despre care oamenii din zon\u0103 spun c\u0103 este fl\u0103m\u00e2nd\u0103, \u00eensetat\u0103 \u0219i h\u0103ituit\u0103. Avem imagini \u00een care o femeie \u00eei d\u0103 s\u0103 m\u0103n\u00e2nce, iar animalul este calm \u0219i bl\u00e2nd. Nu sare la ea, nu o atac\u0103, nu manifest\u0103 comportamentul descris ulterior \u00een post\u0103rile despre \u201ec\u00e2inii agresivi\u201d.<\/p>\n<p class=\"wp-block-paragraph\">Avem, \u00een schimb, m\u0103rturii potrivit c\u0103rora adolescen\u021bi o provoac\u0103, arunc\u0103 \u00een ea cu diverse obiecte \u0219i chiar cu petarde.<\/p>\n<p class=\"wp-block-paragraph\">Dac\u0103 aceste relat\u0103ri se confirm\u0103, atunci avem o situa\u021bie revolt\u0103toare, \u00een care un animal speriat, cu pui, este h\u0103r\u021buit p\u00e2n\u0103 reac\u021bioneaz\u0103, dup\u0103 care reac\u021bia lui este folosit\u0103 ca dovad\u0103 c\u0103 animalul este \u201eagresiv\u201d. A ajuns acum de atac\u0103 \u0219i atunci c\u00e2nd nu este atacat\u0103, simpli trec\u0103tori, \u00een \u00eencercarea de a \u021bine c\u00e2t mai departe de puii ei orcie picior str\u0103in.<\/p>\n<p class=\"wp-block-paragraph\">Iar de aici \u00eencepe cercul vicios.<\/p>\n<figure class=\"wp-block-image size-full\"><img decoding=\"async\" loading=\"lazy\" width=\"945\" height=\"948\" src=\"https:\/\/gazetabuzoiana.ro\/wp-content\/uploads\/2026\/08\/A.jpeg\" alt class=\"wp-image-22000\"><\/figure>\n<h1 class=\"wp-block-heading\">Prim\u0103ria nu poate s\u0103 se spele pe m\u00e2ini de ceea ce se \u00eent\u00e2mpl\u0103 pe strad\u0103<\/h1>\n<p class=\"wp-block-paragraph\">C\u00e2inii f\u0103r\u0103 st\u0103p\u00e2n nu au ap\u0103rut acum \u00een Buz\u0103u \u0219i nici nu sunt problema celor care \u00eei hr\u0103nesc. Avem de-a face cu o problem\u0103 pe care Prim\u0103ria trebuie s\u0103 o gestioneze.<\/p>\n<p class=\"wp-block-paragraph\">Municipalitatea are obliga\u021bia s\u0103 previn\u0103 abandonul, s\u0103 sterilizeze, s\u0103 identifice animalele, s\u0103 gestioneze situa\u021biile de risc, s\u0103 intervin\u0103 c\u00e2nd un c\u00e2ine este agresiv \u0219i s\u0103 construiasc\u0103 un sistem care s\u0103 reduc\u0103 \u00een timp num\u0103rul animalelor de pe strad\u0103.<\/p>\n<p class=\"wp-block-paragraph\">Nu este suficient s\u0103 apar\u0103 problema, s\u0103 se filmeze un c\u00e2ine, s\u0103 se publice o fotografie cu o persoan\u0103 mu\u0219cat\u0103, iar apoi buzoienii s\u0103 ajung\u0103 s\u0103 se certe \u00eentre ei, exact cum se \u00eent\u00e2mpl\u0103 acum la Buz\u0103u. <\/p>\n<p class=\"wp-block-paragraph\">Unii cer s\u0103 fie lua\u021bi c\u00e2inii. Al\u021bii cer s\u0103 fie steriliza\u021bi. Unii spun c\u0103 trebuie eutanasia\u021bi. Al\u021bii vorbesc despre protec\u021bia animalelor. Unii \u00eei acuz\u0103 pe cei care hr\u0103nesc c\u00e2inii c\u0103 \u201e\u00eei \u021bin pe strad\u0103\u201d. Al\u021bii \u00eei acuz\u0103 pe cei care \u00eei provoac\u0103.<\/p>\n<p class=\"wp-block-paragraph\">Iar municipalitatea, \u00een loc s\u0103 fie arbitrul acestei dispute \u0219i s\u0103 vin\u0103 cu o solu\u021bie concret\u0103, las\u0103 impresia c\u0103 problema trebuie rezolvat\u0103 prin eliminarea c\u00e2inilor, nu prin eliminarea cauzelor care \u00eei aduc \u0219i \u00eei men\u021bin pe strad\u0103.<\/p>\n<h1 class=\"wp-block-heading\">C\u00e2nd hr\u0103nirea dispare, sterilizarea lipse\u0219te, iar animalele sunt h\u0103ituite, rezultatul nu poate fi unul bun<\/h1>\n<p class=\"wp-block-paragraph\">C\u0103\u021belu\u0219a din zona Clubului Poli\u021bi\u0219tilor nu are de unde s\u0103 \u0219tie c\u0103 administra\u021bia local\u0103 are probleme juridice cu serviciul de ecarisaj,  c\u0103 la Buz\u0103u s-au c\u00e2\u0219tigat procese. Nu \u0219tie cine a semnat contracte \u0219i cine trebuie s\u0103 organizeze serviciul, \u0219tie doar c\u0103 are pui, c\u0103 trebuie s\u0103 g\u0103seasc\u0103 ap\u0103 \u0219i m\u00e2ncare \u0219i c\u0103, \u00een jurul ei, exist\u0103 oameni care o pot hr\u0103ni, dar \u0219i oameni care o pot speria.<\/p>\n<p class=\"wp-block-paragraph\">Asta este diferen\u021ba dintre animal \u0219i administra\u021bie. Animalul reac\u021bioneaz\u0103 la ceea ce i se \u00eent\u00e2mpl\u0103, iar administra\u021bia ar trebui s\u0103 previn\u0103 ceea ce i se \u00eent\u00e2mpl\u0103.<\/p>\n<p class=\"wp-block-paragraph\">Dac\u0103 un c\u00e2ine fl\u0103m\u00e2nd, \u00eensetat \u0219i speriat ajunge s\u0103 mu\u0219te un om, avem dou\u0103 victime ale aceluia\u0219i e\u0219ec. Femeia mu\u0219cat\u0103 este victima direct\u0103 a incidentului, iar c\u0103\u021belu\u0219a este victima unui sistem care a l\u0103sat-o s\u0103 ajung\u0103 pe strad\u0103, cu pui, f\u0103r\u0103 protec\u021bie \u0219i f\u0103r\u0103 interven\u021bie, p\u00e2n\u0103 c\u00e2nd situa\u021bia a degenerat.<\/p>\n<h1 class=\"wp-block-heading\">\u0218i totu\u0219i, exist\u0103 ora\u0219e care aleg alt\u0103 cale<\/h1>\n<p class=\"wp-block-paragraph\">Buz\u0103ul nu are nevoie s\u0103 inventeze solu\u021bii, ci doar s\u0103 arunce o privire c\u0103tre localit\u0103\u021bile \u00een care administra\u021biile au ales s\u0103 pun\u0103 accent pe sterilizare, identificare, adop\u021bie \u0219i prevenirea abandonului. La Buz\u0103u, gestionare \u00eenseamn\u0103 capturare \u0219i eutanasiere. <\/p>\n<p class=\"wp-block-paragraph\">La Slatina, spre exemplu, administra\u021bia local\u0103 deruleaz\u0103 campanii de sterilizare gratuit\u0103 \u0219i organizeaz\u0103 constant t\u00e2rguri de adop\u021bii. \u00centr-un document oficial al Prim\u0103riei Slatina sunt prev\u0103zute inclusiv m\u0103suri privind sterilizarea c\u00e2inilor de ras\u0103 comun\u0103 \u0219i a meti\u0219ilor.<\/p>\n<p class=\"wp-block-paragraph\">Nu \u00eenseamn\u0103 c\u0103 Slatina a rezolvat definitiv problema c\u00e2inilor f\u0103r\u0103 st\u0103p\u00e2n. \u00censeamn\u0103 c\u0103 exist\u0103 solu\u021bii care pot reduce problema \u00een timp, nu un sistem care consum\u0103 bani publici la nesf\u00e2r\u0219it \u0219i o ia mereu de la cap\u0103t. La Buz\u0103u se pare c\u0103 administra\u021bia alimenteaz\u0103 frica pentru ca buzoienii s\u0103 cear\u0103 exact solu\u021bia cea mai simpl\u0103, respectiv capturarea \u0219i eutanasierea.<\/p>\n<p class=\"wp-block-paragraph\">Cum se \u00eent\u00e2mpl\u0103 asta?<\/p>\n<p class=\"wp-block-paragraph\">Un c\u00e2ine mu\u0219c\u0103 un om.<\/p>\n<p class=\"wp-block-paragraph\">Apare o fotografie cu s\u00e2nge.<\/p>\n<p class=\"wp-block-paragraph\">Se vorbe\u0219te despre haite.<\/p>\n<p class=\"wp-block-paragraph\">Se vehiculeaz\u0103 cifre despre zeci de persoane mu\u0219cate.<\/p>\n<p class=\"wp-block-paragraph\">Pe re\u021belele sociale apar mesaje de tipul \u201es\u0103-i omoare pe to\u021bi\u201d.<\/p>\n<p class=\"wp-block-paragraph\">Apoi vine reac\u021bia fireasc\u0103 a unui om speriat: <strong><mark class=\"has-inline-color has-vivid-red-color\">\u201eDac\u0103 \u00eei omoar\u0103, nu mai mu\u0219c\u0103 pe nimeni.\u201d<\/mark><\/strong><\/p>\n<p class=\"wp-block-paragraph\">Este cea mai simpl\u0103 concluzie.<\/p>\n<p class=\"wp-block-paragraph\">\u0218i tocmai de aceea este at\u00e2t de u\u0219or de exploatat politic.<\/p>\n<p class=\"wp-block-paragraph\">Pentru c\u0103, dac\u0103 oamenilor le este indus\u0103 permanent ideea c\u0103 problema c\u00e2inilor poate fi rezolvat\u0103 doar prin eliminarea lor, eutanasierea \u00eencepe s\u0103 par\u0103 nu doar acceptabil\u0103, ci inevitabil\u0103.<\/p>\n<p class=\"wp-block-paragraph\">\u00cen acest mecanism, c\u00e2inele care latr\u0103 devine \u201eagresiv\u201d.<\/p>\n<p class=\"wp-block-paragraph\">C\u00e2inele care \u00ee\u0219i ap\u0103r\u0103 puii devine \u201epericulos\u201d.<\/p>\n<p class=\"wp-block-paragraph\">C\u00e2inele fl\u0103m\u00e2nd care caut\u0103 m\u00e2ncare devine \u201emaidanez\u201d.<\/p>\n<p class=\"wp-block-paragraph\">Iar omul care \u00eel hr\u0103ne\u0219te devine \u201evinovat\u201d c\u0103 men\u021bine problema.<\/p>\n<p class=\"wp-block-paragraph\">Dar nimeni nu ne spune de ce exist\u0103 c\u00e2inii ace\u0219tia pe strad\u0103 \u0219i ce a f\u0103cut municipalitatea pentru ca, peste un an, s\u0103 fie mai pu\u021bini.  Nu c\u00e2inele trebuie s\u0103 pl\u0103teasc\u0103 pentru gre\u0219elile administra\u021biei. <\/p>\n<p class=\"wp-block-paragraph\">Este foarte u\u0219or s\u0103 spui \u201es\u0103-i omor\u00e2m\u201d. Este mult mai greu s\u0103 faci sterilizare sistematic\u0103. S\u0103 identifici animalele. S\u0103 urm\u0103re\u0219ti abandonul. S\u0103 sanc\u021bionezi proprietarii care \u00ee\u0219i las\u0103 c\u00e2inii s\u0103 se \u00eenmul\u021beasc\u0103 \u0219i apoi \u00eei abandoneaz\u0103. S\u0103 ai un program permanent de adop\u021bii. S\u0103 gestionezi responsabil ad\u0103posturile. S\u0103 ai interven\u021bii rapide pentru animalele agresive. S\u0103 construie\u0219ti un sistem \u00een care cet\u0103\u021beanul s\u0103 \u0219tie unde reclam\u0103 un c\u00e2ine \u0219i s\u0103 primeasc\u0103 un r\u0103spuns. \u0218i, mai ales, s\u0103 cheltuie\u0219ti banii publici astfel \u00eenc\u00e2t rezultatul s\u0103 poat\u0103 fi verificat.<\/p>\n<p class=\"wp-block-paragraph\">Asta \u00eenseamn\u0103 p\u00e2n\u0103 la urm\u0103 administra\u021bie.<\/p>\n<p class=\"wp-block-paragraph\">Nu s\u0103 a\u0219tep\u021bi ca un c\u00e2ine s\u0103 mu\u0219te \u0219i apoi s\u0103 folose\u0219ti incidentul pentru a demonstra c\u0103 trebuie captura\u021bi \u0219i eutanasia\u021bi mai mul\u021bi c\u00e2ini.<\/p>\n<h1 class=\"wp-block-heading\">\u201eS\u0103-i omoare\u201d nu este o politic\u0103 public\u0103<\/h1>\n<p class=\"wp-block-paragraph\">\u00cen comentariile buzoienilor se vede foarte clar c\u00e2t de mult s-a radicalizat discu\u021bia. Unii cer steriliz\u0103ri. Al\u021bii cer uciderea c\u00e2inilor. Unii vorbesc despre bani \u0219i interese. Al\u021bii \u00eei acuz\u0103 pe jurnali\u0219ti c\u0103 exagereaz\u0103. Unii se tem pentru copii. Al\u021bii se tem pentru animale.<\/p>\n<p class=\"wp-block-paragraph\">Exist\u0103 \u0219i buzoieni care \u00eentreab\u0103 unde sunt documentele pentru cifrele vehiculate public. Dac\u0103 au fost peste 20 de persoane mu\u0219cate, s\u0103 afl\u0103m oficial c\u00e2te au fost. Dac\u0103 au fost sute, s\u0103 afl\u0103m oficial c\u00e2te au fost. Dac\u0103 exist\u0103 rapoarte ale Poli\u021biei, ale spitalelor sau ale altor institu\u021bii, s\u0103 fie prezentate. Dac\u0103 exist\u0103 o leg\u0103tur\u0103 \u00eentre aceste cazuri \u0219i aceea\u0219i popula\u021bie de c\u00e2ini, s\u0103 fie demonstrat\u0103.<\/p>\n<p class=\"wp-block-paragraph\">Frica oamenilor nu trebuie alimentat\u0103 cu cifre neverificate. Dar nici problema real\u0103 a oamenilor mu\u0219ca\u021bi nu trebuie ascuns\u0103 \u00een spatele discursului despre protec\u021bia animalelor.<\/p>\n<p class=\"wp-block-paragraph\">Toate acestea arat\u0103 c\u0103 Buz\u0103ul are nevoie de solu\u021bii, nu de dou\u0103 tabere. <\/p>\n<p class=\"wp-block-paragraph\">\u0218i femeia care a ajuns la UPU trebuie s\u0103 fie protejat\u0103, dar \u0219i \u0103\u021belu\u0219a cu pui trebuie s\u0103 fie protejat\u0103. Copiii trebuie s\u0103 fie proteja\u021bi. Oamenii care trec prin parc trebuie s\u0103 fie proteja\u021bi. Iar animalele trebuie protejate de cruzime \u0219i de abandon.<\/p>\n<p class=\"wp-block-paragraph\">Toate aceste lucruri pot fi adev\u0103rate \u00een acela\u0219i timp.<\/p>\n<p class=\"wp-block-paragraph\">Problema este c\u0103, la Buz\u0103u, administra\u021bia pare s\u0103 fi permis ca oamenii \u0219i animalele s\u0103 fie pu\u0219i unii \u00eempotriva celorlal\u021bi. \u0219i, \u00een loc s\u0103 construiasc\u0103 puntea dintre cele dou\u0103 tabere, las\u0103 conflictul s\u0103 creasc\u0103. \u0218i cu c\u00e2t oamenii se tem mai mult de c\u00e2ini, cu at\u00e2t devine mai u\u0219or de sus\u021binut o politic\u0103 bazat\u0103 pe capturare \u0219i eutanasiere. Cu c\u00e2t c\u00e2inii sunt mai mult h\u0103itui\u021bi, \u00eenfometa\u021bi \u0219i abandona\u021bi, cu at\u00e2t cre\u0219te probabilitatea ca unii dintre ei s\u0103 reac\u021bioneze agresiv. Este un cerc perfect, iar municipalitatea este singura care are obliga\u021bia \u0219i resursele s\u0103-l rup\u0103, \u00eens\u0103 cu grij\u0103 \u0219i pentru om \u0219i pentru animal \u0219i pentru banul piblic.<\/p>\n<p class=\"wp-block-paragraph\">Dac\u0103 Prim\u0103ria continu\u0103 s\u0103 mearg\u0103 pe aceea\u0219i linie, \u00een loc s\u0103 investeasc\u0103 \u00een sterilizare, identificare \u0219i adop\u021bii, conflictul dintre oameni \u0219i c\u00e2ini va cre\u0219te.<\/p>\n<p class=\"wp-block-paragraph\">C\u00e2inii nu au creat problema asta. Oamenii au creat-o, iar Prim\u0103ria este cea care trebuie s\u0103 o rezolve.<\/p>\n<p class=\"wp-block-paragraph\">Mai jos sunt c\u00e2teva dintre comentariile buzoienilor la articolul despre o alt\u0103 femeie mu\u0219cat\u0103 \u0219i c\u0103\u021belu\u0219a cu pui, pe care \u00eel pute\u021bi citi <strong><a href=\"https:\/\/www.buzoienii.ro\/doamna-a-lesinat-era-numai-sange-pe-picior\/\"> AICI<\/a><\/strong><\/p>\n<figure class=\"wp-block-gallery aligncenter has-nested-images columns-default is-cropped wp-block-gallery-2 is-layout-flex wp-block-gallery-is-layout-flex\">\n<figure class=\"wp-block-image size-large\"><img decoding=\"async\" loading=\"lazy\" width=\"617\" height=\"1024\" data-id=\"22003\" src=\"https:\/\/gazetabuzoiana.ro\/wp-content\/uploads\/2026\/08\/b-617x1024.jpeg\" alt class=\"wp-image-22003\"><\/figure>\n<\/figure>\n<figure class=\"wp-block-image size-large\"><img decoding=\"async\" loading=\"lazy\" width=\"560\" height=\"1024\" src=\"https:\/\/gazetabuzoiana.ro\/wp-content\/uploads\/2026\/08\/c-560x1024.jpeg\" alt class=\"wp-image-22004\"><\/figure>\n<figure class=\"wp-block-image size-large\"><img decoding=\"async\" loading=\"lazy\" width=\"558\" height=\"1024\" src=\"https:\/\/gazetabuzoiana.ro\/wp-content\/uploads\/2026\/08\/e-558x1024.jpeg\" alt class=\"wp-image-22006\"><\/figure>\n<figure class=\"wp-block-image size-large\"><img decoding=\"async\" loading=\"lazy\" width=\"557\" height=\"1024\" src=\"https:\/\/gazetabuzoiana.ro\/wp-content\/uploads\/2026\/08\/f-557x1024.jpeg\" alt class=\"wp-image-22007\"><\/figure>\n<figure class=\"wp-block-image size-large\"><img decoding=\"async\" loading=\"lazy\" width=\"554\" height=\"1024\" src=\"https:\/\/gazetabuzoiana.ro\/wp-content\/uploads\/2026\/08\/g-554x1024.jpeg\" alt class=\"wp-image-22008\"><\/figure>\n<div class=\"post-bottom-meta post-bottom-tags post-tags-modern\">\n<div class=\"post-bottom-meta-title\"> Etichete<\/div>\n<p><span class=\"tagcloud\"><a href=\"https:\/\/gazetabuzoiana.ro\/tag\/adoptii-caini\/\" rel=\"tag\">adop\u021bii c\u00e2ini<\/a><a href=\"https:\/\/gazetabuzoiana.ro\/tag\/buzau-2\/\" rel=\"tag\">Buz\u0103u<\/a><a href=\"https:\/\/gazetabuzoiana.ro\/tag\/caini-agresivi\/\" rel=\"tag\">c\u00e2ini agresivi<\/a><a href=\"https:\/\/gazetabuzoiana.ro\/tag\/caini-fara-stapan\/\" rel=\"tag\">c\u00e2ini f\u0103r\u0103 st\u0103p\u00e2n<\/a><a href=\"https:\/\/gazetabuzoiana.ro\/tag\/caini-maidanezi\/\" rel=\"tag\">c\u00e2ini maidanezi<\/a><a href=\"https:\/\/gazetabuzoiana.ro\/tag\/clubul-politistilor\/\" rel=\"tag\">Clubul Poli\u021bi\u0219tilor<\/a><a href=\"https:\/\/gazetabuzoiana.ro\/tag\/constantin-toma\/\" rel=\"tag\">constantin toma<\/a><a href=\"https:\/\/gazetabuzoiana.ro\/tag\/ecarisaj\/\" rel=\"tag\">ecarisaj<\/a><a href=\"https:\/\/gazetabuzoiana.ro\/tag\/elena-camelia-geangu\/\" rel=\"tag\">Elena Camelia Geangu<\/a><a href=\"https:\/\/gazetabuzoiana.ro\/tag\/femeie-muscata\/\" rel=\"tag\">femeie mu\u0219cat\u0103<\/a><a href=\"https:\/\/gazetabuzoiana.ro\/tag\/haplut-si-prietenii\/\" rel=\"tag\">H\u0103plu\u021b \u0219i Prietenii<\/a><a href=\"https:\/\/gazetabuzoiana.ro\/tag\/primaria-buzau\/\" rel=\"tag\">Prim\u0103ria Buz\u0103u<\/a><a href=\"https:\/\/gazetabuzoiana.ro\/tag\/protectia-animalelor\/\" rel=\"tag\">protec\u021bia animalelor<\/a><a href=\"https:\/\/gazetabuzoiana.ro\/tag\/sorin-udrea\/\" rel=\"tag\">Sorin Udrea<\/a><a href=\"https:\/\/gazetabuzoiana.ro\/tag\/sterilizare-caini\/\" rel=\"tag\">sterilizare c\u00e2ini<\/a><a href=\"https:\/\/gazetabuzoiana.ro\/tag\/upu-buzau-2\/\" rel=\"tag\">UPU Buz\u0103u<\/a><a href=\"https:\/\/gazetabuzoiana.ro\/tag\/urbis-serv\/\" rel=\"tag\">Urbis Serv<\/a><\/span><\/div>\n<\/div>\n<p>[analyse_source url=&#8221;https:\/\/gazetabuzoiana.ro\/2026\/08\/10\/femeia-si-catelusa-cu-pui-sunt-victimele-aceleiasi-administratii-buzaul-plateste-pretul-unei-politici-care-nu-rezolva-cauza-problemei-video\/&#8221;]<\/p>\n","protected":false},"excerpt":{"rendered":"<p>[analyse_image type=&#8221;featured&#8221; src=&#8221;https:\/\/gazetabuzoiana.ro\/wp-content\/uploads\/2026\/08\/catelusa-foto-articol.png&#8221;] O femeie a ajuns la UPU, \u00een aceast\u0103 diminea\u021b\u0103 dup\u0103 ce a fost mu\u0219cat\u0103 de o c\u0103\u021belu\u0219\u0103 \u00een zona Clubului Poli\u021bi\u0219tilor. Este un fapt grav \u0219i nimeni nu-\u0219i permite Niciun om nu ar trebui s\u0103 se team\u0103 c\u0103 va fi atacat pe strad\u0103, iar administra\u021bia local\u0103 are obliga\u021bia s\u0103 se ocupe de [&hellip;]<\/p>\n","protected":false},"author":1,"featured_media":0,"comment_status":"open","ping_status":"","sticky":false,"template":"","format":"standard","meta":{"footnotes":""},"categories":[2],"tags":[226,38],"class_list":["post-2085897","post","type-post","status-publish","format-standard","hentry","category-politics","tag-crawlmanager","tag-gazetabuzoiana-ro"],"_links":{"self":[{"href":"https:\/\/analyse.optim.biz\/index.php?rest_route=\/wp\/v2\/posts\/2085897","targetHints":{"allow":["GET"]}}],"collection":[{"href":"https:\/\/analyse.optim.biz\/index.php?rest_route=\/wp\/v2\/posts"}],"about":[{"href":"https:\/\/analyse.optim.biz\/index.php?rest_route=\/wp\/v2\/types\/post"}],"author":[{"embeddable":true,"href":"https:\/\/analyse.optim.biz\/index.php?rest_route=\/wp\/v2\/users\/1"}],"replies":[{"embeddable":true,"href":"https:\/\/analyse.optim.biz\/index.php?rest_route=%2Fwp%2Fv2%2Fcomments&post=2085897"}],"version-history":[{"count":0,"href":"https:\/\/analyse.optim.biz\/index.php?rest_route=\/wp\/v2\/posts\/2085897\/revisions"}],"wp:attachment":[{"href":"https:\/\/analyse.optim.biz\/index.php?rest_route=%2Fwp%2Fv2%2Fmedia&parent=2085897"}],"wp:term":[{"taxonomy":"category","embeddable":true,"href":"https:\/\/analyse.optim.biz\/index.php?rest_route=%2Fwp%2Fv2%2Fcategories&post=2085897"},{"taxonomy":"post_tag","embeddable":true,"href":"https:\/\/analyse.optim.biz\/index.php?rest_route=%2Fwp%2Fv2%2Ftags&post=2085897"}],"curies":[{"name":"wp","href":"https:\/\/api.w.org\/{rel}","templated":true}]}}