{"id":2085761,"date":"2026-08-10T06:17:04","date_gmt":"2026-08-10T03:17:04","guid":{"rendered":"https:\/\/analyse.optim.biz\/?p=2085761"},"modified":"2026-08-10T06:17:04","modified_gmt":"2026-08-10T03:17:04","slug":"dezinformarea-cu-ambulanta-care-fura-copii-a-trimis-sapte-oameni-dupa-gratii","status":"publish","type":"post","link":"https:\/\/analyse.optim.biz\/?p=2085761","title":{"rendered":"Dezinformarea cu \u201eambulan\u021ba care fur\u0103 copii\u201d a trimis \u0219apte oameni dup\u0103 gratii"},"content":{"rendered":"<p>[analyse_image type=&#8221;featured&#8221; src=&#8221;https:\/\/www.tion.ro\/wp-content\/uploads\/2026\/08\/+otf\/1200&#215;630\/xtNStgvr0mqbNYg84SvcWk5PVF9WRVJZX1NFQ8JbQkWsuXdsoIS1Mn+sUWh7GjsZjMeFsgXPe1XzOB768VKBYTfDVi3crHj1QPQ__lVV1boROH4GeYirzAfwn3hE=\/6342538pexelsronlach10474995-scaled.jpg&#8221;]<\/p>\n<article id=\"post-2331093\" class>\n<div class=\"entry-content clearfix\">\n<div class=\"enewsArticleContent\">\n<p>Ambulan\u021ba transporta un pacient la spital c\u00e2nd a fost blocat\u0103 inten\u021bionat de dou\u0103 ma\u0219ini. Autorit\u0103\u021bile verific\u0103 dac\u0103 atacul a fost provocat de zvonurile false de pe TikTok despre \u201eambulan\u021be negre\u201d care ar r\u0103pi sau fura copii.<\/p>\n<p>Mai multe persoane au agresat echipajul \u0219i au vandalizat ambulan\u021ba, iar \u0219oferul a suferit un traumatism ocular \u0219i a avut nevoie de o interven\u021bie chirurgical\u0103.<\/p>\n<p>\u00cen ciuda atacului, echipajul a reu\u0219it s\u0103 duc\u0103 pacientul \u00een siguran\u021b\u0103 la spital.<\/p>\n<p>DSU \u0219i MAI spun c\u0103 aceste informa\u021bii sunt false \u0219i c\u0103 nu exist\u0103 cazuri \u00een Rom\u00e2nia \u00een care ambulan\u021bele s\u0103 fi fost implicate \u00een r\u0103pirea unor persoane.<\/p>\n<p>Autorit\u0103\u021bile avertizeaz\u0103 \u0219i c\u0103 unele imagini sau videoclipuri distribuite online pot fi editate sau generate cu inteligen\u021b\u0103 artificial\u0103.<\/p>\n<div class=\"fbShareLikeTwitterAndEmailContainer\">\n<div class=\"wrapper\">\n<div class=\"email\">\n<div id=\"mailto-pop\" class=\"pop-form pop-form-mailto\">\n<div class=\"pop-form-header\">\n<h4>Trimite articolul<\/h4>\n<p><a class=\"pop-form-close\">X<\/a><\/div>\n<\/div>\n<\/div>\n<\/div>\n<\/div>\n<div class=\"comments\">\n<div class=\"top\">\n<div class=\"commentsNumber\"><span class=\"number\">0<\/span><span class=\"text\">Comentarii<\/span><\/div>\n<\/div>\n<div class=\"center\">\n<div id=\"respond\" class=\"comment-respond\">\n<h3 id=\"reply-title\" class=\"comment-reply-title\"><small><a rel=\"nofollow\" id=\"cancel-comment-reply-link\" href=\"https:\/\/www.tion.ro\/romania\/dezinformarea-cu-ambulanta-care-fura-copii-a-trimis-sapte-oameni-dupa-gratii-2331093\/#respond\">Cancel reply<\/a><\/small><\/h3>\n<p class=\"comment-notes\"><span id=\"email-notes\">Your email address will not be published.<\/span><span class=\"required-field-message\">Required fields are marked <span class=\"required\">*<\/span><\/span><\/p>\n<p class=\"commentFormComment\"><span id=\"commentFormCount\"><br \/>\n                            inca<br \/>\n                            <span id=\"countCommentText\">1000<\/span><br \/>\n                            caractere ramase<br \/>\n                        <\/span><\/p>\n<\/div>\n<\/div>\n<div class=\"bottom\">\n<p class=\"forumDisclaimerHuRo\">\n            Citi\u021bi principiile noastre de moderare <a href=\"https:\/\/www.tion.ro\/reguli-postare-comentarii\/\" target=\"_blank\">aici<\/a>!\n        <\/p>\n<\/div>\n<\/div>\n<\/div>\n<\/div>\n<\/article>\n<div class=\"entry-content clearfix\">\n<div class=\"enewsArticleContent\">\n<p>Ambulan\u021ba transporta un pacient la spital c\u00e2nd a fost blocat\u0103 inten\u021bionat de dou\u0103 ma\u0219ini. Autorit\u0103\u021bile verific\u0103 dac\u0103 atacul a fost provocat de zvonurile false de pe TikTok despre \u201eambulan\u021be negre\u201d care ar r\u0103pi sau fura copii.<\/p>\n<p>Mai multe persoane au agresat echipajul \u0219i au vandalizat ambulan\u021ba, iar \u0219oferul a suferit un traumatism ocular \u0219i a avut nevoie de o interven\u021bie chirurgical\u0103.<\/p>\n<p>\u00cen ciuda atacului, echipajul a reu\u0219it s\u0103 duc\u0103 pacientul \u00een siguran\u021b\u0103 la spital.<\/p>\n<p>DSU \u0219i MAI spun c\u0103 aceste informa\u021bii sunt false \u0219i c\u0103 nu exist\u0103 cazuri \u00een Rom\u00e2nia \u00een care ambulan\u021bele s\u0103 fi fost implicate \u00een r\u0103pirea unor persoane.<\/p>\n<p>Autorit\u0103\u021bile avertizeaz\u0103 \u0219i c\u0103 unele imagini sau videoclipuri distribuite online pot fi editate sau generate cu inteligen\u021b\u0103 artificial\u0103.<\/p>\n<div class=\"fbShareLikeTwitterAndEmailContainer\">\n<div class=\"wrapper\">\n<div class=\"email\">\n<div id=\"mailto-pop\" class=\"pop-form pop-form-mailto\">\n<div class=\"pop-form-header\">\n<h4>Trimite articolul<\/h4>\n<p><a class=\"pop-form-close\">X<\/a><\/div>\n<\/div>\n<\/div>\n<\/div>\n<\/div>\n<div class=\"comments\">\n<div class=\"top\">\n<div class=\"commentsNumber\"><span class=\"number\">0<\/span><span class=\"text\">Comentarii<\/span><\/div>\n<\/div>\n<div class=\"center\">\n<div id=\"respond\" class=\"comment-respond\">\n<h3 id=\"reply-title\" class=\"comment-reply-title\"><small><a rel=\"nofollow\" id=\"cancel-comment-reply-link\" href=\"https:\/\/www.tion.ro\/romania\/dezinformarea-cu-ambulanta-care-fura-copii-a-trimis-sapte-oameni-dupa-gratii-2331093\/#respond\">Cancel reply<\/a><\/small><\/h3>\n<p class=\"comment-notes\"><span id=\"email-notes\">Your email address will not be published.<\/span><span class=\"required-field-message\">Required fields are marked <span class=\"required\">*<\/span><\/span><\/p>\n<p class=\"commentFormComment\"><span id=\"commentFormCount\"><br \/>\n                            inca<br \/>\n                            <span id=\"countCommentText\">1000<\/span><br \/>\n                            caractere ramase<br \/>\n                        <\/span><\/p>\n<\/div>\n<\/div>\n<div class=\"bottom\">\n<p class=\"forumDisclaimerHuRo\">\n            Citi\u021bi principiile noastre de moderare <a href=\"https:\/\/www.tion.ro\/reguli-postare-comentarii\/\" target=\"_blank\">aici<\/a>!\n        <\/p>\n<\/div>\n<\/div>\n<\/div>\n<\/div>\n<p>[analyse_source url=&#8221;https:\/\/www.tion.ro\/romania\/dezinformarea-cu-ambulanta-care-fura-copii-a-trimis-sapte-oameni-dupa-gratii-2331093\/&#8221;]<\/p>\n","protected":false},"excerpt":{"rendered":"<p>[analyse_image type=&#8221;featured&#8221; src=&#8221;https:\/\/www.tion.ro\/wp-content\/uploads\/2026\/08\/+otf\/1200&#215;630\/xtNStgvr0mqbNYg84SvcWk5PVF9WRVJZX1NFQ8JbQkWsuXdsoIS1Mn+sUWh7GjsZjMeFsgXPe1XzOB768VKBYTfDVi3crHj1QPQ__lVV1boROH4GeYirzAfwn3hE=\/6342538pexelsronlach10474995-scaled.jpg&#8221;] Ambulan\u021ba transporta un pacient la spital c\u00e2nd a fost blocat\u0103 inten\u021bionat de dou\u0103 ma\u0219ini. Autorit\u0103\u021bile verific\u0103 dac\u0103 atacul a fost provocat de zvonurile false de pe TikTok despre \u201eambulan\u021be negre\u201d care ar r\u0103pi sau fura copii. Mai multe persoane au agresat echipajul \u0219i au vandalizat ambulan\u021ba, iar \u0219oferul a suferit un traumatism [&hellip;]<\/p>\n","protected":false},"author":1,"featured_media":0,"comment_status":"open","ping_status":"","sticky":false,"template":"","format":"standard","meta":{"footnotes":""},"categories":[89],"tags":[226,191],"class_list":["post-2085761","post","type-post","status-publish","format-standard","hentry","category-romania","tag-crawlmanager","tag-tion-ro"],"_links":{"self":[{"href":"https:\/\/analyse.optim.biz\/index.php?rest_route=\/wp\/v2\/posts\/2085761","targetHints":{"allow":["GET"]}}],"collection":[{"href":"https:\/\/analyse.optim.biz\/index.php?rest_route=\/wp\/v2\/posts"}],"about":[{"href":"https:\/\/analyse.optim.biz\/index.php?rest_route=\/wp\/v2\/types\/post"}],"author":[{"embeddable":true,"href":"https:\/\/analyse.optim.biz\/index.php?rest_route=\/wp\/v2\/users\/1"}],"replies":[{"embeddable":true,"href":"https:\/\/analyse.optim.biz\/index.php?rest_route=%2Fwp%2Fv2%2Fcomments&post=2085761"}],"version-history":[{"count":0,"href":"https:\/\/analyse.optim.biz\/index.php?rest_route=\/wp\/v2\/posts\/2085761\/revisions"}],"wp:attachment":[{"href":"https:\/\/analyse.optim.biz\/index.php?rest_route=%2Fwp%2Fv2%2Fmedia&parent=2085761"}],"wp:term":[{"taxonomy":"category","embeddable":true,"href":"https:\/\/analyse.optim.biz\/index.php?rest_route=%2Fwp%2Fv2%2Fcategories&post=2085761"},{"taxonomy":"post_tag","embeddable":true,"href":"https:\/\/analyse.optim.biz\/index.php?rest_route=%2Fwp%2Fv2%2Ftags&post=2085761"}],"curies":[{"name":"wp","href":"https:\/\/api.w.org\/{rel}","templated":true}]}}