{"id":2085746,"date":"2026-08-09T12:33:28","date_gmt":"2026-08-09T09:33:28","guid":{"rendered":"https:\/\/analyse.optim.biz\/?p=2085746"},"modified":"2026-08-09T12:33:28","modified_gmt":"2026-08-09T09:33:28","slug":"romania-pe-locul-1-in-lume-la-mondialele-de-juniori-de-la-plovdiv-3-medalii-de-aur-1-de-argint-si-2-de-bronz","status":"publish","type":"post","link":"https:\/\/analyse.optim.biz\/?p=2085746","title":{"rendered":"Rom\u00e2nia, pe locul 1 \u00een lume la Mondialele de juniori de la Plovdiv: 3 medalii de aur, 1 de argint \u0219i 2 de bronz"},"content":{"rendered":"<p>[analyse_image type=&#8221;featured&#8221; src=&#8221;https:\/\/www.newsbucovina.ro\/wp-content\/uploads\/2026\/08\/romania-canotaj-juniori-medalii-campionat-mondial-2026-3.jpghttps:\/\/cdn.newsbucovina.ro\/wp-content\/uploads\/2026\/08\/romania-canotaj-juniori-medalii-campionat-mondial-2026-3.jpg&#8221;]<\/p>\n<div class=\"td-post-content tagdiv-type\">\n<div class=\"td-a-rec td-a-rec-id-content_top  tdi_3 td_block_template_1\"><strong>Intr\u0103 acum \u0219i \u00een grupul de <\/p>\n<div class=\"wp-block-button\"><a class=\"wp-block-button__link wp-element-button\" href=\"https:\/\/t.me\/+TH8wcfnp8fw5NWI0\">Telegram News Bucovina<\/a><\/div>\n<p><\/strong><\/div>\n<p class=\"wp-block-paragraph\">Rom\u00e2nia a \u00eencheiat pe primul loc \u00een clasamentul pe medalii Campionatele Mondiale de Canotaj Under19 de la Plovdiv, Bulgaria. Delega\u021bia \u021b\u0103rii noastre a ob\u021binut \u0219ase medalii: trei de aur, una de argint \u0219i dou\u0103 de bronz.<\/p>\n<figure class=\"wp-block-gallery has-nested-images columns-default is-cropped wp-block-gallery-1 is-layout-flex wp-block-gallery-is-layout-flex\">\n<figure class=\"wp-block-image size-large\"><a href=\"https:\/\/cdn.newsbucovina.ro\/wp-content\/uploads\/2026\/08\/romania-canotaj-juniori-medalii-campionat-mondial-2026.jpg\"><img loading=\"lazy\" decoding=\"async\" width=\"1024\" height=\"683\" data-id=\"446042\" src=\"https:\/\/cdn.newsbucovina.ro\/wp-content\/uploads\/2026\/08\/romania-canotaj-juniori-medalii-campionat-mondial-2026-1024x683.jpg\" alt class=\"wp-image-446042\"><\/a><\/figure>\n<figure class=\"wp-block-image size-large\"><a href=\"https:\/\/cdn.newsbucovina.ro\/wp-content\/uploads\/2026\/08\/romania-canotaj-juniori-medalii-campionat-mondial-2026-3.jpg\"><img loading=\"lazy\" decoding=\"async\" width=\"1024\" height=\"683\" data-id=\"446045\" src=\"https:\/\/cdn.newsbucovina.ro\/wp-content\/uploads\/2026\/08\/romania-canotaj-juniori-medalii-campionat-mondial-2026-3-1024x683.jpg\" alt class=\"wp-image-446045\"><\/a><\/figure>\n<figure class=\"wp-block-image size-large\"><a href=\"https:\/\/cdn.newsbucovina.ro\/wp-content\/uploads\/2026\/08\/romania-canotaj-juniori-medalii-campionat-mondial-2026-8-1.jpg\"><img loading=\"lazy\" decoding=\"async\" width=\"619\" height=\"413\" data-id=\"446041\" src=\"https:\/\/cdn.newsbucovina.ro\/wp-content\/uploads\/2026\/08\/romania-canotaj-juniori-medalii-campionat-mondial-2026-8-1.jpg\" alt class=\"wp-image-446041\"><\/a><\/figure>\n<figure class=\"wp-block-image size-large\"><a href=\"https:\/\/cdn.newsbucovina.ro\/wp-content\/uploads\/2026\/08\/romania-canotaj-juniori-medalii-campionat-mondial-2026-9.jpg\"><img decoding=\"async\" loading=\"lazy\" width=\"1024\" height=\"683\" data-id=\"446043\" src=\"https:\/\/cdn.newsbucovina.ro\/wp-content\/uploads\/2026\/08\/romania-canotaj-juniori-medalii-campionat-mondial-2026-9-1024x683.jpg\" alt class=\"wp-image-446043\"><\/a><\/figure>\n<figure class=\"wp-block-image size-large\"><a href=\"https:\/\/cdn.newsbucovina.ro\/wp-content\/uploads\/2026\/08\/romania-canotaj-juniori-medalii-campionat-mondial-202610.jpg\"><img decoding=\"async\" loading=\"lazy\" width=\"1024\" height=\"683\" data-id=\"446044\" src=\"https:\/\/cdn.newsbucovina.ro\/wp-content\/uploads\/2026\/08\/romania-canotaj-juniori-medalii-campionat-mondial-202610-1024x683.jpg\" alt class=\"wp-image-446044\"><\/a><\/figure>\n<\/figure>\n<p class=\"wp-block-paragraph\">Cei 42 de sportivi rom\u00e2ni, care au concurat \u00een 12 echipaje, au confirmat evolu\u021bia foarte bun\u0103 a noii genera\u021bii de canotori. \u00cen luna mai, la Campionatele Europene Under19, Rom\u00e2nia cucerise tot \u0219ase medalii, iar la Mondialele de anul trecut, de la Trakai, bilan\u021bul a fost de dou\u0103 medalii.<\/p>\n<p class=\"wp-block-paragraph\">\u00cen ultima zi de concurs, duminic\u0103, Rom\u00e2nia a mai ad\u0103ugat dou\u0103 medalii. Echipajul feminin de 8+1 (JW8+), format din Teodora Sandu, Carolina P\u0103nu\u021b\u0103, Elena Bianca Ni\u021bu, Maya Renata Bumbac, Elena Denisa Baciu, Mariana Casu, Angela Gabriela Cazacu, M\u0103d\u0103lina-Dumitri\u021ba Ursaciuc \u0219i Sarra-Maria Vasca, a cucerit medalia de aur cu timpul de 06:16.02, dup\u0103 o curs\u0103 foarte bun\u0103. Pe podium au urcat \u0219i echipajele din Germania \u0219i Marea Britanie.<\/p>\n<p class=\"wp-block-paragraph\">Medalia de argint a fost ob\u021binut\u0103 de echipajul de 8+1 mixt (JMix8+), alc\u0103tuit din Anca-Andreea Culidiuc, Denisa Mihaela Vasilica, R\u0103zvan Ioan Marin, Andrei Mihai B\u0103lan, Radu-Andrei Enescu, Dumitru Cristian Pascari, Marina Ariana Balint, Jessica Popescu \u0219i Sarra-Maria Vasca. Sportivii rom\u00e2ni au terminat pe locul doi, cu timpul de 06:00.61, dup\u0103 Germania \u0219i \u00eenaintea Statelor Unite.<\/p>\n<p class=\"wp-block-paragraph\">Tot duminic\u0103, echipajul de dublu v\u00e2sle mixt s-a clasat pe locul 4, iar cel masculin de 8+1 pe locul 5.<\/p>\n<p class=\"wp-block-paragraph\">\u00cen prima zi de finale, Rom\u00e2nia a c\u00e2\u0219tigat patru medalii: aur prin Radu-Andrei Enescu \u0219i Dumitru Cristian Pascari \u00een proba de dublu rame masculin, aur prin Ana-Maria Bordanc, Alexandra Daria Cr\u0103ciun, Anca-Andreea Culidiuc \u0219i Denisa Mihaela Vasilica \u00een proba de patru rame feminin, bronz prin Gabriela Costinela Ursu \u0219i Andreea M\u0103riuca Dumitra\u0219cu \u00een dublu v\u00e2sle feminin \u0219i bronz prin Ioana Gabriela Cristescu, Francesca Iulia Stejar, Sonia Teodora Bi\u021b\u0103 \u0219i Daria-Elena Maximiuc \u00een patru v\u00e2sle feminin.<\/p>\n<p class=\"wp-block-paragraph\">\u201eSunt m\u00e2ndr\u0103 de reu\u0219ita \u00eentregii delega\u021bii a Rom\u00e2niei la aceste Campionate Mondiale Under19. Rezultatele ob\u021binute la Plovdiv confirm\u0103 c\u0103 Rom\u00e2nia r\u0103m\u00e2ne o for\u021b\u0103 a canotajului la nivel interna\u021bional. Cele \u0219ase medalii c\u00e2\u0219tigate, dintre care trei de aur, precum \u0219i primul loc \u00een clasamentul mondial pe medalii sunt rezultatul muncii \u0219i profesionalismului sportivilor, antrenorilor \u0219i \u00eentregului colectiv tehnic. M\u0103 bucur c\u0103 aceast\u0103 genera\u021bie de juniori a demonstrat c\u0103 are valoare \u0219i caracter \u0219i sunt convins\u0103 c\u0103 mul\u021bi dintre ace\u0219ti sportivi vor reprezenta Rom\u00e2nia cu succes \u0219i la competi\u021biile de seniori\u201d, a declarat Elisabeta Lip\u0103, pre\u0219edintele Federa\u021biei Rom\u00e2ne de Canotaj.<\/p>\n<figure class=\"wp-block-embed is-type-video is-provider-youtube wp-block-embed-youtube wp-embed-aspect-16-9 wp-has-aspect-ratio\">\n<div class=\"wp-block-embed__wrapper\">\n<div class=\"youtube-embed\" data-video_id=\"_C6sLpLOX3c\"><iframe loading=\"lazy\" title=\"Plin de aur pe trepte la Universitate\u2026eu m-am ales cu praful!!! #usv #NewsBucovina \" width=\"696\" height=\"392\" src=\"https:\/\/www.youtube.com\/embed\/_C6sLpLOX3c?feature=oembed&amp;enablejsapi=1\" frameborder allow=\"accelerometer; autoplay; clipboard-write; encrypted-media; gyroscope; picture-in-picture; web-share\" referrerpolicy=\"strict-origin-when-cross-origin\" allowfullscreen><\/iframe><\/div>\n<\/div>\n<\/figure>\n<div class=\"td-a-rec td-a-rec-id-content_bottom  tdi_4 td_block_template_1\"><strong>Intr\u0103 acum \u0219i \u00een grupul de <\/p>\n<div class=\"wp-block-button\"><a class=\"wp-block-button__link wp-element-button\" href=\"https:\/\/t.me\/+TH8wcfnp8fw5NWI0\">Telegram News Bucovina<\/a><\/div>\n<p><\/strong><\/div>\n<\/div>\n<div class=\"td-post-content tagdiv-type\">\n<div class=\"td-a-rec td-a-rec-id-content_top  tdi_3 td_block_template_1\"><strong>Intr\u0103 acum \u0219i \u00een grupul de <\/p>\n<div class=\"wp-block-button\"><a class=\"wp-block-button__link wp-element-button\" href=\"https:\/\/t.me\/+TH8wcfnp8fw5NWI0\">Telegram News Bucovina<\/a><\/div>\n<p><\/strong><\/div>\n<p class=\"wp-block-paragraph\">Rom\u00e2nia a \u00eencheiat pe primul loc \u00een clasamentul pe medalii Campionatele Mondiale de Canotaj Under19 de la Plovdiv, Bulgaria. Delega\u021bia \u021b\u0103rii noastre a ob\u021binut \u0219ase medalii: trei de aur, una de argint \u0219i dou\u0103 de bronz.<\/p>\n<figure class=\"wp-block-gallery has-nested-images columns-default is-cropped wp-block-gallery-1 is-layout-flex wp-block-gallery-is-layout-flex\">\n<figure class=\"wp-block-image size-large\"><a href=\"https:\/\/cdn.newsbucovina.ro\/wp-content\/uploads\/2026\/08\/romania-canotaj-juniori-medalii-campionat-mondial-2026.jpg\"><img loading=\"lazy\" decoding=\"async\" width=\"1024\" height=\"683\" data-id=\"446042\" src=\"https:\/\/cdn.newsbucovina.ro\/wp-content\/uploads\/2026\/08\/romania-canotaj-juniori-medalii-campionat-mondial-2026-1024x683.jpg\" alt class=\"wp-image-446042\"><\/a><\/figure>\n<figure class=\"wp-block-image size-large\"><a href=\"https:\/\/cdn.newsbucovina.ro\/wp-content\/uploads\/2026\/08\/romania-canotaj-juniori-medalii-campionat-mondial-2026-3.jpg\"><img loading=\"lazy\" decoding=\"async\" width=\"1024\" height=\"683\" data-id=\"446045\" src=\"https:\/\/cdn.newsbucovina.ro\/wp-content\/uploads\/2026\/08\/romania-canotaj-juniori-medalii-campionat-mondial-2026-3-1024x683.jpg\" alt class=\"wp-image-446045\"><\/a><\/figure>\n<figure class=\"wp-block-image size-large\"><a href=\"https:\/\/cdn.newsbucovina.ro\/wp-content\/uploads\/2026\/08\/romania-canotaj-juniori-medalii-campionat-mondial-2026-8-1.jpg\"><img loading=\"lazy\" decoding=\"async\" width=\"619\" height=\"413\" data-id=\"446041\" src=\"https:\/\/cdn.newsbucovina.ro\/wp-content\/uploads\/2026\/08\/romania-canotaj-juniori-medalii-campionat-mondial-2026-8-1.jpg\" alt class=\"wp-image-446041\"><\/a><\/figure>\n<figure class=\"wp-block-image size-large\"><a href=\"https:\/\/cdn.newsbucovina.ro\/wp-content\/uploads\/2026\/08\/romania-canotaj-juniori-medalii-campionat-mondial-2026-9.jpg\"><img decoding=\"async\" loading=\"lazy\" width=\"1024\" height=\"683\" data-id=\"446043\" src=\"https:\/\/cdn.newsbucovina.ro\/wp-content\/uploads\/2026\/08\/romania-canotaj-juniori-medalii-campionat-mondial-2026-9-1024x683.jpg\" alt class=\"wp-image-446043\"><\/a><\/figure>\n<figure class=\"wp-block-image size-large\"><a href=\"https:\/\/cdn.newsbucovina.ro\/wp-content\/uploads\/2026\/08\/romania-canotaj-juniori-medalii-campionat-mondial-202610.jpg\"><img decoding=\"async\" loading=\"lazy\" width=\"1024\" height=\"683\" data-id=\"446044\" src=\"https:\/\/cdn.newsbucovina.ro\/wp-content\/uploads\/2026\/08\/romania-canotaj-juniori-medalii-campionat-mondial-202610-1024x683.jpg\" alt class=\"wp-image-446044\"><\/a><\/figure>\n<\/figure>\n<p class=\"wp-block-paragraph\">Cei 42 de sportivi rom\u00e2ni, care au concurat \u00een 12 echipaje, au confirmat evolu\u021bia foarte bun\u0103 a noii genera\u021bii de canotori. \u00cen luna mai, la Campionatele Europene Under19, Rom\u00e2nia cucerise tot \u0219ase medalii, iar la Mondialele de anul trecut, de la Trakai, bilan\u021bul a fost de dou\u0103 medalii.<\/p>\n<p class=\"wp-block-paragraph\">\u00cen ultima zi de concurs, duminic\u0103, Rom\u00e2nia a mai ad\u0103ugat dou\u0103 medalii. Echipajul feminin de 8+1 (JW8+), format din Teodora Sandu, Carolina P\u0103nu\u021b\u0103, Elena Bianca Ni\u021bu, Maya Renata Bumbac, Elena Denisa Baciu, Mariana Casu, Angela Gabriela Cazacu, M\u0103d\u0103lina-Dumitri\u021ba Ursaciuc \u0219i Sarra-Maria Vasca, a cucerit medalia de aur cu timpul de 06:16.02, dup\u0103 o curs\u0103 foarte bun\u0103. Pe podium au urcat \u0219i echipajele din Germania \u0219i Marea Britanie.<\/p>\n<p class=\"wp-block-paragraph\">Medalia de argint a fost ob\u021binut\u0103 de echipajul de 8+1 mixt (JMix8+), alc\u0103tuit din Anca-Andreea Culidiuc, Denisa Mihaela Vasilica, R\u0103zvan Ioan Marin, Andrei Mihai B\u0103lan, Radu-Andrei Enescu, Dumitru Cristian Pascari, Marina Ariana Balint, Jessica Popescu \u0219i Sarra-Maria Vasca. Sportivii rom\u00e2ni au terminat pe locul doi, cu timpul de 06:00.61, dup\u0103 Germania \u0219i \u00eenaintea Statelor Unite.<\/p>\n<p class=\"wp-block-paragraph\">Tot duminic\u0103, echipajul de dublu v\u00e2sle mixt s-a clasat pe locul 4, iar cel masculin de 8+1 pe locul 5.<\/p>\n<p class=\"wp-block-paragraph\">\u00cen prima zi de finale, Rom\u00e2nia a c\u00e2\u0219tigat patru medalii: aur prin Radu-Andrei Enescu \u0219i Dumitru Cristian Pascari \u00een proba de dublu rame masculin, aur prin Ana-Maria Bordanc, Alexandra Daria Cr\u0103ciun, Anca-Andreea Culidiuc \u0219i Denisa Mihaela Vasilica \u00een proba de patru rame feminin, bronz prin Gabriela Costinela Ursu \u0219i Andreea M\u0103riuca Dumitra\u0219cu \u00een dublu v\u00e2sle feminin \u0219i bronz prin Ioana Gabriela Cristescu, Francesca Iulia Stejar, Sonia Teodora Bi\u021b\u0103 \u0219i Daria-Elena Maximiuc \u00een patru v\u00e2sle feminin.<\/p>\n<p class=\"wp-block-paragraph\">\u201eSunt m\u00e2ndr\u0103 de reu\u0219ita \u00eentregii delega\u021bii a Rom\u00e2niei la aceste Campionate Mondiale Under19. Rezultatele ob\u021binute la Plovdiv confirm\u0103 c\u0103 Rom\u00e2nia r\u0103m\u00e2ne o for\u021b\u0103 a canotajului la nivel interna\u021bional. Cele \u0219ase medalii c\u00e2\u0219tigate, dintre care trei de aur, precum \u0219i primul loc \u00een clasamentul mondial pe medalii sunt rezultatul muncii \u0219i profesionalismului sportivilor, antrenorilor \u0219i \u00eentregului colectiv tehnic. M\u0103 bucur c\u0103 aceast\u0103 genera\u021bie de juniori a demonstrat c\u0103 are valoare \u0219i caracter \u0219i sunt convins\u0103 c\u0103 mul\u021bi dintre ace\u0219ti sportivi vor reprezenta Rom\u00e2nia cu succes \u0219i la competi\u021biile de seniori\u201d, a declarat Elisabeta Lip\u0103, pre\u0219edintele Federa\u021biei Rom\u00e2ne de Canotaj.<\/p>\n<figure class=\"wp-block-embed is-type-video is-provider-youtube wp-block-embed-youtube wp-embed-aspect-16-9 wp-has-aspect-ratio\">\n<div class=\"wp-block-embed__wrapper\">\n<div class=\"youtube-embed\" data-video_id=\"_C6sLpLOX3c\"><iframe loading=\"lazy\" title=\"Plin de aur pe trepte la Universitate\u2026eu m-am ales cu praful!!! #usv #NewsBucovina \" width=\"696\" height=\"392\" src=\"https:\/\/www.youtube.com\/embed\/_C6sLpLOX3c?feature=oembed&amp;enablejsapi=1\" frameborder allow=\"accelerometer; autoplay; clipboard-write; encrypted-media; gyroscope; picture-in-picture; web-share\" referrerpolicy=\"strict-origin-when-cross-origin\" allowfullscreen><\/iframe><\/div>\n<\/div>\n<\/figure>\n<div class=\"td-a-rec td-a-rec-id-content_bottom  tdi_4 td_block_template_1\"><strong>Intr\u0103 acum \u0219i \u00een grupul de <\/p>\n<div class=\"wp-block-button\"><a class=\"wp-block-button__link wp-element-button\" href=\"https:\/\/t.me\/+TH8wcfnp8fw5NWI0\">Telegram News Bucovina<\/a><\/div>\n<p><\/strong><\/div>\n<\/div>\n<p>[analyse_source url=&#8221;https:\/\/www.newsbucovina.ro\/actualitate\/446040\/romania-pe-locul-1-in-lume-la-mondialele-de-juniori-de-la-plovdiv-3-medalii-de-aur-1-de-argint-si-2-de-bronz&#8221;]<\/p>\n","protected":false},"excerpt":{"rendered":"<p>[analyse_image type=&#8221;featured&#8221; src=&#8221;https:\/\/www.newsbucovina.ro\/wp-content\/uploads\/2026\/08\/romania-canotaj-juniori-medalii-campionat-mondial-2026-3.jpghttps:\/\/cdn.newsbucovina.ro\/wp-content\/uploads\/2026\/08\/romania-canotaj-juniori-medalii-campionat-mondial-2026-3.jpg&#8221;] Intr\u0103 acum \u0219i \u00een grupul de Telegram News Bucovina Rom\u00e2nia a \u00eencheiat pe primul loc \u00een clasamentul pe medalii Campionatele Mondiale de Canotaj Under19 de la Plovdiv, Bulgaria. Delega\u021bia \u021b\u0103rii noastre a ob\u021binut \u0219ase medalii: trei de aur, una de argint \u0219i dou\u0103 de bronz. Cei 42 de sportivi rom\u00e2ni, care au [&hellip;]<\/p>\n","protected":false},"author":1,"featured_media":0,"comment_status":"open","ping_status":"","sticky":false,"template":"","format":"standard","meta":{"footnotes":""},"categories":[89],"tags":[226,165],"class_list":["post-2085746","post","type-post","status-publish","format-standard","hentry","category-romania","tag-crawlmanager","tag-newsbucovina-ro"],"_links":{"self":[{"href":"https:\/\/analyse.optim.biz\/index.php?rest_route=\/wp\/v2\/posts\/2085746","targetHints":{"allow":["GET"]}}],"collection":[{"href":"https:\/\/analyse.optim.biz\/index.php?rest_route=\/wp\/v2\/posts"}],"about":[{"href":"https:\/\/analyse.optim.biz\/index.php?rest_route=\/wp\/v2\/types\/post"}],"author":[{"embeddable":true,"href":"https:\/\/analyse.optim.biz\/index.php?rest_route=\/wp\/v2\/users\/1"}],"replies":[{"embeddable":true,"href":"https:\/\/analyse.optim.biz\/index.php?rest_route=%2Fwp%2Fv2%2Fcomments&post=2085746"}],"version-history":[{"count":0,"href":"https:\/\/analyse.optim.biz\/index.php?rest_route=\/wp\/v2\/posts\/2085746\/revisions"}],"wp:attachment":[{"href":"https:\/\/analyse.optim.biz\/index.php?rest_route=%2Fwp%2Fv2%2Fmedia&parent=2085746"}],"wp:term":[{"taxonomy":"category","embeddable":true,"href":"https:\/\/analyse.optim.biz\/index.php?rest_route=%2Fwp%2Fv2%2Fcategories&post=2085746"},{"taxonomy":"post_tag","embeddable":true,"href":"https:\/\/analyse.optim.biz\/index.php?rest_route=%2Fwp%2Fv2%2Ftags&post=2085746"}],"curies":[{"name":"wp","href":"https:\/\/api.w.org\/{rel}","templated":true}]}}