{"id":2085742,"date":"2026-07-31T10:09:00","date_gmt":"2026-07-31T07:09:00","guid":{"rendered":"https:\/\/analyse.optim.biz\/?p=2085742"},"modified":"2026-07-31T10:09:00","modified_gmt":"2026-07-31T07:09:00","slug":"traditiile-romanesti-la-loc-de-cinste-asociatia-euroactiv-trimite-ansamblul-gelu-constantinescu-la-festivalul-de-folclor-kostoski","status":"publish","type":"post","link":"https:\/\/analyse.optim.biz\/?p=2085742","title":{"rendered":"Tradi\u021biile rom\u00e2ne\u0219ti, la loc de cinste: Asocia\u021bia \u201eEUROACTIV\u201d trimite Ansamblul \u201eGelu Constantinescu\u201d la Festivalul de Folclor \u201eKostoski\u201d"},"content":{"rendered":"<p>[analyse_image type=&#8221;featured&#8221; src=&#8221;https:\/\/blogger.googleusercontent.com\/img\/b\/R29vZ2xl\/AVvXsEjUy9Kzvr-MUewxAj6Mg_Hzr4viiefjoKjYYnY5S_qQr7HuV_CKKGMZ6lVBEy2IKsV24M4GqE4WSDiFRqJOJmTB_OZU_A9HWvkmYl6I5XlnQlHcTV8JMsbueg6TtwWQTIOxC0SzxCbv45vHOAHX2Zhg5xr4adoVU4zyfE866FAjrfZdptvKnOsnjDPThHo\/w1600\/euroactiv.jpeg&#8221;]<\/p>\n<div class=\"post-body entry-content\" id=\"post-body\">\n<div class=\"separator\"><a href=\"https:\/\/blogger.googleusercontent.com\/img\/b\/R29vZ2xl\/AVvXsEjUy9Kzvr-MUewxAj6Mg_Hzr4viiefjoKjYYnY5S_qQr7HuV_CKKGMZ6lVBEy2IKsV24M4GqE4WSDiFRqJOJmTB_OZU_A9HWvkmYl6I5XlnQlHcTV8JMsbueg6TtwWQTIOxC0SzxCbv45vHOAHX2Zhg5xr4adoVU4zyfE866FAjrfZdptvKnOsnjDPThHo\/s1200\/euroactiv.jpeg\"><img decoding=\"async\" alt=\"Tradi\u021biile rom\u00e2ne\u0219ti, la loc de cinste: Asocia\u021bia \u201eEUROACTIV\u201d trimite Ansamblul \u201eGelu Constantinescu\u201d la Festivalul de Folclor \u201eKostoski\u201d\" border=\"0\" height=\"335\" loading=\"lazy\" src=\"https:\/\/blogger.googleusercontent.com\/img\/b\/R29vZ2xl\/AVvXsEjUy9Kzvr-MUewxAj6Mg_Hzr4viiefjoKjYYnY5S_qQr7HuV_CKKGMZ6lVBEy2IKsV24M4GqE4WSDiFRqJOJmTB_OZU_A9HWvkmYl6I5XlnQlHcTV8JMsbueg6TtwWQTIOxC0SzxCbv45vHOAHX2Zhg5xr4adoVU4zyfE866FAjrfZdptvKnOsnjDPThHo\/w640-h335-rw\/euroactiv.jpeg\" title=\"Tradi\u021biile rom\u00e2ne\u0219ti, la loc de cinste: Asocia\u021bia \u201eEUROACTIV\u201d trimite Ansamblul \u201eGelu Constantinescu\u201d la Festivalul de Folclor \u201eKostoski\u201d\" width=\"640\"><\/a><\/div>\n<p><strong>Tradi\u021biile \u0219i portul popular din Bucovina trec grani\u021bele \u021b\u0103rii, fiind aduse \u00een lumina reflectoarelor de aproximativ 40 de copii \u0219i tineri talenta\u021bi. Asocia\u021bia de Ajutorare a Copiilor \u0219i Tinerilor Dota\u021bi, Talenta\u021bi \u0219i din Sistemul de Protec\u021bie a Copilului aflat \u00een dificultate \u201eEUROACTIV\u201d Suceava a reu\u0219it mobilizarea resurselor necesare pentru a trimite Ansamblul Folcloric \u201eGelu Constantinescu\u201d la prestigiosul Festival Interna\u021bional de Folclor \u201eKostoski\u201d. Evenimentul de anvergur\u0103 se desf\u0103\u0219oar\u0103 \u00een perioada 4\u20139 august 2026, \u00een pitorescul ora\u0219 Ohrid din Macedonia de Nord.<\/strong><\/p>\n<p>\u00cenaintea plec\u0103rii spre marea provocare interna\u021bional\u0103, membrii delega\u021biei au efectuat o vizit\u0103 oficial\u0103 la sediul Consiliului Jude\u021bean Suceava. Tinerii arti\u0219ti au fost primi\u021bi de vicepre\u0219edintele institu\u021biei, Nicolae Robu, care le-a adresat un mesaj de \u00eencurajare, ur\u00e2ndu-le succes \u00een misiunea de a reprezenta cu onoare jude\u021bul Suceava, regiunea istoric\u0103 Bucovina \u0219i \u00eentreaga Rom\u00e2nie pe scena interna\u021bional\u0103.<\/p>\n<h2>Finan\u021bare \u0219i sprijin comunitar masiv pentru promovarea folclorului<\/h2>\n<p>Aceast\u0103 ampl\u0103 deplasare cultural\u0103 este posibil\u0103 gra\u021bie unui proiect implementat riguros de Asocia\u021bia \u201eEUROACTIV\u201d \u0219i finan\u021bat de Consiliul Jude\u021bean Suceava, \u00een baza Legii nr. 350\/2005, cu suma de 15.000 de lei. Ini\u021biativa se num\u0103r\u0103 printre cele 72 de proiecte culturale \u0219i sportive sus\u021binute financiar \u00een anul 2026 de administra\u021bia jude\u021bean\u0103, marc\u00e2nd cea mai mare sesiune de finan\u021b\u0103ri nerambursabile organizat\u0103 p\u00e2n\u0103 acum.<\/p>\n<p>Totu\u0219i, succesul acestui demers nu ar fi fost posibil f\u0103r\u0103 o impresionant\u0103 mobilizare a comunit\u0103\u021bii \u0219i a partenerilor de n\u0103dejde. Arhiepiscopia Sucevei \u0219i R\u0103d\u0103u\u021bilor s-a al\u0103turat ini\u021biativei printr-o cofinan\u021bare care acoper\u0103 o parte din cheltuielile de deplasare ale Ansamblului \u201eGelu Constantinescu\u201d. Un rol vital l-a avut \u0219i Centrul Cultural \u201eBucovina\u201d, institu\u021bie subordonat\u0103 Consiliului Jude\u021bean, care a asigurat cheltuielile de transport, garant\u00e2nd astfel siguran\u021ba \u0219i confortul tinerilor pe drum.<\/p>\n<h3>Zeci de m\u00e2ini \u00eentinse pentru un vis artistic<\/h3>\n<p>Dincolo de sprijinul institu\u021bional, mediul privat a reac\u021bionat prompt pentru a sus\u021bine tinerii bucovineni. Compania S.C. KALMAN Distribution S.R.L. a acoperit necesarul de dulciuri, produse alimentare \u0219i ap\u0103 pentru \u00eentreaga perioad\u0103 a turneului. De asemenea, un aport semnificativ l-au avut sponsorii locali:<\/p>\n<ul>\n<li>Daniel R\u00eepan (Organizator HitFest Bucovina);<\/li>\n<li>Farmacia Oana Maria;<\/li>\n<li>Bucovina Print;<\/li>\n<li>Geta Apopei, din partea Tipografiei Marvel;<\/li>\n<li>BelPan Suceava.<\/li>\n<\/ul>\n<p>Un sprijin nea\u0219teptat, dar extrem de important, a venit din partea Universit\u0103\u021bii din Bucure\u0219ti, care a oferit gratuit cazarea delega\u021biei, reduc\u00e2nd drastic costurile deplas\u0103rii \u0219i permi\u021b\u00e2nd astfel participarea unui num\u0103r record de 40 de tineri arti\u0219ti.<\/p>\n<p><em>\u201ePentru mul\u021bi dintre ace\u0219ti copii \u0219i tineri, dansul popular a devenit, prin talent, munc\u0103 \u0219i perseveren\u021b\u0103, mai mult dec\u00e2t o activitate artistic\u0103 \u2013 a devenit o pasiune \u0219i un mod de a-\u0219i afirma identitatea. Participarea la un festival interna\u021bional reprezint\u0103 o oportunitate de a-\u0219i demonstra valoarea artistic\u0103, de a cunoa\u0219te alte culturi \u0219i de a-\u0219i dezvolta \u00eencrederea \u00een propriile for\u021be\u201d<\/em>, a declarat Prof. Mihai Greciuc, pre\u0219edintele ONG \u201eEUROACTIV\u201d.<\/p>\n<p>Reprezentan\u021bii asocia\u021biei subliniaz\u0103 c\u0103 investi\u021bia \u00een copii \u0219i tineri reprezint\u0103 garan\u021bia unui viitor solid pentru comunitate. Prin pa\u0219ii de dans \u0219i autenticitatea costumelor, tinerii suceveni devin \u00een aceste zile adev\u0103ra\u021bi ambasadori ai identit\u0103\u021bii na\u021bionale la Ohrid.<\/p>\n<\/div>\n<div class=\"post-body entry-content\" id=\"post-body\">\n<div class=\"separator\"><a href=\"https:\/\/blogger.googleusercontent.com\/img\/b\/R29vZ2xl\/AVvXsEjUy9Kzvr-MUewxAj6Mg_Hzr4viiefjoKjYYnY5S_qQr7HuV_CKKGMZ6lVBEy2IKsV24M4GqE4WSDiFRqJOJmTB_OZU_A9HWvkmYl6I5XlnQlHcTV8JMsbueg6TtwWQTIOxC0SzxCbv45vHOAHX2Zhg5xr4adoVU4zyfE866FAjrfZdptvKnOsnjDPThHo\/s1200\/euroactiv.jpeg\"><img decoding=\"async\" alt=\"Tradi\u021biile rom\u00e2ne\u0219ti, la loc de cinste: Asocia\u021bia \u201eEUROACTIV\u201d trimite Ansamblul \u201eGelu Constantinescu\u201d la Festivalul de Folclor \u201eKostoski\u201d\" border=\"0\" height=\"335\" loading=\"lazy\" src=\"https:\/\/blogger.googleusercontent.com\/img\/b\/R29vZ2xl\/AVvXsEjUy9Kzvr-MUewxAj6Mg_Hzr4viiefjoKjYYnY5S_qQr7HuV_CKKGMZ6lVBEy2IKsV24M4GqE4WSDiFRqJOJmTB_OZU_A9HWvkmYl6I5XlnQlHcTV8JMsbueg6TtwWQTIOxC0SzxCbv45vHOAHX2Zhg5xr4adoVU4zyfE866FAjrfZdptvKnOsnjDPThHo\/w640-h335-rw\/euroactiv.jpeg\" title=\"Tradi\u021biile rom\u00e2ne\u0219ti, la loc de cinste: Asocia\u021bia \u201eEUROACTIV\u201d trimite Ansamblul \u201eGelu Constantinescu\u201d la Festivalul de Folclor \u201eKostoski\u201d\" width=\"640\"><\/a><\/div>\n<p><strong>Tradi\u021biile \u0219i portul popular din Bucovina trec grani\u021bele \u021b\u0103rii, fiind aduse \u00een lumina reflectoarelor de aproximativ 40 de copii \u0219i tineri talenta\u021bi. Asocia\u021bia de Ajutorare a Copiilor \u0219i Tinerilor Dota\u021bi, Talenta\u021bi \u0219i din Sistemul de Protec\u021bie a Copilului aflat \u00een dificultate \u201eEUROACTIV\u201d Suceava a reu\u0219it mobilizarea resurselor necesare pentru a trimite Ansamblul Folcloric \u201eGelu Constantinescu\u201d la prestigiosul Festival Interna\u021bional de Folclor \u201eKostoski\u201d. Evenimentul de anvergur\u0103 se desf\u0103\u0219oar\u0103 \u00een perioada 4\u20139 august 2026, \u00een pitorescul ora\u0219 Ohrid din Macedonia de Nord.<\/strong><\/p>\n<p>\u00cenaintea plec\u0103rii spre marea provocare interna\u021bional\u0103, membrii delega\u021biei au efectuat o vizit\u0103 oficial\u0103 la sediul Consiliului Jude\u021bean Suceava. Tinerii arti\u0219ti au fost primi\u021bi de vicepre\u0219edintele institu\u021biei, Nicolae Robu, care le-a adresat un mesaj de \u00eencurajare, ur\u00e2ndu-le succes \u00een misiunea de a reprezenta cu onoare jude\u021bul Suceava, regiunea istoric\u0103 Bucovina \u0219i \u00eentreaga Rom\u00e2nie pe scena interna\u021bional\u0103.<\/p>\n<h2>Finan\u021bare \u0219i sprijin comunitar masiv pentru promovarea folclorului<\/h2>\n<p>Aceast\u0103 ampl\u0103 deplasare cultural\u0103 este posibil\u0103 gra\u021bie unui proiect implementat riguros de Asocia\u021bia \u201eEUROACTIV\u201d \u0219i finan\u021bat de Consiliul Jude\u021bean Suceava, \u00een baza Legii nr. 350\/2005, cu suma de 15.000 de lei. Ini\u021biativa se num\u0103r\u0103 printre cele 72 de proiecte culturale \u0219i sportive sus\u021binute financiar \u00een anul 2026 de administra\u021bia jude\u021bean\u0103, marc\u00e2nd cea mai mare sesiune de finan\u021b\u0103ri nerambursabile organizat\u0103 p\u00e2n\u0103 acum.<\/p>\n<p>Totu\u0219i, succesul acestui demers nu ar fi fost posibil f\u0103r\u0103 o impresionant\u0103 mobilizare a comunit\u0103\u021bii \u0219i a partenerilor de n\u0103dejde. Arhiepiscopia Sucevei \u0219i R\u0103d\u0103u\u021bilor s-a al\u0103turat ini\u021biativei printr-o cofinan\u021bare care acoper\u0103 o parte din cheltuielile de deplasare ale Ansamblului \u201eGelu Constantinescu\u201d. Un rol vital l-a avut \u0219i Centrul Cultural \u201eBucovina\u201d, institu\u021bie subordonat\u0103 Consiliului Jude\u021bean, care a asigurat cheltuielile de transport, garant\u00e2nd astfel siguran\u021ba \u0219i confortul tinerilor pe drum.<\/p>\n<h3>Zeci de m\u00e2ini \u00eentinse pentru un vis artistic<\/h3>\n<p>Dincolo de sprijinul institu\u021bional, mediul privat a reac\u021bionat prompt pentru a sus\u021bine tinerii bucovineni. Compania S.C. KALMAN Distribution S.R.L. a acoperit necesarul de dulciuri, produse alimentare \u0219i ap\u0103 pentru \u00eentreaga perioad\u0103 a turneului. De asemenea, un aport semnificativ l-au avut sponsorii locali:<\/p>\n<ul>\n<li>Daniel R\u00eepan (Organizator HitFest Bucovina);<\/li>\n<li>Farmacia Oana Maria;<\/li>\n<li>Bucovina Print;<\/li>\n<li>Geta Apopei, din partea Tipografiei Marvel;<\/li>\n<li>BelPan Suceava.<\/li>\n<\/ul>\n<p>Un sprijin nea\u0219teptat, dar extrem de important, a venit din partea Universit\u0103\u021bii din Bucure\u0219ti, care a oferit gratuit cazarea delega\u021biei, reduc\u00e2nd drastic costurile deplas\u0103rii \u0219i permi\u021b\u00e2nd astfel participarea unui num\u0103r record de 40 de tineri arti\u0219ti.<\/p>\n<p><em>\u201ePentru mul\u021bi dintre ace\u0219ti copii \u0219i tineri, dansul popular a devenit, prin talent, munc\u0103 \u0219i perseveren\u021b\u0103, mai mult dec\u00e2t o activitate artistic\u0103 \u2013 a devenit o pasiune \u0219i un mod de a-\u0219i afirma identitatea. Participarea la un festival interna\u021bional reprezint\u0103 o oportunitate de a-\u0219i demonstra valoarea artistic\u0103, de a cunoa\u0219te alte culturi \u0219i de a-\u0219i dezvolta \u00eencrederea \u00een propriile for\u021be\u201d<\/em>, a declarat Prof. Mihai Greciuc, pre\u0219edintele ONG \u201eEUROACTIV\u201d.<\/p>\n<p>Reprezentan\u021bii asocia\u021biei subliniaz\u0103 c\u0103 investi\u021bia \u00een copii \u0219i tineri reprezint\u0103 garan\u021bia unui viitor solid pentru comunitate. Prin pa\u0219ii de dans \u0219i autenticitatea costumelor, tinerii suceveni devin \u00een aceste zile adev\u0103ra\u021bi ambasadori ai identit\u0103\u021bii na\u021bionale la Ohrid.<\/p>\n<\/div>\n<p>[analyse_source url=&#8221;https:\/\/www.stirisuceava.net\/2026\/07\/traditiile-romanesti-la-loc-de-cinste.html&#8221;]<\/p>\n","protected":false},"excerpt":{"rendered":"<p>[analyse_image type=&#8221;featured&#8221; src=&#8221;https:\/\/blogger.googleusercontent.com\/img\/b\/R29vZ2xl\/AVvXsEjUy9Kzvr-MUewxAj6Mg_Hzr4viiefjoKjYYnY5S_qQr7HuV_CKKGMZ6lVBEy2IKsV24M4GqE4WSDiFRqJOJmTB_OZU_A9HWvkmYl6I5XlnQlHcTV8JMsbueg6TtwWQTIOxC0SzxCbv45vHOAHX2Zhg5xr4adoVU4zyfE866FAjrfZdptvKnOsnjDPThHo\/w1600\/euroactiv.jpeg&#8221;] Tradi\u021biile \u0219i portul popular din Bucovina trec grani\u021bele \u021b\u0103rii, fiind aduse \u00een lumina reflectoarelor de aproximativ 40 de copii \u0219i tineri talenta\u021bi. Asocia\u021bia de Ajutorare a Copiilor \u0219i Tinerilor Dota\u021bi, Talenta\u021bi \u0219i din Sistemul de Protec\u021bie a Copilului aflat \u00een dificultate \u201eEUROACTIV\u201d Suceava a reu\u0219it mobilizarea resurselor necesare pentru a trimite Ansamblul [&hellip;]<\/p>\n","protected":false},"author":1,"featured_media":0,"comment_status":"open","ping_status":"","sticky":false,"template":"","format":"standard","meta":{"footnotes":""},"categories":[89],"tags":[226,172],"class_list":["post-2085742","post","type-post","status-publish","format-standard","hentry","category-romania","tag-crawlmanager","tag-stirisuceava-net"],"_links":{"self":[{"href":"https:\/\/analyse.optim.biz\/index.php?rest_route=\/wp\/v2\/posts\/2085742","targetHints":{"allow":["GET"]}}],"collection":[{"href":"https:\/\/analyse.optim.biz\/index.php?rest_route=\/wp\/v2\/posts"}],"about":[{"href":"https:\/\/analyse.optim.biz\/index.php?rest_route=\/wp\/v2\/types\/post"}],"author":[{"embeddable":true,"href":"https:\/\/analyse.optim.biz\/index.php?rest_route=\/wp\/v2\/users\/1"}],"replies":[{"embeddable":true,"href":"https:\/\/analyse.optim.biz\/index.php?rest_route=%2Fwp%2Fv2%2Fcomments&post=2085742"}],"version-history":[{"count":0,"href":"https:\/\/analyse.optim.biz\/index.php?rest_route=\/wp\/v2\/posts\/2085742\/revisions"}],"wp:attachment":[{"href":"https:\/\/analyse.optim.biz\/index.php?rest_route=%2Fwp%2Fv2%2Fmedia&parent=2085742"}],"wp:term":[{"taxonomy":"category","embeddable":true,"href":"https:\/\/analyse.optim.biz\/index.php?rest_route=%2Fwp%2Fv2%2Fcategories&post=2085742"},{"taxonomy":"post_tag","embeddable":true,"href":"https:\/\/analyse.optim.biz\/index.php?rest_route=%2Fwp%2Fv2%2Ftags&post=2085742"}],"curies":[{"name":"wp","href":"https:\/\/api.w.org\/{rel}","templated":true}]}}