{"id":2085740,"date":"2026-08-09T05:36:54","date_gmt":"2026-08-09T02:36:54","guid":{"rendered":"https:\/\/analyse.optim.biz\/?p=2085740"},"modified":"2026-08-09T05:36:54","modified_gmt":"2026-08-09T02:36:54","slug":"ioana-nicoleta-cocari-si-a-lansat-la-stroiesti-cartea-despre-propria-regasire-dupa-tragedia-din-2013","status":"publish","type":"post","link":"https:\/\/analyse.optim.biz\/?p=2085740","title":{"rendered":"Ioana-Nicoleta Cocari \u0219i-a lansat la Stroie\u0219ti cartea despre propria reg\u0103sire dup\u0103 tragedia din 2013"},"content":{"rendered":"<p>[analyse_image type=&#8221;featured&#8221; src=&#8221;https:\/\/www.newsbucovina.ro\/wp-content\/uploads\/2026\/08\/WhatsApp-Image-2026-08-09-at-08.23.22-1.jpeghttps:\/\/cdn.newsbucovina.ro\/wp-content\/uploads\/2026\/08\/WhatsApp-Image-2026-08-09-at-08.23.22-1.jpeg&#8221;]<\/p>\n<div class=\"td-post-content tagdiv-type\">\n<div class=\"td-a-rec td-a-rec-id-content_top  tdi_3 td_block_template_1\"><strong>Intr\u0103 acum \u0219i \u00een grupul de <\/p>\n<div class=\"wp-block-button\"><a class=\"wp-block-button__link wp-element-button\" href=\"https:\/\/t.me\/+TH8wcfnp8fw5NWI0\">Telegram News Bucovina<\/a><\/div>\n<p><\/strong><\/div>\n<p class=\"wp-block-paragraph\">Joi, 6 august 2026, la C\u0103minul Cultural din Stroie\u0219ti a avut loc prezentarea volumului \u201eAm ren\u0103scut prin fl\u0103c\u0103ri \u2013 povestea unei fiice, a unei pierderi \u0219i a unei reg\u0103siri\u201d, semnat de t\u00e2n\u0103ra scriitoare Ioana-Nicoleta Cocari (Repede). <\/p>\n<figure class=\"wp-block-gallery has-nested-images columns-default is-cropped wp-block-gallery-1 is-layout-flex wp-block-gallery-is-layout-flex\">\n<figure class=\"wp-block-image size-large\"><a href=\"https:\/\/cdn.newsbucovina.ro\/wp-content\/uploads\/2026\/08\/WhatsApp-Image-2026-08-09-at-08.23.22-1.jpeg\"><img loading=\"lazy\" decoding=\"async\" width=\"1024\" height=\"683\" data-id=\"446022\" src=\"https:\/\/cdn.newsbucovina.ro\/wp-content\/uploads\/2026\/08\/WhatsApp-Image-2026-08-09-at-08.23.22-1-1024x683.jpeg\" alt class=\"wp-image-446022\"><\/a><\/figure>\n<figure class=\"wp-block-image size-large\"><a href=\"https:\/\/cdn.newsbucovina.ro\/wp-content\/uploads\/2026\/08\/WhatsApp-Image-2026-08-09-at-08.23.22.jpeg\"><img loading=\"lazy\" decoding=\"async\" width=\"683\" height=\"1024\" data-id=\"446028\" src=\"https:\/\/cdn.newsbucovina.ro\/wp-content\/uploads\/2026\/08\/WhatsApp-Image-2026-08-09-at-08.23.22-683x1024.jpeg\" alt class=\"wp-image-446028\"><\/a><\/figure>\n<figure class=\"wp-block-image size-large\"><a href=\"https:\/\/cdn.newsbucovina.ro\/wp-content\/uploads\/2026\/08\/WhatsApp-Image-2026-08-09-at-08.23.23-1.jpeg\"><img loading=\"lazy\" decoding=\"async\" width=\"683\" height=\"1024\" data-id=\"446025\" src=\"https:\/\/cdn.newsbucovina.ro\/wp-content\/uploads\/2026\/08\/WhatsApp-Image-2026-08-09-at-08.23.23-1-683x1024.jpeg\" alt class=\"wp-image-446025\"><\/a><\/figure>\n<figure class=\"wp-block-image size-large\"><a href=\"https:\/\/cdn.newsbucovina.ro\/wp-content\/uploads\/2026\/08\/WhatsApp-Image-2026-08-09-at-08.23.23-2.jpeg\"><img decoding=\"async\" loading=\"lazy\" width=\"683\" height=\"1024\" data-id=\"446029\" src=\"https:\/\/cdn.newsbucovina.ro\/wp-content\/uploads\/2026\/08\/WhatsApp-Image-2026-08-09-at-08.23.23-2-683x1024.jpeg\" alt class=\"wp-image-446029\"><\/a><\/figure>\n<figure class=\"wp-block-image size-large\"><a href=\"https:\/\/cdn.newsbucovina.ro\/wp-content\/uploads\/2026\/08\/WhatsApp-Image-2026-08-09-at-08.23.23-3.jpeg\"><img decoding=\"async\" loading=\"lazy\" width=\"683\" height=\"1024\" data-id=\"446027\" src=\"https:\/\/cdn.newsbucovina.ro\/wp-content\/uploads\/2026\/08\/WhatsApp-Image-2026-08-09-at-08.23.23-3-683x1024.jpeg\" alt class=\"wp-image-446027\"><\/a><\/figure>\n<figure class=\"wp-block-image size-large\"><a href=\"https:\/\/cdn.newsbucovina.ro\/wp-content\/uploads\/2026\/08\/WhatsApp-Image-2026-08-09-at-08.23.23-4.jpeg\"><img decoding=\"async\" loading=\"lazy\" width=\"1024\" height=\"683\" data-id=\"446026\" src=\"https:\/\/cdn.newsbucovina.ro\/wp-content\/uploads\/2026\/08\/WhatsApp-Image-2026-08-09-at-08.23.23-4-1024x683.jpeg\" alt class=\"wp-image-446026\"><\/a><\/figure>\n<figure class=\"wp-block-image size-large\"><a href=\"https:\/\/cdn.newsbucovina.ro\/wp-content\/uploads\/2026\/08\/WhatsApp-Image-2026-08-09-at-08.23.23-5.jpeg\"><img decoding=\"async\" loading=\"lazy\" width=\"1024\" height=\"683\" data-id=\"446023\" src=\"https:\/\/cdn.newsbucovina.ro\/wp-content\/uploads\/2026\/08\/WhatsApp-Image-2026-08-09-at-08.23.23-5-1024x683.jpeg\" alt class=\"wp-image-446023\"><\/a><\/figure>\n<figure class=\"wp-block-image size-large\"><a href=\"https:\/\/cdn.newsbucovina.ro\/wp-content\/uploads\/2026\/08\/WhatsApp-Image-2026-08-09-at-08.23.23.jpeg\"><img decoding=\"async\" loading=\"lazy\" width=\"683\" height=\"1024\" data-id=\"446024\" src=\"https:\/\/cdn.newsbucovina.ro\/wp-content\/uploads\/2026\/08\/WhatsApp-Image-2026-08-09-at-08.23.23-683x1024.jpeg\" alt class=\"wp-image-446024\"><\/a><\/figure>\n<\/figure>\n<p class=\"wp-block-paragraph\">Evenimentul a marcat o revenire emo\u021bionant\u0103 \u00een comunitatea care, acum 13 ani, a fost zguduit\u0103 de un incendiu tragic.<\/p>\n<p class=\"wp-block-paragraph\">Pe 5 august 2013, un foc a distrus o familie din localitate \u0219i i-a luat via\u021ba tat\u0103lui unei fete de doar 14 ani. Cartea transcrie parcursul dificil, dar necesar, de la pierdere la reg\u0103sire, prezent\u00e2nd transformarea traumei dintr-o povar\u0103 mut\u0103 \u00eentr-un spa\u021biu de reflec\u021bie \u0219i ac\u021biune con\u0219tient\u0103. <\/p>\n<p class=\"wp-block-paragraph\">Autoarea arat\u0103 cum, prin asumarea vulnerabilit\u0103\u021bii \u0219i prin instrumente practice de lucru cu sinele, durerea poate fi dep\u0103\u0219it\u0103 f\u0103r\u0103 a fi \u0219tears\u0103 sau negat\u0103. <\/p>\n<p class=\"wp-block-paragraph\">Transformarea unei traume nu \u00eenseamn\u0103 \u0219tergerea trecutului sau ignorarea durerii, ci curajul de a privi direct \u00een fl\u0103c\u0103rile care \u021bi-au \u00eencercat existen\u021ba \u0219i de a alege s\u0103 construie\u0219ti din nou.<\/p>\n<p class=\"wp-block-paragraph\">Primul eveniment de lansare a avut loc \u00een mai 2026, la Cluj-Napoca. Revenirea \u201eacas\u0103\u201d, organizat\u0103 \u00een parteneriat cu Prim\u0103ria \u0219i Consiliul Local Stroie\u0219ti, a reunit publicul local \u0219i invita\u021bi speciali: primarul Mihai Senic, directorul profesoar\u0103 Maria Ciuc, profesoara Lilioara-Mariana Rusu, psihologul Mihaela Homeuc\u0103, consilierul \u0219colar Loredana Laz\u0103r \u0219i preotul profesor Toader Rusu.<\/p>\n<p class=\"wp-block-paragraph\">Prezentarea a eviden\u021biat nu povara trecutului, ci o vindecare vizibil\u0103 \u0219i un exemplu de rezilien\u021b\u0103. Cartea transmite mesajul c\u0103 trauma \u00ee\u0219i pierde puterea distructiv\u0103 atunci c\u00e2nd i se ofer\u0103 un sens nou, devenind un far de speran\u021b\u0103 pentru cei care caut\u0103 propria cale de reg\u0103sire.<\/p>\n<figure class=\"wp-block-embed is-type-video is-provider-youtube wp-block-embed-youtube wp-embed-aspect-16-9 wp-has-aspect-ratio\">\n<div class=\"wp-block-embed__wrapper\">\n<div class=\"youtube-embed\" data-video_id=\"_C6sLpLOX3c\"><iframe loading=\"lazy\" title=\"Plin de aur pe trepte la Universitate\u2026eu m-am ales cu praful!!! #usv #NewsBucovina \" width=\"696\" height=\"392\" src=\"https:\/\/www.youtube.com\/embed\/_C6sLpLOX3c?feature=oembed&amp;enablejsapi=1\" frameborder allow=\"accelerometer; autoplay; clipboard-write; encrypted-media; gyroscope; picture-in-picture; web-share\" referrerpolicy=\"strict-origin-when-cross-origin\" allowfullscreen><\/iframe><\/div>\n<\/div>\n<\/figure>\n<div class=\"td-a-rec td-a-rec-id-content_bottom  tdi_4 td_block_template_1\"><strong>Intr\u0103 acum \u0219i \u00een grupul de <\/p>\n<div class=\"wp-block-button\"><a class=\"wp-block-button__link wp-element-button\" href=\"https:\/\/t.me\/+TH8wcfnp8fw5NWI0\">Telegram News Bucovina<\/a><\/div>\n<p><\/strong><\/div>\n<\/div>\n<div class=\"td-post-content tagdiv-type\">\n<div class=\"td-a-rec td-a-rec-id-content_top  tdi_3 td_block_template_1\"><strong>Intr\u0103 acum \u0219i \u00een grupul de <\/p>\n<div class=\"wp-block-button\"><a class=\"wp-block-button__link wp-element-button\" href=\"https:\/\/t.me\/+TH8wcfnp8fw5NWI0\">Telegram News Bucovina<\/a><\/div>\n<p><\/strong><\/div>\n<p class=\"wp-block-paragraph\">Joi, 6 august 2026, la C\u0103minul Cultural din Stroie\u0219ti a avut loc prezentarea volumului \u201eAm ren\u0103scut prin fl\u0103c\u0103ri \u2013 povestea unei fiice, a unei pierderi \u0219i a unei reg\u0103siri\u201d, semnat de t\u00e2n\u0103ra scriitoare Ioana-Nicoleta Cocari (Repede). <\/p>\n<figure class=\"wp-block-gallery has-nested-images columns-default is-cropped wp-block-gallery-1 is-layout-flex wp-block-gallery-is-layout-flex\">\n<figure class=\"wp-block-image size-large\"><a href=\"https:\/\/cdn.newsbucovina.ro\/wp-content\/uploads\/2026\/08\/WhatsApp-Image-2026-08-09-at-08.23.22-1.jpeg\"><img loading=\"lazy\" decoding=\"async\" width=\"1024\" height=\"683\" data-id=\"446022\" src=\"https:\/\/cdn.newsbucovina.ro\/wp-content\/uploads\/2026\/08\/WhatsApp-Image-2026-08-09-at-08.23.22-1-1024x683.jpeg\" alt class=\"wp-image-446022\"><\/a><\/figure>\n<figure class=\"wp-block-image size-large\"><a href=\"https:\/\/cdn.newsbucovina.ro\/wp-content\/uploads\/2026\/08\/WhatsApp-Image-2026-08-09-at-08.23.22.jpeg\"><img loading=\"lazy\" decoding=\"async\" width=\"683\" height=\"1024\" data-id=\"446028\" src=\"https:\/\/cdn.newsbucovina.ro\/wp-content\/uploads\/2026\/08\/WhatsApp-Image-2026-08-09-at-08.23.22-683x1024.jpeg\" alt class=\"wp-image-446028\"><\/a><\/figure>\n<figure class=\"wp-block-image size-large\"><a href=\"https:\/\/cdn.newsbucovina.ro\/wp-content\/uploads\/2026\/08\/WhatsApp-Image-2026-08-09-at-08.23.23-1.jpeg\"><img loading=\"lazy\" decoding=\"async\" width=\"683\" height=\"1024\" data-id=\"446025\" src=\"https:\/\/cdn.newsbucovina.ro\/wp-content\/uploads\/2026\/08\/WhatsApp-Image-2026-08-09-at-08.23.23-1-683x1024.jpeg\" alt class=\"wp-image-446025\"><\/a><\/figure>\n<figure class=\"wp-block-image size-large\"><a href=\"https:\/\/cdn.newsbucovina.ro\/wp-content\/uploads\/2026\/08\/WhatsApp-Image-2026-08-09-at-08.23.23-2.jpeg\"><img decoding=\"async\" loading=\"lazy\" width=\"683\" height=\"1024\" data-id=\"446029\" src=\"https:\/\/cdn.newsbucovina.ro\/wp-content\/uploads\/2026\/08\/WhatsApp-Image-2026-08-09-at-08.23.23-2-683x1024.jpeg\" alt class=\"wp-image-446029\"><\/a><\/figure>\n<figure class=\"wp-block-image size-large\"><a href=\"https:\/\/cdn.newsbucovina.ro\/wp-content\/uploads\/2026\/08\/WhatsApp-Image-2026-08-09-at-08.23.23-3.jpeg\"><img decoding=\"async\" loading=\"lazy\" width=\"683\" height=\"1024\" data-id=\"446027\" src=\"https:\/\/cdn.newsbucovina.ro\/wp-content\/uploads\/2026\/08\/WhatsApp-Image-2026-08-09-at-08.23.23-3-683x1024.jpeg\" alt class=\"wp-image-446027\"><\/a><\/figure>\n<figure class=\"wp-block-image size-large\"><a href=\"https:\/\/cdn.newsbucovina.ro\/wp-content\/uploads\/2026\/08\/WhatsApp-Image-2026-08-09-at-08.23.23-4.jpeg\"><img decoding=\"async\" loading=\"lazy\" width=\"1024\" height=\"683\" data-id=\"446026\" src=\"https:\/\/cdn.newsbucovina.ro\/wp-content\/uploads\/2026\/08\/WhatsApp-Image-2026-08-09-at-08.23.23-4-1024x683.jpeg\" alt class=\"wp-image-446026\"><\/a><\/figure>\n<figure class=\"wp-block-image size-large\"><a href=\"https:\/\/cdn.newsbucovina.ro\/wp-content\/uploads\/2026\/08\/WhatsApp-Image-2026-08-09-at-08.23.23-5.jpeg\"><img decoding=\"async\" loading=\"lazy\" width=\"1024\" height=\"683\" data-id=\"446023\" src=\"https:\/\/cdn.newsbucovina.ro\/wp-content\/uploads\/2026\/08\/WhatsApp-Image-2026-08-09-at-08.23.23-5-1024x683.jpeg\" alt class=\"wp-image-446023\"><\/a><\/figure>\n<figure class=\"wp-block-image size-large\"><a href=\"https:\/\/cdn.newsbucovina.ro\/wp-content\/uploads\/2026\/08\/WhatsApp-Image-2026-08-09-at-08.23.23.jpeg\"><img decoding=\"async\" loading=\"lazy\" width=\"683\" height=\"1024\" data-id=\"446024\" src=\"https:\/\/cdn.newsbucovina.ro\/wp-content\/uploads\/2026\/08\/WhatsApp-Image-2026-08-09-at-08.23.23-683x1024.jpeg\" alt class=\"wp-image-446024\"><\/a><\/figure>\n<\/figure>\n<p class=\"wp-block-paragraph\">Evenimentul a marcat o revenire emo\u021bionant\u0103 \u00een comunitatea care, acum 13 ani, a fost zguduit\u0103 de un incendiu tragic.<\/p>\n<p class=\"wp-block-paragraph\">Pe 5 august 2013, un foc a distrus o familie din localitate \u0219i i-a luat via\u021ba tat\u0103lui unei fete de doar 14 ani. Cartea transcrie parcursul dificil, dar necesar, de la pierdere la reg\u0103sire, prezent\u00e2nd transformarea traumei dintr-o povar\u0103 mut\u0103 \u00eentr-un spa\u021biu de reflec\u021bie \u0219i ac\u021biune con\u0219tient\u0103. <\/p>\n<p class=\"wp-block-paragraph\">Autoarea arat\u0103 cum, prin asumarea vulnerabilit\u0103\u021bii \u0219i prin instrumente practice de lucru cu sinele, durerea poate fi dep\u0103\u0219it\u0103 f\u0103r\u0103 a fi \u0219tears\u0103 sau negat\u0103. <\/p>\n<p class=\"wp-block-paragraph\">Transformarea unei traume nu \u00eenseamn\u0103 \u0219tergerea trecutului sau ignorarea durerii, ci curajul de a privi direct \u00een fl\u0103c\u0103rile care \u021bi-au \u00eencercat existen\u021ba \u0219i de a alege s\u0103 construie\u0219ti din nou.<\/p>\n<p class=\"wp-block-paragraph\">Primul eveniment de lansare a avut loc \u00een mai 2026, la Cluj-Napoca. Revenirea \u201eacas\u0103\u201d, organizat\u0103 \u00een parteneriat cu Prim\u0103ria \u0219i Consiliul Local Stroie\u0219ti, a reunit publicul local \u0219i invita\u021bi speciali: primarul Mihai Senic, directorul profesoar\u0103 Maria Ciuc, profesoara Lilioara-Mariana Rusu, psihologul Mihaela Homeuc\u0103, consilierul \u0219colar Loredana Laz\u0103r \u0219i preotul profesor Toader Rusu.<\/p>\n<p class=\"wp-block-paragraph\">Prezentarea a eviden\u021biat nu povara trecutului, ci o vindecare vizibil\u0103 \u0219i un exemplu de rezilien\u021b\u0103. Cartea transmite mesajul c\u0103 trauma \u00ee\u0219i pierde puterea distructiv\u0103 atunci c\u00e2nd i se ofer\u0103 un sens nou, devenind un far de speran\u021b\u0103 pentru cei care caut\u0103 propria cale de reg\u0103sire.<\/p>\n<figure class=\"wp-block-embed is-type-video is-provider-youtube wp-block-embed-youtube wp-embed-aspect-16-9 wp-has-aspect-ratio\">\n<div class=\"wp-block-embed__wrapper\">\n<div class=\"youtube-embed\" data-video_id=\"_C6sLpLOX3c\"><iframe loading=\"lazy\" title=\"Plin de aur pe trepte la Universitate\u2026eu m-am ales cu praful!!! #usv #NewsBucovina \" width=\"696\" height=\"392\" src=\"https:\/\/www.youtube.com\/embed\/_C6sLpLOX3c?feature=oembed&amp;enablejsapi=1\" frameborder allow=\"accelerometer; autoplay; clipboard-write; encrypted-media; gyroscope; picture-in-picture; web-share\" referrerpolicy=\"strict-origin-when-cross-origin\" allowfullscreen><\/iframe><\/div>\n<\/div>\n<\/figure>\n<div class=\"td-a-rec td-a-rec-id-content_bottom  tdi_4 td_block_template_1\"><strong>Intr\u0103 acum \u0219i \u00een grupul de <\/p>\n<div class=\"wp-block-button\"><a class=\"wp-block-button__link wp-element-button\" href=\"https:\/\/t.me\/+TH8wcfnp8fw5NWI0\">Telegram News Bucovina<\/a><\/div>\n<p><\/strong><\/div>\n<\/div>\n<p>[analyse_source url=&#8221;https:\/\/www.newsbucovina.ro\/actualitate\/446021\/ioana-nicoleta-cocari-si-a-lansat-la-stroiesti-cartea-despre-propria-regasire-dupa-tragedia-din-2013&#8243;]<\/p>\n","protected":false},"excerpt":{"rendered":"<p>[analyse_image type=&#8221;featured&#8221; src=&#8221;https:\/\/www.newsbucovina.ro\/wp-content\/uploads\/2026\/08\/WhatsApp-Image-2026-08-09-at-08.23.22-1.jpeghttps:\/\/cdn.newsbucovina.ro\/wp-content\/uploads\/2026\/08\/WhatsApp-Image-2026-08-09-at-08.23.22-1.jpeg&#8221;] Intr\u0103 acum \u0219i \u00een grupul de Telegram News Bucovina Joi, 6 august 2026, la C\u0103minul Cultural din Stroie\u0219ti a avut loc prezentarea volumului \u201eAm ren\u0103scut prin fl\u0103c\u0103ri \u2013 povestea unei fiice, a unei pierderi \u0219i a unei reg\u0103siri\u201d, semnat de t\u00e2n\u0103ra scriitoare Ioana-Nicoleta Cocari (Repede). Evenimentul a marcat o revenire emo\u021bionant\u0103 \u00een [&hellip;]<\/p>\n","protected":false},"author":1,"featured_media":0,"comment_status":"open","ping_status":"","sticky":false,"template":"","format":"standard","meta":{"footnotes":""},"categories":[89],"tags":[226,165],"class_list":["post-2085740","post","type-post","status-publish","format-standard","hentry","category-romania","tag-crawlmanager","tag-newsbucovina-ro"],"_links":{"self":[{"href":"https:\/\/analyse.optim.biz\/index.php?rest_route=\/wp\/v2\/posts\/2085740","targetHints":{"allow":["GET"]}}],"collection":[{"href":"https:\/\/analyse.optim.biz\/index.php?rest_route=\/wp\/v2\/posts"}],"about":[{"href":"https:\/\/analyse.optim.biz\/index.php?rest_route=\/wp\/v2\/types\/post"}],"author":[{"embeddable":true,"href":"https:\/\/analyse.optim.biz\/index.php?rest_route=\/wp\/v2\/users\/1"}],"replies":[{"embeddable":true,"href":"https:\/\/analyse.optim.biz\/index.php?rest_route=%2Fwp%2Fv2%2Fcomments&post=2085740"}],"version-history":[{"count":0,"href":"https:\/\/analyse.optim.biz\/index.php?rest_route=\/wp\/v2\/posts\/2085740\/revisions"}],"wp:attachment":[{"href":"https:\/\/analyse.optim.biz\/index.php?rest_route=%2Fwp%2Fv2%2Fmedia&parent=2085740"}],"wp:term":[{"taxonomy":"category","embeddable":true,"href":"https:\/\/analyse.optim.biz\/index.php?rest_route=%2Fwp%2Fv2%2Fcategories&post=2085740"},{"taxonomy":"post_tag","embeddable":true,"href":"https:\/\/analyse.optim.biz\/index.php?rest_route=%2Fwp%2Fv2%2Ftags&post=2085740"}],"curies":[{"name":"wp","href":"https:\/\/api.w.org\/{rel}","templated":true}]}}