{"id":2085737,"date":"2026-08-08T18:32:33","date_gmt":"2026-08-08T15:32:33","guid":{"rendered":"https:\/\/analyse.optim.biz\/?p=2085737"},"modified":"2026-08-08T18:32:33","modified_gmt":"2026-08-08T15:32:33","slug":"video-foto-interventie-dificila-intre-darmoxa-si-panaci-pentru-salvarea-unui-barbat-grav-ranit-dupa-ce-s-a-rasturnat-cu-masina-de-teren-in-drum-spre-o-stana","status":"publish","type":"post","link":"https:\/\/analyse.optim.biz\/?p=2085737","title":{"rendered":"VIDEO-FOTO\/Interven\u021bie dificil\u0103 \u00eentre D\u00e2rmoxa \u0219i Panaci pentru salvarea unui b\u0103rbat grav r\u0103nit dup\u0103 ce s-a r\u0103sturnat cu ma\u0219ina de teren \u00een drum spre o st\u00e2n\u0103"},"content":{"rendered":"<p>[analyse_image type=&#8221;featured&#8221; src=&#8221;https:\/\/www.newsbucovina.ro\/wp-content\/uploads\/2026\/08\/WhatsApp-Image-2026-08-08-at-21.18.14.jpeghttps:\/\/cdn.newsbucovina.ro\/wp-content\/uploads\/2026\/08\/WhatsApp-Image-2026-08-08-at-21.18.14.jpeg&#8221;]<\/p>\n<div class=\"td-post-content tagdiv-type\">\n<div class=\"td-a-rec td-a-rec-id-content_top  tdi_3 td_block_template_1\"><strong>Intr\u0103 acum \u0219i \u00een grupul de <\/p>\n<div class=\"wp-block-button\"><a class=\"wp-block-button__link wp-element-button\" href=\"https:\/\/t.me\/+TH8wcfnp8fw5NWI0\">Telegram News Bucovina<\/a><\/div>\n<p><\/strong><\/div>\n<p class=\"wp-block-paragraph\">O interven\u021bie complex\u0103 \u0219i dificil\u0103 a mobilizat s\u00e2mb\u0103t\u0103 for\u021bele de salvare pe un drum de creast\u0103 aflat \u00eentre localit\u0103\u021bile D\u00e2rmoxa \u0219i Panaci. Un jeep care se deplasa c\u0103tre o st\u00e2n\u0103 s-a r\u0103sturnat, iar \u0219oferul, un b\u0103rbat \u00een v\u00e2rst\u0103 de 36 de ani din Bro\u0219teni, a fost aruncat din autoturism.<\/p>\n<figure class=\"wp-block-gallery has-nested-images columns-default is-cropped wp-block-gallery-1 is-layout-flex wp-block-gallery-is-layout-flex\">\n<figure class=\"wp-block-image size-large\"><a href=\"https:\/\/cdn.newsbucovina.ro\/wp-content\/uploads\/2026\/08\/WhatsApp-Image-2026-08-08-at-21.18.13.jpeg\"><img loading=\"lazy\" decoding=\"async\" width=\"1024\" height=\"768\" data-id=\"446017\" src=\"https:\/\/cdn.newsbucovina.ro\/wp-content\/uploads\/2026\/08\/WhatsApp-Image-2026-08-08-at-21.18.13-1024x768.jpeg\" alt class=\"wp-image-446017\"><\/a><\/figure>\n<figure class=\"wp-block-image size-large\"><a href=\"https:\/\/cdn.newsbucovina.ro\/wp-content\/uploads\/2026\/08\/WhatsApp-Image-2026-08-08-at-21.18.14.jpeg\"><img loading=\"lazy\" decoding=\"async\" width=\"1024\" height=\"768\" data-id=\"446016\" src=\"https:\/\/cdn.newsbucovina.ro\/wp-content\/uploads\/2026\/08\/WhatsApp-Image-2026-08-08-at-21.18.14-1024x768.jpeg\" alt class=\"wp-image-446016\"><\/a><\/figure>\n<\/figure>\n<p class=\"wp-block-paragraph\">B\u0103rbatul ie\u0219ise la plimbare \u00eempreun\u0103 cu un prieten. Din fericire, la momentul producerii accidentului, prietenul nu se afla \u00een autoturism.<\/p>\n<p class=\"wp-block-paragraph\">Potrivit purt\u0103torului de cuv\u00e2nt al Serviciului de Ambulan\u021b\u0103 Jude\u021bean Suceava, dr. Dan Teodorovici, din cauza st\u0103rii precare a drumului, care a devenit impracticabil pentru autospecial\u0103 de la aproximativ jum\u0103tatea traseului, echipajul Serviciului de Ambulan\u021b\u0103 Jude\u021bean a fost nevoit s\u0103 continue deplasarea \u00eentr-un jeep al Jandarmeriei. La interven\u021bie au participat poli\u021bi\u0219ti, jandarmi, pompieri ISU \u0219i salvatori montani, \u00eentr-o ac\u021biune coordonat\u0103.<\/p>\n<p class=\"wp-block-paragraph\">Primii care au ajuns la fa\u021ba locului au fost cei de la Salvamont, care au \u00eenceput imediat stabilizarea pacientului. Dup\u0103 aproximativ 5-10 minute a intervenit \u0219i echipajul SAJ de la Bro\u0219teni, \u0219i echipajul SAJ tip B de la Bro\u0219teni, format din asistenta medical\u0103 Cheia Simona \u0219i ambulan\u021bierul Babei.<\/p>\n<p class=\"wp-block-paragraph\">B\u0103rbatul, aflat \u00een com\u0103 \u0219i politraumatizat, a fost preluat, dup\u0103 stabilizare, \u00een jeep-ul Salvamont, \u00eempreun\u0103 cu echipajul de ambulan\u021b\u0103. A fost transportat p\u00e2n\u0103 la M\u0103n\u0103stirea Piatra T\u0103ieturii, locul stabilit pentru \u00eent\u00e2lnirea cu echipajul SMURD de terapie intensiv\u0103 mobil\u0103 de la Bistri\u021ba, cel mai apropiat disponibil.<\/p>\n<p class=\"wp-block-paragraph\">Misiunea a fost coordonat\u0103, pentru partea medical\u0103, din dispeceratul integrat de medicul Marian Stancu. A fost solicitat\u0103 \u0219i interven\u021bia unui elicopter de salvare, \u00eens\u0103 acesta nu a putut zbura \u00een zon\u0103 din cauza vremii nefavorabile.<\/p>\n<figure class=\"wp-block-embed is-type-video is-provider-youtube wp-block-embed-youtube wp-embed-aspect-16-9 wp-has-aspect-ratio\">\n<div class=\"wp-block-embed__wrapper\">\n<div class=\"youtube-embed\" data-video_id=\"_C6sLpLOX3c\"><iframe loading=\"lazy\" title=\"Plin de aur pe trepte la Universitate\u2026eu m-am ales cu praful!!! #usv #NewsBucovina \" width=\"696\" height=\"392\" src=\"https:\/\/www.youtube.com\/embed\/_C6sLpLOX3c?feature=oembed&amp;enablejsapi=1\" frameborder allow=\"accelerometer; autoplay; clipboard-write; encrypted-media; gyroscope; picture-in-picture; web-share\" referrerpolicy=\"strict-origin-when-cross-origin\" allowfullscreen><\/iframe><\/div>\n<\/div>\n<\/figure>\n<div class=\"td-a-rec td-a-rec-id-content_bottom  tdi_4 td_block_template_1\"><strong>Intr\u0103 acum \u0219i \u00een grupul de <\/p>\n<div class=\"wp-block-button\"><a class=\"wp-block-button__link wp-element-button\" href=\"https:\/\/t.me\/+TH8wcfnp8fw5NWI0\">Telegram News Bucovina<\/a><\/div>\n<p><\/strong><\/div>\n<\/div>\n<div class=\"td-post-content tagdiv-type\">\n<div class=\"td-a-rec td-a-rec-id-content_top  tdi_3 td_block_template_1\"><strong>Intr\u0103 acum \u0219i \u00een grupul de <\/p>\n<div class=\"wp-block-button\"><a class=\"wp-block-button__link wp-element-button\" href=\"https:\/\/t.me\/+TH8wcfnp8fw5NWI0\">Telegram News Bucovina<\/a><\/div>\n<p><\/strong><\/div>\n<p class=\"wp-block-paragraph\">O interven\u021bie complex\u0103 \u0219i dificil\u0103 a mobilizat s\u00e2mb\u0103t\u0103 for\u021bele de salvare pe un drum de creast\u0103 aflat \u00eentre localit\u0103\u021bile D\u00e2rmoxa \u0219i Panaci. Un jeep care se deplasa c\u0103tre o st\u00e2n\u0103 s-a r\u0103sturnat, iar \u0219oferul, un b\u0103rbat \u00een v\u00e2rst\u0103 de 36 de ani din Bro\u0219teni, a fost aruncat din autoturism.<\/p>\n<figure class=\"wp-block-gallery has-nested-images columns-default is-cropped wp-block-gallery-1 is-layout-flex wp-block-gallery-is-layout-flex\">\n<figure class=\"wp-block-image size-large\"><a href=\"https:\/\/cdn.newsbucovina.ro\/wp-content\/uploads\/2026\/08\/WhatsApp-Image-2026-08-08-at-21.18.13.jpeg\"><img loading=\"lazy\" decoding=\"async\" width=\"1024\" height=\"768\" data-id=\"446017\" src=\"https:\/\/cdn.newsbucovina.ro\/wp-content\/uploads\/2026\/08\/WhatsApp-Image-2026-08-08-at-21.18.13-1024x768.jpeg\" alt class=\"wp-image-446017\"><\/a><\/figure>\n<figure class=\"wp-block-image size-large\"><a href=\"https:\/\/cdn.newsbucovina.ro\/wp-content\/uploads\/2026\/08\/WhatsApp-Image-2026-08-08-at-21.18.14.jpeg\"><img loading=\"lazy\" decoding=\"async\" width=\"1024\" height=\"768\" data-id=\"446016\" src=\"https:\/\/cdn.newsbucovina.ro\/wp-content\/uploads\/2026\/08\/WhatsApp-Image-2026-08-08-at-21.18.14-1024x768.jpeg\" alt class=\"wp-image-446016\"><\/a><\/figure>\n<\/figure>\n<p class=\"wp-block-paragraph\">B\u0103rbatul ie\u0219ise la plimbare \u00eempreun\u0103 cu un prieten. Din fericire, la momentul producerii accidentului, prietenul nu se afla \u00een autoturism.<\/p>\n<p class=\"wp-block-paragraph\">Potrivit purt\u0103torului de cuv\u00e2nt al Serviciului de Ambulan\u021b\u0103 Jude\u021bean Suceava, dr. Dan Teodorovici, din cauza st\u0103rii precare a drumului, care a devenit impracticabil pentru autospecial\u0103 de la aproximativ jum\u0103tatea traseului, echipajul Serviciului de Ambulan\u021b\u0103 Jude\u021bean a fost nevoit s\u0103 continue deplasarea \u00eentr-un jeep al Jandarmeriei. La interven\u021bie au participat poli\u021bi\u0219ti, jandarmi, pompieri ISU \u0219i salvatori montani, \u00eentr-o ac\u021biune coordonat\u0103.<\/p>\n<p class=\"wp-block-paragraph\">Primii care au ajuns la fa\u021ba locului au fost cei de la Salvamont, care au \u00eenceput imediat stabilizarea pacientului. Dup\u0103 aproximativ 5-10 minute a intervenit \u0219i echipajul SAJ de la Bro\u0219teni, \u0219i echipajul SAJ tip B de la Bro\u0219teni, format din asistenta medical\u0103 Cheia Simona \u0219i ambulan\u021bierul Babei.<\/p>\n<p class=\"wp-block-paragraph\">B\u0103rbatul, aflat \u00een com\u0103 \u0219i politraumatizat, a fost preluat, dup\u0103 stabilizare, \u00een jeep-ul Salvamont, \u00eempreun\u0103 cu echipajul de ambulan\u021b\u0103. A fost transportat p\u00e2n\u0103 la M\u0103n\u0103stirea Piatra T\u0103ieturii, locul stabilit pentru \u00eent\u00e2lnirea cu echipajul SMURD de terapie intensiv\u0103 mobil\u0103 de la Bistri\u021ba, cel mai apropiat disponibil.<\/p>\n<p class=\"wp-block-paragraph\">Misiunea a fost coordonat\u0103, pentru partea medical\u0103, din dispeceratul integrat de medicul Marian Stancu. A fost solicitat\u0103 \u0219i interven\u021bia unui elicopter de salvare, \u00eens\u0103 acesta nu a putut zbura \u00een zon\u0103 din cauza vremii nefavorabile.<\/p>\n<figure class=\"wp-block-embed is-type-video is-provider-youtube wp-block-embed-youtube wp-embed-aspect-16-9 wp-has-aspect-ratio\">\n<div class=\"wp-block-embed__wrapper\">\n<div class=\"youtube-embed\" data-video_id=\"_C6sLpLOX3c\"><iframe loading=\"lazy\" title=\"Plin de aur pe trepte la Universitate\u2026eu m-am ales cu praful!!! #usv #NewsBucovina \" width=\"696\" height=\"392\" src=\"https:\/\/www.youtube.com\/embed\/_C6sLpLOX3c?feature=oembed&amp;enablejsapi=1\" frameborder allow=\"accelerometer; autoplay; clipboard-write; encrypted-media; gyroscope; picture-in-picture; web-share\" referrerpolicy=\"strict-origin-when-cross-origin\" allowfullscreen><\/iframe><\/div>\n<\/div>\n<\/figure>\n<div class=\"td-a-rec td-a-rec-id-content_bottom  tdi_4 td_block_template_1\"><strong>Intr\u0103 acum \u0219i \u00een grupul de <\/p>\n<div class=\"wp-block-button\"><a class=\"wp-block-button__link wp-element-button\" href=\"https:\/\/t.me\/+TH8wcfnp8fw5NWI0\">Telegram News Bucovina<\/a><\/div>\n<p><\/strong><\/div>\n<\/div>\n<p>[analyse_source url=&#8221;https:\/\/www.newsbucovina.ro\/actualitate\/446015\/video-foto-interventie-dificila-intre-darmoxa-si-panaci-pentru-salvarea-unui-barbat-grav-ranit-dupa-ce-s-a-rasturnat-cu-masina-de-teren-in-drum-spre-o-stana&#8221;]<\/p>\n","protected":false},"excerpt":{"rendered":"<p>[analyse_image type=&#8221;featured&#8221; src=&#8221;https:\/\/www.newsbucovina.ro\/wp-content\/uploads\/2026\/08\/WhatsApp-Image-2026-08-08-at-21.18.14.jpeghttps:\/\/cdn.newsbucovina.ro\/wp-content\/uploads\/2026\/08\/WhatsApp-Image-2026-08-08-at-21.18.14.jpeg&#8221;] Intr\u0103 acum \u0219i \u00een grupul de Telegram News Bucovina O interven\u021bie complex\u0103 \u0219i dificil\u0103 a mobilizat s\u00e2mb\u0103t\u0103 for\u021bele de salvare pe un drum de creast\u0103 aflat \u00eentre localit\u0103\u021bile D\u00e2rmoxa \u0219i Panaci. Un jeep care se deplasa c\u0103tre o st\u00e2n\u0103 s-a r\u0103sturnat, iar \u0219oferul, un b\u0103rbat \u00een v\u00e2rst\u0103 de 36 de ani din [&hellip;]<\/p>\n","protected":false},"author":1,"featured_media":0,"comment_status":"open","ping_status":"","sticky":false,"template":"","format":"standard","meta":{"footnotes":""},"categories":[89],"tags":[226,165],"class_list":["post-2085737","post","type-post","status-publish","format-standard","hentry","category-romania","tag-crawlmanager","tag-newsbucovina-ro"],"_links":{"self":[{"href":"https:\/\/analyse.optim.biz\/index.php?rest_route=\/wp\/v2\/posts\/2085737","targetHints":{"allow":["GET"]}}],"collection":[{"href":"https:\/\/analyse.optim.biz\/index.php?rest_route=\/wp\/v2\/posts"}],"about":[{"href":"https:\/\/analyse.optim.biz\/index.php?rest_route=\/wp\/v2\/types\/post"}],"author":[{"embeddable":true,"href":"https:\/\/analyse.optim.biz\/index.php?rest_route=\/wp\/v2\/users\/1"}],"replies":[{"embeddable":true,"href":"https:\/\/analyse.optim.biz\/index.php?rest_route=%2Fwp%2Fv2%2Fcomments&post=2085737"}],"version-history":[{"count":0,"href":"https:\/\/analyse.optim.biz\/index.php?rest_route=\/wp\/v2\/posts\/2085737\/revisions"}],"wp:attachment":[{"href":"https:\/\/analyse.optim.biz\/index.php?rest_route=%2Fwp%2Fv2%2Fmedia&parent=2085737"}],"wp:term":[{"taxonomy":"category","embeddable":true,"href":"https:\/\/analyse.optim.biz\/index.php?rest_route=%2Fwp%2Fv2%2Fcategories&post=2085737"},{"taxonomy":"post_tag","embeddable":true,"href":"https:\/\/analyse.optim.biz\/index.php?rest_route=%2Fwp%2Fv2%2Ftags&post=2085737"}],"curies":[{"name":"wp","href":"https:\/\/api.w.org\/{rel}","templated":true}]}}