{"id":2085733,"date":"2026-08-08T13:47:03","date_gmt":"2026-08-08T10:47:03","guid":{"rendered":"https:\/\/analyse.optim.biz\/?p=2085733"},"modified":"2026-08-08T13:47:03","modified_gmt":"2026-08-08T10:47:03","slug":"laureatii-celei-de-a-xv-a-editii-a-festivalului-concurs-de-toaca-rasuna-toaca-n-cer-marele-premiu-al-festivalului-a-fost-acordat-lui-ganut-daniel-pavel-din-localitatea-rotunda","status":"publish","type":"post","link":"https:\/\/analyse.optim.biz\/?p=2085733","title":{"rendered":"Laurea\u021bii celei de-a XV-a edi\u021bii a Festivalului-Concurs de Toac\u0103 \u201eR\u0103sun\u0103 Toaca-n Cer\u201d: Marele Premiu al festivalului a fost acordat lui G\u0103nu\u021b Daniel Pavel, din localitatea Rotunda"},"content":{"rendered":"<p>[analyse_image type=&#8221;featured&#8221; src=&#8221;https:\/\/www.newsbucovina.ro\/wp-content\/uploads\/2026\/08\/toaca.jpghttps:\/\/cdn.newsbucovina.ro\/wp-content\/uploads\/2026\/08\/toaca.jpg&#8221;]<\/p>\n<div class=\"td-post-content tagdiv-type\">\n<div class=\"td-a-rec td-a-rec-id-content_top  tdi_3 td_block_template_1\"><strong>Intr\u0103 acum \u0219i \u00een grupul de <\/p>\n<div class=\"wp-block-button\"><a class=\"wp-block-button__link wp-element-button\" href=\"https:\/\/t.me\/+TH8wcfnp8fw5NWI0\">Telegram News Bucovina<\/a><\/div>\n<p><\/strong><\/div>\n<p class=\"wp-block-paragraph\">Joi, 6 august 2026, la Rotunda a avut loc cea de-a XV-a edi\u021bie a Festivalului-Concurs de Toac\u0103 pentru Copii \u0219i Tineret \u201eR\u0103sun\u0103 Toaca-n Cer\u201d, manifestare dedicat\u0103 p\u0103str\u0103rii \u0219i transmiterii tradi\u021biei interpret\u0103rii la toac\u0103 \u00een r\u00e2ndul tinerei genera\u021bii.<\/p>\n<p class=\"wp-block-paragraph\">Evenimentul a fost organizat de Consiliul Jude\u021bean Suceava, prin Centrul Cultural \u201eBucovina\u201d \u2013 Direc\u021bia Centrul pentru Conservarea \u0219i Promovarea Culturii Tradi\u021bionale, \u00een parteneriat cu Arhiepiscopia Sucevei \u0219i R\u0103d\u0103u\u021bilor \u0219i Parohia Ortodox\u0103 \u201eAdormirea Maicii Domnului\u201d Rotunda, cu sprijinul Prim\u0103riei \u0219i Consiliului Local Liteni.<\/p>\n<figure class=\"wp-block-image size-large\"><a href=\"https:\/\/cdn.newsbucovina.ro\/wp-content\/uploads\/2026\/08\/toaca.jpg\"><img loading=\"lazy\" decoding=\"async\" width=\"1024\" height=\"512\" src=\"https:\/\/cdn.newsbucovina.ro\/wp-content\/uploads\/2026\/08\/toaca-1024x512.jpg\" alt class=\"wp-image-445967\"><\/a><\/figure>\n<p class=\"wp-block-paragraph\">La aceast\u0103 edi\u021bie au participat 30 de copii \u0219i tineri din jude\u021bele Suceava, Ia\u0219i \u0219i Boto\u0219ani, care \u0219i-au demonstrat m\u0103iestria \u00een interpretarea la toac\u0103, contribuind la promovarea uneia dintre cele mai reprezentative tradi\u021bii ale spiritualit\u0103\u021bii ortodoxe.<\/p>\n<p class=\"wp-block-paragraph\">Evolu\u021biile au fost evaluate de un juriu format din clerici \u0219i speciali\u0219ti: arhidiaconul Vasile Pl\u0103mad\u0103 (Arhiepiscopia Sucevei \u0219i R\u0103d\u0103u\u021bilor), protosinghelul Metodie Atomei (M\u0103n\u0103stirea Bro\u0219teni) \u0219i Teodora \u0218tefana Grosu (Centrul Cultural \u201eBucovina\u201d).<\/p>\n<p class=\"wp-block-paragraph\">Marele Premiu al festivalului a fost acordat lui G\u0103nu\u021b Daniel Pavel, din localitatea Rotunda.<\/p>\n<p class=\"wp-block-paragraph\">La categoria claselor I\u2013IV, Premiul I a fost ob\u021binut de Vornicu Alexandru (Rotunda), Premiul al II-lea de \u0218chiopu Andrei Ioan (Baia), iar Premiul al III-lea de Chihaia Mario (Sili\u0219tea Nou\u0103). Au fost acordate \u0219i mai multe men\u021biuni.<\/p>\n<p class=\"wp-block-paragraph\">La categoria claselor V\u2013VIII, Premiul I a mers la Neam\u021bu Matei (Rotunda). Premiul al II-lea a fost \u00eemp\u0103r\u021bit \u00eentre Gavril Paula (Rotunda) \u0219i Sandu David Nectarie (Boto\u0219ani), iar Premiul al III-lea a fost ob\u021binut de Caliniuc Andrei Filip (Dumbr\u0103veni). Au urmat mai multe men\u021biuni.<\/p>\n<p class=\"wp-block-paragraph\">La categoria elevilor de liceu, \u0219coli de meserii \u0219i studen\u021bi, Premiul I a fost acordat lui Grecu Narcis Constantin (Ia\u0219i), Premiul al II-lea lui Irimia \u0218tefan (Vorona), iar Premiul al III-lea a fost \u00eemp\u0103r\u021bit \u00eentre Roman Ecaterina (Dumbr\u0103veni) \u0219i Grecu Andrada Florentina (Ia\u0219i). Au fost acordate \u0219i men\u021biuni.<\/p>\n<p class=\"wp-block-paragraph\">Organizatorii au subliniat c\u0103 edi\u021bia din acest an a reconfirmat interesul tot mai mare al copiilor \u0219i tinerilor pentru aceast\u0103 tradi\u021bie liturgic\u0103. Prin talentul \u0219i seriozitatea de care au dat dovad\u0103, participan\u021bii au demonstrat c\u0103 arta interpret\u0103rii la toac\u0103 r\u0103m\u00e2ne vie \u0219i continu\u0103 s\u0103 d\u0103inuie.<\/p>\n<p class=\"wp-block-paragraph\">Organizatorii \u00eei felicit\u0103 pe to\u021bi concuren\u021bii, pe profesorii coordonatori, pe p\u0103rin\u021bi \u0219i pe laurea\u021bi \u0219i mul\u021bumesc tuturor celor care au sprijinit desf\u0103\u0219urarea festivalului, devenit o tradi\u021bie \u00een peisajul cultural \u0219i spiritual al jude\u021bului Suceava.<\/p>\n<figure class=\"wp-block-embed is-type-video is-provider-youtube wp-block-embed-youtube wp-embed-aspect-16-9 wp-has-aspect-ratio\">\n<div class=\"wp-block-embed__wrapper\">\n<div class=\"youtube-embed\" data-video_id=\"owaoRC5i8gM\"><iframe loading=\"lazy\" title=\"De ce s\u0103 vrei s\u0103 MORI la 23 de ani?? Buchet de infrac\u021biuni = ADIO via\u021b\u0103!!! Nu a avut nicio \u0219ans\u0103...\" width=\"696\" height=\"392\" src=\"https:\/\/www.youtube.com\/embed\/owaoRC5i8gM?start=15&amp;feature=oembed\" frameborder allow=\"accelerometer; autoplay; clipboard-write; encrypted-media; gyroscope; picture-in-picture; web-share\" referrerpolicy=\"strict-origin-when-cross-origin\" allowfullscreen><\/iframe><\/div>\n<\/div>\n<\/figure>\n<div class=\"td-a-rec td-a-rec-id-content_bottom  tdi_4 td_block_template_1\"><strong>Intr\u0103 acum \u0219i \u00een grupul de <\/p>\n<div class=\"wp-block-button\"><a class=\"wp-block-button__link wp-element-button\" href=\"https:\/\/t.me\/+TH8wcfnp8fw5NWI0\">Telegram News Bucovina<\/a><\/div>\n<p><\/strong><\/div>\n<\/div>\n<div class=\"td-post-content tagdiv-type\">\n<div class=\"td-a-rec td-a-rec-id-content_top  tdi_3 td_block_template_1\"><strong>Intr\u0103 acum \u0219i \u00een grupul de <\/p>\n<div class=\"wp-block-button\"><a class=\"wp-block-button__link wp-element-button\" href=\"https:\/\/t.me\/+TH8wcfnp8fw5NWI0\">Telegram News Bucovina<\/a><\/div>\n<p><\/strong><\/div>\n<p class=\"wp-block-paragraph\">Joi, 6 august 2026, la Rotunda a avut loc cea de-a XV-a edi\u021bie a Festivalului-Concurs de Toac\u0103 pentru Copii \u0219i Tineret \u201eR\u0103sun\u0103 Toaca-n Cer\u201d, manifestare dedicat\u0103 p\u0103str\u0103rii \u0219i transmiterii tradi\u021biei interpret\u0103rii la toac\u0103 \u00een r\u00e2ndul tinerei genera\u021bii.<\/p>\n<p class=\"wp-block-paragraph\">Evenimentul a fost organizat de Consiliul Jude\u021bean Suceava, prin Centrul Cultural \u201eBucovina\u201d \u2013 Direc\u021bia Centrul pentru Conservarea \u0219i Promovarea Culturii Tradi\u021bionale, \u00een parteneriat cu Arhiepiscopia Sucevei \u0219i R\u0103d\u0103u\u021bilor \u0219i Parohia Ortodox\u0103 \u201eAdormirea Maicii Domnului\u201d Rotunda, cu sprijinul Prim\u0103riei \u0219i Consiliului Local Liteni.<\/p>\n<figure class=\"wp-block-image size-large\"><a href=\"https:\/\/cdn.newsbucovina.ro\/wp-content\/uploads\/2026\/08\/toaca.jpg\"><img loading=\"lazy\" decoding=\"async\" width=\"1024\" height=\"512\" src=\"https:\/\/cdn.newsbucovina.ro\/wp-content\/uploads\/2026\/08\/toaca-1024x512.jpg\" alt class=\"wp-image-445967\"><\/a><\/figure>\n<p class=\"wp-block-paragraph\">La aceast\u0103 edi\u021bie au participat 30 de copii \u0219i tineri din jude\u021bele Suceava, Ia\u0219i \u0219i Boto\u0219ani, care \u0219i-au demonstrat m\u0103iestria \u00een interpretarea la toac\u0103, contribuind la promovarea uneia dintre cele mai reprezentative tradi\u021bii ale spiritualit\u0103\u021bii ortodoxe.<\/p>\n<p class=\"wp-block-paragraph\">Evolu\u021biile au fost evaluate de un juriu format din clerici \u0219i speciali\u0219ti: arhidiaconul Vasile Pl\u0103mad\u0103 (Arhiepiscopia Sucevei \u0219i R\u0103d\u0103u\u021bilor), protosinghelul Metodie Atomei (M\u0103n\u0103stirea Bro\u0219teni) \u0219i Teodora \u0218tefana Grosu (Centrul Cultural \u201eBucovina\u201d).<\/p>\n<p class=\"wp-block-paragraph\">Marele Premiu al festivalului a fost acordat lui G\u0103nu\u021b Daniel Pavel, din localitatea Rotunda.<\/p>\n<p class=\"wp-block-paragraph\">La categoria claselor I\u2013IV, Premiul I a fost ob\u021binut de Vornicu Alexandru (Rotunda), Premiul al II-lea de \u0218chiopu Andrei Ioan (Baia), iar Premiul al III-lea de Chihaia Mario (Sili\u0219tea Nou\u0103). Au fost acordate \u0219i mai multe men\u021biuni.<\/p>\n<p class=\"wp-block-paragraph\">La categoria claselor V\u2013VIII, Premiul I a mers la Neam\u021bu Matei (Rotunda). Premiul al II-lea a fost \u00eemp\u0103r\u021bit \u00eentre Gavril Paula (Rotunda) \u0219i Sandu David Nectarie (Boto\u0219ani), iar Premiul al III-lea a fost ob\u021binut de Caliniuc Andrei Filip (Dumbr\u0103veni). Au urmat mai multe men\u021biuni.<\/p>\n<p class=\"wp-block-paragraph\">La categoria elevilor de liceu, \u0219coli de meserii \u0219i studen\u021bi, Premiul I a fost acordat lui Grecu Narcis Constantin (Ia\u0219i), Premiul al II-lea lui Irimia \u0218tefan (Vorona), iar Premiul al III-lea a fost \u00eemp\u0103r\u021bit \u00eentre Roman Ecaterina (Dumbr\u0103veni) \u0219i Grecu Andrada Florentina (Ia\u0219i). Au fost acordate \u0219i men\u021biuni.<\/p>\n<p class=\"wp-block-paragraph\">Organizatorii au subliniat c\u0103 edi\u021bia din acest an a reconfirmat interesul tot mai mare al copiilor \u0219i tinerilor pentru aceast\u0103 tradi\u021bie liturgic\u0103. Prin talentul \u0219i seriozitatea de care au dat dovad\u0103, participan\u021bii au demonstrat c\u0103 arta interpret\u0103rii la toac\u0103 r\u0103m\u00e2ne vie \u0219i continu\u0103 s\u0103 d\u0103inuie.<\/p>\n<p class=\"wp-block-paragraph\">Organizatorii \u00eei felicit\u0103 pe to\u021bi concuren\u021bii, pe profesorii coordonatori, pe p\u0103rin\u021bi \u0219i pe laurea\u021bi \u0219i mul\u021bumesc tuturor celor care au sprijinit desf\u0103\u0219urarea festivalului, devenit o tradi\u021bie \u00een peisajul cultural \u0219i spiritual al jude\u021bului Suceava.<\/p>\n<figure class=\"wp-block-embed is-type-video is-provider-youtube wp-block-embed-youtube wp-embed-aspect-16-9 wp-has-aspect-ratio\">\n<div class=\"wp-block-embed__wrapper\">\n<div class=\"youtube-embed\" data-video_id=\"owaoRC5i8gM\"><iframe loading=\"lazy\" title=\"De ce s\u0103 vrei s\u0103 MORI la 23 de ani?? Buchet de infrac\u021biuni = ADIO via\u021b\u0103!!! Nu a avut nicio \u0219ans\u0103...\" width=\"696\" height=\"392\" src=\"https:\/\/www.youtube.com\/embed\/owaoRC5i8gM?start=15&amp;feature=oembed\" frameborder allow=\"accelerometer; autoplay; clipboard-write; encrypted-media; gyroscope; picture-in-picture; web-share\" referrerpolicy=\"strict-origin-when-cross-origin\" allowfullscreen><\/iframe><\/div>\n<\/div>\n<\/figure>\n<div class=\"td-a-rec td-a-rec-id-content_bottom  tdi_4 td_block_template_1\"><strong>Intr\u0103 acum \u0219i \u00een grupul de <\/p>\n<div class=\"wp-block-button\"><a class=\"wp-block-button__link wp-element-button\" href=\"https:\/\/t.me\/+TH8wcfnp8fw5NWI0\">Telegram News Bucovina<\/a><\/div>\n<p><\/strong><\/div>\n<\/div>\n<p>[analyse_source url=&#8221;https:\/\/www.newsbucovina.ro\/actualitate\/445966\/laureatii-celei-de-a-xv-a-editii-a-festivalului-concurs-de-toaca-rasuna-toaca-n-cer-marele-premiu-al-festivalului-a-fost-acordat-lui-ganut-daniel-pavel-din-localitatea-rotunda&#8221;]<\/p>\n","protected":false},"excerpt":{"rendered":"<p>[analyse_image type=&#8221;featured&#8221; src=&#8221;https:\/\/www.newsbucovina.ro\/wp-content\/uploads\/2026\/08\/toaca.jpghttps:\/\/cdn.newsbucovina.ro\/wp-content\/uploads\/2026\/08\/toaca.jpg&#8221;] Intr\u0103 acum \u0219i \u00een grupul de Telegram News Bucovina Joi, 6 august 2026, la Rotunda a avut loc cea de-a XV-a edi\u021bie a Festivalului-Concurs de Toac\u0103 pentru Copii \u0219i Tineret \u201eR\u0103sun\u0103 Toaca-n Cer\u201d, manifestare dedicat\u0103 p\u0103str\u0103rii \u0219i transmiterii tradi\u021biei interpret\u0103rii la toac\u0103 \u00een r\u00e2ndul tinerei genera\u021bii. Evenimentul a fost organizat de Consiliul [&hellip;]<\/p>\n","protected":false},"author":1,"featured_media":0,"comment_status":"open","ping_status":"","sticky":false,"template":"","format":"standard","meta":{"footnotes":""},"categories":[89],"tags":[226,165],"class_list":["post-2085733","post","type-post","status-publish","format-standard","hentry","category-romania","tag-crawlmanager","tag-newsbucovina-ro"],"_links":{"self":[{"href":"https:\/\/analyse.optim.biz\/index.php?rest_route=\/wp\/v2\/posts\/2085733","targetHints":{"allow":["GET"]}}],"collection":[{"href":"https:\/\/analyse.optim.biz\/index.php?rest_route=\/wp\/v2\/posts"}],"about":[{"href":"https:\/\/analyse.optim.biz\/index.php?rest_route=\/wp\/v2\/types\/post"}],"author":[{"embeddable":true,"href":"https:\/\/analyse.optim.biz\/index.php?rest_route=\/wp\/v2\/users\/1"}],"replies":[{"embeddable":true,"href":"https:\/\/analyse.optim.biz\/index.php?rest_route=%2Fwp%2Fv2%2Fcomments&post=2085733"}],"version-history":[{"count":0,"href":"https:\/\/analyse.optim.biz\/index.php?rest_route=\/wp\/v2\/posts\/2085733\/revisions"}],"wp:attachment":[{"href":"https:\/\/analyse.optim.biz\/index.php?rest_route=%2Fwp%2Fv2%2Fmedia&parent=2085733"}],"wp:term":[{"taxonomy":"category","embeddable":true,"href":"https:\/\/analyse.optim.biz\/index.php?rest_route=%2Fwp%2Fv2%2Fcategories&post=2085733"},{"taxonomy":"post_tag","embeddable":true,"href":"https:\/\/analyse.optim.biz\/index.php?rest_route=%2Fwp%2Fv2%2Ftags&post=2085733"}],"curies":[{"name":"wp","href":"https:\/\/api.w.org\/{rel}","templated":true}]}}