{"id":2085731,"date":"2026-08-09T13:26:56","date_gmt":"2026-08-09T10:26:56","guid":{"rendered":"https:\/\/analyse.optim.biz\/?p=2085731"},"modified":"2026-08-09T13:26:56","modified_gmt":"2026-08-09T10:26:56","slug":"piata-produselor-montane-la-vatra-dornei-la-sfirsitul-lunii-august","status":"publish","type":"post","link":"https:\/\/analyse.optim.biz\/?p=2085731","title":{"rendered":"Pia\u021ba Produselor Montane, la Vatra Dornei, la sf\u00eer\u0219itul lunii august"},"content":{"rendered":"<p>[analyse_image type=&#8221;featured&#8221; src=&#8221;https:\/\/www.radiotop.ro\/img\/media\/2026\/08\/vatra-dornei.jpg&#8221;]<\/p>\n<div class=\"entry-content no-share\">\n<div class=\"content-inner \">\n<p>Agen\u021bia Na\u021bional\u0103 a Zonei Montane \u0219i Prim\u0103ria Vatra Dornei au \u00eencheiat un acord de parteneriat pentru dezvoltarea unor proiecte dedicate comunit\u0103\u021bilor din zona montan\u0103. Colaborarea vizeaz\u0103 promovarea dezvolt\u0103rii durabile, sus\u021binerea economiei locale \u0219i valorificarea resurselor \u0219i tradi\u021biilor zonei.<\/p>\n<p>Primul proiect derulat \u00een baza acordului va fi \u201dPia\u021ba Produselor Montane\u201d, programat\u0103 pe 29 \u0219i 30 august, la Baza de Agrement \u201dLoisir\u201d din Vatra Dornei. Evenimentul va reuni produc\u0103tori din zona montan\u0103, care \u00ee\u0219i vor putea promova \u0219i comercializa direct produsele.<\/p>\n<p>Organizatorii spun c\u0103 ini\u021biativa urm\u0103re\u0219te s\u0103 \u00eencurajeze consumul de produse locale, s\u0103 promoveze tradi\u021biile \u0219i patrimoniul gastronomic montan \u0219i s\u0103 sprijine micii produc\u0103tori \u0219i antreprenorii din mediul rural. Parteneriatul dintre cele dou\u0103 institu\u021bii prevede \u0219i dezvoltarea, pe viitor, a altor proiecte pentru comunit\u0103\u021bile montane \u0219i promovarea turismului din zon\u0103.<\/p>\n<\/div>\n<\/div>\n<div class=\"content-inner \">\n<p>Agen\u021bia Na\u021bional\u0103 a Zonei Montane \u0219i Prim\u0103ria Vatra Dornei au \u00eencheiat un acord de parteneriat pentru dezvoltarea unor proiecte dedicate comunit\u0103\u021bilor din zona montan\u0103. Colaborarea vizeaz\u0103 promovarea dezvolt\u0103rii durabile, sus\u021binerea economiei locale \u0219i valorificarea resurselor \u0219i tradi\u021biilor zonei.<\/p>\n<p>Primul proiect derulat \u00een baza acordului va fi \u201dPia\u021ba Produselor Montane\u201d, programat\u0103 pe 29 \u0219i 30 august, la Baza de Agrement \u201dLoisir\u201d din Vatra Dornei. Evenimentul va reuni produc\u0103tori din zona montan\u0103, care \u00ee\u0219i vor putea promova \u0219i comercializa direct produsele.<\/p>\n<p>Organizatorii spun c\u0103 ini\u021biativa urm\u0103re\u0219te s\u0103 \u00eencurajeze consumul de produse locale, s\u0103 promoveze tradi\u021biile \u0219i patrimoniul gastronomic montan \u0219i s\u0103 sprijine micii produc\u0103tori \u0219i antreprenorii din mediul rural. Parteneriatul dintre cele dou\u0103 institu\u021bii prevede \u0219i dezvoltarea, pe viitor, a altor proiecte pentru comunit\u0103\u021bile montane \u0219i promovarea turismului din zon\u0103.<\/p>\n<\/div>\n<p>[analyse_source url=&#8221;https:\/\/www.radiotop.ro\/actualitate\/piata-produselor-montane-la-vatra-dornei-la-sfirsitul-lunii-august.html&#8221;]<\/p>\n","protected":false},"excerpt":{"rendered":"<p>[analyse_image type=&#8221;featured&#8221; src=&#8221;https:\/\/www.radiotop.ro\/img\/media\/2026\/08\/vatra-dornei.jpg&#8221;] Agen\u021bia Na\u021bional\u0103 a Zonei Montane \u0219i Prim\u0103ria Vatra Dornei au \u00eencheiat un acord de parteneriat pentru dezvoltarea unor proiecte dedicate comunit\u0103\u021bilor din zona montan\u0103. Colaborarea vizeaz\u0103 promovarea dezvolt\u0103rii durabile, sus\u021binerea economiei locale \u0219i valorificarea resurselor \u0219i tradi\u021biilor zonei. Primul proiect derulat \u00een baza acordului va fi \u201dPia\u021ba Produselor Montane\u201d, programat\u0103 pe 29 [&hellip;]<\/p>\n","protected":false},"author":1,"featured_media":0,"comment_status":"open","ping_status":"","sticky":false,"template":"","format":"standard","meta":{"footnotes":""},"categories":[89],"tags":[226,163],"class_list":["post-2085731","post","type-post","status-publish","format-standard","hentry","category-romania","tag-crawlmanager","tag-radiotop-ro"],"_links":{"self":[{"href":"https:\/\/analyse.optim.biz\/index.php?rest_route=\/wp\/v2\/posts\/2085731","targetHints":{"allow":["GET"]}}],"collection":[{"href":"https:\/\/analyse.optim.biz\/index.php?rest_route=\/wp\/v2\/posts"}],"about":[{"href":"https:\/\/analyse.optim.biz\/index.php?rest_route=\/wp\/v2\/types\/post"}],"author":[{"embeddable":true,"href":"https:\/\/analyse.optim.biz\/index.php?rest_route=\/wp\/v2\/users\/1"}],"replies":[{"embeddable":true,"href":"https:\/\/analyse.optim.biz\/index.php?rest_route=%2Fwp%2Fv2%2Fcomments&post=2085731"}],"version-history":[{"count":0,"href":"https:\/\/analyse.optim.biz\/index.php?rest_route=\/wp\/v2\/posts\/2085731\/revisions"}],"wp:attachment":[{"href":"https:\/\/analyse.optim.biz\/index.php?rest_route=%2Fwp%2Fv2%2Fmedia&parent=2085731"}],"wp:term":[{"taxonomy":"category","embeddable":true,"href":"https:\/\/analyse.optim.biz\/index.php?rest_route=%2Fwp%2Fv2%2Fcategories&post=2085731"},{"taxonomy":"post_tag","embeddable":true,"href":"https:\/\/analyse.optim.biz\/index.php?rest_route=%2Fwp%2Fv2%2Ftags&post=2085731"}],"curies":[{"name":"wp","href":"https:\/\/api.w.org\/{rel}","templated":true}]}}