{"id":2085730,"date":"2026-08-08T13:22:15","date_gmt":"2026-08-08T10:22:15","guid":{"rendered":"https:\/\/analyse.optim.biz\/?p=2085730"},"modified":"2026-08-08T13:22:15","modified_gmt":"2026-08-08T10:22:15","slug":"consiliul-judetean-suceava-alaturi-de-handbalistii-de-la-csu-campioni-europeni-pentru-a-cincea-oara","status":"publish","type":"post","link":"https:\/\/analyse.optim.biz\/?p=2085730","title":{"rendered":"Consiliul Jude\u021bean Suceava, al\u0103turi de handbali\u0219tii de la CSU, campioni europeni pentru a cincea oar\u0103"},"content":{"rendered":"<p>[analyse_image type=&#8221;featured&#8221; src=&#8221;https:\/\/www.newsbucovina.ro\/wp-content\/uploads\/2026\/08\/767793945_1623142549529832_3640289734526167487_n.jpghttps:\/\/cdn.newsbucovina.ro\/wp-content\/uploads\/2026\/08\/767793945_1623142549529832_3640289734526167487_n.jpg&#8221;]<\/p>\n<div class=\"td-post-content tagdiv-type\">\n<div class=\"td-a-rec td-a-rec-id-content_top  tdi_3 td_block_template_1\"><strong>Intr\u0103 acum \u0219i \u00een grupul de <\/p>\n<div class=\"wp-block-button\"><a class=\"wp-block-button__link wp-element-button\" href=\"https:\/\/t.me\/+TH8wcfnp8fw5NWI0\">Telegram News Bucovina<\/a><\/div>\n<p><\/strong><\/div>\n<p class=\"wp-block-paragraph\">Administratorul public al Consiliului Jude\u021bean Suceava, Cezar Ioja, a participat s\u00e2mb\u0103t\u0103 la festivitatea de premiere a echipei de handbal a Clubului Sportiv Universitar Suceava, care a c\u00e2\u0219tigat s\u0103pt\u0103m\u00e2na trecut\u0103 al cincilea titlu de campioan\u0103 european\u0103 universitar\u0103. Evenimentul a avut loc la Universitatea \u201e\u0218tefan cel Mare\u201d din Suceava \u0219i a reunit, printre al\u021bii, \u0219i pe ministrul Educa\u021biei \u0219i Cercet\u0103rii, Mihai Dimian.<\/p>\n<figure class=\"wp-block-image size-large\"><a href=\"https:\/\/cdn.newsbucovina.ro\/wp-content\/uploads\/2026\/08\/767793945_1623142549529832_3640289734526167487_n.jpg\"><img loading=\"lazy\" decoding=\"async\" width=\"1024\" height=\"478\" src=\"https:\/\/cdn.newsbucovina.ro\/wp-content\/uploads\/2026\/08\/767793945_1623142549529832_3640289734526167487_n-1024x478.jpg\" alt class=\"wp-image-445957\"><\/a><\/figure>\n<p class=\"wp-block-paragraph\">\u00cen discursul s\u0103u, Cezar Ioja a subliniat c\u0103 actuala administra\u021bie jude\u021bean\u0103, condus\u0103 de pre\u0219edintele Gheorghe \u0218oldan, a schimbat abordarea privind sprijinul acordat sportului.<\/p>\n<p class=\"wp-block-paragraph\">\u201e\u00cenc\u0103 din primul an de mandat am fost al\u0103turi de Universitatea \u0218tefan cel Mare \u0219i de echipa de handbal. Am premiat \u0219i echipele de juniori care au ob\u021binut rezultate foarte bune la nivel na\u021bional, iar \u00een acest an sus\u021binem \u0219i echipa feminin\u0103 de fotbal a CSU Suceava, promovat\u0103 \u00een Liga a II-a. Doar \u00een 2026, Consiliul Jude\u021bean Suceava a alocat aproape 5,5 milioane de lei pentru activit\u0103\u021bile sportive finan\u021bate prin Legea 350\/2005, o sum\u0103 record, de aproape 11 ori mai mare dec\u00e2t cea din 2024\u201d, a declarat administratorul public.<\/p>\n<p class=\"wp-block-paragraph\">Cezar Ioja a \u021binut s\u0103 \u00eei felicite \u0219i pe suporterii CSU Suceava, care, la fiecare meci de acas\u0103, transform\u0103 sala Liceului cu Program Sportiv \u00eentr-o aren\u0103 ne\u00eenc\u0103p\u0103toare, cu o atmosfer\u0103 special\u0103. \u201eAm fost \u0219i eu \u00een tribun\u0103, al\u0103turi de domnul pre\u0219edinte Gheorghe \u0218oldan, \u0219i \u0219tim c\u00e2t\u0103 energie transmit ace\u0219ti suporteri echipei. \u00cei felicit pe juc\u0103tori \u0219i pe antrenori pentru aceast\u0103 nou\u0103 performan\u021b\u0103 \u0219i \u00eei asigur c\u0103 administra\u021bia jude\u021bean\u0103 va r\u0103m\u00e2ne al\u0103turi de ei \u0219i de sportul sucevean\u201d, a mai spus acesta.<\/p>\n<figure class=\"wp-block-embed is-type-video is-provider-youtube wp-block-embed-youtube wp-embed-aspect-16-9 wp-has-aspect-ratio\">\n<div class=\"wp-block-embed__wrapper\">\n<div class=\"youtube-embed\" data-video_id=\"owaoRC5i8gM\"><iframe loading=\"lazy\" title=\"De ce s\u0103 vrei s\u0103 MORI la 23 de ani?? Buchet de infrac\u021biuni = ADIO via\u021b\u0103!!! Nu a avut nicio \u0219ans\u0103...\" width=\"696\" height=\"392\" src=\"https:\/\/www.youtube.com\/embed\/owaoRC5i8gM?start=15&amp;feature=oembed\" frameborder allow=\"accelerometer; autoplay; clipboard-write; encrypted-media; gyroscope; picture-in-picture; web-share\" referrerpolicy=\"strict-origin-when-cross-origin\" allowfullscreen><\/iframe><\/div>\n<\/div>\n<\/figure>\n<div class=\"td-a-rec td-a-rec-id-content_bottom  tdi_4 td_block_template_1\"><strong>Intr\u0103 acum \u0219i \u00een grupul de <\/p>\n<div class=\"wp-block-button\"><a class=\"wp-block-button__link wp-element-button\" href=\"https:\/\/t.me\/+TH8wcfnp8fw5NWI0\">Telegram News Bucovina<\/a><\/div>\n<p><\/strong><\/div>\n<\/div>\n<div class=\"td-post-content tagdiv-type\">\n<div class=\"td-a-rec td-a-rec-id-content_top  tdi_3 td_block_template_1\"><strong>Intr\u0103 acum \u0219i \u00een grupul de <\/p>\n<div class=\"wp-block-button\"><a class=\"wp-block-button__link wp-element-button\" href=\"https:\/\/t.me\/+TH8wcfnp8fw5NWI0\">Telegram News Bucovina<\/a><\/div>\n<p><\/strong><\/div>\n<p class=\"wp-block-paragraph\">Administratorul public al Consiliului Jude\u021bean Suceava, Cezar Ioja, a participat s\u00e2mb\u0103t\u0103 la festivitatea de premiere a echipei de handbal a Clubului Sportiv Universitar Suceava, care a c\u00e2\u0219tigat s\u0103pt\u0103m\u00e2na trecut\u0103 al cincilea titlu de campioan\u0103 european\u0103 universitar\u0103. Evenimentul a avut loc la Universitatea \u201e\u0218tefan cel Mare\u201d din Suceava \u0219i a reunit, printre al\u021bii, \u0219i pe ministrul Educa\u021biei \u0219i Cercet\u0103rii, Mihai Dimian.<\/p>\n<figure class=\"wp-block-image size-large\"><a href=\"https:\/\/cdn.newsbucovina.ro\/wp-content\/uploads\/2026\/08\/767793945_1623142549529832_3640289734526167487_n.jpg\"><img loading=\"lazy\" decoding=\"async\" width=\"1024\" height=\"478\" src=\"https:\/\/cdn.newsbucovina.ro\/wp-content\/uploads\/2026\/08\/767793945_1623142549529832_3640289734526167487_n-1024x478.jpg\" alt class=\"wp-image-445957\"><\/a><\/figure>\n<p class=\"wp-block-paragraph\">\u00cen discursul s\u0103u, Cezar Ioja a subliniat c\u0103 actuala administra\u021bie jude\u021bean\u0103, condus\u0103 de pre\u0219edintele Gheorghe \u0218oldan, a schimbat abordarea privind sprijinul acordat sportului.<\/p>\n<p class=\"wp-block-paragraph\">\u201e\u00cenc\u0103 din primul an de mandat am fost al\u0103turi de Universitatea \u0218tefan cel Mare \u0219i de echipa de handbal. Am premiat \u0219i echipele de juniori care au ob\u021binut rezultate foarte bune la nivel na\u021bional, iar \u00een acest an sus\u021binem \u0219i echipa feminin\u0103 de fotbal a CSU Suceava, promovat\u0103 \u00een Liga a II-a. Doar \u00een 2026, Consiliul Jude\u021bean Suceava a alocat aproape 5,5 milioane de lei pentru activit\u0103\u021bile sportive finan\u021bate prin Legea 350\/2005, o sum\u0103 record, de aproape 11 ori mai mare dec\u00e2t cea din 2024\u201d, a declarat administratorul public.<\/p>\n<p class=\"wp-block-paragraph\">Cezar Ioja a \u021binut s\u0103 \u00eei felicite \u0219i pe suporterii CSU Suceava, care, la fiecare meci de acas\u0103, transform\u0103 sala Liceului cu Program Sportiv \u00eentr-o aren\u0103 ne\u00eenc\u0103p\u0103toare, cu o atmosfer\u0103 special\u0103. \u201eAm fost \u0219i eu \u00een tribun\u0103, al\u0103turi de domnul pre\u0219edinte Gheorghe \u0218oldan, \u0219i \u0219tim c\u00e2t\u0103 energie transmit ace\u0219ti suporteri echipei. \u00cei felicit pe juc\u0103tori \u0219i pe antrenori pentru aceast\u0103 nou\u0103 performan\u021b\u0103 \u0219i \u00eei asigur c\u0103 administra\u021bia jude\u021bean\u0103 va r\u0103m\u00e2ne al\u0103turi de ei \u0219i de sportul sucevean\u201d, a mai spus acesta.<\/p>\n<figure class=\"wp-block-embed is-type-video is-provider-youtube wp-block-embed-youtube wp-embed-aspect-16-9 wp-has-aspect-ratio\">\n<div class=\"wp-block-embed__wrapper\">\n<div class=\"youtube-embed\" data-video_id=\"owaoRC5i8gM\"><iframe loading=\"lazy\" title=\"De ce s\u0103 vrei s\u0103 MORI la 23 de ani?? Buchet de infrac\u021biuni = ADIO via\u021b\u0103!!! Nu a avut nicio \u0219ans\u0103...\" width=\"696\" height=\"392\" src=\"https:\/\/www.youtube.com\/embed\/owaoRC5i8gM?start=15&amp;feature=oembed\" frameborder allow=\"accelerometer; autoplay; clipboard-write; encrypted-media; gyroscope; picture-in-picture; web-share\" referrerpolicy=\"strict-origin-when-cross-origin\" allowfullscreen><\/iframe><\/div>\n<\/div>\n<\/figure>\n<div class=\"td-a-rec td-a-rec-id-content_bottom  tdi_4 td_block_template_1\"><strong>Intr\u0103 acum \u0219i \u00een grupul de <\/p>\n<div class=\"wp-block-button\"><a class=\"wp-block-button__link wp-element-button\" href=\"https:\/\/t.me\/+TH8wcfnp8fw5NWI0\">Telegram News Bucovina<\/a><\/div>\n<p><\/strong><\/div>\n<\/div>\n<p>[analyse_source url=&#8221;https:\/\/www.newsbucovina.ro\/actualitate\/445956\/consiliul-judetean-suceava-alaturi-de-handbalistii-de-la-csu-campioni-europeni-pentru-a-cincea-oara&#8221;]<\/p>\n","protected":false},"excerpt":{"rendered":"<p>[analyse_image type=&#8221;featured&#8221; src=&#8221;https:\/\/www.newsbucovina.ro\/wp-content\/uploads\/2026\/08\/767793945_1623142549529832_3640289734526167487_n.jpghttps:\/\/cdn.newsbucovina.ro\/wp-content\/uploads\/2026\/08\/767793945_1623142549529832_3640289734526167487_n.jpg&#8221;] Intr\u0103 acum \u0219i \u00een grupul de Telegram News Bucovina Administratorul public al Consiliului Jude\u021bean Suceava, Cezar Ioja, a participat s\u00e2mb\u0103t\u0103 la festivitatea de premiere a echipei de handbal a Clubului Sportiv Universitar Suceava, care a c\u00e2\u0219tigat s\u0103pt\u0103m\u00e2na trecut\u0103 al cincilea titlu de campioan\u0103 european\u0103 universitar\u0103. Evenimentul a avut loc la Universitatea \u201e\u0218tefan [&hellip;]<\/p>\n","protected":false},"author":1,"featured_media":0,"comment_status":"open","ping_status":"","sticky":false,"template":"","format":"standard","meta":{"footnotes":""},"categories":[89],"tags":[226,165],"class_list":["post-2085730","post","type-post","status-publish","format-standard","hentry","category-romania","tag-crawlmanager","tag-newsbucovina-ro"],"_links":{"self":[{"href":"https:\/\/analyse.optim.biz\/index.php?rest_route=\/wp\/v2\/posts\/2085730","targetHints":{"allow":["GET"]}}],"collection":[{"href":"https:\/\/analyse.optim.biz\/index.php?rest_route=\/wp\/v2\/posts"}],"about":[{"href":"https:\/\/analyse.optim.biz\/index.php?rest_route=\/wp\/v2\/types\/post"}],"author":[{"embeddable":true,"href":"https:\/\/analyse.optim.biz\/index.php?rest_route=\/wp\/v2\/users\/1"}],"replies":[{"embeddable":true,"href":"https:\/\/analyse.optim.biz\/index.php?rest_route=%2Fwp%2Fv2%2Fcomments&post=2085730"}],"version-history":[{"count":0,"href":"https:\/\/analyse.optim.biz\/index.php?rest_route=\/wp\/v2\/posts\/2085730\/revisions"}],"wp:attachment":[{"href":"https:\/\/analyse.optim.biz\/index.php?rest_route=%2Fwp%2Fv2%2Fmedia&parent=2085730"}],"wp:term":[{"taxonomy":"category","embeddable":true,"href":"https:\/\/analyse.optim.biz\/index.php?rest_route=%2Fwp%2Fv2%2Fcategories&post=2085730"},{"taxonomy":"post_tag","embeddable":true,"href":"https:\/\/analyse.optim.biz\/index.php?rest_route=%2Fwp%2Fv2%2Ftags&post=2085730"}],"curies":[{"name":"wp","href":"https:\/\/api.w.org\/{rel}","templated":true}]}}