{"id":2085728,"date":"2026-08-09T11:22:47","date_gmt":"2026-08-09T08:22:47","guid":{"rendered":"https:\/\/analyse.optim.biz\/?p=2085728"},"modified":"2026-08-09T11:22:47","modified_gmt":"2026-08-09T08:22:47","slug":"artistul-plastic-mihai-pinzaru-pim-preotul-liviu-mihaila-si-actorul-gavril-patru-cetateni-de-onoare-ai-municipiului-falticeni","status":"publish","type":"post","link":"https:\/\/analyse.optim.biz\/?p=2085728","title":{"rendered":"Artistul plastic Mihai P\u00eenzaru-PIM, preotul Liviu Mih\u0103il\u0103 \u0219i actorul Gavril P\u0103tru, cet\u0103\u021beni de onoare ai municipiului F\u0103lticeni"},"content":{"rendered":"<p>[analyse_image type=&#8221;featured&#8221; src=&#8221;https:\/\/www.radiotop.ro\/img\/media\/2025\/06\/pim-mihaila.jpg&#8221;]<\/p>\n<div class=\"entry-content no-share\">\n<div class=\"content-inner \">\n<p>Consiliul Local F\u0103lticeni a aprobat acordarea titlului de cet\u0103\u021bean de onoare artistului plastic Mihai P\u00eenzaru-PIM, preotului Liviu Mih\u0103il\u0103 \u0219i actorului Gavril P\u0103tru.<\/p>\n<p>Ceremonia de decernare a titlurilor va avea loc \u00een cadrul celei de-a XVI-a edi\u021bii a Festivalului Interna\u021bional de Teatru pentru Tineret \u201eGrigore Vasiliu Birlic\u201d, care se va desf\u0103\u0219ura \u00een perioada 17-23 august 2026. Preotul Mih\u0103il\u0103 este pre\u0219edintele Asocia\u021biei \u201dF\u0103lticeni Cultural\u201d, care organizeaz\u0103 an de an diferite activit\u0103\u021bi cultural-artistice. Mihai P\u00eenazru-PIM a fost invitat la activit\u0103\u021bi ale Asocia\u021biei \u201dF\u0103lticeni Cultural\u201d, ocazie cu care a realizat mai multe portrete. Totodat\u0103, actorul de la Teatrul Na\u021bional \u201dIon Luca Caragiale\u201d Bucure\u0219ti este o prezen\u021b\u0103 constant\u0103 festivalului de teatru.<\/p>\n<\/div>\n<\/div>\n<div class=\"content-inner \">\n<p>Consiliul Local F\u0103lticeni a aprobat acordarea titlului de cet\u0103\u021bean de onoare artistului plastic Mihai P\u00eenzaru-PIM, preotului Liviu Mih\u0103il\u0103 \u0219i actorului Gavril P\u0103tru.<\/p>\n<p>Ceremonia de decernare a titlurilor va avea loc \u00een cadrul celei de-a XVI-a edi\u021bii a Festivalului Interna\u021bional de Teatru pentru Tineret \u201eGrigore Vasiliu Birlic\u201d, care se va desf\u0103\u0219ura \u00een perioada 17-23 august 2026. Preotul Mih\u0103il\u0103 este pre\u0219edintele Asocia\u021biei \u201dF\u0103lticeni Cultural\u201d, care organizeaz\u0103 an de an diferite activit\u0103\u021bi cultural-artistice. Mihai P\u00eenazru-PIM a fost invitat la activit\u0103\u021bi ale Asocia\u021biei \u201dF\u0103lticeni Cultural\u201d, ocazie cu care a realizat mai multe portrete. Totodat\u0103, actorul de la Teatrul Na\u021bional \u201dIon Luca Caragiale\u201d Bucure\u0219ti este o prezen\u021b\u0103 constant\u0103 festivalului de teatru.<\/p>\n<\/div>\n<p>[analyse_source url=&#8221;https:\/\/www.radiotop.ro\/actualitate\/artistul-plastic-mihai-pinzaru-pim-preotul-liviu-mihaila-si-actorul-gavril-patru-cetateni-de-onoare-ai-municipiului-falticeni.html&#8221;]<\/p>\n","protected":false},"excerpt":{"rendered":"<p>[analyse_image type=&#8221;featured&#8221; src=&#8221;https:\/\/www.radiotop.ro\/img\/media\/2025\/06\/pim-mihaila.jpg&#8221;] Consiliul Local F\u0103lticeni a aprobat acordarea titlului de cet\u0103\u021bean de onoare artistului plastic Mihai P\u00eenzaru-PIM, preotului Liviu Mih\u0103il\u0103 \u0219i actorului Gavril P\u0103tru. Ceremonia de decernare a titlurilor va avea loc \u00een cadrul celei de-a XVI-a edi\u021bii a Festivalului Interna\u021bional de Teatru pentru Tineret \u201eGrigore Vasiliu Birlic\u201d, care se va desf\u0103\u0219ura \u00een perioada [&hellip;]<\/p>\n","protected":false},"author":1,"featured_media":0,"comment_status":"open","ping_status":"","sticky":false,"template":"","format":"standard","meta":{"footnotes":""},"categories":[89],"tags":[226,163],"class_list":["post-2085728","post","type-post","status-publish","format-standard","hentry","category-romania","tag-crawlmanager","tag-radiotop-ro"],"_links":{"self":[{"href":"https:\/\/analyse.optim.biz\/index.php?rest_route=\/wp\/v2\/posts\/2085728","targetHints":{"allow":["GET"]}}],"collection":[{"href":"https:\/\/analyse.optim.biz\/index.php?rest_route=\/wp\/v2\/posts"}],"about":[{"href":"https:\/\/analyse.optim.biz\/index.php?rest_route=\/wp\/v2\/types\/post"}],"author":[{"embeddable":true,"href":"https:\/\/analyse.optim.biz\/index.php?rest_route=\/wp\/v2\/users\/1"}],"replies":[{"embeddable":true,"href":"https:\/\/analyse.optim.biz\/index.php?rest_route=%2Fwp%2Fv2%2Fcomments&post=2085728"}],"version-history":[{"count":0,"href":"https:\/\/analyse.optim.biz\/index.php?rest_route=\/wp\/v2\/posts\/2085728\/revisions"}],"wp:attachment":[{"href":"https:\/\/analyse.optim.biz\/index.php?rest_route=%2Fwp%2Fv2%2Fmedia&parent=2085728"}],"wp:term":[{"taxonomy":"category","embeddable":true,"href":"https:\/\/analyse.optim.biz\/index.php?rest_route=%2Fwp%2Fv2%2Fcategories&post=2085728"},{"taxonomy":"post_tag","embeddable":true,"href":"https:\/\/analyse.optim.biz\/index.php?rest_route=%2Fwp%2Fv2%2Ftags&post=2085728"}],"curies":[{"name":"wp","href":"https:\/\/api.w.org\/{rel}","templated":true}]}}