{"id":2085727,"date":"2026-08-09T12:42:17","date_gmt":"2026-08-09T09:42:17","guid":{"rendered":"https:\/\/analyse.optim.biz\/?p=2085727"},"modified":"2026-08-09T12:42:17","modified_gmt":"2026-08-09T09:42:17","slug":"barbat-din-slatina-cercetat-penal-dupa-ce-a-fost-depistat-in-trafic-pe-dj-208f-in-timp-ce-transporta-peste-5-metri-cubi-de-cherestea-fara-acte","status":"publish","type":"post","link":"https:\/\/analyse.optim.biz\/?p=2085727","title":{"rendered":"B\u0103rbat din Slatina, cercetat penal dup\u0103 ce a fost depistat \u00een trafic pe DJ 208F \u00een timp ce transporta peste 5 metri cubi de cherestea f\u0103r\u0103 acte"},"content":{"rendered":"<p>[analyse_image type=&#8221;featured&#8221; src=&#8221;https:\/\/www.newsbucovina.ro\/wp-content\/uploads\/2023\/10\/foto-cherestea-vadu-moldovei.jpghttps:\/\/cdn.newsbucovina.ro\/wp-content\/uploads\/2023\/10\/foto-cherestea-vadu-moldovei.jpg&#8221;]<\/p>\n<div class=\"td-post-content tagdiv-type\">\n<div class=\"td-a-rec td-a-rec-id-content_top  tdi_3 td_block_template_1\"><strong>Intr\u0103 acum \u0219i \u00een grupul de <\/p>\n<div class=\"wp-block-button\"><a class=\"wp-block-button__link wp-element-button\" href=\"https:\/\/t.me\/+TH8wcfnp8fw5NWI0\">Telegram News Bucovina<\/a><\/div>\n<p><\/strong><\/div>\n<p class=\"wp-block-paragraph\">Un b\u0103rbat \u00een v\u00e2rst\u0103 de 34 de ani, din comuna Slatina, a fost depistat s\u00e2mb\u0103t\u0103 sear\u0103 transport\u00e2nd material lemnos f\u0103r\u0103 documente legale, pe raza comunei Vadu Moldovei.<\/p>\n<figure class=\"wp-block-image size-full\"><a href=\"https:\/\/cdn.newsbucovina.ro\/wp-content\/uploads\/2023\/10\/foto-cherestea-vadu-moldovei.jpg\"><img loading=\"lazy\" decoding=\"async\" width=\"960\" height=\"720\" src=\"https:\/\/cdn.newsbucovina.ro\/wp-content\/uploads\/2023\/10\/foto-cherestea-vadu-moldovei.jpg\" alt class=\"wp-image-372248\"><\/a><\/figure>\n<p class=\"wp-block-paragraph\">\u00cen jurul orei 21:00, o patrul\u0103 a Sec\u021biei de Poli\u021bie Rural\u0103 Nr. 1 Vadu Moldovei a oprit pentru control o autoutilitar\u0103 marca Volkswagen de culoare albastr\u0103, care circula pe DJ 208F, \u00een satul Dumbr\u0103vi\u021ba, pe direc\u021bia c\u0103tre Movileni.<\/p>\n<p class=\"wp-block-paragraph\">Conduc\u0103torul auto a prezentat doar documentele vehiculului. Despre actele personale a declarat c\u0103 nu le are asupra sa, motiv pentru care a furnizat datele necesare identific\u0103rii. Poli\u021bi\u0219tii au stabilit c\u0103 la volan se afla un b\u0103rbat din satul G\u0103ine\u0219ti, comuna Slatina.<\/p>\n<p class=\"wp-block-paragraph\">\u00cen leg\u0103tur\u0103 cu materialul lemnos aflat \u00een autoutilitar\u0103, acesta a precizat c\u0103 nu de\u021bine documentele legale de provenien\u021b\u0103, respectiv avizul de \u00eenso\u021bire. Verific\u0103rile efectuate \u00een aplica\u021bia SUMAL.control nu au generat niciun rezultat.<\/p>\n<p class=\"wp-block-paragraph\">La fa\u021ba locului a fost solicitat un reprezentant al Ocolului Silvic Dolhasca, care a inventariat \u00eenc\u0103rc\u0103tura. A rezultat un volum de 5,11 metri cubi de cherestea de r\u0103\u0219inoase.<\/p>\n<p class=\"wp-block-paragraph\">Autoutilitara a fost condus\u0103 la Ocolul Silvic Dolhasca, unde a fost predat\u0103 \u00een custodie \u0219i urmeaz\u0103 s\u0103 fie introdus\u0103 \u00een spa\u021biul destinat vehiculelor indisponibilizate al Inspectoratului de Poli\u021bie Jude\u021bean Suceava.<\/p>\n<p class=\"wp-block-paragraph\">\u00cen cauz\u0103 a fost \u00eentocmit dosar penal pentru transportul de materiale lemnoase ne\u00eenso\u021bite de aviz sau f\u0103r\u0103 provenien\u021b\u0103 legal\u0103, fapt\u0103 prev\u0103zut\u0103 de Codul Silvic.<\/p>\n<figure class=\"wp-block-embed is-type-video is-provider-youtube wp-block-embed-youtube wp-embed-aspect-16-9 wp-has-aspect-ratio\">\n<div class=\"wp-block-embed__wrapper\">\n<div class=\"youtube-embed\" data-video_id=\"_C6sLpLOX3c\"><iframe loading=\"lazy\" title=\"Plin de aur pe trepte la Universitate\u2026eu m-am ales cu praful!!! #usv #NewsBucovina \" width=\"696\" height=\"392\" src=\"https:\/\/www.youtube.com\/embed\/_C6sLpLOX3c?feature=oembed&amp;enablejsapi=1\" frameborder allow=\"accelerometer; autoplay; clipboard-write; encrypted-media; gyroscope; picture-in-picture; web-share\" referrerpolicy=\"strict-origin-when-cross-origin\" allowfullscreen><\/iframe><\/div>\n<\/div>\n<\/figure>\n<div class=\"td-a-rec td-a-rec-id-content_bottom  tdi_4 td_block_template_1\"><strong>Intr\u0103 acum \u0219i \u00een grupul de <\/p>\n<div class=\"wp-block-button\"><a class=\"wp-block-button__link wp-element-button\" href=\"https:\/\/t.me\/+TH8wcfnp8fw5NWI0\">Telegram News Bucovina<\/a><\/div>\n<p><\/strong><\/div>\n<\/div>\n<div class=\"td-post-content tagdiv-type\">\n<div class=\"td-a-rec td-a-rec-id-content_top  tdi_3 td_block_template_1\"><strong>Intr\u0103 acum \u0219i \u00een grupul de <\/p>\n<div class=\"wp-block-button\"><a class=\"wp-block-button__link wp-element-button\" href=\"https:\/\/t.me\/+TH8wcfnp8fw5NWI0\">Telegram News Bucovina<\/a><\/div>\n<p><\/strong><\/div>\n<p class=\"wp-block-paragraph\">Un b\u0103rbat \u00een v\u00e2rst\u0103 de 34 de ani, din comuna Slatina, a fost depistat s\u00e2mb\u0103t\u0103 sear\u0103 transport\u00e2nd material lemnos f\u0103r\u0103 documente legale, pe raza comunei Vadu Moldovei.<\/p>\n<figure class=\"wp-block-image size-full\"><a href=\"https:\/\/cdn.newsbucovina.ro\/wp-content\/uploads\/2023\/10\/foto-cherestea-vadu-moldovei.jpg\"><img loading=\"lazy\" decoding=\"async\" width=\"960\" height=\"720\" src=\"https:\/\/cdn.newsbucovina.ro\/wp-content\/uploads\/2023\/10\/foto-cherestea-vadu-moldovei.jpg\" alt class=\"wp-image-372248\"><\/a><\/figure>\n<p class=\"wp-block-paragraph\">\u00cen jurul orei 21:00, o patrul\u0103 a Sec\u021biei de Poli\u021bie Rural\u0103 Nr. 1 Vadu Moldovei a oprit pentru control o autoutilitar\u0103 marca Volkswagen de culoare albastr\u0103, care circula pe DJ 208F, \u00een satul Dumbr\u0103vi\u021ba, pe direc\u021bia c\u0103tre Movileni.<\/p>\n<p class=\"wp-block-paragraph\">Conduc\u0103torul auto a prezentat doar documentele vehiculului. Despre actele personale a declarat c\u0103 nu le are asupra sa, motiv pentru care a furnizat datele necesare identific\u0103rii. Poli\u021bi\u0219tii au stabilit c\u0103 la volan se afla un b\u0103rbat din satul G\u0103ine\u0219ti, comuna Slatina.<\/p>\n<p class=\"wp-block-paragraph\">\u00cen leg\u0103tur\u0103 cu materialul lemnos aflat \u00een autoutilitar\u0103, acesta a precizat c\u0103 nu de\u021bine documentele legale de provenien\u021b\u0103, respectiv avizul de \u00eenso\u021bire. Verific\u0103rile efectuate \u00een aplica\u021bia SUMAL.control nu au generat niciun rezultat.<\/p>\n<p class=\"wp-block-paragraph\">La fa\u021ba locului a fost solicitat un reprezentant al Ocolului Silvic Dolhasca, care a inventariat \u00eenc\u0103rc\u0103tura. A rezultat un volum de 5,11 metri cubi de cherestea de r\u0103\u0219inoase.<\/p>\n<p class=\"wp-block-paragraph\">Autoutilitara a fost condus\u0103 la Ocolul Silvic Dolhasca, unde a fost predat\u0103 \u00een custodie \u0219i urmeaz\u0103 s\u0103 fie introdus\u0103 \u00een spa\u021biul destinat vehiculelor indisponibilizate al Inspectoratului de Poli\u021bie Jude\u021bean Suceava.<\/p>\n<p class=\"wp-block-paragraph\">\u00cen cauz\u0103 a fost \u00eentocmit dosar penal pentru transportul de materiale lemnoase ne\u00eenso\u021bite de aviz sau f\u0103r\u0103 provenien\u021b\u0103 legal\u0103, fapt\u0103 prev\u0103zut\u0103 de Codul Silvic.<\/p>\n<figure class=\"wp-block-embed is-type-video is-provider-youtube wp-block-embed-youtube wp-embed-aspect-16-9 wp-has-aspect-ratio\">\n<div class=\"wp-block-embed__wrapper\">\n<div class=\"youtube-embed\" data-video_id=\"_C6sLpLOX3c\"><iframe loading=\"lazy\" title=\"Plin de aur pe trepte la Universitate\u2026eu m-am ales cu praful!!! #usv #NewsBucovina \" width=\"696\" height=\"392\" src=\"https:\/\/www.youtube.com\/embed\/_C6sLpLOX3c?feature=oembed&amp;enablejsapi=1\" frameborder allow=\"accelerometer; autoplay; clipboard-write; encrypted-media; gyroscope; picture-in-picture; web-share\" referrerpolicy=\"strict-origin-when-cross-origin\" allowfullscreen><\/iframe><\/div>\n<\/div>\n<\/figure>\n<div class=\"td-a-rec td-a-rec-id-content_bottom  tdi_4 td_block_template_1\"><strong>Intr\u0103 acum \u0219i \u00een grupul de <\/p>\n<div class=\"wp-block-button\"><a class=\"wp-block-button__link wp-element-button\" href=\"https:\/\/t.me\/+TH8wcfnp8fw5NWI0\">Telegram News Bucovina<\/a><\/div>\n<p><\/strong><\/div>\n<\/div>\n<p>[analyse_source url=&#8221;https:\/\/www.newsbucovina.ro\/social\/446047\/barbat-din-slatina-cercetat-penal-dupa-ce-a-fost-depistat-in-trafic-pe-dj-208f-in-timp-ce-transporta-peste-5-metri-cubi-de-cherestea-fara-acte&#8221;]<\/p>\n","protected":false},"excerpt":{"rendered":"<p>[analyse_image type=&#8221;featured&#8221; src=&#8221;https:\/\/www.newsbucovina.ro\/wp-content\/uploads\/2023\/10\/foto-cherestea-vadu-moldovei.jpghttps:\/\/cdn.newsbucovina.ro\/wp-content\/uploads\/2023\/10\/foto-cherestea-vadu-moldovei.jpg&#8221;] Intr\u0103 acum \u0219i \u00een grupul de Telegram News Bucovina Un b\u0103rbat \u00een v\u00e2rst\u0103 de 34 de ani, din comuna Slatina, a fost depistat s\u00e2mb\u0103t\u0103 sear\u0103 transport\u00e2nd material lemnos f\u0103r\u0103 documente legale, pe raza comunei Vadu Moldovei. \u00cen jurul orei 21:00, o patrul\u0103 a Sec\u021biei de Poli\u021bie Rural\u0103 Nr. 1 Vadu Moldovei a [&hellip;]<\/p>\n","protected":false},"author":1,"featured_media":0,"comment_status":"open","ping_status":"","sticky":false,"template":"","format":"standard","meta":{"footnotes":""},"categories":[89],"tags":[226,165],"class_list":["post-2085727","post","type-post","status-publish","format-standard","hentry","category-romania","tag-crawlmanager","tag-newsbucovina-ro"],"_links":{"self":[{"href":"https:\/\/analyse.optim.biz\/index.php?rest_route=\/wp\/v2\/posts\/2085727","targetHints":{"allow":["GET"]}}],"collection":[{"href":"https:\/\/analyse.optim.biz\/index.php?rest_route=\/wp\/v2\/posts"}],"about":[{"href":"https:\/\/analyse.optim.biz\/index.php?rest_route=\/wp\/v2\/types\/post"}],"author":[{"embeddable":true,"href":"https:\/\/analyse.optim.biz\/index.php?rest_route=\/wp\/v2\/users\/1"}],"replies":[{"embeddable":true,"href":"https:\/\/analyse.optim.biz\/index.php?rest_route=%2Fwp%2Fv2%2Fcomments&post=2085727"}],"version-history":[{"count":0,"href":"https:\/\/analyse.optim.biz\/index.php?rest_route=\/wp\/v2\/posts\/2085727\/revisions"}],"wp:attachment":[{"href":"https:\/\/analyse.optim.biz\/index.php?rest_route=%2Fwp%2Fv2%2Fmedia&parent=2085727"}],"wp:term":[{"taxonomy":"category","embeddable":true,"href":"https:\/\/analyse.optim.biz\/index.php?rest_route=%2Fwp%2Fv2%2Fcategories&post=2085727"},{"taxonomy":"post_tag","embeddable":true,"href":"https:\/\/analyse.optim.biz\/index.php?rest_route=%2Fwp%2Fv2%2Ftags&post=2085727"}],"curies":[{"name":"wp","href":"https:\/\/api.w.org\/{rel}","templated":true}]}}