{"id":2085724,"date":"2026-08-09T09:39:35","date_gmt":"2026-08-09T06:39:35","guid":{"rendered":"https:\/\/analyse.optim.biz\/?p=2085724"},"modified":"2026-08-09T09:39:35","modified_gmt":"2026-08-09T06:39:35","slug":"barbat-din-brosteni-ranit-grav-dupa-ce-s-a-rasturnat-cu-un-jeep-pe-un-drum-forestier-din-darmoxa","status":"publish","type":"post","link":"https:\/\/analyse.optim.biz\/?p=2085724","title":{"rendered":"B\u0103rbat din Bro\u0219teni r\u0103nit grav dup\u0103 ce s-a r\u0103sturnat cu un jeep pe un drum forestier din D\u00e2rmoxa"},"content":{"rendered":"<p>[analyse_image type=&#8221;featured&#8221; src=&#8221;https:\/\/www.newsbucovina.ro\/wp-content\/uploads\/2026\/08\/WhatsApp-Image-2026-08-08-at-21.18.13.jpeghttps:\/\/cdn.newsbucovina.ro\/wp-content\/uploads\/2026\/08\/WhatsApp-Image-2026-08-08-at-21.18.13.jpeg&#8221;]<\/p>\n<div class=\"td-post-content tagdiv-type\">\n<div class=\"td-a-rec td-a-rec-id-content_top  tdi_3 td_block_template_1\"><strong>Intr\u0103 acum \u0219i \u00een grupul de <\/p>\n<div class=\"wp-block-button\"><a class=\"wp-block-button__link wp-element-button\" href=\"https:\/\/t.me\/+TH8wcfnp8fw5NWI0\">Telegram News Bucovina<\/a><\/div>\n<p><\/strong><\/div>\n<p class=\"wp-block-paragraph\">Un b\u0103rbat \u00een v\u00e2rst\u0103 de 36 de ani, din ora\u0219ul Bro\u0219teni, a fost r\u0103nit s\u00e2mb\u0103t\u0103, 8 august 2026, dup\u0103 ce s-a r\u0103sturnat cu un jeep pe un drum forestier din satul D\u00e2rmoxa.<\/p>\n<figure class=\"wp-block-image size-large\"><a href=\"https:\/\/cdn.newsbucovina.ro\/wp-content\/uploads\/2026\/08\/WhatsApp-Image-2026-08-08-at-21.18.13.jpeg\"><img loading=\"lazy\" decoding=\"async\" width=\"1024\" height=\"768\" src=\"https:\/\/cdn.newsbucovina.ro\/wp-content\/uploads\/2026\/08\/WhatsApp-Image-2026-08-08-at-21.18.13-1024x768.jpeg\" alt class=\"wp-image-446017\"><\/a><\/figure>\n<p class=\"wp-block-paragraph\">\u00cen jurul orei 15:00, acesta conducea un autoturism marca Nissan Patrol, \u00eenmatriculat \u00een Spania, pe un drum forestier \u00eengust. Nu s-a asigurat corespunz\u0103tor la schimbarea direc\u021biei de mers, a p\u0103r\u0103sit partea carosabil\u0103 din pietri\u0219 \u0219i p\u0103m\u00e2nt \u0219i s-a r\u0103sturnat \u00een afara drumului, \u00een zona \u00eemp\u0103durit\u0103. Vehiculul s-a rostogolit pe o distan\u021b\u0103 de aproximativ 150 de metri, pe o pant\u0103 cu declivitate de 45%, oprindu-se \u00eentr-un arbore, fiind aruncat din autovehicul.<\/p>\n<p class=\"wp-block-paragraph\">\u00cen urma impactului, \u0219oferul a suferit traumatism toraco-abdominal \u0219i fractur\u0103 de tibie la membrul inferior st\u00e2ng. A fost preluat de un echipaj SMURD \u0219i transportat la Spitalul Clinic Jude\u021bean de Urgen\u021b\u0103 Bistri\u021ba pentru investiga\u021bii am\u0103nun\u021bite. Conform primelor constat\u0103ri, b\u0103rbatul nu purta centura de siguran\u021b\u0103 \u00een momentul producerii accidentului.<\/p>\n<p class=\"wp-block-paragraph\">Din cercet\u0103rile efectuate la fa\u021ba locului de poli\u021bi\u0219tii din Bro\u0219teni a rezultat c\u0103 vinovat de producerea evenimentului se face conduc\u0103torul auto, care nu s-a asigurat corespunz\u0103tor pe drumul \u00eengust.<\/p>\n<p class=\"wp-block-paragraph\">A fost \u00eentocmit dosar penal sub aspectul infrac\u021biunii de v\u0103t\u0103mare corporal\u0103 din culp\u0103<\/p>\n<figure class=\"wp-block-embed is-type-video is-provider-youtube wp-block-embed-youtube wp-embed-aspect-16-9 wp-has-aspect-ratio\">\n<div class=\"wp-block-embed__wrapper\">\n<div class=\"youtube-embed\" data-video_id=\"_C6sLpLOX3c\"><iframe loading=\"lazy\" title=\"Plin de aur pe trepte la Universitate\u2026eu m-am ales cu praful!!! #usv #NewsBucovina \" width=\"696\" height=\"392\" src=\"https:\/\/www.youtube.com\/embed\/_C6sLpLOX3c?feature=oembed&amp;enablejsapi=1\" frameborder allow=\"accelerometer; autoplay; clipboard-write; encrypted-media; gyroscope; picture-in-picture; web-share\" referrerpolicy=\"strict-origin-when-cross-origin\" allowfullscreen><\/iframe><\/div>\n<\/div>\n<\/figure>\n<div class=\"td-a-rec td-a-rec-id-content_bottom  tdi_4 td_block_template_1\"><strong>Intr\u0103 acum \u0219i \u00een grupul de <\/p>\n<div class=\"wp-block-button\"><a class=\"wp-block-button__link wp-element-button\" href=\"https:\/\/t.me\/+TH8wcfnp8fw5NWI0\">Telegram News Bucovina<\/a><\/div>\n<p><\/strong><\/div>\n<\/div>\n<div class=\"td-post-content tagdiv-type\">\n<div class=\"td-a-rec td-a-rec-id-content_top  tdi_3 td_block_template_1\"><strong>Intr\u0103 acum \u0219i \u00een grupul de <\/p>\n<div class=\"wp-block-button\"><a class=\"wp-block-button__link wp-element-button\" href=\"https:\/\/t.me\/+TH8wcfnp8fw5NWI0\">Telegram News Bucovina<\/a><\/div>\n<p><\/strong><\/div>\n<p class=\"wp-block-paragraph\">Un b\u0103rbat \u00een v\u00e2rst\u0103 de 36 de ani, din ora\u0219ul Bro\u0219teni, a fost r\u0103nit s\u00e2mb\u0103t\u0103, 8 august 2026, dup\u0103 ce s-a r\u0103sturnat cu un jeep pe un drum forestier din satul D\u00e2rmoxa.<\/p>\n<figure class=\"wp-block-image size-large\"><a href=\"https:\/\/cdn.newsbucovina.ro\/wp-content\/uploads\/2026\/08\/WhatsApp-Image-2026-08-08-at-21.18.13.jpeg\"><img loading=\"lazy\" decoding=\"async\" width=\"1024\" height=\"768\" src=\"https:\/\/cdn.newsbucovina.ro\/wp-content\/uploads\/2026\/08\/WhatsApp-Image-2026-08-08-at-21.18.13-1024x768.jpeg\" alt class=\"wp-image-446017\"><\/a><\/figure>\n<p class=\"wp-block-paragraph\">\u00cen jurul orei 15:00, acesta conducea un autoturism marca Nissan Patrol, \u00eenmatriculat \u00een Spania, pe un drum forestier \u00eengust. Nu s-a asigurat corespunz\u0103tor la schimbarea direc\u021biei de mers, a p\u0103r\u0103sit partea carosabil\u0103 din pietri\u0219 \u0219i p\u0103m\u00e2nt \u0219i s-a r\u0103sturnat \u00een afara drumului, \u00een zona \u00eemp\u0103durit\u0103. Vehiculul s-a rostogolit pe o distan\u021b\u0103 de aproximativ 150 de metri, pe o pant\u0103 cu declivitate de 45%, oprindu-se \u00eentr-un arbore, fiind aruncat din autovehicul.<\/p>\n<p class=\"wp-block-paragraph\">\u00cen urma impactului, \u0219oferul a suferit traumatism toraco-abdominal \u0219i fractur\u0103 de tibie la membrul inferior st\u00e2ng. A fost preluat de un echipaj SMURD \u0219i transportat la Spitalul Clinic Jude\u021bean de Urgen\u021b\u0103 Bistri\u021ba pentru investiga\u021bii am\u0103nun\u021bite. Conform primelor constat\u0103ri, b\u0103rbatul nu purta centura de siguran\u021b\u0103 \u00een momentul producerii accidentului.<\/p>\n<p class=\"wp-block-paragraph\">Din cercet\u0103rile efectuate la fa\u021ba locului de poli\u021bi\u0219tii din Bro\u0219teni a rezultat c\u0103 vinovat de producerea evenimentului se face conduc\u0103torul auto, care nu s-a asigurat corespunz\u0103tor pe drumul \u00eengust.<\/p>\n<p class=\"wp-block-paragraph\">A fost \u00eentocmit dosar penal sub aspectul infrac\u021biunii de v\u0103t\u0103mare corporal\u0103 din culp\u0103<\/p>\n<figure class=\"wp-block-embed is-type-video is-provider-youtube wp-block-embed-youtube wp-embed-aspect-16-9 wp-has-aspect-ratio\">\n<div class=\"wp-block-embed__wrapper\">\n<div class=\"youtube-embed\" data-video_id=\"_C6sLpLOX3c\"><iframe loading=\"lazy\" title=\"Plin de aur pe trepte la Universitate\u2026eu m-am ales cu praful!!! #usv #NewsBucovina \" width=\"696\" height=\"392\" src=\"https:\/\/www.youtube.com\/embed\/_C6sLpLOX3c?feature=oembed&amp;enablejsapi=1\" frameborder allow=\"accelerometer; autoplay; clipboard-write; encrypted-media; gyroscope; picture-in-picture; web-share\" referrerpolicy=\"strict-origin-when-cross-origin\" allowfullscreen><\/iframe><\/div>\n<\/div>\n<\/figure>\n<div class=\"td-a-rec td-a-rec-id-content_bottom  tdi_4 td_block_template_1\"><strong>Intr\u0103 acum \u0219i \u00een grupul de <\/p>\n<div class=\"wp-block-button\"><a class=\"wp-block-button__link wp-element-button\" href=\"https:\/\/t.me\/+TH8wcfnp8fw5NWI0\">Telegram News Bucovina<\/a><\/div>\n<p><\/strong><\/div>\n<\/div>\n<p>[analyse_source url=&#8221;https:\/\/www.newsbucovina.ro\/social\/446033\/barbat-din-brosteni-ranit-grav-dupa-ce-s-a-rasturnat-cu-un-jeep-pe-un-drum-forestier-din-darmoxa&#8221;]<\/p>\n","protected":false},"excerpt":{"rendered":"<p>[analyse_image type=&#8221;featured&#8221; src=&#8221;https:\/\/www.newsbucovina.ro\/wp-content\/uploads\/2026\/08\/WhatsApp-Image-2026-08-08-at-21.18.13.jpeghttps:\/\/cdn.newsbucovina.ro\/wp-content\/uploads\/2026\/08\/WhatsApp-Image-2026-08-08-at-21.18.13.jpeg&#8221;] Intr\u0103 acum \u0219i \u00een grupul de Telegram News Bucovina Un b\u0103rbat \u00een v\u00e2rst\u0103 de 36 de ani, din ora\u0219ul Bro\u0219teni, a fost r\u0103nit s\u00e2mb\u0103t\u0103, 8 august 2026, dup\u0103 ce s-a r\u0103sturnat cu un jeep pe un drum forestier din satul D\u00e2rmoxa. \u00cen jurul orei 15:00, acesta conducea un autoturism marca Nissan Patrol, [&hellip;]<\/p>\n","protected":false},"author":1,"featured_media":0,"comment_status":"open","ping_status":"","sticky":false,"template":"","format":"standard","meta":{"footnotes":""},"categories":[89],"tags":[226,165],"class_list":["post-2085724","post","type-post","status-publish","format-standard","hentry","category-romania","tag-crawlmanager","tag-newsbucovina-ro"],"_links":{"self":[{"href":"https:\/\/analyse.optim.biz\/index.php?rest_route=\/wp\/v2\/posts\/2085724","targetHints":{"allow":["GET"]}}],"collection":[{"href":"https:\/\/analyse.optim.biz\/index.php?rest_route=\/wp\/v2\/posts"}],"about":[{"href":"https:\/\/analyse.optim.biz\/index.php?rest_route=\/wp\/v2\/types\/post"}],"author":[{"embeddable":true,"href":"https:\/\/analyse.optim.biz\/index.php?rest_route=\/wp\/v2\/users\/1"}],"replies":[{"embeddable":true,"href":"https:\/\/analyse.optim.biz\/index.php?rest_route=%2Fwp%2Fv2%2Fcomments&post=2085724"}],"version-history":[{"count":0,"href":"https:\/\/analyse.optim.biz\/index.php?rest_route=\/wp\/v2\/posts\/2085724\/revisions"}],"wp:attachment":[{"href":"https:\/\/analyse.optim.biz\/index.php?rest_route=%2Fwp%2Fv2%2Fmedia&parent=2085724"}],"wp:term":[{"taxonomy":"category","embeddable":true,"href":"https:\/\/analyse.optim.biz\/index.php?rest_route=%2Fwp%2Fv2%2Fcategories&post=2085724"},{"taxonomy":"post_tag","embeddable":true,"href":"https:\/\/analyse.optim.biz\/index.php?rest_route=%2Fwp%2Fv2%2Ftags&post=2085724"}],"curies":[{"name":"wp","href":"https:\/\/api.w.org\/{rel}","templated":true}]}}