{"id":2085716,"date":"2026-08-09T09:52:37","date_gmt":"2026-08-09T06:52:37","guid":{"rendered":"https:\/\/analyse.optim.biz\/?p=2085716"},"modified":"2026-08-09T09:52:37","modified_gmt":"2026-08-09T06:52:37","slug":"foaie-verde-din-bucovina-cere-ministrului-de-externe-sa-se-ocupe-prioritar-de-romanii-din-ucraina","status":"publish","type":"post","link":"https:\/\/analyse.optim.biz\/?p=2085716","title":{"rendered":"Foaie Verde din Bucovina cere ministrului de Externe s\u0103 se ocupe prioritar de rom\u00e2nii din Ucraina"},"content":{"rendered":"<p>[analyse_image type=&#8221;featured&#8221; src=&#8221;https:\/\/www.newsbucovina.ro\/wp-content\/uploads\/2015\/05\/Acibotarita.jpghttps:\/\/cdn.newsbucovina.ro\/wp-content\/uploads\/2015\/05\/Acibotarita.jpg&#8221;]<\/p>\n<div class=\"td-post-content tagdiv-type\">\n<div class=\"td-a-rec td-a-rec-id-content_top  tdi_3 td_block_template_1\"><strong>Intr\u0103 acum \u0219i \u00een grupul de <\/p>\n<div class=\"wp-block-button\"><a class=\"wp-block-button__link wp-element-button\" href=\"https:\/\/t.me\/+TH8wcfnp8fw5NWI0\">Telegram News Bucovina<\/a><\/div>\n<p><\/strong><\/div>\n<p class=\"wp-block-paragraph\">Organiza\u021bia Foaie Verde din Bucovina solicit\u0103 ministrului Afacerilor Externe, Oana-Silvia \u021aoiu, s\u0103 acorde o aten\u021bie mai mare comunit\u0103\u021bii de rom\u00e2ni din Ucraina, pe care o consider\u0103 neglijat\u0103 \u00een favoarea sprijinului general acordat Kievului.<\/p>\n<div class=\"wp-block-image\">\n<figure class=\"aligncenter size-full\"><a href=\"https:\/\/cdn.newsbucovina.ro\/wp-content\/uploads\/2015\/05\/Acibotarita.jpg\"><img loading=\"lazy\" decoding=\"async\" width=\"640\" height=\"480\" src=\"https:\/\/cdn.newsbucovina.ro\/wp-content\/uploads\/2015\/05\/Acibotarita.jpg.webp\" alt class=\"wp-image-128003\"><\/a><\/figure>\n<\/div>\n<p class=\"wp-block-paragraph\">\u00centr-un comunicat de pres\u0103 semnat de Dan Acibot\u0103ri\u0163\u0103, coordonatorul activit\u0103\u021bii organiza\u021biei, se arat\u0103 c\u0103 doamna ministru \u201ese tot pozeaz\u0103 pe unde apuc\u0103 ca un mare sus\u021bin\u0103tor al Ucrainei\u201d, \u00eens\u0103 uit\u0103 de rom\u00e2nii care tr\u0103iesc acolo \u0219i care, potrivit semnatariului, sunt zilnic \u201eumili\u021bi \u0219i batjocori\u021bi de c\u0103tre politicienii din Kiev\u201d. Acibot\u0103ri\u0163\u0103 subliniaz\u0103 c\u0103 Oana \u021aoiu este ministru de externe al Rom\u00e2niei, nu al Ucrainei.<\/p>\n<p class=\"wp-block-paragraph\">Comunicatul aminte\u0219te c\u0103 o parte din istoria rom\u00e2nilor se reg\u0103se\u0219te \u0219i pe teritoriul Ucrainei, unde tr\u0103iesc c\u00e2teva sute de mii de etnici rom\u00e2ni care muncesc \u0219i pl\u0103tesc taxe. Dac\u0103 statul rom\u00e2n nu intervine, comunitatea risc\u0103 s\u0103 se reduc\u0103 drastic dup\u0103 \u00eencheierea conflictului ruso-ucrainean. Deja \u00een unele localit\u0103\u021bi tinerii b\u0103rba\u021bi rom\u00e2ni sunt din ce \u00een ce mai rari, mul\u021bi fiind trimi\u0219i pe front, unde unii au murit sau nu se mai \u0219tie nimic despre ei.<\/p>\n<p class=\"wp-block-paragraph\">Foaie Verde din Bucovina cere ca prioritatea Rom\u00e2niei \u00een rela\u021bia cu Ucraina s\u0103 fie binele rom\u00e2nilor de acolo. Organiza\u021bia propune, totodat\u0103, ca printr-o hot\u0103r\u00e2re de guvern rom\u00e2nii din Ucraina s\u0103 primeasc\u0103 automat cet\u0103\u021benia rom\u00e2n\u0103.<\/p>\n<figure class=\"wp-block-embed is-type-video is-provider-youtube wp-block-embed-youtube wp-embed-aspect-16-9 wp-has-aspect-ratio\">\n<div class=\"wp-block-embed__wrapper\">\n<div class=\"youtube-embed\" data-video_id=\"_C6sLpLOX3c\"><iframe loading=\"lazy\" title=\"Plin de aur pe trepte la Universitate\u2026eu m-am ales cu praful!!! #usv #NewsBucovina \" width=\"696\" height=\"392\" src=\"https:\/\/www.youtube.com\/embed\/_C6sLpLOX3c?feature=oembed&amp;enablejsapi=1\" frameborder allow=\"accelerometer; autoplay; clipboard-write; encrypted-media; gyroscope; picture-in-picture; web-share\" referrerpolicy=\"strict-origin-when-cross-origin\" allowfullscreen><\/iframe><\/div>\n<\/div>\n<\/figure>\n<div class=\"td-a-rec td-a-rec-id-content_bottom  tdi_4 td_block_template_1\"><strong>Intr\u0103 acum \u0219i \u00een grupul de <\/p>\n<div class=\"wp-block-button\"><a class=\"wp-block-button__link wp-element-button\" href=\"https:\/\/t.me\/+TH8wcfnp8fw5NWI0\">Telegram News Bucovina<\/a><\/div>\n<p><\/strong><\/div>\n<\/div>\n<div class=\"td-post-content tagdiv-type\">\n<div class=\"td-a-rec td-a-rec-id-content_top  tdi_3 td_block_template_1\"><strong>Intr\u0103 acum \u0219i \u00een grupul de <\/p>\n<div class=\"wp-block-button\"><a class=\"wp-block-button__link wp-element-button\" href=\"https:\/\/t.me\/+TH8wcfnp8fw5NWI0\">Telegram News Bucovina<\/a><\/div>\n<p><\/strong><\/div>\n<p class=\"wp-block-paragraph\">Organiza\u021bia Foaie Verde din Bucovina solicit\u0103 ministrului Afacerilor Externe, Oana-Silvia \u021aoiu, s\u0103 acorde o aten\u021bie mai mare comunit\u0103\u021bii de rom\u00e2ni din Ucraina, pe care o consider\u0103 neglijat\u0103 \u00een favoarea sprijinului general acordat Kievului.<\/p>\n<div class=\"wp-block-image\">\n<figure class=\"aligncenter size-full\"><a href=\"https:\/\/cdn.newsbucovina.ro\/wp-content\/uploads\/2015\/05\/Acibotarita.jpg\"><img loading=\"lazy\" decoding=\"async\" width=\"640\" height=\"480\" src=\"https:\/\/cdn.newsbucovina.ro\/wp-content\/uploads\/2015\/05\/Acibotarita.jpg.webp\" alt class=\"wp-image-128003\"><\/a><\/figure>\n<\/div>\n<p class=\"wp-block-paragraph\">\u00centr-un comunicat de pres\u0103 semnat de Dan Acibot\u0103ri\u0163\u0103, coordonatorul activit\u0103\u021bii organiza\u021biei, se arat\u0103 c\u0103 doamna ministru \u201ese tot pozeaz\u0103 pe unde apuc\u0103 ca un mare sus\u021bin\u0103tor al Ucrainei\u201d, \u00eens\u0103 uit\u0103 de rom\u00e2nii care tr\u0103iesc acolo \u0219i care, potrivit semnatariului, sunt zilnic \u201eumili\u021bi \u0219i batjocori\u021bi de c\u0103tre politicienii din Kiev\u201d. Acibot\u0103ri\u0163\u0103 subliniaz\u0103 c\u0103 Oana \u021aoiu este ministru de externe al Rom\u00e2niei, nu al Ucrainei.<\/p>\n<p class=\"wp-block-paragraph\">Comunicatul aminte\u0219te c\u0103 o parte din istoria rom\u00e2nilor se reg\u0103se\u0219te \u0219i pe teritoriul Ucrainei, unde tr\u0103iesc c\u00e2teva sute de mii de etnici rom\u00e2ni care muncesc \u0219i pl\u0103tesc taxe. Dac\u0103 statul rom\u00e2n nu intervine, comunitatea risc\u0103 s\u0103 se reduc\u0103 drastic dup\u0103 \u00eencheierea conflictului ruso-ucrainean. Deja \u00een unele localit\u0103\u021bi tinerii b\u0103rba\u021bi rom\u00e2ni sunt din ce \u00een ce mai rari, mul\u021bi fiind trimi\u0219i pe front, unde unii au murit sau nu se mai \u0219tie nimic despre ei.<\/p>\n<p class=\"wp-block-paragraph\">Foaie Verde din Bucovina cere ca prioritatea Rom\u00e2niei \u00een rela\u021bia cu Ucraina s\u0103 fie binele rom\u00e2nilor de acolo. Organiza\u021bia propune, totodat\u0103, ca printr-o hot\u0103r\u00e2re de guvern rom\u00e2nii din Ucraina s\u0103 primeasc\u0103 automat cet\u0103\u021benia rom\u00e2n\u0103.<\/p>\n<figure class=\"wp-block-embed is-type-video is-provider-youtube wp-block-embed-youtube wp-embed-aspect-16-9 wp-has-aspect-ratio\">\n<div class=\"wp-block-embed__wrapper\">\n<div class=\"youtube-embed\" data-video_id=\"_C6sLpLOX3c\"><iframe loading=\"lazy\" title=\"Plin de aur pe trepte la Universitate\u2026eu m-am ales cu praful!!! #usv #NewsBucovina \" width=\"696\" height=\"392\" src=\"https:\/\/www.youtube.com\/embed\/_C6sLpLOX3c?feature=oembed&amp;enablejsapi=1\" frameborder allow=\"accelerometer; autoplay; clipboard-write; encrypted-media; gyroscope; picture-in-picture; web-share\" referrerpolicy=\"strict-origin-when-cross-origin\" allowfullscreen><\/iframe><\/div>\n<\/div>\n<\/figure>\n<div class=\"td-a-rec td-a-rec-id-content_bottom  tdi_4 td_block_template_1\"><strong>Intr\u0103 acum \u0219i \u00een grupul de <\/p>\n<div class=\"wp-block-button\"><a class=\"wp-block-button__link wp-element-button\" href=\"https:\/\/t.me\/+TH8wcfnp8fw5NWI0\">Telegram News Bucovina<\/a><\/div>\n<p><\/strong><\/div>\n<\/div>\n<p>[analyse_source url=&#8221;https:\/\/www.newsbucovina.ro\/politica\/446037\/foaie-verde-din-bucovina-cere-ministrului-de-externe-sa-se-ocupe-prioritar-de-romanii-din-ucraina&#8221;]<\/p>\n","protected":false},"excerpt":{"rendered":"<p>[analyse_image type=&#8221;featured&#8221; src=&#8221;https:\/\/www.newsbucovina.ro\/wp-content\/uploads\/2015\/05\/Acibotarita.jpghttps:\/\/cdn.newsbucovina.ro\/wp-content\/uploads\/2015\/05\/Acibotarita.jpg&#8221;] Intr\u0103 acum \u0219i \u00een grupul de Telegram News Bucovina Organiza\u021bia Foaie Verde din Bucovina solicit\u0103 ministrului Afacerilor Externe, Oana-Silvia \u021aoiu, s\u0103 acorde o aten\u021bie mai mare comunit\u0103\u021bii de rom\u00e2ni din Ucraina, pe care o consider\u0103 neglijat\u0103 \u00een favoarea sprijinului general acordat Kievului. \u00centr-un comunicat de pres\u0103 semnat de Dan Acibot\u0103ri\u0163\u0103, coordonatorul activit\u0103\u021bii [&hellip;]<\/p>\n","protected":false},"author":1,"featured_media":0,"comment_status":"open","ping_status":"","sticky":false,"template":"","format":"standard","meta":{"footnotes":""},"categories":[89],"tags":[226,165],"class_list":["post-2085716","post","type-post","status-publish","format-standard","hentry","category-romania","tag-crawlmanager","tag-newsbucovina-ro"],"_links":{"self":[{"href":"https:\/\/analyse.optim.biz\/index.php?rest_route=\/wp\/v2\/posts\/2085716","targetHints":{"allow":["GET"]}}],"collection":[{"href":"https:\/\/analyse.optim.biz\/index.php?rest_route=\/wp\/v2\/posts"}],"about":[{"href":"https:\/\/analyse.optim.biz\/index.php?rest_route=\/wp\/v2\/types\/post"}],"author":[{"embeddable":true,"href":"https:\/\/analyse.optim.biz\/index.php?rest_route=\/wp\/v2\/users\/1"}],"replies":[{"embeddable":true,"href":"https:\/\/analyse.optim.biz\/index.php?rest_route=%2Fwp%2Fv2%2Fcomments&post=2085716"}],"version-history":[{"count":0,"href":"https:\/\/analyse.optim.biz\/index.php?rest_route=\/wp\/v2\/posts\/2085716\/revisions"}],"wp:attachment":[{"href":"https:\/\/analyse.optim.biz\/index.php?rest_route=%2Fwp%2Fv2%2Fmedia&parent=2085716"}],"wp:term":[{"taxonomy":"category","embeddable":true,"href":"https:\/\/analyse.optim.biz\/index.php?rest_route=%2Fwp%2Fv2%2Fcategories&post=2085716"},{"taxonomy":"post_tag","embeddable":true,"href":"https:\/\/analyse.optim.biz\/index.php?rest_route=%2Fwp%2Fv2%2Ftags&post=2085716"}],"curies":[{"name":"wp","href":"https:\/\/api.w.org\/{rel}","templated":true}]}}