{"id":2085714,"date":"2026-08-08T12:22:22","date_gmt":"2026-08-08T09:22:22","guid":{"rendered":"https:\/\/analyse.optim.biz\/?p=2085714"},"modified":"2026-08-08T12:22:22","modified_gmt":"2026-08-08T09:22:22","slug":"hit-fest-bucovina-a-debutat-la-gura-humorului-cu-sprijinul-consiliului-judetean","status":"publish","type":"post","link":"https:\/\/analyse.optim.biz\/?p=2085714","title":{"rendered":"Hit Fest Bucovina a debutat la Gura Humorului, cu sprijinul Consiliului Jude\u021bean"},"content":{"rendered":"<p>[analyse_image type=&#8221;featured&#8221; src=&#8221;https:\/\/www.newsbucovina.ro\/wp-content\/uploads\/2026\/08\/WhatsApp-Image-2026-08-08-at-13.51.37-1.jpeghttps:\/\/cdn.newsbucovina.ro\/wp-content\/uploads\/2026\/08\/WhatsApp-Image-2026-08-08-at-13.51.37-1.jpeg&#8221;]<\/p>\n<div class=\"td-post-content tagdiv-type\">\n<div class=\"td-a-rec td-a-rec-id-content_top  tdi_3 td_block_template_1\"><strong>Intr\u0103 acum \u0219i \u00een grupul de <\/p>\n<div class=\"wp-block-button\"><a class=\"wp-block-button__link wp-element-button\" href=\"https:\/\/t.me\/+TH8wcfnp8fw5NWI0\">Telegram News Bucovina<\/a><\/div>\n<p><\/strong><\/div>\n<p class=\"wp-block-paragraph\">Vicepre\u0219edintele Consiliului Jude\u021bean Suceava, Stelian Simeria, a fost prezent vineri sear\u0103, al\u0103turi de so\u021bia sa, la deschiderea primei edi\u021bii a Hit Fest Bucovina. Festivalul se desf\u0103\u0219oar\u0103 timp de trei zile \u00een Parcul Arini\u0219 din Gura Humorului, iar Consiliul Jude\u021bean Suceava este partener al proiectului, pe care \u00eel sprijin\u0103 financiar.<\/p>\n<figure class=\"wp-block-gallery has-nested-images columns-default is-cropped wp-block-gallery-1 is-layout-flex wp-block-gallery-is-layout-flex\">\n<figure class=\"wp-block-image size-large\"><a href=\"https:\/\/cdn.newsbucovina.ro\/wp-content\/uploads\/2026\/08\/WhatsApp-Image-2026-08-08-at-13.51.36-1.jpeg\"><img loading=\"lazy\" decoding=\"async\" width=\"768\" height=\"1024\" data-id=\"445941\" src=\"https:\/\/cdn.newsbucovina.ro\/wp-content\/uploads\/2026\/08\/WhatsApp-Image-2026-08-08-at-13.51.36-1-768x1024.jpeg\" alt class=\"wp-image-445941\"><\/a><\/figure>\n<figure class=\"wp-block-image size-large\"><a href=\"https:\/\/cdn.newsbucovina.ro\/wp-content\/uploads\/2026\/08\/WhatsApp-Image-2026-08-08-at-13.51.36.jpeg\"><img loading=\"lazy\" decoding=\"async\" width=\"1024\" height=\"683\" data-id=\"445942\" src=\"https:\/\/cdn.newsbucovina.ro\/wp-content\/uploads\/2026\/08\/WhatsApp-Image-2026-08-08-at-13.51.36-1024x683.jpeg\" alt class=\"wp-image-445942\"><\/a><\/figure>\n<figure class=\"wp-block-image size-large\"><a href=\"https:\/\/cdn.newsbucovina.ro\/wp-content\/uploads\/2026\/08\/WhatsApp-Image-2026-08-08-at-13.51.37-1.jpeg\"><img loading=\"lazy\" decoding=\"async\" width=\"1024\" height=\"576\" data-id=\"445945\" src=\"https:\/\/cdn.newsbucovina.ro\/wp-content\/uploads\/2026\/08\/WhatsApp-Image-2026-08-08-at-13.51.37-1-1024x576.jpeg\" alt class=\"wp-image-445945\"><\/a><\/figure>\n<figure class=\"wp-block-image size-large\"><a href=\"https:\/\/cdn.newsbucovina.ro\/wp-content\/uploads\/2026\/08\/WhatsApp-Image-2026-08-08-at-13.51.37-2.jpeg\"><img decoding=\"async\" loading=\"lazy\" width=\"684\" height=\"1024\" data-id=\"445935\" src=\"https:\/\/cdn.newsbucovina.ro\/wp-content\/uploads\/2026\/08\/WhatsApp-Image-2026-08-08-at-13.51.37-2-684x1024.jpeg\" alt class=\"wp-image-445935\"><\/a><\/figure>\n<figure class=\"wp-block-image size-large\"><a href=\"https:\/\/cdn.newsbucovina.ro\/wp-content\/uploads\/2026\/08\/WhatsApp-Image-2026-08-08-at-13.51.37.jpeg\"><img decoding=\"async\" loading=\"lazy\" width=\"1024\" height=\"683\" data-id=\"445936\" src=\"https:\/\/cdn.newsbucovina.ro\/wp-content\/uploads\/2026\/08\/WhatsApp-Image-2026-08-08-at-13.51.37-1024x683.jpeg\" alt class=\"wp-image-445936\"><\/a><\/figure>\n<figure class=\"wp-block-image size-large\"><a href=\"https:\/\/cdn.newsbucovina.ro\/wp-content\/uploads\/2026\/08\/WhatsApp-Image-2026-08-08-at-13.51.38-1.jpeg\"><img decoding=\"async\" loading=\"lazy\" width=\"1024\" height=\"684\" data-id=\"445943\" src=\"https:\/\/cdn.newsbucovina.ro\/wp-content\/uploads\/2026\/08\/WhatsApp-Image-2026-08-08-at-13.51.38-1-1024x684.jpeg\" alt class=\"wp-image-445943\"><\/a><\/figure>\n<figure class=\"wp-block-image size-large\"><a href=\"https:\/\/cdn.newsbucovina.ro\/wp-content\/uploads\/2026\/08\/WhatsApp-Image-2026-08-08-at-13.51.38-2.jpeg\"><img decoding=\"async\" loading=\"lazy\" width=\"684\" height=\"1024\" data-id=\"445940\" src=\"https:\/\/cdn.newsbucovina.ro\/wp-content\/uploads\/2026\/08\/WhatsApp-Image-2026-08-08-at-13.51.38-2-684x1024.jpeg\" alt class=\"wp-image-445940\"><\/a><\/figure>\n<figure class=\"wp-block-image size-large\"><a href=\"https:\/\/cdn.newsbucovina.ro\/wp-content\/uploads\/2026\/08\/WhatsApp-Image-2026-08-08-at-13.51.38.jpeg\"><img decoding=\"async\" loading=\"lazy\" width=\"684\" height=\"1024\" data-id=\"445937\" src=\"https:\/\/cdn.newsbucovina.ro\/wp-content\/uploads\/2026\/08\/WhatsApp-Image-2026-08-08-at-13.51.38-684x1024.jpeg\" alt class=\"wp-image-445937\"><\/a><\/figure>\n<figure class=\"wp-block-image size-large\"><a href=\"https:\/\/cdn.newsbucovina.ro\/wp-content\/uploads\/2026\/08\/WhatsApp-Image-2026-08-08-at-13.51.39.jpeg\"><img decoding=\"async\" loading=\"lazy\" width=\"684\" height=\"1024\" data-id=\"445938\" src=\"https:\/\/cdn.newsbucovina.ro\/wp-content\/uploads\/2026\/08\/WhatsApp-Image-2026-08-08-at-13.51.39-684x1024.jpeg\" alt class=\"wp-image-445938\"><\/a><\/figure>\n<figure class=\"wp-block-image size-large\"><a href=\"https:\/\/cdn.newsbucovina.ro\/wp-content\/uploads\/2026\/08\/WhatsApp-Image-2026-08-08-at-13.51.51.jpeg\"><img decoding=\"async\" loading=\"lazy\" width=\"1024\" height=\"814\" data-id=\"445939\" src=\"https:\/\/cdn.newsbucovina.ro\/wp-content\/uploads\/2026\/08\/WhatsApp-Image-2026-08-08-at-13.51.51-1024x814.jpeg\" alt class=\"wp-image-445939\"><\/a><\/figure>\n<figure class=\"wp-block-image size-large\"><a href=\"https:\/\/cdn.newsbucovina.ro\/wp-content\/uploads\/2026\/08\/WhatsApp-Image-2026-08-08-at-13.51.52.jpeg\"><img decoding=\"async\" loading=\"lazy\" width=\"1024\" height=\"684\" data-id=\"445944\" src=\"https:\/\/cdn.newsbucovina.ro\/wp-content\/uploads\/2026\/08\/WhatsApp-Image-2026-08-08-at-13.51.52-1024x684.jpeg\" alt class=\"wp-image-445944\"><\/a><\/figure>\n<\/figure>\n<p class=\"wp-block-paragraph\">Prima sear\u0103 a reunit public de toate v\u00e2rstele, \u00eentr-o atmosfer\u0103 de vacan\u021b\u0103, pe hiturile anilor \u201980, \u201990 \u0219i 2000. Seara de vineri a fost \u00eencheiat\u0103 de Haddaway, iar s\u00e2mb\u0103t\u0103, pe scena din Parcul Arini\u0219, urc\u0103 forma\u021bia Fun Factory.<\/p>\n<p class=\"wp-block-paragraph\">\u201eM\u0103 bucur c\u0103 un astfel de festival are loc la Gura Humorului. Mi-a pl\u0103cut atmosfera de asear\u0103 \u0219i, mai ales, s\u0103 v\u0103d oameni de genera\u021bii diferite bucur\u00e2ndu-se \u00eempreun\u0103 de muzica pe care mul\u021bi dintre noi am crescut. Suntem o echip\u0103 relativ t\u00e2n\u0103r\u0103 la Consiliul Jude\u021bean Suceava, iar faptul c\u0103 avem cel mai t\u00e2n\u0103r pre\u0219edinte de Consiliu Jude\u021bean din \u021bar\u0103, Gheorghe \u0218oldan, se vede \u00een dinamismul \u0219i \u00een viziunea acestei administra\u021bii, inclusiv \u00een dorin\u021ba de a avea o ofert\u0103 cultural\u0103 c\u00e2t mai divers\u0103. Trebuie s\u0103 deschidem mai mult jude\u021bul \u0219i c\u0103tre festivaluri moderne, care s\u0103 aduc\u0103 aici tineri, turi\u0219ti \u0219i public din alte zone ale \u021b\u0103rii\u201d, a declarat Stelian Simeria.<\/p>\n<p class=\"wp-block-paragraph\">Vicepre\u0219edintele Consiliului Jude\u021bean a amintit c\u0103 institu\u021bia a sprijinit Suceava Jazz Fest \u00eenc\u0103 de la prima edi\u021bie, festivalul Folk S\u2019aline Cacica, organizeaz\u0103 \u0219i sus\u021bine financiar Festivalul Ciprian Porumbescu, iar peste dou\u0103 s\u0103pt\u0103m\u00e2ni urmeaz\u0103 Cetatea de ROCK a Sucevei. \u00cen septembrie, CJ Suceava sprijin\u0103 \u0219i Simfonii de Toamn\u0103, edi\u021bia din acest an av\u00e2nd-o invitat\u0103 pe soprana Angela Gheorghiu.<\/p>\n<p class=\"wp-block-paragraph\">\u201eVede\u021bi, nu facem doar drumuri \u0219i poduri. Suntem implica\u021bi \u0219i \u00een foarte multe alte proiecte culturale. Era nevoie \u0219i de un festival retro. Astfel de evenimente exist\u0103 de ani buni \u00een alte zone ale \u021b\u0103rii \u0219i e bine c\u0103 avem unul \u0219i \u00een jude\u021bul Suceava. Festivalurile mari pot aduce zeci de mii de oameni \u0219i pot cre\u0219te vizibilitatea unei zone, iar Bucovina are toate atuurile pentru astfel de evenimente. HitFest Bucovina este la prima edi\u021bie, dar are toate \u0219ansele s\u0103 devin\u0103 un reper pentru Gura Humorului \u0219i pentru jude\u021bul Suceava. Este un \u00eenceput foarte bun \u0219i le doresc organizatorilor mul\u021bi ani de HitFest \u0219i un festival tot mai bun de la o edi\u021bie la alta\u201d, a mai spus Stelian Simeria.<\/p>\n<p class=\"wp-block-paragraph\">Hit Fest Bucovina continu\u0103 s\u00e2mb\u0103t\u0103 \u0219i duminic\u0103 \u00een Parcul Arini\u0219 din Gura Humorului. Construit \u00een jurul muzicii anilor \u201980, \u201990 \u0219i 2000, festivalul aduce pe scen\u0103 arti\u0219ti rom\u00e2ni \u0219i interna\u021bionali \u0219i include spectacole de lumini \u0219i efecte speciale, activit\u0103\u021bi pentru copii \u0219i familii, precum \u0219i zone dedicate sportului \u0219i mi\u0219c\u0103rii.<\/p>\n<figure class=\"wp-block-embed is-type-video is-provider-youtube wp-block-embed-youtube wp-embed-aspect-16-9 wp-has-aspect-ratio\">\n<div class=\"wp-block-embed__wrapper\">\n<div class=\"youtube-embed\" data-video_id=\"owaoRC5i8gM\"><iframe loading=\"lazy\" title=\"De ce s\u0103 vrei s\u0103 MORI la 23 de ani?? Buchet de infrac\u021biuni = ADIO via\u021b\u0103!!! Nu a avut nicio \u0219ans\u0103...\" width=\"696\" height=\"392\" src=\"https:\/\/www.youtube.com\/embed\/owaoRC5i8gM?start=15&amp;feature=oembed\" frameborder allow=\"accelerometer; autoplay; clipboard-write; encrypted-media; gyroscope; picture-in-picture; web-share\" referrerpolicy=\"strict-origin-when-cross-origin\" allowfullscreen><\/iframe><\/div>\n<\/div>\n<\/figure>\n<div class=\"td-a-rec td-a-rec-id-content_bottom  tdi_4 td_block_template_1\"><strong>Intr\u0103 acum \u0219i \u00een grupul de <\/p>\n<div class=\"wp-block-button\"><a class=\"wp-block-button__link wp-element-button\" href=\"https:\/\/t.me\/+TH8wcfnp8fw5NWI0\">Telegram News Bucovina<\/a><\/div>\n<p><\/strong><\/div>\n<\/div>\n<div class=\"td-post-content tagdiv-type\">\n<div class=\"td-a-rec td-a-rec-id-content_top  tdi_3 td_block_template_1\"><strong>Intr\u0103 acum \u0219i \u00een grupul de <\/p>\n<div class=\"wp-block-button\"><a class=\"wp-block-button__link wp-element-button\" href=\"https:\/\/t.me\/+TH8wcfnp8fw5NWI0\">Telegram News Bucovina<\/a><\/div>\n<p><\/strong><\/div>\n<p class=\"wp-block-paragraph\">Vicepre\u0219edintele Consiliului Jude\u021bean Suceava, Stelian Simeria, a fost prezent vineri sear\u0103, al\u0103turi de so\u021bia sa, la deschiderea primei edi\u021bii a Hit Fest Bucovina. Festivalul se desf\u0103\u0219oar\u0103 timp de trei zile \u00een Parcul Arini\u0219 din Gura Humorului, iar Consiliul Jude\u021bean Suceava este partener al proiectului, pe care \u00eel sprijin\u0103 financiar.<\/p>\n<figure class=\"wp-block-gallery has-nested-images columns-default is-cropped wp-block-gallery-1 is-layout-flex wp-block-gallery-is-layout-flex\">\n<figure class=\"wp-block-image size-large\"><a href=\"https:\/\/cdn.newsbucovina.ro\/wp-content\/uploads\/2026\/08\/WhatsApp-Image-2026-08-08-at-13.51.36-1.jpeg\"><img loading=\"lazy\" decoding=\"async\" width=\"768\" height=\"1024\" data-id=\"445941\" src=\"https:\/\/cdn.newsbucovina.ro\/wp-content\/uploads\/2026\/08\/WhatsApp-Image-2026-08-08-at-13.51.36-1-768x1024.jpeg\" alt class=\"wp-image-445941\"><\/a><\/figure>\n<figure class=\"wp-block-image size-large\"><a href=\"https:\/\/cdn.newsbucovina.ro\/wp-content\/uploads\/2026\/08\/WhatsApp-Image-2026-08-08-at-13.51.36.jpeg\"><img loading=\"lazy\" decoding=\"async\" width=\"1024\" height=\"683\" data-id=\"445942\" src=\"https:\/\/cdn.newsbucovina.ro\/wp-content\/uploads\/2026\/08\/WhatsApp-Image-2026-08-08-at-13.51.36-1024x683.jpeg\" alt class=\"wp-image-445942\"><\/a><\/figure>\n<figure class=\"wp-block-image size-large\"><a href=\"https:\/\/cdn.newsbucovina.ro\/wp-content\/uploads\/2026\/08\/WhatsApp-Image-2026-08-08-at-13.51.37-1.jpeg\"><img loading=\"lazy\" decoding=\"async\" width=\"1024\" height=\"576\" data-id=\"445945\" src=\"https:\/\/cdn.newsbucovina.ro\/wp-content\/uploads\/2026\/08\/WhatsApp-Image-2026-08-08-at-13.51.37-1-1024x576.jpeg\" alt class=\"wp-image-445945\"><\/a><\/figure>\n<figure class=\"wp-block-image size-large\"><a href=\"https:\/\/cdn.newsbucovina.ro\/wp-content\/uploads\/2026\/08\/WhatsApp-Image-2026-08-08-at-13.51.37-2.jpeg\"><img decoding=\"async\" loading=\"lazy\" width=\"684\" height=\"1024\" data-id=\"445935\" src=\"https:\/\/cdn.newsbucovina.ro\/wp-content\/uploads\/2026\/08\/WhatsApp-Image-2026-08-08-at-13.51.37-2-684x1024.jpeg\" alt class=\"wp-image-445935\"><\/a><\/figure>\n<figure class=\"wp-block-image size-large\"><a href=\"https:\/\/cdn.newsbucovina.ro\/wp-content\/uploads\/2026\/08\/WhatsApp-Image-2026-08-08-at-13.51.37.jpeg\"><img decoding=\"async\" loading=\"lazy\" width=\"1024\" height=\"683\" data-id=\"445936\" src=\"https:\/\/cdn.newsbucovina.ro\/wp-content\/uploads\/2026\/08\/WhatsApp-Image-2026-08-08-at-13.51.37-1024x683.jpeg\" alt class=\"wp-image-445936\"><\/a><\/figure>\n<figure class=\"wp-block-image size-large\"><a href=\"https:\/\/cdn.newsbucovina.ro\/wp-content\/uploads\/2026\/08\/WhatsApp-Image-2026-08-08-at-13.51.38-1.jpeg\"><img decoding=\"async\" loading=\"lazy\" width=\"1024\" height=\"684\" data-id=\"445943\" src=\"https:\/\/cdn.newsbucovina.ro\/wp-content\/uploads\/2026\/08\/WhatsApp-Image-2026-08-08-at-13.51.38-1-1024x684.jpeg\" alt class=\"wp-image-445943\"><\/a><\/figure>\n<figure class=\"wp-block-image size-large\"><a href=\"https:\/\/cdn.newsbucovina.ro\/wp-content\/uploads\/2026\/08\/WhatsApp-Image-2026-08-08-at-13.51.38-2.jpeg\"><img decoding=\"async\" loading=\"lazy\" width=\"684\" height=\"1024\" data-id=\"445940\" src=\"https:\/\/cdn.newsbucovina.ro\/wp-content\/uploads\/2026\/08\/WhatsApp-Image-2026-08-08-at-13.51.38-2-684x1024.jpeg\" alt class=\"wp-image-445940\"><\/a><\/figure>\n<figure class=\"wp-block-image size-large\"><a href=\"https:\/\/cdn.newsbucovina.ro\/wp-content\/uploads\/2026\/08\/WhatsApp-Image-2026-08-08-at-13.51.38.jpeg\"><img decoding=\"async\" loading=\"lazy\" width=\"684\" height=\"1024\" data-id=\"445937\" src=\"https:\/\/cdn.newsbucovina.ro\/wp-content\/uploads\/2026\/08\/WhatsApp-Image-2026-08-08-at-13.51.38-684x1024.jpeg\" alt class=\"wp-image-445937\"><\/a><\/figure>\n<figure class=\"wp-block-image size-large\"><a href=\"https:\/\/cdn.newsbucovina.ro\/wp-content\/uploads\/2026\/08\/WhatsApp-Image-2026-08-08-at-13.51.39.jpeg\"><img decoding=\"async\" loading=\"lazy\" width=\"684\" height=\"1024\" data-id=\"445938\" src=\"https:\/\/cdn.newsbucovina.ro\/wp-content\/uploads\/2026\/08\/WhatsApp-Image-2026-08-08-at-13.51.39-684x1024.jpeg\" alt class=\"wp-image-445938\"><\/a><\/figure>\n<figure class=\"wp-block-image size-large\"><a href=\"https:\/\/cdn.newsbucovina.ro\/wp-content\/uploads\/2026\/08\/WhatsApp-Image-2026-08-08-at-13.51.51.jpeg\"><img decoding=\"async\" loading=\"lazy\" width=\"1024\" height=\"814\" data-id=\"445939\" src=\"https:\/\/cdn.newsbucovina.ro\/wp-content\/uploads\/2026\/08\/WhatsApp-Image-2026-08-08-at-13.51.51-1024x814.jpeg\" alt class=\"wp-image-445939\"><\/a><\/figure>\n<figure class=\"wp-block-image size-large\"><a href=\"https:\/\/cdn.newsbucovina.ro\/wp-content\/uploads\/2026\/08\/WhatsApp-Image-2026-08-08-at-13.51.52.jpeg\"><img decoding=\"async\" loading=\"lazy\" width=\"1024\" height=\"684\" data-id=\"445944\" src=\"https:\/\/cdn.newsbucovina.ro\/wp-content\/uploads\/2026\/08\/WhatsApp-Image-2026-08-08-at-13.51.52-1024x684.jpeg\" alt class=\"wp-image-445944\"><\/a><\/figure>\n<\/figure>\n<p class=\"wp-block-paragraph\">Prima sear\u0103 a reunit public de toate v\u00e2rstele, \u00eentr-o atmosfer\u0103 de vacan\u021b\u0103, pe hiturile anilor \u201980, \u201990 \u0219i 2000. Seara de vineri a fost \u00eencheiat\u0103 de Haddaway, iar s\u00e2mb\u0103t\u0103, pe scena din Parcul Arini\u0219, urc\u0103 forma\u021bia Fun Factory.<\/p>\n<p class=\"wp-block-paragraph\">\u201eM\u0103 bucur c\u0103 un astfel de festival are loc la Gura Humorului. Mi-a pl\u0103cut atmosfera de asear\u0103 \u0219i, mai ales, s\u0103 v\u0103d oameni de genera\u021bii diferite bucur\u00e2ndu-se \u00eempreun\u0103 de muzica pe care mul\u021bi dintre noi am crescut. Suntem o echip\u0103 relativ t\u00e2n\u0103r\u0103 la Consiliul Jude\u021bean Suceava, iar faptul c\u0103 avem cel mai t\u00e2n\u0103r pre\u0219edinte de Consiliu Jude\u021bean din \u021bar\u0103, Gheorghe \u0218oldan, se vede \u00een dinamismul \u0219i \u00een viziunea acestei administra\u021bii, inclusiv \u00een dorin\u021ba de a avea o ofert\u0103 cultural\u0103 c\u00e2t mai divers\u0103. Trebuie s\u0103 deschidem mai mult jude\u021bul \u0219i c\u0103tre festivaluri moderne, care s\u0103 aduc\u0103 aici tineri, turi\u0219ti \u0219i public din alte zone ale \u021b\u0103rii\u201d, a declarat Stelian Simeria.<\/p>\n<p class=\"wp-block-paragraph\">Vicepre\u0219edintele Consiliului Jude\u021bean a amintit c\u0103 institu\u021bia a sprijinit Suceava Jazz Fest \u00eenc\u0103 de la prima edi\u021bie, festivalul Folk S\u2019aline Cacica, organizeaz\u0103 \u0219i sus\u021bine financiar Festivalul Ciprian Porumbescu, iar peste dou\u0103 s\u0103pt\u0103m\u00e2ni urmeaz\u0103 Cetatea de ROCK a Sucevei. \u00cen septembrie, CJ Suceava sprijin\u0103 \u0219i Simfonii de Toamn\u0103, edi\u021bia din acest an av\u00e2nd-o invitat\u0103 pe soprana Angela Gheorghiu.<\/p>\n<p class=\"wp-block-paragraph\">\u201eVede\u021bi, nu facem doar drumuri \u0219i poduri. Suntem implica\u021bi \u0219i \u00een foarte multe alte proiecte culturale. Era nevoie \u0219i de un festival retro. Astfel de evenimente exist\u0103 de ani buni \u00een alte zone ale \u021b\u0103rii \u0219i e bine c\u0103 avem unul \u0219i \u00een jude\u021bul Suceava. Festivalurile mari pot aduce zeci de mii de oameni \u0219i pot cre\u0219te vizibilitatea unei zone, iar Bucovina are toate atuurile pentru astfel de evenimente. HitFest Bucovina este la prima edi\u021bie, dar are toate \u0219ansele s\u0103 devin\u0103 un reper pentru Gura Humorului \u0219i pentru jude\u021bul Suceava. Este un \u00eenceput foarte bun \u0219i le doresc organizatorilor mul\u021bi ani de HitFest \u0219i un festival tot mai bun de la o edi\u021bie la alta\u201d, a mai spus Stelian Simeria.<\/p>\n<p class=\"wp-block-paragraph\">Hit Fest Bucovina continu\u0103 s\u00e2mb\u0103t\u0103 \u0219i duminic\u0103 \u00een Parcul Arini\u0219 din Gura Humorului. Construit \u00een jurul muzicii anilor \u201980, \u201990 \u0219i 2000, festivalul aduce pe scen\u0103 arti\u0219ti rom\u00e2ni \u0219i interna\u021bionali \u0219i include spectacole de lumini \u0219i efecte speciale, activit\u0103\u021bi pentru copii \u0219i familii, precum \u0219i zone dedicate sportului \u0219i mi\u0219c\u0103rii.<\/p>\n<figure class=\"wp-block-embed is-type-video is-provider-youtube wp-block-embed-youtube wp-embed-aspect-16-9 wp-has-aspect-ratio\">\n<div class=\"wp-block-embed__wrapper\">\n<div class=\"youtube-embed\" data-video_id=\"owaoRC5i8gM\"><iframe loading=\"lazy\" title=\"De ce s\u0103 vrei s\u0103 MORI la 23 de ani?? Buchet de infrac\u021biuni = ADIO via\u021b\u0103!!! Nu a avut nicio \u0219ans\u0103...\" width=\"696\" height=\"392\" src=\"https:\/\/www.youtube.com\/embed\/owaoRC5i8gM?start=15&amp;feature=oembed\" frameborder allow=\"accelerometer; autoplay; clipboard-write; encrypted-media; gyroscope; picture-in-picture; web-share\" referrerpolicy=\"strict-origin-when-cross-origin\" allowfullscreen><\/iframe><\/div>\n<\/div>\n<\/figure>\n<div class=\"td-a-rec td-a-rec-id-content_bottom  tdi_4 td_block_template_1\"><strong>Intr\u0103 acum \u0219i \u00een grupul de <\/p>\n<div class=\"wp-block-button\"><a class=\"wp-block-button__link wp-element-button\" href=\"https:\/\/t.me\/+TH8wcfnp8fw5NWI0\">Telegram News Bucovina<\/a><\/div>\n<p><\/strong><\/div>\n<\/div>\n<p>[analyse_source url=&#8221;https:\/\/www.newsbucovina.ro\/actualitate\/445934\/hit-fest-bucovina-a-debutat-la-gura-humorului-cu-sprijinul-consiliului-judetean&#8221;]<\/p>\n","protected":false},"excerpt":{"rendered":"<p>[analyse_image type=&#8221;featured&#8221; src=&#8221;https:\/\/www.newsbucovina.ro\/wp-content\/uploads\/2026\/08\/WhatsApp-Image-2026-08-08-at-13.51.37-1.jpeghttps:\/\/cdn.newsbucovina.ro\/wp-content\/uploads\/2026\/08\/WhatsApp-Image-2026-08-08-at-13.51.37-1.jpeg&#8221;] Intr\u0103 acum \u0219i \u00een grupul de Telegram News Bucovina Vicepre\u0219edintele Consiliului Jude\u021bean Suceava, Stelian Simeria, a fost prezent vineri sear\u0103, al\u0103turi de so\u021bia sa, la deschiderea primei edi\u021bii a Hit Fest Bucovina. Festivalul se desf\u0103\u0219oar\u0103 timp de trei zile \u00een Parcul Arini\u0219 din Gura Humorului, iar Consiliul Jude\u021bean Suceava este partener al [&hellip;]<\/p>\n","protected":false},"author":1,"featured_media":0,"comment_status":"open","ping_status":"","sticky":false,"template":"","format":"standard","meta":{"footnotes":""},"categories":[89],"tags":[226,165],"class_list":["post-2085714","post","type-post","status-publish","format-standard","hentry","category-romania","tag-crawlmanager","tag-newsbucovina-ro"],"_links":{"self":[{"href":"https:\/\/analyse.optim.biz\/index.php?rest_route=\/wp\/v2\/posts\/2085714","targetHints":{"allow":["GET"]}}],"collection":[{"href":"https:\/\/analyse.optim.biz\/index.php?rest_route=\/wp\/v2\/posts"}],"about":[{"href":"https:\/\/analyse.optim.biz\/index.php?rest_route=\/wp\/v2\/types\/post"}],"author":[{"embeddable":true,"href":"https:\/\/analyse.optim.biz\/index.php?rest_route=\/wp\/v2\/users\/1"}],"replies":[{"embeddable":true,"href":"https:\/\/analyse.optim.biz\/index.php?rest_route=%2Fwp%2Fv2%2Fcomments&post=2085714"}],"version-history":[{"count":0,"href":"https:\/\/analyse.optim.biz\/index.php?rest_route=\/wp\/v2\/posts\/2085714\/revisions"}],"wp:attachment":[{"href":"https:\/\/analyse.optim.biz\/index.php?rest_route=%2Fwp%2Fv2%2Fmedia&parent=2085714"}],"wp:term":[{"taxonomy":"category","embeddable":true,"href":"https:\/\/analyse.optim.biz\/index.php?rest_route=%2Fwp%2Fv2%2Fcategories&post=2085714"},{"taxonomy":"post_tag","embeddable":true,"href":"https:\/\/analyse.optim.biz\/index.php?rest_route=%2Fwp%2Fv2%2Ftags&post=2085714"}],"curies":[{"name":"wp","href":"https:\/\/api.w.org\/{rel}","templated":true}]}}